{"id":36735,"date":"2025-11-24T12:53:25","date_gmt":"2025-11-24T12:53:25","guid":{"rendered":"https:\/\/reveil-info.net\/?p=36735"},"modified":"2025-11-24T13:00:42","modified_gmt":"2025-11-24T13:00:42","slug":"burkina-faso-le-regime-dassurance-maladie-universelle-sera-operationnelle-le-1-er-fevrier-2026-mathias-traore-ministre-de-la-fonction-publique-du-travai","status":"publish","type":"post","link":"https:\/\/reveil-info.net\/?p=36735","title":{"rendered":"Burkina Faso\u00a0: \u00ab\u00a0Le R\u00e9gime d\u2019Assurance Maladie Universelle  d\u00e9marre  le 1 er f\u00e9vrier 2026\u00a0\u00bb\u00a0(Mathias Traor\u00e9, ministre de la Fonction publique, du Travail et de la Protection sociale, )"},"content":{"rendered":"<p><strong>Le ministre de la Fonction publique, du Travail et de la Protection <em>sociale,<\/em> Mathias TRAORE lors d\u2019une conf\u00e9rence de presse tenue le vendredi 21 novembre 2025 \u00e0 Ouagadougou a annonc\u00e9 que le R\u00e9gime d\u2019Assurance Maladie Universelle (RAMU) sera op\u00e9rationnel \u00e0 compter du 1<sup>er<\/sup> f\u00e9vrier 2026.<\/strong><\/p>\n<p>Cette rencontre avec la presse vise \u00e0 informer l\u2019opinion publique que le RAMU est un dispositif de s\u00e9curit\u00e9 sociale charg\u00e9 d\u2019assurer un individu face \u00e0 des risques financiers de soins en cas de maladie ou de maternit\u00e9. Dans sa d\u00e9claration, le Ministre a rappel\u00e9 que la sant\u00e9 et la s\u00e9curit\u00e9 sociale sont une pr\u00e9occupation majeure pour le gouvernement du Burkina Faso. Cependant, l\u2019acc\u00e8s aux soins de sant\u00e9 est confront\u00e9 \u00e0 des barri\u00e8res financi\u00e8res qui emp\u00eachent une grande partie de la population \u00e0 se soigner convenablement. Selon le ministre, moins de 10% de la population est couverte par les r\u00e9gimes de s\u00e9curit\u00e9 sociale et les d\u00e9penses directes des m\u00e9nages en soins de sant\u00e9 sont \u00e9valu\u00e9es \u00e0 34% pour une norme de 20% au maximum selon l\u2019Organisation mondiale de la sant\u00e9.<\/p>\n<p>Pour lui, la mise en \u0153uvre du RAMU permettra \u00e0 chaque citoyen vivant au Burkina Faso de se soigner sans risque de s\u2019appauvrir en cas de maladie ou de maternit\u00e9. Il a affirm\u00e9 que de la m\u00eame mani\u00e8re, il n\u2019exclut pas la souscription volontaire \u00e0 une autre police d\u2019assurance commerciale. Les prestations offertes par le RAMU sont les consultations, les examens cliniques et biologiques, les interventions chirurgicales, les soins relatifs au suivi de la grossesse, \u00e0 l\u2019accouchement et aux suites de couches, les hospitalisations, les soins en ambulatoire, les explorations fonctionnelles, la radiologie et l\u2019imagerie m\u00e9dicales.<\/p>\n<p>Il y a \u00e9galement, la r\u00e9\u00e9ducation fonctionnelle et la kin\u00e9sith\u00e9rapie, le transport m\u00e9dicalis\u00e9 des malades vers les \u00e9tablissements de sant\u00e9, la consultation de m\u00e9decine traditionnelle agr\u00e9\u00e9. Le ministre a pr\u00e9cis\u00e9 que ces soins seront administr\u00e9s dans toutes les structures de sant\u00e9 avec lesquelles la Caisse Nationale Assurance Maladie Universelle aura sign\u00e9 des conventions de partenariats. Ce partenariat est \u00e9tabli aussi bien avec les prestataires de soins de sant\u00e9 publics que ceux du priv\u00e9.<\/p>\n<p><strong>Pour b\u00e9n\u00e9ficier de ces prestations, la population doit \u00eatre immatricul\u00e9e et doit avoir pay\u00e9 les cotisations.<\/strong><\/p>\n<p>Pour le paiement des cotisations, les contributions sont reparties comme suit\u00a0: Pour les agents de l\u2019Etat ainsi que les travailleurs salari\u00e9s et assimil\u00e9s, le taux mensuel est de 5% de la r\u00e9mun\u00e9ration brute r\u00e9parti en raison de 2,5% \u00e0 la charge du travailleur\u00a0; s\u2019agissant des travailleurs ind\u00e9pendants du secteur formel, la cotisation est fix\u00e9e \u00e0 quinze mille (15000) francs CFA par mois. Pour les travailleurs ind\u00e9pendants de l\u2019\u00e9conomie informelle, la cotisation est fix\u00e9e \u00e0 4000 FCFA par mois. Les b\u00e9n\u00e9ficiaires de pension ou de rente cotisent \u00e0 hauteur de 2% de la pension ou de la rente.<\/p>\n<p>Quant aux personnes indigentes, l\u2019Etat paye leur cotisation \u00e0 raison de 4000 FCFA par mois. Pour ce faire, ils devront disposer de carte d\u2019indigent. Il a ajout\u00e9 que le paiement de la cotisation par un assur\u00e9 donne droit \u00e0 l\u2019assurance syst\u00e9matique sans autre contribution des membres de sa famille \u00e0 charge, c\u2019est-\u00e0-dire son \u00e9pouse si elle est sans revenu, ses enfants mineurs et les enfants adopt\u00e9s ou sous tutelle. L\u2019op\u00e9rationnalisation du RAMU annonc\u00e9e se fera selon son principe de progressivit\u00e9. A cet effet, pour le 1<sup>er<\/sup> f\u00e9vrier 2026, ne seront concern\u00e9s que les fonctionnaires d\u2019Etat des r\u00e9gions du Kadiogo et du Guiriko qui se sont immatricul\u00e9s au RAMU.<\/p>\n<p>Pour conclure, il a insist\u00e9 pour dire que le RAMU se veut une r\u00e9volution sociale visant \u00e0 am\u00e9liorer les conditions de vie de des populations, \u00e0 pr\u00e9server la dignit\u00e9 de tous les citoyens et \u00e0 faire en sorte que les d\u00e9penses de soins de sant\u00e9 ne soient plus un fardeau pour les populations.<\/p>\n<p><strong>Par Alice Ou\u00e9draogo<\/strong><\/p>\n<p><strong>www.reveil-info.net<\/strong><\/p>\n","protected":false},"excerpt":{"rendered":"<p>Le ministre de la Fonction publique, du Travail et de la Protection sociale, Mathias TRAORE<\/p>\n","protected":false},"author":1,"featured_media":36742,"comment_status":"open","ping_status":"open","sticky":false,"template":"","format":"standard","meta":{"footnotes":""},"categories":[2,16],"tags":[],"class_list":["post-36735","post","type-post","status-publish","format-standard","has-post-thumbnail","hentry","category-actu","category-societe"],"yoast_head":"<!-- This site is optimized with the Yoast SEO plugin v27.5 - https:\/\/yoast.com\/product\/yoast-seo-wordpress\/ -->\n<title>Burkina Faso\u00a0: \u00ab\u00a0Le R\u00e9gime d\u2019Assurance Maladie Universelle d\u00e9marre le 1 er f\u00e9vrier 2026\u00a0\u00bb\u00a0(Mathias Traor\u00e9, ministre de la Fonction publique, du Travail et de la Protection sociale, ) - R\u00e9veil Info<\/title>\n<meta name=\"robots\" content=\"noindex, follow, max-snippet:-1, max-image-preview:large, max-video-preview:-1\" \/>\n<meta property=\"og:locale\" content=\"fr_FR\" \/>\n<meta property=\"og:type\" content=\"article\" \/>\n<meta property=\"og:title\" content=\"Burkina Faso\u00a0: \u00ab\u00a0Le R\u00e9gime d\u2019Assurance Maladie Universelle d\u00e9marre le 1 er f\u00e9vrier 2026\u00a0\u00bb\u00a0(Mathias Traor\u00e9, ministre de la Fonction publique, du Travail et de la Protection sociale, ) - R\u00e9veil Info\" \/>\n<meta property=\"og:description\" content=\"Le ministre de la Fonction publique, du Travail et de la Protection sociale, Mathias TRAORE\" \/>\n<meta property=\"og:url\" content=\"https:\/\/reveil-info.net\/?p=36735\" \/>\n<meta property=\"og:site_name\" content=\"R\u00e9veil Info\" \/>\n<meta property=\"article:published_time\" content=\"2025-11-24T12:53:25+00:00\" \/>\n<meta property=\"article:modified_time\" content=\"2025-11-24T13:00:42+00:00\" \/>\n<meta property=\"og:image\" content=\"https:\/\/reveil-info.net\/wp-content\/uploads\/2025\/11\/WhatsApp-Image-2025-11-24-a-12.17.49_2de8e3de.jpg\" \/>\n\t<meta property=\"og:image:width\" content=\"960\" \/>\n\t<meta property=\"og:image:height\" content=\"540\" \/>\n\t<meta property=\"og:image:type\" content=\"image\/jpeg\" \/>\n<meta name=\"author\" content=\"R\u00e9veil info\" \/>\n<meta name=\"twitter:card\" content=\"summary_large_image\" \/>\n<meta name=\"twitter:label1\" content=\"\u00c9crit par\" \/>\n\t<meta name=\"twitter:data1\" content=\"R\u00e9veil info\" \/>\n\t<meta name=\"twitter:label2\" content=\"Dur\u00e9e de lecture estim\u00e9e\" \/>\n\t<meta name=\"twitter:data2\" content=\"4 minutes\" \/>\n<script type=\"application\/ld+json\" class=\"yoast-schema-graph\">{\"@context\":\"https:\\\/\\\/schema.org\",\"@graph\":[{\"@type\":\"Article\",\"@id\":\"https:\\\/\\\/reveil-info.net\\\/?p=36735#article\",\"isPartOf\":{\"@id\":\"https:\\\/\\\/reveil-info.net\\\/?p=36735\"},\"author\":{\"name\":\"R\u00e9veil info\",\"@id\":\"https:\\\/\\\/reveil-info.net\\\/#\\\/schema\\\/person\\\/ca0cc8e70088e0a2b5e92556c1ee60f5\"},\"headline\":\"Burkina Faso\u00a0: \u00ab\u00a0Le R\u00e9gime d\u2019Assurance Maladie Universelle d\u00e9marre le 1 er f\u00e9vrier 2026\u00a0\u00bb\u00a0(Mathias Traor\u00e9, ministre de la Fonction publique, du Travail et de la Protection sociale, )\",\"datePublished\":\"2025-11-24T12:53:25+00:00\",\"dateModified\":\"2025-11-24T13:00:42+00:00\",\"mainEntityOfPage\":{\"@id\":\"https:\\\/\\\/reveil-info.net\\\/?p=36735\"},\"wordCount\":694,\"commentCount\":0,\"publisher\":{\"@id\":\"https:\\\/\\\/reveil-info.net\\\/#organization\"},\"image\":{\"@id\":\"https:\\\/\\\/reveil-info.net\\\/?p=36735#primaryimage\"},\"thumbnailUrl\":\"https:\\\/\\\/reveil-info.net\\\/wp-content\\\/uploads\\\/2025\\\/11\\\/WhatsApp-Image-2025-11-24-a-12.17.49_2de8e3de.jpg\",\"articleSection\":[\"Actualit\u00e9\",\"Soci\u00e9t\u00e9\"],\"inLanguage\":\"fr-FR\",\"potentialAction\":[{\"@type\":\"CommentAction\",\"name\":\"Comment\",\"target\":[\"https:\\\/\\\/reveil-info.net\\\/?p=36735#respond\"]}]},{\"@type\":\"WebPage\",\"@id\":\"https:\\\/\\\/reveil-info.net\\\/?p=36735\",\"url\":\"https:\\\/\\\/reveil-info.net\\\/?p=36735\",\"name\":\"Burkina Faso\u00a0: \u00ab\u00a0Le R\u00e9gime d\u2019Assurance Maladie Universelle d\u00e9marre le 1 er f\u00e9vrier 2026\u00a0\u00bb\u00a0(Mathias Traor\u00e9, ministre de la Fonction publique, du Travail et de la Protection sociale, ) - R\u00e9veil Info\",\"isPartOf\":{\"@id\":\"https:\\\/\\\/reveil-info.net\\\/#website\"},\"primaryImageOfPage\":{\"@id\":\"https:\\\/\\\/reveil-info.net\\\/?p=36735#primaryimage\"},\"image\":{\"@id\":\"https:\\\/\\\/reveil-info.net\\\/?p=36735#primaryimage\"},\"thumbnailUrl\":\"https:\\\/\\\/reveil-info.net\\\/wp-content\\\/uploads\\\/2025\\\/11\\\/WhatsApp-Image-2025-11-24-a-12.17.49_2de8e3de.jpg\",\"datePublished\":\"2025-11-24T12:53:25+00:00\",\"dateModified\":\"2025-11-24T13:00:42+00:00\",\"breadcrumb\":{\"@id\":\"https:\\\/\\\/reveil-info.net\\\/?p=36735#breadcrumb\"},\"inLanguage\":\"fr-FR\",\"potentialAction\":[{\"@type\":\"ReadAction\",\"target\":[\"https:\\\/\\\/reveil-info.net\\\/?p=36735\"]}]},{\"@type\":\"ImageObject\",\"inLanguage\":\"fr-FR\",\"@id\":\"https:\\\/\\\/reveil-info.net\\\/?p=36735#primaryimage\",\"url\":\"https:\\\/\\\/reveil-info.net\\\/wp-content\\\/uploads\\\/2025\\\/11\\\/WhatsApp-Image-2025-11-24-a-12.17.49_2de8e3de.jpg\",\"contentUrl\":\"https:\\\/\\\/reveil-info.net\\\/wp-content\\\/uploads\\\/2025\\\/11\\\/WhatsApp-Image-2025-11-24-a-12.17.49_2de8e3de.jpg\",\"width\":960,\"height\":540,\"caption\":\"Le ministre Traor\u00e9 entour\u00e9 de ses collaborateurs a r\u00e9pondu aux questions des journalistes\"},{\"@type\":\"BreadcrumbList\",\"@id\":\"https:\\\/\\\/reveil-info.net\\\/?p=36735#breadcrumb\",\"itemListElement\":[{\"@type\":\"ListItem\",\"position\":1,\"name\":\"Home\",\"item\":\"https:\\\/\\\/reveil-info.net\\\/\"},{\"@type\":\"ListItem\",\"position\":2,\"name\":\"Burkina Faso\u00a0: \u00ab\u00a0Le R\u00e9gime d\u2019Assurance Maladie Universelle d\u00e9marre le 1 er f\u00e9vrier 2026\u00a0\u00bb\u00a0(Mathias Traor\u00e9, ministre de la Fonction publique, du Travail et de la Protection sociale, )\"}]},{\"@type\":\"WebSite\",\"@id\":\"https:\\\/\\\/reveil-info.net\\\/#website\",\"url\":\"https:\\\/\\\/reveil-info.net\\\/\",\"name\":\"R\u00e9veil Info\",\"description\":\"Le devoir d&#039;informer!\",\"publisher\":{\"@id\":\"https:\\\/\\\/reveil-info.net\\\/#organization\"},\"potentialAction\":[{\"@type\":\"SearchAction\",\"target\":{\"@type\":\"EntryPoint\",\"urlTemplate\":\"https:\\\/\\\/reveil-info.net\\\/?s={search_term_string}\"},\"query-input\":{\"@type\":\"PropertyValueSpecification\",\"valueRequired\":true,\"valueName\":\"search_term_string\"}}],\"inLanguage\":\"fr-FR\"},{\"@type\":\"Organization\",\"@id\":\"https:\\\/\\\/reveil-info.net\\\/#organization\",\"name\":\"R\u00e9veil Info\",\"url\":\"https:\\\/\\\/reveil-info.net\\\/\",\"logo\":{\"@type\":\"ImageObject\",\"inLanguage\":\"fr-FR\",\"@id\":\"https:\\\/\\\/reveil-info.net\\\/#\\\/schema\\\/logo\\\/image\\\/\",\"url\":\"https:\\\/\\\/reveil-info.net\\\/wp-content\\\/uploads\\\/2024\\\/07\\\/bnddd1.jpg\",\"contentUrl\":\"https:\\\/\\\/reveil-info.net\\\/wp-content\\\/uploads\\\/2024\\\/07\\\/bnddd1.jpg\",\"width\":903,\"height\":125,\"caption\":\"R\u00e9veil Info\"},\"image\":{\"@id\":\"https:\\\/\\\/reveil-info.net\\\/#\\\/schema\\\/logo\\\/image\\\/\"}},{\"@type\":\"Person\",\"@id\":\"https:\\\/\\\/reveil-info.net\\\/#\\\/schema\\\/person\\\/ca0cc8e70088e0a2b5e92556c1ee60f5\",\"name\":\"R\u00e9veil info\",\"image\":{\"@type\":\"ImageObject\",\"inLanguage\":\"fr-FR\",\"@id\":\"https:\\\/\\\/secure.gravatar.com\\\/avatar\\\/e4ad5bb743c8b6cb174d9df6c7d30a8a16f6889731241345fc6444e6485f02af?s=96&d=mm&r=g\",\"url\":\"https:\\\/\\\/secure.gravatar.com\\\/avatar\\\/e4ad5bb743c8b6cb174d9df6c7d30a8a16f6889731241345fc6444e6485f02af?s=96&d=mm&r=g\",\"contentUrl\":\"https:\\\/\\\/secure.gravatar.com\\\/avatar\\\/e4ad5bb743c8b6cb174d9df6c7d30a8a16f6889731241345fc6444e6485f02af?s=96&d=mm&r=g\",\"caption\":\"R\u00e9veil info\"},\"sameAs\":[\"https:\\\/\\\/reveil-info.net\"],\"url\":\"https:\\\/\\\/reveil-info.net\\\/?author=1\"}]}<\/script>\n<!-- \/ Yoast SEO plugin. -->","yoast_head_json":{"title":"Burkina Faso\u00a0: \u00ab\u00a0Le R\u00e9gime d\u2019Assurance Maladie Universelle d\u00e9marre le 1 er f\u00e9vrier 2026\u00a0\u00bb\u00a0(Mathias Traor\u00e9, ministre de la Fonction publique, du Travail et de la Protection sociale, ) - R\u00e9veil Info","robots":{"index":"noindex","follow":"follow","max-snippet":"max-snippet:-1","max-image-preview":"max-image-preview:large","max-video-preview":"max-video-preview:-1"},"og_locale":"fr_FR","og_type":"article","og_title":"Burkina Faso\u00a0: \u00ab\u00a0Le R\u00e9gime d\u2019Assurance Maladie Universelle d\u00e9marre le 1 er f\u00e9vrier 2026\u00a0\u00bb\u00a0(Mathias Traor\u00e9, ministre de la Fonction publique, du Travail et de la Protection sociale, ) - R\u00e9veil Info","og_description":"Le ministre de la Fonction publique, du Travail et de la Protection sociale, Mathias TRAORE","og_url":"https:\/\/reveil-info.net\/?p=36735","og_site_name":"R\u00e9veil Info","article_published_time":"2025-11-24T12:53:25+00:00","article_modified_time":"2025-11-24T13:00:42+00:00","og_image":[{"width":960,"height":540,"url":"https:\/\/reveil-info.net\/wp-content\/uploads\/2025\/11\/WhatsApp-Image-2025-11-24-a-12.17.49_2de8e3de.jpg","type":"image\/jpeg"}],"author":"R\u00e9veil info","twitter_card":"summary_large_image","twitter_misc":{"\u00c9crit par":"R\u00e9veil info","Dur\u00e9e de lecture estim\u00e9e":"4 minutes"},"schema":{"@context":"https:\/\/schema.org","@graph":[{"@type":"Article","@id":"https:\/\/reveil-info.net\/?p=36735#article","isPartOf":{"@id":"https:\/\/reveil-info.net\/?p=36735"},"author":{"name":"R\u00e9veil info","@id":"https:\/\/reveil-info.net\/#\/schema\/person\/ca0cc8e70088e0a2b5e92556c1ee60f5"},"headline":"Burkina Faso\u00a0: \u00ab\u00a0Le R\u00e9gime d\u2019Assurance Maladie Universelle d\u00e9marre le 1 er f\u00e9vrier 2026\u00a0\u00bb\u00a0(Mathias Traor\u00e9, ministre de la Fonction publique, du Travail et de la Protection sociale, )","datePublished":"2025-11-24T12:53:25+00:00","dateModified":"2025-11-24T13:00:42+00:00","mainEntityOfPage":{"@id":"https:\/\/reveil-info.net\/?p=36735"},"wordCount":694,"commentCount":0,"publisher":{"@id":"https:\/\/reveil-info.net\/#organization"},"image":{"@id":"https:\/\/reveil-info.net\/?p=36735#primaryimage"},"thumbnailUrl":"https:\/\/reveil-info.net\/wp-content\/uploads\/2025\/11\/WhatsApp-Image-2025-11-24-a-12.17.49_2de8e3de.jpg","articleSection":["Actualit\u00e9","Soci\u00e9t\u00e9"],"inLanguage":"fr-FR","potentialAction":[{"@type":"CommentAction","name":"Comment","target":["https:\/\/reveil-info.net\/?p=36735#respond"]}]},{"@type":"WebPage","@id":"https:\/\/reveil-info.net\/?p=36735","url":"https:\/\/reveil-info.net\/?p=36735","name":"Burkina Faso\u00a0: \u00ab\u00a0Le R\u00e9gime d\u2019Assurance Maladie Universelle d\u00e9marre le 1 er f\u00e9vrier 2026\u00a0\u00bb\u00a0(Mathias Traor\u00e9, ministre de la Fonction publique, du Travail et de la Protection sociale, ) - R\u00e9veil Info","isPartOf":{"@id":"https:\/\/reveil-info.net\/#website"},"primaryImageOfPage":{"@id":"https:\/\/reveil-info.net\/?p=36735#primaryimage"},"image":{"@id":"https:\/\/reveil-info.net\/?p=36735#primaryimage"},"thumbnailUrl":"https:\/\/reveil-info.net\/wp-content\/uploads\/2025\/11\/WhatsApp-Image-2025-11-24-a-12.17.49_2de8e3de.jpg","datePublished":"2025-11-24T12:53:25+00:00","dateModified":"2025-11-24T13:00:42+00:00","breadcrumb":{"@id":"https:\/\/reveil-info.net\/?p=36735#breadcrumb"},"inLanguage":"fr-FR","potentialAction":[{"@type":"ReadAction","target":["https:\/\/reveil-info.net\/?p=36735"]}]},{"@type":"ImageObject","inLanguage":"fr-FR","@id":"https:\/\/reveil-info.net\/?p=36735#primaryimage","url":"https:\/\/reveil-info.net\/wp-content\/uploads\/2025\/11\/WhatsApp-Image-2025-11-24-a-12.17.49_2de8e3de.jpg","contentUrl":"https:\/\/reveil-info.net\/wp-content\/uploads\/2025\/11\/WhatsApp-Image-2025-11-24-a-12.17.49_2de8e3de.jpg","width":960,"height":540,"caption":"Le ministre Traor\u00e9 entour\u00e9 de ses collaborateurs a r\u00e9pondu aux questions des journalistes"},{"@type":"BreadcrumbList","@id":"https:\/\/reveil-info.net\/?p=36735#breadcrumb","itemListElement":[{"@type":"ListItem","position":1,"name":"Home","item":"https:\/\/reveil-info.net\/"},{"@type":"ListItem","position":2,"name":"Burkina Faso\u00a0: \u00ab\u00a0Le R\u00e9gime d\u2019Assurance Maladie Universelle d\u00e9marre le 1 er f\u00e9vrier 2026\u00a0\u00bb\u00a0(Mathias Traor\u00e9, ministre de la Fonction publique, du Travail et de la Protection sociale, )"}]},{"@type":"WebSite","@id":"https:\/\/reveil-info.net\/#website","url":"https:\/\/reveil-info.net\/","name":"R\u00e9veil Info","description":"Le devoir d&#039;informer!","publisher":{"@id":"https:\/\/reveil-info.net\/#organization"},"potentialAction":[{"@type":"SearchAction","target":{"@type":"EntryPoint","urlTemplate":"https:\/\/reveil-info.net\/?s={search_term_string}"},"query-input":{"@type":"PropertyValueSpecification","valueRequired":true,"valueName":"search_term_string"}}],"inLanguage":"fr-FR"},{"@type":"Organization","@id":"https:\/\/reveil-info.net\/#organization","name":"R\u00e9veil Info","url":"https:\/\/reveil-info.net\/","logo":{"@type":"ImageObject","inLanguage":"fr-FR","@id":"https:\/\/reveil-info.net\/#\/schema\/logo\/image\/","url":"https:\/\/reveil-info.net\/wp-content\/uploads\/2024\/07\/bnddd1.jpg","contentUrl":"https:\/\/reveil-info.net\/wp-content\/uploads\/2024\/07\/bnddd1.jpg","width":903,"height":125,"caption":"R\u00e9veil Info"},"image":{"@id":"https:\/\/reveil-info.net\/#\/schema\/logo\/image\/"}},{"@type":"Person","@id":"https:\/\/reveil-info.net\/#\/schema\/person\/ca0cc8e70088e0a2b5e92556c1ee60f5","name":"R\u00e9veil info","image":{"@type":"ImageObject","inLanguage":"fr-FR","@id":"https:\/\/secure.gravatar.com\/avatar\/e4ad5bb743c8b6cb174d9df6c7d30a8a16f6889731241345fc6444e6485f02af?s=96&d=mm&r=g","url":"https:\/\/secure.gravatar.com\/avatar\/e4ad5bb743c8b6cb174d9df6c7d30a8a16f6889731241345fc6444e6485f02af?s=96&d=mm&r=g","contentUrl":"https:\/\/secure.gravatar.com\/avatar\/e4ad5bb743c8b6cb174d9df6c7d30a8a16f6889731241345fc6444e6485f02af?s=96&d=mm&r=g","caption":"R\u00e9veil info"},"sameAs":["https:\/\/reveil-info.net"],"url":"https:\/\/reveil-info.net\/?author=1"}]}},"jetpack_featured_media_url":"https:\/\/reveil-info.net\/wp-content\/uploads\/2025\/11\/WhatsApp-Image-2025-11-24-a-12.17.49_2de8e3de.jpg","featured_image_urls":{"full":["https:\/\/reveil-info.net\/wp-content\/uploads\/2025\/11\/WhatsApp-Image-2025-11-24-a-12.17.49_2de8e3de.jpg",960,540,false],"thumbnail":["https:\/\/reveil-info.net\/wp-content\/uploads\/2025\/11\/WhatsApp-Image-2025-11-24-a-12.17.49_2de8e3de-150x150.jpg",150,150,true],"medium":["https:\/\/reveil-info.net\/wp-content\/uploads\/2025\/11\/WhatsApp-Image-2025-11-24-a-12.17.49_2de8e3de-300x169.jpg",300,169,true],"medium_large":["https:\/\/reveil-info.net\/wp-content\/uploads\/2025\/11\/WhatsApp-Image-2025-11-24-a-12.17.49_2de8e3de-768x432.jpg",640,360,true],"large":["https:\/\/reveil-info.net\/wp-content\/uploads\/2025\/11\/WhatsApp-Image-2025-11-24-a-12.17.49_2de8e3de.jpg",640,360,false],"1536x1536":["https:\/\/reveil-info.net\/wp-content\/uploads\/2025\/11\/WhatsApp-Image-2025-11-24-a-12.17.49_2de8e3de.jpg",960,540,false],"2048x2048":["https:\/\/reveil-info.net\/wp-content\/uploads\/2025\/11\/WhatsApp-Image-2025-11-24-a-12.17.49_2de8e3de.jpg",960,540,false],"chromenews-featured":["https:\/\/reveil-info.net\/wp-content\/uploads\/2025\/11\/WhatsApp-Image-2025-11-24-a-12.17.49_2de8e3de.jpg",960,540,false],"chromenews-large":["https:\/\/reveil-info.net\/wp-content\/uploads\/2025\/11\/WhatsApp-Image-2025-11-24-a-12.17.49_2de8e3de-825x540.jpg",825,540,true],"chromenews-medium":["https:\/\/reveil-info.net\/wp-content\/uploads\/2025\/11\/WhatsApp-Image-2025-11-24-a-12.17.49_2de8e3de-590x410.jpg",590,410,true]},"author_info":{"display_name":"R\u00e9veil info","author_link":"https:\/\/reveil-info.net\/?author=1"},"category_info":"<a href=\"https:\/\/reveil-info.net\/?cat=2\" rel=\"category\">Actualit\u00e9<\/a> <a href=\"https:\/\/reveil-info.net\/?cat=16\" rel=\"category\">Soci\u00e9t\u00e9<\/a>","tag_info":"Soci\u00e9t\u00e9","comment_count":"0","_links":{"self":[{"href":"https:\/\/reveil-info.net\/index.php?rest_route=\/wp\/v2\/posts\/36735","targetHints":{"allow":["GET"]}}],"collection":[{"href":"https:\/\/reveil-info.net\/index.php?rest_route=\/wp\/v2\/posts"}],"about":[{"href":"https:\/\/reveil-info.net\/index.php?rest_route=\/wp\/v2\/types\/post"}],"author":[{"embeddable":true,"href":"https:\/\/reveil-info.net\/index.php?rest_route=\/wp\/v2\/users\/1"}],"replies":[{"embeddable":true,"href":"https:\/\/reveil-info.net\/index.php?rest_route=%2Fwp%2Fv2%2Fcomments&post=36735"}],"version-history":[{"count":10,"href":"https:\/\/reveil-info.net\/index.php?rest_route=\/wp\/v2\/posts\/36735\/revisions"}],"predecessor-version":[{"id":36746,"href":"https:\/\/reveil-info.net\/index.php?rest_route=\/wp\/v2\/posts\/36735\/revisions\/36746"}],"wp:featuredmedia":[{"embeddable":true,"href":"https:\/\/reveil-info.net\/index.php?rest_route=\/wp\/v2\/media\/36742"}],"wp:attachment":[{"href":"https:\/\/reveil-info.net\/index.php?rest_route=%2Fwp%2Fv2%2Fmedia&parent=36735"}],"wp:term":[{"taxonomy":"category","embeddable":true,"href":"https:\/\/reveil-info.net\/index.php?rest_route=%2Fwp%2Fv2%2Fcategories&post=36735"},{"taxonomy":"post_tag","embeddable":true,"href":"https:\/\/reveil-info.net\/index.php?rest_route=%2Fwp%2Fv2%2Ftags&post=36735"}],"curies":[{"name":"wp","href":"https:\/\/api.w.org\/{rel}","templated":true}]}}