{"id":36151,"date":"2025-11-19T10:00:52","date_gmt":"2025-11-19T10:00:52","guid":{"rendered":"https:\/\/reveil-info.net\/?p=36151"},"modified":"2025-11-19T10:00:52","modified_gmt":"2025-11-19T10:00:52","slug":"mali-bamako-ne-tombera-jamais-entre-les-mains-du-jnim-assure-fousseynou-ouattara-vice-president-de-la-commission-defense-du-cnt-malien","status":"publish","type":"post","link":"https:\/\/reveil-info.net\/?p=36151","title":{"rendered":"Mali : \u00abBamako ne tombera jamais entre les mains du JNIM\u201d assure Fousseynou Ouattara, vice-pr\u00e9sident de la Commission D\u00e9fense du CNT malien"},"content":{"rendered":"<p><strong>Fousseynou Ouattara est le vice-pr\u00e9sident de la Commission de D\u00e9fense, s\u00e9curit\u00e9 et protection civile du Conseil national de transition au Mali. Il \u00e9tait l\u2019invit\u00e9 d\u2019Africa Radio mardi 18 novembre 2025 \u00e0 07h45.<\/strong><\/p>\n<p>Dans un entretien accord\u00e9 \u00e0 Africa Radio, le vice-pr\u00e9sident de la Commission D\u00e9fense du Conseil national de transition, Fousseynou Ouattara, rejette cat\u00e9goriquement les affirmations d\u2019un affaiblissement de l\u2019\u00c9tat face aux jihadistes du JNIM. Il assure que la capitale est s\u00e9curis\u00e9e, que les blocus de carburant rel\u00e8vent d\u2019une \u00ab fiction m\u00e9diatique \u00bb et interpelle les pays occidentaux sur leurs alertes s\u00e9curitaires.<\/p>\n<p><strong>\u00ab Bamako ne tombera jamais \u00bb : Fousseynou Ouattara balaie les rumeurs d\u2019une avanc\u00e9e jihadiste\u00a0<\/strong><\/p>\n<div class=\"article_son\">\n<p>Face \u00e0 la strat\u00e9gie d\u2019\u00e9tranglement \u00e9conomique men\u00e9e depuis septembre par le Groupe de soutien \u00e0 l\u2019islam et aux musulmans (JNIM), affili\u00e9 \u00e0 Al-Qa\u00efda, Fousseynou Ouattara se veut ferme. Selon lui, toute id\u00e9e d\u2019une prise de Bamako rel\u00e8ve du fantasme : <em>\u00ab Cela rel\u00e8ve de la fiction, il est impossible que Bamako tombe entre les mains des djihadistes. Il n\u2019y a aucun risque, c\u2019est un sc\u00e9nario improbable. \u00bb\u00a0<\/em><\/p>\n<p>Il admet que des incursions ou actions ponctuelles sont possibles, comme partout dans le monde, mais estime l\u2019arm\u00e9e en capacit\u00e9 de les contenir :\u00a0<em>\u00ab Le probl\u00e8me est de pouvoir les endiguer et de pouvoir les pourchasser, c\u2019est ce que l\u2019on r\u00e9ussit \u00e0 faire. Le JNIM ne s\u2019est jamais implant\u00e9 o\u00f9 que ce soit. Ce sont des groupuscules qui se d\u00e9placent. \u00bb\u00a0<\/em><\/p>\n<h3><strong>Blocus du carburant : \u00ab une invention des m\u00e9dias fran\u00e7ais \u00bb\u00a0<\/strong><\/h3>\n<div id=\"card_img_jt\" class=\"card-header\">\n<div class=\"article_son\">Alors que plusieurs localit\u00e9s et convois de citernes ont \u00e9t\u00e9 cibl\u00e9s ces derniers mois par les jihadistes, les ONG et m\u00e9dias \u00e9voquent une p\u00e9nurie aggrav\u00e9e par des blocus impos\u00e9s par le JNIM. Fousseynou Ouattara r\u00e9cuse totalement cette version<em>. \u00ab Le gouvernement malien n\u2019a jamais parl\u00e9 de blocus, ce sont les m\u00e9dias fran\u00e7ais qui en parlent. Il n\u2019y a pas de blocus de carburant. \u00bb<\/em><br \/>\nIl reconna\u00eet toutefois que des attaques ont eu lieu d\u00e9but septembre :<em>\u00a0\u00ab Quelques citernes ont \u00e9t\u00e9 incendi\u00e9es, mais depuis lors nous avons organis\u00e9 des escortes. \u00c0 ce jour, il n\u2019y a plus de probl\u00e8mes. \u00bb\u00a0<\/em><\/p>\n<h3><strong>S\u00e9curisation de la capitale : \u00ab pas un centim\u00e8tre du territoire ne nous \u00e9chappe \u00bb\u00a0<\/strong>Le responsable malien assure que Bamako reste enti\u00e8rement sous contr\u00f4le : <em>\u00ab Bamako a des ceintures de s\u00e9curit\u00e9 depuis longtemps, ce qui rend l\u2019infiltration tr\u00e8s difficile. \u00bb\u00a0<\/em><\/h3>\n<p>Il souligne n\u00e9anmoins la difficult\u00e9 de d\u00e9tecter les cellules terroristes dans un environnement urbain :\u00a0<em>\u00ab Distinguer un terroriste d\u2019un civil est tr\u00e8s difficile. Mais il n\u2019y a pas un centim\u00e8tre du territoire malien qui \u00e9chappe \u00e0 notre contr\u00f4le.\u00a0\u00bb<\/em><\/p>\n<h3><strong>Alertes s\u00e9curitaires occidentales : \u00ab demandez-leur pourquoi \u00bb\u00a0<\/strong><\/h3>\n<p>Ces derni\u00e8res semaines, plusieurs gouvernements occidentaux ont exhort\u00e9 leurs ressortissants \u00e0 quitter le Mali. Pour Ouattara, cette appr\u00e9ciation du risque ne correspond pas \u00e0 la r\u00e9alit\u00e9 sur le terrain. <em>\u00ab Il faut demander aux gouvernements occidentaux ce qui les a pouss\u00e9s \u00e0 demander \u00e0 leurs ressortissants de quitter le Mali. Leurs ressortissants sont l\u00e0 et voient la r\u00e9alit\u00e9. \u00bb<\/em>\u00a0Il affirme que la situation est sous contr\u00f4le et que les avertissements rel\u00e8vent davantage de d\u00e9cisions politiques que s\u00e9curitaires.<\/p>\n<h3><strong>Union africaine et pays voisins : \u00ab le Mali s\u2019est toujours battu seul \u00bb<\/strong><\/h3>\n<p>Alors que l\u2019Union africaine appelle d\u00e9sormais \u00e0 une r\u00e9action internationale face \u00e0 la d\u00e9gradation s\u00e9curitaire, Ouattara pointe l\u2019absence de soutien r\u00e9el au fil des ann\u00e9es :<em> \u00ab Cela fait des ann\u00e9es que le Mali se bat. On n\u2019a jamais re\u00e7u de l\u2019aide de la part de l\u2019Union africaine. \u00bb\u00a0\u00a0<\/em>Quant au renforcement par la C\u00f4te d\u2019Ivoire de sa fronti\u00e8re nord en raison d\u2019un afflux de r\u00e9fugi\u00e9s maliens, il minimise l\u00e0 aussi tout signe de crise majeure : <em>\u00ab La C\u00f4te d\u2019Ivoire est notre voisin. Il y a toujours eu des flux. Lors de la guerre civile en C\u00f4te d\u2019Ivoire, nous avons accueilli beaucoup d\u2019Ivoiriens sans en faire de publicit\u00e9. \u00bb\u00a0<\/em><\/p>\n<p><strong>Source : Africa Radio<\/strong><\/p>\n<p>&nbsp;<\/p>\n<p><img loading=\"lazy\" decoding=\"async\" class=\"alignnone size-full wp-image-36109\" src=\"https:\/\/reveil-info.net\/wp-content\/uploads\/2025\/11\/IMG-20240629-WA0041-7.jpg\" alt=\"\" width=\"1034\" height=\"729\" srcset=\"https:\/\/reveil-info.net\/wp-content\/uploads\/2025\/11\/IMG-20240629-WA0041-7.jpg 1034w, https:\/\/reveil-info.net\/wp-content\/uploads\/2025\/11\/IMG-20240629-WA0041-7-300x212.jpg 300w, https:\/\/reveil-info.net\/wp-content\/uploads\/2025\/11\/IMG-20240629-WA0041-7-1024x722.jpg 1024w, https:\/\/reveil-info.net\/wp-content\/uploads\/2025\/11\/IMG-20240629-WA0041-7-768x541.jpg 768w\" sizes=\"auto, (max-width: 1034px) 100vw, 1034px\" \/><\/p>\n<\/div>\n<\/div>\n<p>&nbsp;<\/p>\n<\/div>\n","protected":false},"excerpt":{"rendered":"<p>Fousseynou Ouattara est le vice-pr\u00e9sident de la Commission de D\u00e9fense, s\u00e9curit\u00e9 et protection civile du<\/p>\n","protected":false},"author":1,"featured_media":36156,"comment_status":"open","ping_status":"open","sticky":false,"template":"","format":"standard","meta":{"footnotes":""},"categories":[2,47],"tags":[],"class_list":["post-36151","post","type-post","status-publish","format-standard","has-post-thumbnail","hentry","category-actu","category-aes"],"yoast_head":"<!-- This site is optimized with the Yoast SEO plugin v27.5 - https:\/\/yoast.com\/product\/yoast-seo-wordpress\/ -->\n<title>Mali : \u00abBamako ne tombera jamais entre les mains du JNIM\u201d assure Fousseynou Ouattara, vice-pr\u00e9sident de la Commission D\u00e9fense du CNT malien - R\u00e9veil Info<\/title>\n<meta name=\"robots\" content=\"noindex, follow, max-snippet:-1, max-image-preview:large, max-video-preview:-1\" \/>\n<meta property=\"og:locale\" content=\"fr_FR\" \/>\n<meta property=\"og:type\" content=\"article\" \/>\n<meta property=\"og:title\" content=\"Mali : \u00abBamako ne tombera jamais entre les mains du JNIM\u201d assure Fousseynou Ouattara, vice-pr\u00e9sident de la Commission D\u00e9fense du CNT malien - R\u00e9veil Info\" \/>\n<meta property=\"og:description\" content=\"Fousseynou Ouattara est le vice-pr\u00e9sident de la Commission de D\u00e9fense, s\u00e9curit\u00e9 et protection civile du\" \/>\n<meta property=\"og:url\" content=\"https:\/\/reveil-info.net\/?p=36151\" \/>\n<meta property=\"og:site_name\" content=\"R\u00e9veil Info\" \/>\n<meta property=\"article:published_time\" content=\"2025-11-19T10:00:52+00:00\" \/>\n<meta property=\"og:image\" content=\"https:\/\/reveil-info.net\/wp-content\/uploads\/2025\/11\/691cf91a8f5a9_12123.webp\" \/>\n\t<meta property=\"og:image:width\" content=\"1200\" \/>\n\t<meta property=\"og:image:height\" content=\"578\" \/>\n\t<meta property=\"og:image:type\" content=\"image\/webp\" \/>\n<meta name=\"author\" content=\"R\u00e9veil info\" \/>\n<meta name=\"twitter:card\" content=\"summary_large_image\" \/>\n<meta name=\"twitter:label1\" content=\"\u00c9crit par\" \/>\n\t<meta name=\"twitter:data1\" content=\"R\u00e9veil info\" \/>\n\t<meta name=\"twitter:label2\" content=\"Dur\u00e9e de lecture estim\u00e9e\" \/>\n\t<meta name=\"twitter:data2\" content=\"4 minutes\" \/>\n<script type=\"application\/ld+json\" class=\"yoast-schema-graph\">{\"@context\":\"https:\\\/\\\/schema.org\",\"@graph\":[{\"@type\":\"Article\",\"@id\":\"https:\\\/\\\/reveil-info.net\\\/?p=36151#article\",\"isPartOf\":{\"@id\":\"https:\\\/\\\/reveil-info.net\\\/?p=36151\"},\"author\":{\"name\":\"R\u00e9veil info\",\"@id\":\"https:\\\/\\\/reveil-info.net\\\/#\\\/schema\\\/person\\\/ca0cc8e70088e0a2b5e92556c1ee60f5\"},\"headline\":\"Mali : \u00abBamako ne tombera jamais entre les mains du JNIM\u201d assure Fousseynou Ouattara, vice-pr\u00e9sident de la Commission D\u00e9fense du CNT malien\",\"datePublished\":\"2025-11-19T10:00:52+00:00\",\"mainEntityOfPage\":{\"@id\":\"https:\\\/\\\/reveil-info.net\\\/?p=36151\"},\"wordCount\":714,\"commentCount\":0,\"publisher\":{\"@id\":\"https:\\\/\\\/reveil-info.net\\\/#organization\"},\"image\":{\"@id\":\"https:\\\/\\\/reveil-info.net\\\/?p=36151#primaryimage\"},\"thumbnailUrl\":\"https:\\\/\\\/reveil-info.net\\\/wp-content\\\/uploads\\\/2025\\\/11\\\/691cf91a8f5a9_12123.webp\",\"articleSection\":[\"Actualit\u00e9\",\"AES\"],\"inLanguage\":\"fr-FR\",\"potentialAction\":[{\"@type\":\"CommentAction\",\"name\":\"Comment\",\"target\":[\"https:\\\/\\\/reveil-info.net\\\/?p=36151#respond\"]}]},{\"@type\":\"WebPage\",\"@id\":\"https:\\\/\\\/reveil-info.net\\\/?p=36151\",\"url\":\"https:\\\/\\\/reveil-info.net\\\/?p=36151\",\"name\":\"Mali : \u00abBamako ne tombera jamais entre les mains du JNIM\u201d assure Fousseynou Ouattara, vice-pr\u00e9sident de la Commission D\u00e9fense du CNT malien - R\u00e9veil Info\",\"isPartOf\":{\"@id\":\"https:\\\/\\\/reveil-info.net\\\/#website\"},\"primaryImageOfPage\":{\"@id\":\"https:\\\/\\\/reveil-info.net\\\/?p=36151#primaryimage\"},\"image\":{\"@id\":\"https:\\\/\\\/reveil-info.net\\\/?p=36151#primaryimage\"},\"thumbnailUrl\":\"https:\\\/\\\/reveil-info.net\\\/wp-content\\\/uploads\\\/2025\\\/11\\\/691cf91a8f5a9_12123.webp\",\"datePublished\":\"2025-11-19T10:00:52+00:00\",\"breadcrumb\":{\"@id\":\"https:\\\/\\\/reveil-info.net\\\/?p=36151#breadcrumb\"},\"inLanguage\":\"fr-FR\",\"potentialAction\":[{\"@type\":\"ReadAction\",\"target\":[\"https:\\\/\\\/reveil-info.net\\\/?p=36151\"]}]},{\"@type\":\"ImageObject\",\"inLanguage\":\"fr-FR\",\"@id\":\"https:\\\/\\\/reveil-info.net\\\/?p=36151#primaryimage\",\"url\":\"https:\\\/\\\/reveil-info.net\\\/wp-content\\\/uploads\\\/2025\\\/11\\\/691cf91a8f5a9_12123.webp\",\"contentUrl\":\"https:\\\/\\\/reveil-info.net\\\/wp-content\\\/uploads\\\/2025\\\/11\\\/691cf91a8f5a9_12123.webp\",\"width\":1200,\"height\":578},{\"@type\":\"BreadcrumbList\",\"@id\":\"https:\\\/\\\/reveil-info.net\\\/?p=36151#breadcrumb\",\"itemListElement\":[{\"@type\":\"ListItem\",\"position\":1,\"name\":\"Home\",\"item\":\"https:\\\/\\\/reveil-info.net\\\/\"},{\"@type\":\"ListItem\",\"position\":2,\"name\":\"Mali : \u00abBamako ne tombera jamais entre les mains du JNIM\u201d assure Fousseynou Ouattara, vice-pr\u00e9sident de la Commission D\u00e9fense du CNT malien\"}]},{\"@type\":\"WebSite\",\"@id\":\"https:\\\/\\\/reveil-info.net\\\/#website\",\"url\":\"https:\\\/\\\/reveil-info.net\\\/\",\"name\":\"R\u00e9veil Info\",\"description\":\"Le devoir d&#039;informer!\",\"publisher\":{\"@id\":\"https:\\\/\\\/reveil-info.net\\\/#organization\"},\"potentialAction\":[{\"@type\":\"SearchAction\",\"target\":{\"@type\":\"EntryPoint\",\"urlTemplate\":\"https:\\\/\\\/reveil-info.net\\\/?s={search_term_string}\"},\"query-input\":{\"@type\":\"PropertyValueSpecification\",\"valueRequired\":true,\"valueName\":\"search_term_string\"}}],\"inLanguage\":\"fr-FR\"},{\"@type\":\"Organization\",\"@id\":\"https:\\\/\\\/reveil-info.net\\\/#organization\",\"name\":\"R\u00e9veil Info\",\"url\":\"https:\\\/\\\/reveil-info.net\\\/\",\"logo\":{\"@type\":\"ImageObject\",\"inLanguage\":\"fr-FR\",\"@id\":\"https:\\\/\\\/reveil-info.net\\\/#\\\/schema\\\/logo\\\/image\\\/\",\"url\":\"https:\\\/\\\/reveil-info.net\\\/wp-content\\\/uploads\\\/2024\\\/07\\\/bnddd1.jpg\",\"contentUrl\":\"https:\\\/\\\/reveil-info.net\\\/wp-content\\\/uploads\\\/2024\\\/07\\\/bnddd1.jpg\",\"width\":903,\"height\":125,\"caption\":\"R\u00e9veil Info\"},\"image\":{\"@id\":\"https:\\\/\\\/reveil-info.net\\\/#\\\/schema\\\/logo\\\/image\\\/\"}},{\"@type\":\"Person\",\"@id\":\"https:\\\/\\\/reveil-info.net\\\/#\\\/schema\\\/person\\\/ca0cc8e70088e0a2b5e92556c1ee60f5\",\"name\":\"R\u00e9veil info\",\"image\":{\"@type\":\"ImageObject\",\"inLanguage\":\"fr-FR\",\"@id\":\"https:\\\/\\\/secure.gravatar.com\\\/avatar\\\/e4ad5bb743c8b6cb174d9df6c7d30a8a16f6889731241345fc6444e6485f02af?s=96&d=mm&r=g\",\"url\":\"https:\\\/\\\/secure.gravatar.com\\\/avatar\\\/e4ad5bb743c8b6cb174d9df6c7d30a8a16f6889731241345fc6444e6485f02af?s=96&d=mm&r=g\",\"contentUrl\":\"https:\\\/\\\/secure.gravatar.com\\\/avatar\\\/e4ad5bb743c8b6cb174d9df6c7d30a8a16f6889731241345fc6444e6485f02af?s=96&d=mm&r=g\",\"caption\":\"R\u00e9veil info\"},\"sameAs\":[\"https:\\\/\\\/reveil-info.net\"],\"url\":\"https:\\\/\\\/reveil-info.net\\\/?author=1\"}]}<\/script>\n<!-- \/ Yoast SEO plugin. -->","yoast_head_json":{"title":"Mali : \u00abBamako ne tombera jamais entre les mains du JNIM\u201d assure Fousseynou Ouattara, vice-pr\u00e9sident de la Commission D\u00e9fense du CNT malien - R\u00e9veil Info","robots":{"index":"noindex","follow":"follow","max-snippet":"max-snippet:-1","max-image-preview":"max-image-preview:large","max-video-preview":"max-video-preview:-1"},"og_locale":"fr_FR","og_type":"article","og_title":"Mali : \u00abBamako ne tombera jamais entre les mains du JNIM\u201d assure Fousseynou Ouattara, vice-pr\u00e9sident de la Commission D\u00e9fense du CNT malien - R\u00e9veil Info","og_description":"Fousseynou Ouattara est le vice-pr\u00e9sident de la Commission de D\u00e9fense, s\u00e9curit\u00e9 et protection civile du","og_url":"https:\/\/reveil-info.net\/?p=36151","og_site_name":"R\u00e9veil Info","article_published_time":"2025-11-19T10:00:52+00:00","og_image":[{"width":1200,"height":578,"url":"https:\/\/reveil-info.net\/wp-content\/uploads\/2025\/11\/691cf91a8f5a9_12123.webp","type":"image\/webp"}],"author":"R\u00e9veil info","twitter_card":"summary_large_image","twitter_misc":{"\u00c9crit par":"R\u00e9veil info","Dur\u00e9e de lecture estim\u00e9e":"4 minutes"},"schema":{"@context":"https:\/\/schema.org","@graph":[{"@type":"Article","@id":"https:\/\/reveil-info.net\/?p=36151#article","isPartOf":{"@id":"https:\/\/reveil-info.net\/?p=36151"},"author":{"name":"R\u00e9veil info","@id":"https:\/\/reveil-info.net\/#\/schema\/person\/ca0cc8e70088e0a2b5e92556c1ee60f5"},"headline":"Mali : \u00abBamako ne tombera jamais entre les mains du JNIM\u201d assure Fousseynou Ouattara, vice-pr\u00e9sident de la Commission D\u00e9fense du CNT malien","datePublished":"2025-11-19T10:00:52+00:00","mainEntityOfPage":{"@id":"https:\/\/reveil-info.net\/?p=36151"},"wordCount":714,"commentCount":0,"publisher":{"@id":"https:\/\/reveil-info.net\/#organization"},"image":{"@id":"https:\/\/reveil-info.net\/?p=36151#primaryimage"},"thumbnailUrl":"https:\/\/reveil-info.net\/wp-content\/uploads\/2025\/11\/691cf91a8f5a9_12123.webp","articleSection":["Actualit\u00e9","AES"],"inLanguage":"fr-FR","potentialAction":[{"@type":"CommentAction","name":"Comment","target":["https:\/\/reveil-info.net\/?p=36151#respond"]}]},{"@type":"WebPage","@id":"https:\/\/reveil-info.net\/?p=36151","url":"https:\/\/reveil-info.net\/?p=36151","name":"Mali : \u00abBamako ne tombera jamais entre les mains du JNIM\u201d assure Fousseynou Ouattara, vice-pr\u00e9sident de la Commission D\u00e9fense du CNT malien - R\u00e9veil Info","isPartOf":{"@id":"https:\/\/reveil-info.net\/#website"},"primaryImageOfPage":{"@id":"https:\/\/reveil-info.net\/?p=36151#primaryimage"},"image":{"@id":"https:\/\/reveil-info.net\/?p=36151#primaryimage"},"thumbnailUrl":"https:\/\/reveil-info.net\/wp-content\/uploads\/2025\/11\/691cf91a8f5a9_12123.webp","datePublished":"2025-11-19T10:00:52+00:00","breadcrumb":{"@id":"https:\/\/reveil-info.net\/?p=36151#breadcrumb"},"inLanguage":"fr-FR","potentialAction":[{"@type":"ReadAction","target":["https:\/\/reveil-info.net\/?p=36151"]}]},{"@type":"ImageObject","inLanguage":"fr-FR","@id":"https:\/\/reveil-info.net\/?p=36151#primaryimage","url":"https:\/\/reveil-info.net\/wp-content\/uploads\/2025\/11\/691cf91a8f5a9_12123.webp","contentUrl":"https:\/\/reveil-info.net\/wp-content\/uploads\/2025\/11\/691cf91a8f5a9_12123.webp","width":1200,"height":578},{"@type":"BreadcrumbList","@id":"https:\/\/reveil-info.net\/?p=36151#breadcrumb","itemListElement":[{"@type":"ListItem","position":1,"name":"Home","item":"https:\/\/reveil-info.net\/"},{"@type":"ListItem","position":2,"name":"Mali : \u00abBamako ne tombera jamais entre les mains du JNIM\u201d assure Fousseynou Ouattara, vice-pr\u00e9sident de la Commission D\u00e9fense du CNT malien"}]},{"@type":"WebSite","@id":"https:\/\/reveil-info.net\/#website","url":"https:\/\/reveil-info.net\/","name":"R\u00e9veil Info","description":"Le devoir d&#039;informer!","publisher":{"@id":"https:\/\/reveil-info.net\/#organization"},"potentialAction":[{"@type":"SearchAction","target":{"@type":"EntryPoint","urlTemplate":"https:\/\/reveil-info.net\/?s={search_term_string}"},"query-input":{"@type":"PropertyValueSpecification","valueRequired":true,"valueName":"search_term_string"}}],"inLanguage":"fr-FR"},{"@type":"Organization","@id":"https:\/\/reveil-info.net\/#organization","name":"R\u00e9veil Info","url":"https:\/\/reveil-info.net\/","logo":{"@type":"ImageObject","inLanguage":"fr-FR","@id":"https:\/\/reveil-info.net\/#\/schema\/logo\/image\/","url":"https:\/\/reveil-info.net\/wp-content\/uploads\/2024\/07\/bnddd1.jpg","contentUrl":"https:\/\/reveil-info.net\/wp-content\/uploads\/2024\/07\/bnddd1.jpg","width":903,"height":125,"caption":"R\u00e9veil Info"},"image":{"@id":"https:\/\/reveil-info.net\/#\/schema\/logo\/image\/"}},{"@type":"Person","@id":"https:\/\/reveil-info.net\/#\/schema\/person\/ca0cc8e70088e0a2b5e92556c1ee60f5","name":"R\u00e9veil info","image":{"@type":"ImageObject","inLanguage":"fr-FR","@id":"https:\/\/secure.gravatar.com\/avatar\/e4ad5bb743c8b6cb174d9df6c7d30a8a16f6889731241345fc6444e6485f02af?s=96&d=mm&r=g","url":"https:\/\/secure.gravatar.com\/avatar\/e4ad5bb743c8b6cb174d9df6c7d30a8a16f6889731241345fc6444e6485f02af?s=96&d=mm&r=g","contentUrl":"https:\/\/secure.gravatar.com\/avatar\/e4ad5bb743c8b6cb174d9df6c7d30a8a16f6889731241345fc6444e6485f02af?s=96&d=mm&r=g","caption":"R\u00e9veil info"},"sameAs":["https:\/\/reveil-info.net"],"url":"https:\/\/reveil-info.net\/?author=1"}]}},"jetpack_featured_media_url":"https:\/\/reveil-info.net\/wp-content\/uploads\/2025\/11\/691cf91a8f5a9_12123.webp","featured_image_urls":{"full":["https:\/\/reveil-info.net\/wp-content\/uploads\/2025\/11\/691cf91a8f5a9_12123.webp",1200,578,false],"thumbnail":["https:\/\/reveil-info.net\/wp-content\/uploads\/2025\/11\/691cf91a8f5a9_12123-150x150.webp",150,150,true],"medium":["https:\/\/reveil-info.net\/wp-content\/uploads\/2025\/11\/691cf91a8f5a9_12123-300x145.webp",300,145,true],"medium_large":["https:\/\/reveil-info.net\/wp-content\/uploads\/2025\/11\/691cf91a8f5a9_12123-768x370.webp",640,308,true],"large":["https:\/\/reveil-info.net\/wp-content\/uploads\/2025\/11\/691cf91a8f5a9_12123-1024x493.webp",640,308,true],"1536x1536":["https:\/\/reveil-info.net\/wp-content\/uploads\/2025\/11\/691cf91a8f5a9_12123.webp",1200,578,false],"2048x2048":["https:\/\/reveil-info.net\/wp-content\/uploads\/2025\/11\/691cf91a8f5a9_12123.webp",1200,578,false],"chromenews-featured":["https:\/\/reveil-info.net\/wp-content\/uploads\/2025\/11\/691cf91a8f5a9_12123-1024x493.webp",1024,493,true],"chromenews-large":["https:\/\/reveil-info.net\/wp-content\/uploads\/2025\/11\/691cf91a8f5a9_12123-825x575.webp",825,575,true],"chromenews-medium":["https:\/\/reveil-info.net\/wp-content\/uploads\/2025\/11\/691cf91a8f5a9_12123-590x410.webp",590,410,true]},"author_info":{"display_name":"R\u00e9veil info","author_link":"https:\/\/reveil-info.net\/?author=1"},"category_info":"<a href=\"https:\/\/reveil-info.net\/?cat=2\" rel=\"category\">Actualit\u00e9<\/a> <a href=\"https:\/\/reveil-info.net\/?cat=47\" rel=\"category\">AES<\/a>","tag_info":"AES","comment_count":"0","_links":{"self":[{"href":"https:\/\/reveil-info.net\/index.php?rest_route=\/wp\/v2\/posts\/36151","targetHints":{"allow":["GET"]}}],"collection":[{"href":"https:\/\/reveil-info.net\/index.php?rest_route=\/wp\/v2\/posts"}],"about":[{"href":"https:\/\/reveil-info.net\/index.php?rest_route=\/wp\/v2\/types\/post"}],"author":[{"embeddable":true,"href":"https:\/\/reveil-info.net\/index.php?rest_route=\/wp\/v2\/users\/1"}],"replies":[{"embeddable":true,"href":"https:\/\/reveil-info.net\/index.php?rest_route=%2Fwp%2Fv2%2Fcomments&post=36151"}],"version-history":[{"count":6,"href":"https:\/\/reveil-info.net\/index.php?rest_route=\/wp\/v2\/posts\/36151\/revisions"}],"predecessor-version":[{"id":36158,"href":"https:\/\/reveil-info.net\/index.php?rest_route=\/wp\/v2\/posts\/36151\/revisions\/36158"}],"wp:featuredmedia":[{"embeddable":true,"href":"https:\/\/reveil-info.net\/index.php?rest_route=\/wp\/v2\/media\/36156"}],"wp:attachment":[{"href":"https:\/\/reveil-info.net\/index.php?rest_route=%2Fwp%2Fv2%2Fmedia&parent=36151"}],"wp:term":[{"taxonomy":"category","embeddable":true,"href":"https:\/\/reveil-info.net\/index.php?rest_route=%2Fwp%2Fv2%2Fcategories&post=36151"},{"taxonomy":"post_tag","embeddable":true,"href":"https:\/\/reveil-info.net\/index.php?rest_route=%2Fwp%2Fv2%2Ftags&post=36151"}],"curies":[{"name":"wp","href":"https:\/\/api.w.org\/{rel}","templated":true}]}}