{"id":36089,"date":"2025-11-18T12:03:19","date_gmt":"2025-11-18T12:03:19","guid":{"rendered":"https:\/\/reveil-info.net\/?p=36089"},"modified":"2025-11-18T12:03:19","modified_gmt":"2025-11-18T12:03:19","slug":"au-palais-de-justice-il-ote-la-vie-a-son-bienfaiteur","status":"publish","type":"post","link":"https:\/\/reveil-info.net\/?p=36089","title":{"rendered":"Au palais de justice :il \u00f4te la vie \u00e0 son bienfaiteur"},"content":{"rendered":"<p>R\u00e9cit d\u2019un proc\u00e8s : Il \u00f4te la vie \u00e0 son bienfaiteur qui l\u2019avait secouru d\u2019une panne<\/p>\n<p>Seydou (nom d&#8217;emprunt) a comparu devant la chambre criminelle de la Cour d&rsquo;appel de Bobo-Dioulasso ce 17 novembre 2025 pour la deuxi\u00e8me fois afin de se d\u00e9fendre des faits d&rsquo;assassinat. Le procureur g\u00e9n\u00e9ral l&rsquo;accuse d&rsquo;avoir donn\u00e9 la mort \u00e0 Franck (nom d&#8217;emprunt), le 12 avril 2019, avec cette circonstance que les faits se sont d\u00e9roul\u00e9s la nuit sur l&rsquo;axe Bobo-D\u00e9dougou. Que s&rsquo;est-il pass\u00e9 r\u00e9ellement pour qu\u2019on en arrive \u00e0 ce dossier de crime de sang ?<\/p>\n<p>Le jour des faits, Seydou \u00e9tait en panne avec sa motocyclette sur la route. De passage, Franck, avec son tricycle, a \u00e9t\u00e9 sollicit\u00e9 par l&rsquo;accus\u00e9 pour une aide sous forme d&rsquo;auto-stop. Franck, pensant faire un geste de bonne volont\u00e9, l\u2019a embarqu\u00e9 dans son tricycle, lui et sa moto. Dans leur progression, ils ont quitt\u00e9 l\u2019axe principal pour emprunter un axe secondaire afin d\u2019\u00e9viter le contr\u00f4le des gendarmes qui \u00e9taient positionn\u00e9s devant. Seydou profite alors d\u2019un coin sombre de la route pour assommer son conducteur \u00e0 l\u2019aide d\u2019un bois de chauffe qu\u2019il s\u2019est procur\u00e9 dans le tricycle de la victime. Il lui a donn\u00e9 plusieurs coups \u00e0 la t\u00eate qui ont entra\u00een\u00e9 sa mort.<\/p>\n<p>Interpell\u00e9 par la police, l\u2019accus\u00e9 Seydou n\u2019a jamais ni\u00e9 les faits depuis l\u2019enqu\u00eate de police jusqu\u2019au jugement devant la chambre criminelle.<\/p>\n<p>\u00ab Je reconnais les faits et je les regrette am\u00e8rement \u00bb, a-t-il avou\u00e9.<\/p>\n<p>En premier ressort, le dossier a \u00e9t\u00e9 jug\u00e9 lors des assises criminelles de juin 2022. La chambre l\u2019avait d\u00e9clar\u00e9 coupable d\u2019assassinat et l\u2019avait condamn\u00e9 \u00e0 une peine d\u2019emprisonnement ferme de 11 ans. La chambre avait \u00e9galement saisi le bois de chauffe ayant servi \u00e0 la commission des faits et m\u00eame les t\u00e9l\u00e9phones portables de l\u2019accus\u00e9.<\/p>\n<p>Seydou a interjet\u00e9 appel dans les d\u00e9lais pr\u00e9vus par la loi. C\u2019est ainsi que le dossier a \u00e9t\u00e9 r\u00e9ouvert ce jour.<\/p>\n<p>En appel, l\u2019accus\u00e9 n\u2019a pas demand\u00e9 une diminution de sa peine.<\/p>\n<p>\u2014 Dites-nous l\u2019objet de votre appel, demande la cour \u00e0 Seydou.<br \/>\n\u2014 Je ne nie pas les faits et je ne trouve pas \u00e9galement la peine tr\u00e8s lourde. Je veux juste demander pardon aux autorit\u00e9s et \u00e0 la famille du d\u00e9funt Franck, car je suis \u00e9pris de remords pour ce que j\u2019ai fait.<br \/>\n\u2014 Alors avant ce pardon, dites-nous pourquoi vous avez tu\u00e9 quelqu\u2019un qui vous a aid\u00e9 en vous sauvant de votre panne la nuit ?<br \/>\n\u2014 Je ne sais m\u00eame pas pourquoi je l\u2019ai fait, a-t-il r\u00e9pliqu\u00e9.<br \/>\n\u2014 Si tu ne l\u2019as pas voulu voler, pourquoi avoir essay\u00e9 de d\u00e9marrer le tricycle apr\u00e8s la commission des faits ?<br \/>\nL\u2019accus\u00e9 r\u00e9pond par le silence.<\/p>\n<p>Interrog\u00e9e sur le pardon de l\u2019accus\u00e9, la famille du d\u00e9funt repr\u00e9sent\u00e9e par son fr\u00e8re a r\u00e9pondu en ces termes : \u00ab Il faut qu\u2019il purge les 11 ans qu\u2019on lui a inflig\u00e9s avant qu\u2019on ne parle de pardon \u00bb.<\/p>\n<p>Le parquet g\u00e9n\u00e9ral a pr\u00e9cis\u00e9 que, dans un rapport m\u00e9dical, Seydou souffre parfois de troubles psychiques li\u00e9s aux effets du tabac et que ces troubles se manifestent par moments. Mais le rapport indique \u00e9galement que ces troubles ne peuvent expliquer son acte et qu\u2019il est capable d\u2019assumer une peine de prison.<\/p>\n<p>Dans ses r\u00e9quisitions, le procureur g\u00e9n\u00e9ral a indiqu\u00e9 qu\u2019il n\u2019arrive pas \u00e0 percevoir la pr\u00e9m\u00e9ditation dans l\u2019acte de Seydou. Pour lui, l\u2019accus\u00e9 n\u2019a pas pr\u00e9par\u00e9 d\u2019assassiner la victime, car les deux ne se connaissaient pas. Pourtant, l\u2019assassinat suppose qu\u2019il y a eu pr\u00e9m\u00e9ditation, pr\u00e9paration. Donc il a demand\u00e9 \u00e0 la cour de requalifier les faits d\u2019assassinat en homicide volontaire. Il a \u00e9galement demand\u00e9 de lui accorder des circonstances att\u00e9nuantes au regard des circonstances des faits. Premi\u00e8rement, l\u2019accus\u00e9 a reconnu les faits. Pour le parquet g\u00e9n\u00e9ral, une faute reconnue est \u00e0 moiti\u00e9 pardonn\u00e9e. Deuxi\u00e8mement, il a exprim\u00e9 des regrets d\u2019avoir pos\u00e9 l\u2019acte.<\/p>\n<p>Au vu de ces deux circonstances att\u00e9nuantes, selon le procureur g\u00e9n\u00e9ral, le minist\u00e8re public a demand\u00e9 une diminution de la peine de 11 ans \u00e0 7 ans de prison ferme.<\/p>\n<p>La cour rendra son verdict le 8 d\u00e9cembre 2025.<\/p>\n<p>Justice Infos Burkina<br \/>\n<img loading=\"lazy\" decoding=\"async\" class=\"alignnone size-full wp-image-36078\" src=\"https:\/\/reveil-info.net\/wp-content\/uploads\/2025\/11\/IMG-20240629-WA0041-6.jpg\" alt=\"\" width=\"1034\" height=\"729\" srcset=\"https:\/\/reveil-info.net\/wp-content\/uploads\/2025\/11\/IMG-20240629-WA0041-6.jpg 1034w, https:\/\/reveil-info.net\/wp-content\/uploads\/2025\/11\/IMG-20240629-WA0041-6-300x212.jpg 300w, https:\/\/reveil-info.net\/wp-content\/uploads\/2025\/11\/IMG-20240629-WA0041-6-1024x722.jpg 1024w, https:\/\/reveil-info.net\/wp-content\/uploads\/2025\/11\/IMG-20240629-WA0041-6-768x541.jpg 768w\" sizes=\"auto, (max-width: 1034px) 100vw, 1034px\" \/><\/p>\n","protected":false},"excerpt":{"rendered":"<p>R\u00e9cit d\u2019un proc\u00e8s : Il \u00f4te la vie \u00e0 son bienfaiteur qui l\u2019avait secouru d\u2019une<\/p>\n","protected":false},"author":1,"featured_media":35859,"comment_status":"open","ping_status":"open","sticky":false,"template":"","format":"standard","meta":{"footnotes":""},"categories":[45],"tags":[],"class_list":["post-36089","post","type-post","status-publish","format-standard","has-post-thumbnail","hentry","category-justice"],"yoast_head":"<!-- This site is optimized with the Yoast SEO plugin v27.5 - https:\/\/yoast.com\/product\/yoast-seo-wordpress\/ -->\n<title>Au palais de justice :il \u00f4te la vie \u00e0 son bienfaiteur - R\u00e9veil Info<\/title>\n<meta name=\"robots\" content=\"noindex, follow, max-snippet:-1, max-image-preview:large, max-video-preview:-1\" \/>\n<meta property=\"og:locale\" content=\"fr_FR\" \/>\n<meta property=\"og:type\" content=\"article\" \/>\n<meta property=\"og:title\" content=\"Au palais de justice :il \u00f4te la vie \u00e0 son bienfaiteur - R\u00e9veil Info\" \/>\n<meta property=\"og:description\" content=\"R\u00e9cit d\u2019un proc\u00e8s : Il \u00f4te la vie \u00e0 son bienfaiteur qui l\u2019avait secouru d\u2019une\" \/>\n<meta property=\"og:url\" content=\"https:\/\/reveil-info.net\/?p=36089\" \/>\n<meta property=\"og:site_name\" content=\"R\u00e9veil Info\" \/>\n<meta property=\"article:published_time\" content=\"2025-11-18T12:03:19+00:00\" \/>\n<meta property=\"og:image\" content=\"https:\/\/reveil-info.net\/wp-content\/uploads\/2025\/11\/FB_IMG_17632339682903343.jpg\" \/>\n\t<meta property=\"og:image:width\" content=\"720\" \/>\n\t<meta property=\"og:image:height\" content=\"540\" \/>\n\t<meta property=\"og:image:type\" content=\"image\/jpeg\" \/>\n<meta name=\"author\" content=\"R\u00e9veil info\" \/>\n<meta name=\"twitter:card\" content=\"summary_large_image\" \/>\n<meta name=\"twitter:label1\" content=\"\u00c9crit par\" \/>\n\t<meta name=\"twitter:data1\" content=\"R\u00e9veil info\" \/>\n\t<meta name=\"twitter:label2\" content=\"Dur\u00e9e de lecture estim\u00e9e\" \/>\n\t<meta name=\"twitter:data2\" content=\"4 minutes\" \/>\n<script type=\"application\/ld+json\" class=\"yoast-schema-graph\">{\"@context\":\"https:\\\/\\\/schema.org\",\"@graph\":[{\"@type\":\"Article\",\"@id\":\"https:\\\/\\\/reveil-info.net\\\/?p=36089#article\",\"isPartOf\":{\"@id\":\"https:\\\/\\\/reveil-info.net\\\/?p=36089\"},\"author\":{\"name\":\"R\u00e9veil info\",\"@id\":\"https:\\\/\\\/reveil-info.net\\\/#\\\/schema\\\/person\\\/ca0cc8e70088e0a2b5e92556c1ee60f5\"},\"headline\":\"Au palais de justice :il \u00f4te la vie \u00e0 son bienfaiteur\",\"datePublished\":\"2025-11-18T12:03:19+00:00\",\"mainEntityOfPage\":{\"@id\":\"https:\\\/\\\/reveil-info.net\\\/?p=36089\"},\"wordCount\":767,\"commentCount\":0,\"publisher\":{\"@id\":\"https:\\\/\\\/reveil-info.net\\\/#organization\"},\"image\":{\"@id\":\"https:\\\/\\\/reveil-info.net\\\/?p=36089#primaryimage\"},\"thumbnailUrl\":\"https:\\\/\\\/reveil-info.net\\\/wp-content\\\/uploads\\\/2025\\\/11\\\/FB_IMG_17632339682903343.jpg\",\"articleSection\":[\"Justice\"],\"inLanguage\":\"fr-FR\",\"potentialAction\":[{\"@type\":\"CommentAction\",\"name\":\"Comment\",\"target\":[\"https:\\\/\\\/reveil-info.net\\\/?p=36089#respond\"]}]},{\"@type\":\"WebPage\",\"@id\":\"https:\\\/\\\/reveil-info.net\\\/?p=36089\",\"url\":\"https:\\\/\\\/reveil-info.net\\\/?p=36089\",\"name\":\"Au palais de justice :il \u00f4te la vie \u00e0 son bienfaiteur - R\u00e9veil Info\",\"isPartOf\":{\"@id\":\"https:\\\/\\\/reveil-info.net\\\/#website\"},\"primaryImageOfPage\":{\"@id\":\"https:\\\/\\\/reveil-info.net\\\/?p=36089#primaryimage\"},\"image\":{\"@id\":\"https:\\\/\\\/reveil-info.net\\\/?p=36089#primaryimage\"},\"thumbnailUrl\":\"https:\\\/\\\/reveil-info.net\\\/wp-content\\\/uploads\\\/2025\\\/11\\\/FB_IMG_17632339682903343.jpg\",\"datePublished\":\"2025-11-18T12:03:19+00:00\",\"breadcrumb\":{\"@id\":\"https:\\\/\\\/reveil-info.net\\\/?p=36089#breadcrumb\"},\"inLanguage\":\"fr-FR\",\"potentialAction\":[{\"@type\":\"ReadAction\",\"target\":[\"https:\\\/\\\/reveil-info.net\\\/?p=36089\"]}]},{\"@type\":\"ImageObject\",\"inLanguage\":\"fr-FR\",\"@id\":\"https:\\\/\\\/reveil-info.net\\\/?p=36089#primaryimage\",\"url\":\"https:\\\/\\\/reveil-info.net\\\/wp-content\\\/uploads\\\/2025\\\/11\\\/FB_IMG_17632339682903343.jpg\",\"contentUrl\":\"https:\\\/\\\/reveil-info.net\\\/wp-content\\\/uploads\\\/2025\\\/11\\\/FB_IMG_17632339682903343.jpg\",\"width\":720,\"height\":540},{\"@type\":\"BreadcrumbList\",\"@id\":\"https:\\\/\\\/reveil-info.net\\\/?p=36089#breadcrumb\",\"itemListElement\":[{\"@type\":\"ListItem\",\"position\":1,\"name\":\"Home\",\"item\":\"https:\\\/\\\/reveil-info.net\\\/\"},{\"@type\":\"ListItem\",\"position\":2,\"name\":\"Au palais de justice :il \u00f4te la vie \u00e0 son bienfaiteur\"}]},{\"@type\":\"WebSite\",\"@id\":\"https:\\\/\\\/reveil-info.net\\\/#website\",\"url\":\"https:\\\/\\\/reveil-info.net\\\/\",\"name\":\"R\u00e9veil Info\",\"description\":\"Le devoir d&#039;informer!\",\"publisher\":{\"@id\":\"https:\\\/\\\/reveil-info.net\\\/#organization\"},\"potentialAction\":[{\"@type\":\"SearchAction\",\"target\":{\"@type\":\"EntryPoint\",\"urlTemplate\":\"https:\\\/\\\/reveil-info.net\\\/?s={search_term_string}\"},\"query-input\":{\"@type\":\"PropertyValueSpecification\",\"valueRequired\":true,\"valueName\":\"search_term_string\"}}],\"inLanguage\":\"fr-FR\"},{\"@type\":\"Organization\",\"@id\":\"https:\\\/\\\/reveil-info.net\\\/#organization\",\"name\":\"R\u00e9veil Info\",\"url\":\"https:\\\/\\\/reveil-info.net\\\/\",\"logo\":{\"@type\":\"ImageObject\",\"inLanguage\":\"fr-FR\",\"@id\":\"https:\\\/\\\/reveil-info.net\\\/#\\\/schema\\\/logo\\\/image\\\/\",\"url\":\"https:\\\/\\\/reveil-info.net\\\/wp-content\\\/uploads\\\/2024\\\/07\\\/bnddd1.jpg\",\"contentUrl\":\"https:\\\/\\\/reveil-info.net\\\/wp-content\\\/uploads\\\/2024\\\/07\\\/bnddd1.jpg\",\"width\":903,\"height\":125,\"caption\":\"R\u00e9veil Info\"},\"image\":{\"@id\":\"https:\\\/\\\/reveil-info.net\\\/#\\\/schema\\\/logo\\\/image\\\/\"}},{\"@type\":\"Person\",\"@id\":\"https:\\\/\\\/reveil-info.net\\\/#\\\/schema\\\/person\\\/ca0cc8e70088e0a2b5e92556c1ee60f5\",\"name\":\"R\u00e9veil info\",\"image\":{\"@type\":\"ImageObject\",\"inLanguage\":\"fr-FR\",\"@id\":\"https:\\\/\\\/secure.gravatar.com\\\/avatar\\\/e4ad5bb743c8b6cb174d9df6c7d30a8a16f6889731241345fc6444e6485f02af?s=96&d=mm&r=g\",\"url\":\"https:\\\/\\\/secure.gravatar.com\\\/avatar\\\/e4ad5bb743c8b6cb174d9df6c7d30a8a16f6889731241345fc6444e6485f02af?s=96&d=mm&r=g\",\"contentUrl\":\"https:\\\/\\\/secure.gravatar.com\\\/avatar\\\/e4ad5bb743c8b6cb174d9df6c7d30a8a16f6889731241345fc6444e6485f02af?s=96&d=mm&r=g\",\"caption\":\"R\u00e9veil info\"},\"sameAs\":[\"https:\\\/\\\/reveil-info.net\"],\"url\":\"https:\\\/\\\/reveil-info.net\\\/?author=1\"}]}<\/script>\n<!-- \/ Yoast SEO plugin. -->","yoast_head_json":{"title":"Au palais de justice :il \u00f4te la vie \u00e0 son bienfaiteur - R\u00e9veil Info","robots":{"index":"noindex","follow":"follow","max-snippet":"max-snippet:-1","max-image-preview":"max-image-preview:large","max-video-preview":"max-video-preview:-1"},"og_locale":"fr_FR","og_type":"article","og_title":"Au palais de justice :il \u00f4te la vie \u00e0 son bienfaiteur - R\u00e9veil Info","og_description":"R\u00e9cit d\u2019un proc\u00e8s : Il \u00f4te la vie \u00e0 son bienfaiteur qui l\u2019avait secouru d\u2019une","og_url":"https:\/\/reveil-info.net\/?p=36089","og_site_name":"R\u00e9veil Info","article_published_time":"2025-11-18T12:03:19+00:00","og_image":[{"width":720,"height":540,"url":"https:\/\/reveil-info.net\/wp-content\/uploads\/2025\/11\/FB_IMG_17632339682903343.jpg","type":"image\/jpeg"}],"author":"R\u00e9veil info","twitter_card":"summary_large_image","twitter_misc":{"\u00c9crit par":"R\u00e9veil info","Dur\u00e9e de lecture estim\u00e9e":"4 minutes"},"schema":{"@context":"https:\/\/schema.org","@graph":[{"@type":"Article","@id":"https:\/\/reveil-info.net\/?p=36089#article","isPartOf":{"@id":"https:\/\/reveil-info.net\/?p=36089"},"author":{"name":"R\u00e9veil info","@id":"https:\/\/reveil-info.net\/#\/schema\/person\/ca0cc8e70088e0a2b5e92556c1ee60f5"},"headline":"Au palais de justice :il \u00f4te la vie \u00e0 son bienfaiteur","datePublished":"2025-11-18T12:03:19+00:00","mainEntityOfPage":{"@id":"https:\/\/reveil-info.net\/?p=36089"},"wordCount":767,"commentCount":0,"publisher":{"@id":"https:\/\/reveil-info.net\/#organization"},"image":{"@id":"https:\/\/reveil-info.net\/?p=36089#primaryimage"},"thumbnailUrl":"https:\/\/reveil-info.net\/wp-content\/uploads\/2025\/11\/FB_IMG_17632339682903343.jpg","articleSection":["Justice"],"inLanguage":"fr-FR","potentialAction":[{"@type":"CommentAction","name":"Comment","target":["https:\/\/reveil-info.net\/?p=36089#respond"]}]},{"@type":"WebPage","@id":"https:\/\/reveil-info.net\/?p=36089","url":"https:\/\/reveil-info.net\/?p=36089","name":"Au palais de justice :il \u00f4te la vie \u00e0 son bienfaiteur - R\u00e9veil Info","isPartOf":{"@id":"https:\/\/reveil-info.net\/#website"},"primaryImageOfPage":{"@id":"https:\/\/reveil-info.net\/?p=36089#primaryimage"},"image":{"@id":"https:\/\/reveil-info.net\/?p=36089#primaryimage"},"thumbnailUrl":"https:\/\/reveil-info.net\/wp-content\/uploads\/2025\/11\/FB_IMG_17632339682903343.jpg","datePublished":"2025-11-18T12:03:19+00:00","breadcrumb":{"@id":"https:\/\/reveil-info.net\/?p=36089#breadcrumb"},"inLanguage":"fr-FR","potentialAction":[{"@type":"ReadAction","target":["https:\/\/reveil-info.net\/?p=36089"]}]},{"@type":"ImageObject","inLanguage":"fr-FR","@id":"https:\/\/reveil-info.net\/?p=36089#primaryimage","url":"https:\/\/reveil-info.net\/wp-content\/uploads\/2025\/11\/FB_IMG_17632339682903343.jpg","contentUrl":"https:\/\/reveil-info.net\/wp-content\/uploads\/2025\/11\/FB_IMG_17632339682903343.jpg","width":720,"height":540},{"@type":"BreadcrumbList","@id":"https:\/\/reveil-info.net\/?p=36089#breadcrumb","itemListElement":[{"@type":"ListItem","position":1,"name":"Home","item":"https:\/\/reveil-info.net\/"},{"@type":"ListItem","position":2,"name":"Au palais de justice :il \u00f4te la vie \u00e0 son bienfaiteur"}]},{"@type":"WebSite","@id":"https:\/\/reveil-info.net\/#website","url":"https:\/\/reveil-info.net\/","name":"R\u00e9veil Info","description":"Le devoir d&#039;informer!","publisher":{"@id":"https:\/\/reveil-info.net\/#organization"},"potentialAction":[{"@type":"SearchAction","target":{"@type":"EntryPoint","urlTemplate":"https:\/\/reveil-info.net\/?s={search_term_string}"},"query-input":{"@type":"PropertyValueSpecification","valueRequired":true,"valueName":"search_term_string"}}],"inLanguage":"fr-FR"},{"@type":"Organization","@id":"https:\/\/reveil-info.net\/#organization","name":"R\u00e9veil Info","url":"https:\/\/reveil-info.net\/","logo":{"@type":"ImageObject","inLanguage":"fr-FR","@id":"https:\/\/reveil-info.net\/#\/schema\/logo\/image\/","url":"https:\/\/reveil-info.net\/wp-content\/uploads\/2024\/07\/bnddd1.jpg","contentUrl":"https:\/\/reveil-info.net\/wp-content\/uploads\/2024\/07\/bnddd1.jpg","width":903,"height":125,"caption":"R\u00e9veil Info"},"image":{"@id":"https:\/\/reveil-info.net\/#\/schema\/logo\/image\/"}},{"@type":"Person","@id":"https:\/\/reveil-info.net\/#\/schema\/person\/ca0cc8e70088e0a2b5e92556c1ee60f5","name":"R\u00e9veil info","image":{"@type":"ImageObject","inLanguage":"fr-FR","@id":"https:\/\/secure.gravatar.com\/avatar\/e4ad5bb743c8b6cb174d9df6c7d30a8a16f6889731241345fc6444e6485f02af?s=96&d=mm&r=g","url":"https:\/\/secure.gravatar.com\/avatar\/e4ad5bb743c8b6cb174d9df6c7d30a8a16f6889731241345fc6444e6485f02af?s=96&d=mm&r=g","contentUrl":"https:\/\/secure.gravatar.com\/avatar\/e4ad5bb743c8b6cb174d9df6c7d30a8a16f6889731241345fc6444e6485f02af?s=96&d=mm&r=g","caption":"R\u00e9veil info"},"sameAs":["https:\/\/reveil-info.net"],"url":"https:\/\/reveil-info.net\/?author=1"}]}},"jetpack_featured_media_url":"https:\/\/reveil-info.net\/wp-content\/uploads\/2025\/11\/FB_IMG_17632339682903343.jpg","featured_image_urls":{"full":["https:\/\/reveil-info.net\/wp-content\/uploads\/2025\/11\/FB_IMG_17632339682903343.jpg",720,540,false],"thumbnail":["https:\/\/reveil-info.net\/wp-content\/uploads\/2025\/11\/FB_IMG_17632339682903343-150x150.jpg",150,150,true],"medium":["https:\/\/reveil-info.net\/wp-content\/uploads\/2025\/11\/FB_IMG_17632339682903343-300x225.jpg",300,225,true],"medium_large":["https:\/\/reveil-info.net\/wp-content\/uploads\/2025\/11\/FB_IMG_17632339682903343.jpg",640,480,false],"large":["https:\/\/reveil-info.net\/wp-content\/uploads\/2025\/11\/FB_IMG_17632339682903343.jpg",640,480,false],"1536x1536":["https:\/\/reveil-info.net\/wp-content\/uploads\/2025\/11\/FB_IMG_17632339682903343.jpg",720,540,false],"2048x2048":["https:\/\/reveil-info.net\/wp-content\/uploads\/2025\/11\/FB_IMG_17632339682903343.jpg",720,540,false],"chromenews-featured":["https:\/\/reveil-info.net\/wp-content\/uploads\/2025\/11\/FB_IMG_17632339682903343.jpg",720,540,false],"chromenews-large":["https:\/\/reveil-info.net\/wp-content\/uploads\/2025\/11\/FB_IMG_17632339682903343.jpg",720,540,false],"chromenews-medium":["https:\/\/reveil-info.net\/wp-content\/uploads\/2025\/11\/FB_IMG_17632339682903343-590x410.jpg",590,410,true]},"author_info":{"display_name":"R\u00e9veil info","author_link":"https:\/\/reveil-info.net\/?author=1"},"category_info":"<a href=\"https:\/\/reveil-info.net\/?cat=45\" rel=\"category\">Justice<\/a>","tag_info":"Justice","comment_count":"0","_links":{"self":[{"href":"https:\/\/reveil-info.net\/index.php?rest_route=\/wp\/v2\/posts\/36089","targetHints":{"allow":["GET"]}}],"collection":[{"href":"https:\/\/reveil-info.net\/index.php?rest_route=\/wp\/v2\/posts"}],"about":[{"href":"https:\/\/reveil-info.net\/index.php?rest_route=\/wp\/v2\/types\/post"}],"author":[{"embeddable":true,"href":"https:\/\/reveil-info.net\/index.php?rest_route=\/wp\/v2\/users\/1"}],"replies":[{"embeddable":true,"href":"https:\/\/reveil-info.net\/index.php?rest_route=%2Fwp%2Fv2%2Fcomments&post=36089"}],"version-history":[{"count":3,"href":"https:\/\/reveil-info.net\/index.php?rest_route=\/wp\/v2\/posts\/36089\/revisions"}],"predecessor-version":[{"id":36092,"href":"https:\/\/reveil-info.net\/index.php?rest_route=\/wp\/v2\/posts\/36089\/revisions\/36092"}],"wp:featuredmedia":[{"embeddable":true,"href":"https:\/\/reveil-info.net\/index.php?rest_route=\/wp\/v2\/media\/35859"}],"wp:attachment":[{"href":"https:\/\/reveil-info.net\/index.php?rest_route=%2Fwp%2Fv2%2Fmedia&parent=36089"}],"wp:term":[{"taxonomy":"category","embeddable":true,"href":"https:\/\/reveil-info.net\/index.php?rest_route=%2Fwp%2Fv2%2Fcategories&post=36089"},{"taxonomy":"post_tag","embeddable":true,"href":"https:\/\/reveil-info.net\/index.php?rest_route=%2Fwp%2Fv2%2Ftags&post=36089"}],"curies":[{"name":"wp","href":"https:\/\/api.w.org\/{rel}","templated":true}]}}