{"id":35776,"date":"2025-11-15T08:59:01","date_gmt":"2025-11-15T08:59:01","guid":{"rendered":"https:\/\/reveil-info.net\/?p=35776"},"modified":"2025-11-15T08:59:01","modified_gmt":"2025-11-15T08:59:01","slug":"journee-nationale-de-sensibilisation-sur-la-securite-routiere-message-du-ministre-de-la-securite","status":"publish","type":"post","link":"https:\/\/reveil-info.net\/?p=35776","title":{"rendered":"Journ\u00e9e nationale de sensibilisation sur la s\u00e9curit\u00e9 routi\u00e8re : message du ministre de la s\u00e9curit\u00e9"},"content":{"rendered":"<p>Comme \u00e0 l\u2019accoutum\u00e9e, ce samedi 15 novembre 2025 nous marquons une halte pour promouvoir la s\u00e9curit\u00e9 routi\u00e8re.<\/p>\n<p>En effet, il vous souviendra le tragique accident du 15 novembre 2008 \u00e0 Boromo, qui avait caus\u00e9 soixante-neuf (69) morts, trente-cinq (35) bless\u00e9s et d\u2019importants d\u00e9g\u00e2ts mat\u00e9riels. Ce drame, joint \u00e0 la recrudescence des accidents de la circulation, a conduit le Gouvernement \u00e0 instituer cette date comme journ\u00e9e nationale de sensibilisation sur la s\u00e9curit\u00e9 routi\u00e8re (JNSSR).<\/p>\n<p>En cette 17\u1d49 \u00e9dition de la JNSSR, plac\u00e9e sous le th\u00e8me \u00ab Jeune, pour des trajets s\u00fbrs, ma\u00eetrise ta vitesse et porte ton casque \u00bb, je m\u2019incline avec respect devant la m\u00e9moire de toutes les victimes de la route et souhaite un prompt r\u00e9tablissement aux bless\u00e9s.<\/p>\n<p>Cette journ\u00e9e nous rappelle avec gravit\u00e9 que la s\u00e9curit\u00e9 routi\u00e8re ne d\u00e9pend pas seulement des lois : elle repose d\u2019abord sur nos comportements, notre sens de la responsabilit\u00e9 et le respect sacr\u00e9 de la vie humaine. Ce rappel \u00e0 la responsabilit\u00e9 et \u00e0 la prudence s\u2019adresse particuli\u00e8rement aux jeunes, qui paient le plus lourd tribut des drames routiers. \u00c0 titre d\u2019illustration, au mois d\u2019octobre 2025, 71 % des personnes d\u00e9c\u00e9d\u00e9es et 83 % des bless\u00e9s sur la route \u00e9taient \u00e2g\u00e9s de 15 \u00e0 44 ans. Des statistiques \u00e0 la fois \u00e9loquentes et tristes.<\/p>\n<p>J\u2019en appelle donc solennellement \u00e0 notre jeunesse, espoir et avenir de la Nation, afin qu\u2019elle fasse du port du casque, du respect des limitations de vitesse et du code de la route des imp\u00e9ratifs quotidiens. Par-del\u00e0 tout, que les jeunes rejettent les comportements \u00e0 risque, notamment la conduite sous l\u2019emprise de l\u2019alcool et l\u2019usage du t\u00e9l\u00e9phone.<\/p>\n<p>Le Gouvernement, \u00e0 travers le Minist\u00e8re de la S\u00e9curit\u00e9 et l\u2019ensemble des acteurs de la s\u00e9curit\u00e9 routi\u00e8re, \u00e0 qui j\u2019adresse ma profonde gratitude, poursuit ses efforts pour renforcer la s\u00e9curit\u00e9 sur nos routes : sensibilisation, formation, contr\u00f4le, am\u00e9lioration des infrastructures, entre autres. Toutefois, ces actions ne porteront pleinement leurs fruits que si chaque usager adopte un comportement responsable. La s\u00e9curit\u00e9 de tous d\u00e9pend du comportement de chacun dans l\u2019ordre et la discipline.<\/p>\n<p>Aussi, voudrais-je lancer une invite \u00e0 toute la population, en particulier \u00e0 la jeunesse, pour que cette journ\u00e9e ne soit pas une simple comm\u00e9moration, mais le point de d\u00e9part d\u2019un changement durable de mentalit\u00e9 et de comportement.<\/p>\n<p>Ensemble, faisons de nos routes des espaces de vie, et non des lieux de trag\u00e9dies.<\/p>\n<p>Le Ministre<br \/>\nMahamadou SANA<br \/>\nOfficier de l\u2019Ordre de l\u2019\u00c9talon<\/p>\n","protected":false},"excerpt":{"rendered":"<p>Comme \u00e0 l\u2019accoutum\u00e9e, ce samedi 15 novembre 2025 nous marquons une halte pour promouvoir la<\/p>\n","protected":false},"author":1,"featured_media":35779,"comment_status":"open","ping_status":"open","sticky":false,"template":"","format":"standard","meta":{"footnotes":""},"categories":[3],"tags":[],"class_list":["post-35776","post","type-post","status-publish","format-standard","has-post-thumbnail","hentry","category-annonces-communiques"],"yoast_head":"<!-- This site is optimized with the Yoast SEO plugin v27.5 - https:\/\/yoast.com\/product\/yoast-seo-wordpress\/ -->\n<title>Journ\u00e9e nationale de sensibilisation sur la s\u00e9curit\u00e9 routi\u00e8re : message du ministre de la s\u00e9curit\u00e9 - R\u00e9veil Info<\/title>\n<meta name=\"robots\" content=\"noindex, follow, max-snippet:-1, max-image-preview:large, max-video-preview:-1\" \/>\n<meta property=\"og:locale\" content=\"fr_FR\" \/>\n<meta property=\"og:type\" content=\"article\" \/>\n<meta property=\"og:title\" content=\"Journ\u00e9e nationale de sensibilisation sur la s\u00e9curit\u00e9 routi\u00e8re : message du ministre de la s\u00e9curit\u00e9 - R\u00e9veil Info\" \/>\n<meta property=\"og:description\" content=\"Comme \u00e0 l\u2019accoutum\u00e9e, ce samedi 15 novembre 2025 nous marquons une halte pour promouvoir la\" \/>\n<meta property=\"og:url\" content=\"https:\/\/reveil-info.net\/?p=35776\" \/>\n<meta property=\"og:site_name\" content=\"R\u00e9veil Info\" \/>\n<meta property=\"article:published_time\" content=\"2025-11-15T08:59:01+00:00\" \/>\n<meta property=\"og:image\" content=\"https:\/\/reveil-info.net\/wp-content\/uploads\/2025\/11\/FB_IMG_17624492450702050-1.jpg\" \/>\n\t<meta property=\"og:image:width\" content=\"720\" \/>\n\t<meta property=\"og:image:height\" content=\"936\" \/>\n\t<meta property=\"og:image:type\" content=\"image\/jpeg\" \/>\n<meta name=\"author\" content=\"R\u00e9veil info\" \/>\n<meta name=\"twitter:card\" content=\"summary_large_image\" \/>\n<meta name=\"twitter:label1\" content=\"\u00c9crit par\" \/>\n\t<meta name=\"twitter:data1\" content=\"R\u00e9veil info\" \/>\n\t<meta name=\"twitter:label2\" content=\"Dur\u00e9e de lecture estim\u00e9e\" \/>\n\t<meta name=\"twitter:data2\" content=\"3 minutes\" \/>\n<script type=\"application\/ld+json\" class=\"yoast-schema-graph\">{\"@context\":\"https:\\\/\\\/schema.org\",\"@graph\":[{\"@type\":\"Article\",\"@id\":\"https:\\\/\\\/reveil-info.net\\\/?p=35776#article\",\"isPartOf\":{\"@id\":\"https:\\\/\\\/reveil-info.net\\\/?p=35776\"},\"author\":{\"name\":\"R\u00e9veil info\",\"@id\":\"https:\\\/\\\/reveil-info.net\\\/#\\\/schema\\\/person\\\/ca0cc8e70088e0a2b5e92556c1ee60f5\"},\"headline\":\"Journ\u00e9e nationale de sensibilisation sur la s\u00e9curit\u00e9 routi\u00e8re : message du ministre de la s\u00e9curit\u00e9\",\"datePublished\":\"2025-11-15T08:59:01+00:00\",\"mainEntityOfPage\":{\"@id\":\"https:\\\/\\\/reveil-info.net\\\/?p=35776\"},\"wordCount\":447,\"commentCount\":0,\"publisher\":{\"@id\":\"https:\\\/\\\/reveil-info.net\\\/#organization\"},\"image\":{\"@id\":\"https:\\\/\\\/reveil-info.net\\\/?p=35776#primaryimage\"},\"thumbnailUrl\":\"https:\\\/\\\/reveil-info.net\\\/wp-content\\\/uploads\\\/2025\\\/11\\\/FB_IMG_17624492450702050-1.jpg\",\"articleSection\":[\"Annonces-Communiqu\u00e9s\"],\"inLanguage\":\"fr-FR\",\"potentialAction\":[{\"@type\":\"CommentAction\",\"name\":\"Comment\",\"target\":[\"https:\\\/\\\/reveil-info.net\\\/?p=35776#respond\"]}]},{\"@type\":\"WebPage\",\"@id\":\"https:\\\/\\\/reveil-info.net\\\/?p=35776\",\"url\":\"https:\\\/\\\/reveil-info.net\\\/?p=35776\",\"name\":\"Journ\u00e9e nationale de sensibilisation sur la s\u00e9curit\u00e9 routi\u00e8re : message du ministre de la s\u00e9curit\u00e9 - R\u00e9veil Info\",\"isPartOf\":{\"@id\":\"https:\\\/\\\/reveil-info.net\\\/#website\"},\"primaryImageOfPage\":{\"@id\":\"https:\\\/\\\/reveil-info.net\\\/?p=35776#primaryimage\"},\"image\":{\"@id\":\"https:\\\/\\\/reveil-info.net\\\/?p=35776#primaryimage\"},\"thumbnailUrl\":\"https:\\\/\\\/reveil-info.net\\\/wp-content\\\/uploads\\\/2025\\\/11\\\/FB_IMG_17624492450702050-1.jpg\",\"datePublished\":\"2025-11-15T08:59:01+00:00\",\"breadcrumb\":{\"@id\":\"https:\\\/\\\/reveil-info.net\\\/?p=35776#breadcrumb\"},\"inLanguage\":\"fr-FR\",\"potentialAction\":[{\"@type\":\"ReadAction\",\"target\":[\"https:\\\/\\\/reveil-info.net\\\/?p=35776\"]}]},{\"@type\":\"ImageObject\",\"inLanguage\":\"fr-FR\",\"@id\":\"https:\\\/\\\/reveil-info.net\\\/?p=35776#primaryimage\",\"url\":\"https:\\\/\\\/reveil-info.net\\\/wp-content\\\/uploads\\\/2025\\\/11\\\/FB_IMG_17624492450702050-1.jpg\",\"contentUrl\":\"https:\\\/\\\/reveil-info.net\\\/wp-content\\\/uploads\\\/2025\\\/11\\\/FB_IMG_17624492450702050-1.jpg\",\"width\":720,\"height\":936},{\"@type\":\"BreadcrumbList\",\"@id\":\"https:\\\/\\\/reveil-info.net\\\/?p=35776#breadcrumb\",\"itemListElement\":[{\"@type\":\"ListItem\",\"position\":1,\"name\":\"Home\",\"item\":\"https:\\\/\\\/reveil-info.net\\\/\"},{\"@type\":\"ListItem\",\"position\":2,\"name\":\"Journ\u00e9e nationale de sensibilisation sur la s\u00e9curit\u00e9 routi\u00e8re : message du ministre de la s\u00e9curit\u00e9\"}]},{\"@type\":\"WebSite\",\"@id\":\"https:\\\/\\\/reveil-info.net\\\/#website\",\"url\":\"https:\\\/\\\/reveil-info.net\\\/\",\"name\":\"R\u00e9veil Info\",\"description\":\"Le devoir d&#039;informer!\",\"publisher\":{\"@id\":\"https:\\\/\\\/reveil-info.net\\\/#organization\"},\"potentialAction\":[{\"@type\":\"SearchAction\",\"target\":{\"@type\":\"EntryPoint\",\"urlTemplate\":\"https:\\\/\\\/reveil-info.net\\\/?s={search_term_string}\"},\"query-input\":{\"@type\":\"PropertyValueSpecification\",\"valueRequired\":true,\"valueName\":\"search_term_string\"}}],\"inLanguage\":\"fr-FR\"},{\"@type\":\"Organization\",\"@id\":\"https:\\\/\\\/reveil-info.net\\\/#organization\",\"name\":\"R\u00e9veil Info\",\"url\":\"https:\\\/\\\/reveil-info.net\\\/\",\"logo\":{\"@type\":\"ImageObject\",\"inLanguage\":\"fr-FR\",\"@id\":\"https:\\\/\\\/reveil-info.net\\\/#\\\/schema\\\/logo\\\/image\\\/\",\"url\":\"https:\\\/\\\/reveil-info.net\\\/wp-content\\\/uploads\\\/2024\\\/07\\\/bnddd1.jpg\",\"contentUrl\":\"https:\\\/\\\/reveil-info.net\\\/wp-content\\\/uploads\\\/2024\\\/07\\\/bnddd1.jpg\",\"width\":903,\"height\":125,\"caption\":\"R\u00e9veil Info\"},\"image\":{\"@id\":\"https:\\\/\\\/reveil-info.net\\\/#\\\/schema\\\/logo\\\/image\\\/\"}},{\"@type\":\"Person\",\"@id\":\"https:\\\/\\\/reveil-info.net\\\/#\\\/schema\\\/person\\\/ca0cc8e70088e0a2b5e92556c1ee60f5\",\"name\":\"R\u00e9veil info\",\"image\":{\"@type\":\"ImageObject\",\"inLanguage\":\"fr-FR\",\"@id\":\"https:\\\/\\\/secure.gravatar.com\\\/avatar\\\/e4ad5bb743c8b6cb174d9df6c7d30a8a16f6889731241345fc6444e6485f02af?s=96&d=mm&r=g\",\"url\":\"https:\\\/\\\/secure.gravatar.com\\\/avatar\\\/e4ad5bb743c8b6cb174d9df6c7d30a8a16f6889731241345fc6444e6485f02af?s=96&d=mm&r=g\",\"contentUrl\":\"https:\\\/\\\/secure.gravatar.com\\\/avatar\\\/e4ad5bb743c8b6cb174d9df6c7d30a8a16f6889731241345fc6444e6485f02af?s=96&d=mm&r=g\",\"caption\":\"R\u00e9veil info\"},\"sameAs\":[\"https:\\\/\\\/reveil-info.net\"],\"url\":\"https:\\\/\\\/reveil-info.net\\\/?author=1\"}]}<\/script>\n<!-- \/ Yoast SEO plugin. -->","yoast_head_json":{"title":"Journ\u00e9e nationale de sensibilisation sur la s\u00e9curit\u00e9 routi\u00e8re : message du ministre de la s\u00e9curit\u00e9 - R\u00e9veil Info","robots":{"index":"noindex","follow":"follow","max-snippet":"max-snippet:-1","max-image-preview":"max-image-preview:large","max-video-preview":"max-video-preview:-1"},"og_locale":"fr_FR","og_type":"article","og_title":"Journ\u00e9e nationale de sensibilisation sur la s\u00e9curit\u00e9 routi\u00e8re : message du ministre de la s\u00e9curit\u00e9 - R\u00e9veil Info","og_description":"Comme \u00e0 l\u2019accoutum\u00e9e, ce samedi 15 novembre 2025 nous marquons une halte pour promouvoir la","og_url":"https:\/\/reveil-info.net\/?p=35776","og_site_name":"R\u00e9veil Info","article_published_time":"2025-11-15T08:59:01+00:00","og_image":[{"width":720,"height":936,"url":"https:\/\/reveil-info.net\/wp-content\/uploads\/2025\/11\/FB_IMG_17624492450702050-1.jpg","type":"image\/jpeg"}],"author":"R\u00e9veil info","twitter_card":"summary_large_image","twitter_misc":{"\u00c9crit par":"R\u00e9veil info","Dur\u00e9e de lecture estim\u00e9e":"3 minutes"},"schema":{"@context":"https:\/\/schema.org","@graph":[{"@type":"Article","@id":"https:\/\/reveil-info.net\/?p=35776#article","isPartOf":{"@id":"https:\/\/reveil-info.net\/?p=35776"},"author":{"name":"R\u00e9veil info","@id":"https:\/\/reveil-info.net\/#\/schema\/person\/ca0cc8e70088e0a2b5e92556c1ee60f5"},"headline":"Journ\u00e9e nationale de sensibilisation sur la s\u00e9curit\u00e9 routi\u00e8re : message du ministre de la s\u00e9curit\u00e9","datePublished":"2025-11-15T08:59:01+00:00","mainEntityOfPage":{"@id":"https:\/\/reveil-info.net\/?p=35776"},"wordCount":447,"commentCount":0,"publisher":{"@id":"https:\/\/reveil-info.net\/#organization"},"image":{"@id":"https:\/\/reveil-info.net\/?p=35776#primaryimage"},"thumbnailUrl":"https:\/\/reveil-info.net\/wp-content\/uploads\/2025\/11\/FB_IMG_17624492450702050-1.jpg","articleSection":["Annonces-Communiqu\u00e9s"],"inLanguage":"fr-FR","potentialAction":[{"@type":"CommentAction","name":"Comment","target":["https:\/\/reveil-info.net\/?p=35776#respond"]}]},{"@type":"WebPage","@id":"https:\/\/reveil-info.net\/?p=35776","url":"https:\/\/reveil-info.net\/?p=35776","name":"Journ\u00e9e nationale de sensibilisation sur la s\u00e9curit\u00e9 routi\u00e8re : message du ministre de la s\u00e9curit\u00e9 - R\u00e9veil Info","isPartOf":{"@id":"https:\/\/reveil-info.net\/#website"},"primaryImageOfPage":{"@id":"https:\/\/reveil-info.net\/?p=35776#primaryimage"},"image":{"@id":"https:\/\/reveil-info.net\/?p=35776#primaryimage"},"thumbnailUrl":"https:\/\/reveil-info.net\/wp-content\/uploads\/2025\/11\/FB_IMG_17624492450702050-1.jpg","datePublished":"2025-11-15T08:59:01+00:00","breadcrumb":{"@id":"https:\/\/reveil-info.net\/?p=35776#breadcrumb"},"inLanguage":"fr-FR","potentialAction":[{"@type":"ReadAction","target":["https:\/\/reveil-info.net\/?p=35776"]}]},{"@type":"ImageObject","inLanguage":"fr-FR","@id":"https:\/\/reveil-info.net\/?p=35776#primaryimage","url":"https:\/\/reveil-info.net\/wp-content\/uploads\/2025\/11\/FB_IMG_17624492450702050-1.jpg","contentUrl":"https:\/\/reveil-info.net\/wp-content\/uploads\/2025\/11\/FB_IMG_17624492450702050-1.jpg","width":720,"height":936},{"@type":"BreadcrumbList","@id":"https:\/\/reveil-info.net\/?p=35776#breadcrumb","itemListElement":[{"@type":"ListItem","position":1,"name":"Home","item":"https:\/\/reveil-info.net\/"},{"@type":"ListItem","position":2,"name":"Journ\u00e9e nationale de sensibilisation sur la s\u00e9curit\u00e9 routi\u00e8re : message du ministre de la s\u00e9curit\u00e9"}]},{"@type":"WebSite","@id":"https:\/\/reveil-info.net\/#website","url":"https:\/\/reveil-info.net\/","name":"R\u00e9veil Info","description":"Le devoir d&#039;informer!","publisher":{"@id":"https:\/\/reveil-info.net\/#organization"},"potentialAction":[{"@type":"SearchAction","target":{"@type":"EntryPoint","urlTemplate":"https:\/\/reveil-info.net\/?s={search_term_string}"},"query-input":{"@type":"PropertyValueSpecification","valueRequired":true,"valueName":"search_term_string"}}],"inLanguage":"fr-FR"},{"@type":"Organization","@id":"https:\/\/reveil-info.net\/#organization","name":"R\u00e9veil Info","url":"https:\/\/reveil-info.net\/","logo":{"@type":"ImageObject","inLanguage":"fr-FR","@id":"https:\/\/reveil-info.net\/#\/schema\/logo\/image\/","url":"https:\/\/reveil-info.net\/wp-content\/uploads\/2024\/07\/bnddd1.jpg","contentUrl":"https:\/\/reveil-info.net\/wp-content\/uploads\/2024\/07\/bnddd1.jpg","width":903,"height":125,"caption":"R\u00e9veil Info"},"image":{"@id":"https:\/\/reveil-info.net\/#\/schema\/logo\/image\/"}},{"@type":"Person","@id":"https:\/\/reveil-info.net\/#\/schema\/person\/ca0cc8e70088e0a2b5e92556c1ee60f5","name":"R\u00e9veil info","image":{"@type":"ImageObject","inLanguage":"fr-FR","@id":"https:\/\/secure.gravatar.com\/avatar\/e4ad5bb743c8b6cb174d9df6c7d30a8a16f6889731241345fc6444e6485f02af?s=96&d=mm&r=g","url":"https:\/\/secure.gravatar.com\/avatar\/e4ad5bb743c8b6cb174d9df6c7d30a8a16f6889731241345fc6444e6485f02af?s=96&d=mm&r=g","contentUrl":"https:\/\/secure.gravatar.com\/avatar\/e4ad5bb743c8b6cb174d9df6c7d30a8a16f6889731241345fc6444e6485f02af?s=96&d=mm&r=g","caption":"R\u00e9veil info"},"sameAs":["https:\/\/reveil-info.net"],"url":"https:\/\/reveil-info.net\/?author=1"}]}},"jetpack_featured_media_url":"https:\/\/reveil-info.net\/wp-content\/uploads\/2025\/11\/FB_IMG_17624492450702050-1.jpg","featured_image_urls":{"full":["https:\/\/reveil-info.net\/wp-content\/uploads\/2025\/11\/FB_IMG_17624492450702050-1.jpg",720,936,false],"thumbnail":["https:\/\/reveil-info.net\/wp-content\/uploads\/2025\/11\/FB_IMG_17624492450702050-1-150x150.jpg",150,150,true],"medium":["https:\/\/reveil-info.net\/wp-content\/uploads\/2025\/11\/FB_IMG_17624492450702050-1-231x300.jpg",231,300,true],"medium_large":["https:\/\/reveil-info.net\/wp-content\/uploads\/2025\/11\/FB_IMG_17624492450702050-1.jpg",640,832,false],"large":["https:\/\/reveil-info.net\/wp-content\/uploads\/2025\/11\/FB_IMG_17624492450702050-1.jpg",640,832,false],"1536x1536":["https:\/\/reveil-info.net\/wp-content\/uploads\/2025\/11\/FB_IMG_17624492450702050-1.jpg",720,936,false],"2048x2048":["https:\/\/reveil-info.net\/wp-content\/uploads\/2025\/11\/FB_IMG_17624492450702050-1.jpg",720,936,false],"chromenews-featured":["https:\/\/reveil-info.net\/wp-content\/uploads\/2025\/11\/FB_IMG_17624492450702050-1.jpg",720,936,false],"chromenews-large":["https:\/\/reveil-info.net\/wp-content\/uploads\/2025\/11\/FB_IMG_17624492450702050-1-720x575.jpg",720,575,true],"chromenews-medium":["https:\/\/reveil-info.net\/wp-content\/uploads\/2025\/11\/FB_IMG_17624492450702050-1-590x410.jpg",590,410,true]},"author_info":{"display_name":"R\u00e9veil info","author_link":"https:\/\/reveil-info.net\/?author=1"},"category_info":"<a href=\"https:\/\/reveil-info.net\/?cat=3\" rel=\"category\">Annonces-Communiqu\u00e9s<\/a>","tag_info":"Annonces-Communiqu\u00e9s","comment_count":"0","_links":{"self":[{"href":"https:\/\/reveil-info.net\/index.php?rest_route=\/wp\/v2\/posts\/35776","targetHints":{"allow":["GET"]}}],"collection":[{"href":"https:\/\/reveil-info.net\/index.php?rest_route=\/wp\/v2\/posts"}],"about":[{"href":"https:\/\/reveil-info.net\/index.php?rest_route=\/wp\/v2\/types\/post"}],"author":[{"embeddable":true,"href":"https:\/\/reveil-info.net\/index.php?rest_route=\/wp\/v2\/users\/1"}],"replies":[{"embeddable":true,"href":"https:\/\/reveil-info.net\/index.php?rest_route=%2Fwp%2Fv2%2Fcomments&post=35776"}],"version-history":[{"count":3,"href":"https:\/\/reveil-info.net\/index.php?rest_route=\/wp\/v2\/posts\/35776\/revisions"}],"predecessor-version":[{"id":35780,"href":"https:\/\/reveil-info.net\/index.php?rest_route=\/wp\/v2\/posts\/35776\/revisions\/35780"}],"wp:featuredmedia":[{"embeddable":true,"href":"https:\/\/reveil-info.net\/index.php?rest_route=\/wp\/v2\/media\/35779"}],"wp:attachment":[{"href":"https:\/\/reveil-info.net\/index.php?rest_route=%2Fwp%2Fv2%2Fmedia&parent=35776"}],"wp:term":[{"taxonomy":"category","embeddable":true,"href":"https:\/\/reveil-info.net\/index.php?rest_route=%2Fwp%2Fv2%2Fcategories&post=35776"},{"taxonomy":"post_tag","embeddable":true,"href":"https:\/\/reveil-info.net\/index.php?rest_route=%2Fwp%2Fv2%2Ftags&post=35776"}],"curies":[{"name":"wp","href":"https:\/\/api.w.org\/{rel}","templated":true}]}}