{"id":35627,"date":"2025-11-13T17:08:11","date_gmt":"2025-11-13T17:08:11","guid":{"rendered":"https:\/\/reveil-info.net\/?p=35627"},"modified":"2025-11-13T17:08:11","modified_gmt":"2025-11-13T17:08:11","slug":"mali-le-ministre-de-la-defense-du-nigeria-a-bamako","status":"publish","type":"post","link":"https:\/\/reveil-info.net\/?p=35627","title":{"rendered":"Mali: le ministre de la d\u00e9fense du Nigeria \u00e0 Bamako"},"content":{"rendered":"<p>COOP\u00c9RATION MILITAIRE MALI -NIGERIA: Un front commun contre les groupes arm\u00e9s terroristes dans le Sahel<br \/>\nLe ministre nig\u00e9rian de la d\u00e9fense, Son excellence Mohamed Badaru Aboubacar est arriv\u00e9 dans la matin\u00e9e du 13 novembre 2025 \u00e0 Bamako.<\/p>\n<p><img loading=\"lazy\" decoding=\"async\" class=\"alignnone size-full wp-image-35631\" src=\"https:\/\/reveil-info.net\/wp-content\/uploads\/2025\/11\/FB_IMG_17630534233739903.jpg\" alt=\"\" width=\"720\" height=\"480\" srcset=\"https:\/\/reveil-info.net\/wp-content\/uploads\/2025\/11\/FB_IMG_17630534233739903.jpg 720w, https:\/\/reveil-info.net\/wp-content\/uploads\/2025\/11\/FB_IMG_17630534233739903-300x200.jpg 300w\" sizes=\"auto, (max-width: 720px) 100vw, 720px\" \/><\/p>\n<p>Il a \u00e9t\u00e9 accueilli \u00e0 l&rsquo;a\u00e9roport international pr\u00e9sident Modibo Keita de Bamako S\u00e9nou par son homologue malien, le G\u00e9n\u00e9ral de Corps d&rsquo;Arm\u00e9e Sadio Camara.<\/p>\n<p>Source : Forces arm\u00e9es maliennes<\/p>\n<p><img loading=\"lazy\" decoding=\"async\" class=\"alignnone size-full wp-image-35539\" src=\"https:\/\/reveil-info.net\/wp-content\/uploads\/2025\/11\/IMG-20240629-WA0041-2.jpg\" alt=\"\" width=\"1034\" height=\"729\" srcset=\"https:\/\/reveil-info.net\/wp-content\/uploads\/2025\/11\/IMG-20240629-WA0041-2.jpg 1034w, https:\/\/reveil-info.net\/wp-content\/uploads\/2025\/11\/IMG-20240629-WA0041-2-300x212.jpg 300w, https:\/\/reveil-info.net\/wp-content\/uploads\/2025\/11\/IMG-20240629-WA0041-2-1024x722.jpg 1024w, https:\/\/reveil-info.net\/wp-content\/uploads\/2025\/11\/IMG-20240629-WA0041-2-768x541.jpg 768w\" sizes=\"auto, (max-width: 1034px) 100vw, 1034px\" \/><\/p>\n","protected":false},"excerpt":{"rendered":"<p>COOP\u00c9RATION MILITAIRE MALI -NIGERIA: Un front commun contre les groupes arm\u00e9s terroristes dans le Sahel<\/p>\n","protected":false},"author":1,"featured_media":35629,"comment_status":"open","ping_status":"open","sticky":false,"template":"","format":"standard","meta":{"footnotes":""},"categories":[2,47],"tags":[],"class_list":["post-35627","post","type-post","status-publish","format-standard","has-post-thumbnail","hentry","category-actu","category-aes"],"yoast_head":"<!-- This site is optimized with the Yoast SEO plugin v27.5 - https:\/\/yoast.com\/product\/yoast-seo-wordpress\/ -->\n<title>Mali: le ministre de la d\u00e9fense du Nigeria \u00e0 Bamako - R\u00e9veil Info<\/title>\n<meta name=\"robots\" content=\"noindex, follow, max-snippet:-1, max-image-preview:large, max-video-preview:-1\" \/>\n<meta property=\"og:locale\" content=\"fr_FR\" \/>\n<meta property=\"og:type\" content=\"article\" \/>\n<meta property=\"og:title\" content=\"Mali: le ministre de la d\u00e9fense du Nigeria \u00e0 Bamako - R\u00e9veil Info\" \/>\n<meta property=\"og:description\" content=\"COOP\u00c9RATION MILITAIRE MALI -NIGERIA: Un front commun contre les groupes arm\u00e9s terroristes dans le Sahel\" \/>\n<meta property=\"og:url\" content=\"https:\/\/reveil-info.net\/?p=35627\" \/>\n<meta property=\"og:site_name\" content=\"R\u00e9veil Info\" \/>\n<meta property=\"article:published_time\" content=\"2025-11-13T17:08:11+00:00\" \/>\n<meta property=\"og:image\" content=\"https:\/\/reveil-info.net\/wp-content\/uploads\/2025\/11\/FB_IMG_17630534015579173.jpg\" \/>\n\t<meta property=\"og:image:width\" content=\"720\" \/>\n\t<meta property=\"og:image:height\" content=\"480\" \/>\n\t<meta property=\"og:image:type\" content=\"image\/jpeg\" \/>\n<meta name=\"author\" content=\"R\u00e9veil info\" \/>\n<meta name=\"twitter:card\" content=\"summary_large_image\" \/>\n<meta name=\"twitter:label1\" content=\"\u00c9crit par\" \/>\n\t<meta name=\"twitter:data1\" content=\"R\u00e9veil info\" \/>\n\t<meta name=\"twitter:label2\" content=\"Dur\u00e9e de lecture estim\u00e9e\" \/>\n\t<meta name=\"twitter:data2\" content=\"1 minute\" \/>\n<script type=\"application\/ld+json\" class=\"yoast-schema-graph\">{\"@context\":\"https:\\\/\\\/schema.org\",\"@graph\":[{\"@type\":\"Article\",\"@id\":\"https:\\\/\\\/reveil-info.net\\\/?p=35627#article\",\"isPartOf\":{\"@id\":\"https:\\\/\\\/reveil-info.net\\\/?p=35627\"},\"author\":{\"name\":\"R\u00e9veil info\",\"@id\":\"https:\\\/\\\/reveil-info.net\\\/#\\\/schema\\\/person\\\/ca0cc8e70088e0a2b5e92556c1ee60f5\"},\"headline\":\"Mali: le ministre de la d\u00e9fense du Nigeria \u00e0 Bamako\",\"datePublished\":\"2025-11-13T17:08:11+00:00\",\"mainEntityOfPage\":{\"@id\":\"https:\\\/\\\/reveil-info.net\\\/?p=35627\"},\"wordCount\":85,\"commentCount\":0,\"publisher\":{\"@id\":\"https:\\\/\\\/reveil-info.net\\\/#organization\"},\"image\":{\"@id\":\"https:\\\/\\\/reveil-info.net\\\/?p=35627#primaryimage\"},\"thumbnailUrl\":\"https:\\\/\\\/reveil-info.net\\\/wp-content\\\/uploads\\\/2025\\\/11\\\/FB_IMG_17630534015579173.jpg\",\"articleSection\":[\"Actualit\u00e9\",\"AES\"],\"inLanguage\":\"fr-FR\",\"potentialAction\":[{\"@type\":\"CommentAction\",\"name\":\"Comment\",\"target\":[\"https:\\\/\\\/reveil-info.net\\\/?p=35627#respond\"]}]},{\"@type\":\"WebPage\",\"@id\":\"https:\\\/\\\/reveil-info.net\\\/?p=35627\",\"url\":\"https:\\\/\\\/reveil-info.net\\\/?p=35627\",\"name\":\"Mali: le ministre de la d\u00e9fense du Nigeria \u00e0 Bamako - R\u00e9veil Info\",\"isPartOf\":{\"@id\":\"https:\\\/\\\/reveil-info.net\\\/#website\"},\"primaryImageOfPage\":{\"@id\":\"https:\\\/\\\/reveil-info.net\\\/?p=35627#primaryimage\"},\"image\":{\"@id\":\"https:\\\/\\\/reveil-info.net\\\/?p=35627#primaryimage\"},\"thumbnailUrl\":\"https:\\\/\\\/reveil-info.net\\\/wp-content\\\/uploads\\\/2025\\\/11\\\/FB_IMG_17630534015579173.jpg\",\"datePublished\":\"2025-11-13T17:08:11+00:00\",\"breadcrumb\":{\"@id\":\"https:\\\/\\\/reveil-info.net\\\/?p=35627#breadcrumb\"},\"inLanguage\":\"fr-FR\",\"potentialAction\":[{\"@type\":\"ReadAction\",\"target\":[\"https:\\\/\\\/reveil-info.net\\\/?p=35627\"]}]},{\"@type\":\"ImageObject\",\"inLanguage\":\"fr-FR\",\"@id\":\"https:\\\/\\\/reveil-info.net\\\/?p=35627#primaryimage\",\"url\":\"https:\\\/\\\/reveil-info.net\\\/wp-content\\\/uploads\\\/2025\\\/11\\\/FB_IMG_17630534015579173.jpg\",\"contentUrl\":\"https:\\\/\\\/reveil-info.net\\\/wp-content\\\/uploads\\\/2025\\\/11\\\/FB_IMG_17630534015579173.jpg\",\"width\":720,\"height\":480},{\"@type\":\"BreadcrumbList\",\"@id\":\"https:\\\/\\\/reveil-info.net\\\/?p=35627#breadcrumb\",\"itemListElement\":[{\"@type\":\"ListItem\",\"position\":1,\"name\":\"Home\",\"item\":\"https:\\\/\\\/reveil-info.net\\\/\"},{\"@type\":\"ListItem\",\"position\":2,\"name\":\"Mali: le ministre de la d\u00e9fense du Nigeria \u00e0 Bamako\"}]},{\"@type\":\"WebSite\",\"@id\":\"https:\\\/\\\/reveil-info.net\\\/#website\",\"url\":\"https:\\\/\\\/reveil-info.net\\\/\",\"name\":\"R\u00e9veil Info\",\"description\":\"Le devoir d&#039;informer!\",\"publisher\":{\"@id\":\"https:\\\/\\\/reveil-info.net\\\/#organization\"},\"potentialAction\":[{\"@type\":\"SearchAction\",\"target\":{\"@type\":\"EntryPoint\",\"urlTemplate\":\"https:\\\/\\\/reveil-info.net\\\/?s={search_term_string}\"},\"query-input\":{\"@type\":\"PropertyValueSpecification\",\"valueRequired\":true,\"valueName\":\"search_term_string\"}}],\"inLanguage\":\"fr-FR\"},{\"@type\":\"Organization\",\"@id\":\"https:\\\/\\\/reveil-info.net\\\/#organization\",\"name\":\"R\u00e9veil Info\",\"url\":\"https:\\\/\\\/reveil-info.net\\\/\",\"logo\":{\"@type\":\"ImageObject\",\"inLanguage\":\"fr-FR\",\"@id\":\"https:\\\/\\\/reveil-info.net\\\/#\\\/schema\\\/logo\\\/image\\\/\",\"url\":\"https:\\\/\\\/reveil-info.net\\\/wp-content\\\/uploads\\\/2024\\\/07\\\/bnddd1.jpg\",\"contentUrl\":\"https:\\\/\\\/reveil-info.net\\\/wp-content\\\/uploads\\\/2024\\\/07\\\/bnddd1.jpg\",\"width\":903,\"height\":125,\"caption\":\"R\u00e9veil Info\"},\"image\":{\"@id\":\"https:\\\/\\\/reveil-info.net\\\/#\\\/schema\\\/logo\\\/image\\\/\"}},{\"@type\":\"Person\",\"@id\":\"https:\\\/\\\/reveil-info.net\\\/#\\\/schema\\\/person\\\/ca0cc8e70088e0a2b5e92556c1ee60f5\",\"name\":\"R\u00e9veil info\",\"image\":{\"@type\":\"ImageObject\",\"inLanguage\":\"fr-FR\",\"@id\":\"https:\\\/\\\/secure.gravatar.com\\\/avatar\\\/e4ad5bb743c8b6cb174d9df6c7d30a8a16f6889731241345fc6444e6485f02af?s=96&d=mm&r=g\",\"url\":\"https:\\\/\\\/secure.gravatar.com\\\/avatar\\\/e4ad5bb743c8b6cb174d9df6c7d30a8a16f6889731241345fc6444e6485f02af?s=96&d=mm&r=g\",\"contentUrl\":\"https:\\\/\\\/secure.gravatar.com\\\/avatar\\\/e4ad5bb743c8b6cb174d9df6c7d30a8a16f6889731241345fc6444e6485f02af?s=96&d=mm&r=g\",\"caption\":\"R\u00e9veil info\"},\"sameAs\":[\"https:\\\/\\\/reveil-info.net\"],\"url\":\"https:\\\/\\\/reveil-info.net\\\/?author=1\"}]}<\/script>\n<!-- \/ Yoast SEO plugin. -->","yoast_head_json":{"title":"Mali: le ministre de la d\u00e9fense du Nigeria \u00e0 Bamako - R\u00e9veil Info","robots":{"index":"noindex","follow":"follow","max-snippet":"max-snippet:-1","max-image-preview":"max-image-preview:large","max-video-preview":"max-video-preview:-1"},"og_locale":"fr_FR","og_type":"article","og_title":"Mali: le ministre de la d\u00e9fense du Nigeria \u00e0 Bamako - R\u00e9veil Info","og_description":"COOP\u00c9RATION MILITAIRE MALI -NIGERIA: Un front commun contre les groupes arm\u00e9s terroristes dans le Sahel","og_url":"https:\/\/reveil-info.net\/?p=35627","og_site_name":"R\u00e9veil Info","article_published_time":"2025-11-13T17:08:11+00:00","og_image":[{"width":720,"height":480,"url":"https:\/\/reveil-info.net\/wp-content\/uploads\/2025\/11\/FB_IMG_17630534015579173.jpg","type":"image\/jpeg"}],"author":"R\u00e9veil info","twitter_card":"summary_large_image","twitter_misc":{"\u00c9crit par":"R\u00e9veil info","Dur\u00e9e de lecture estim\u00e9e":"1 minute"},"schema":{"@context":"https:\/\/schema.org","@graph":[{"@type":"Article","@id":"https:\/\/reveil-info.net\/?p=35627#article","isPartOf":{"@id":"https:\/\/reveil-info.net\/?p=35627"},"author":{"name":"R\u00e9veil info","@id":"https:\/\/reveil-info.net\/#\/schema\/person\/ca0cc8e70088e0a2b5e92556c1ee60f5"},"headline":"Mali: le ministre de la d\u00e9fense du Nigeria \u00e0 Bamako","datePublished":"2025-11-13T17:08:11+00:00","mainEntityOfPage":{"@id":"https:\/\/reveil-info.net\/?p=35627"},"wordCount":85,"commentCount":0,"publisher":{"@id":"https:\/\/reveil-info.net\/#organization"},"image":{"@id":"https:\/\/reveil-info.net\/?p=35627#primaryimage"},"thumbnailUrl":"https:\/\/reveil-info.net\/wp-content\/uploads\/2025\/11\/FB_IMG_17630534015579173.jpg","articleSection":["Actualit\u00e9","AES"],"inLanguage":"fr-FR","potentialAction":[{"@type":"CommentAction","name":"Comment","target":["https:\/\/reveil-info.net\/?p=35627#respond"]}]},{"@type":"WebPage","@id":"https:\/\/reveil-info.net\/?p=35627","url":"https:\/\/reveil-info.net\/?p=35627","name":"Mali: le ministre de la d\u00e9fense du Nigeria \u00e0 Bamako - R\u00e9veil Info","isPartOf":{"@id":"https:\/\/reveil-info.net\/#website"},"primaryImageOfPage":{"@id":"https:\/\/reveil-info.net\/?p=35627#primaryimage"},"image":{"@id":"https:\/\/reveil-info.net\/?p=35627#primaryimage"},"thumbnailUrl":"https:\/\/reveil-info.net\/wp-content\/uploads\/2025\/11\/FB_IMG_17630534015579173.jpg","datePublished":"2025-11-13T17:08:11+00:00","breadcrumb":{"@id":"https:\/\/reveil-info.net\/?p=35627#breadcrumb"},"inLanguage":"fr-FR","potentialAction":[{"@type":"ReadAction","target":["https:\/\/reveil-info.net\/?p=35627"]}]},{"@type":"ImageObject","inLanguage":"fr-FR","@id":"https:\/\/reveil-info.net\/?p=35627#primaryimage","url":"https:\/\/reveil-info.net\/wp-content\/uploads\/2025\/11\/FB_IMG_17630534015579173.jpg","contentUrl":"https:\/\/reveil-info.net\/wp-content\/uploads\/2025\/11\/FB_IMG_17630534015579173.jpg","width":720,"height":480},{"@type":"BreadcrumbList","@id":"https:\/\/reveil-info.net\/?p=35627#breadcrumb","itemListElement":[{"@type":"ListItem","position":1,"name":"Home","item":"https:\/\/reveil-info.net\/"},{"@type":"ListItem","position":2,"name":"Mali: le ministre de la d\u00e9fense du Nigeria \u00e0 Bamako"}]},{"@type":"WebSite","@id":"https:\/\/reveil-info.net\/#website","url":"https:\/\/reveil-info.net\/","name":"R\u00e9veil Info","description":"Le devoir d&#039;informer!","publisher":{"@id":"https:\/\/reveil-info.net\/#organization"},"potentialAction":[{"@type":"SearchAction","target":{"@type":"EntryPoint","urlTemplate":"https:\/\/reveil-info.net\/?s={search_term_string}"},"query-input":{"@type":"PropertyValueSpecification","valueRequired":true,"valueName":"search_term_string"}}],"inLanguage":"fr-FR"},{"@type":"Organization","@id":"https:\/\/reveil-info.net\/#organization","name":"R\u00e9veil Info","url":"https:\/\/reveil-info.net\/","logo":{"@type":"ImageObject","inLanguage":"fr-FR","@id":"https:\/\/reveil-info.net\/#\/schema\/logo\/image\/","url":"https:\/\/reveil-info.net\/wp-content\/uploads\/2024\/07\/bnddd1.jpg","contentUrl":"https:\/\/reveil-info.net\/wp-content\/uploads\/2024\/07\/bnddd1.jpg","width":903,"height":125,"caption":"R\u00e9veil Info"},"image":{"@id":"https:\/\/reveil-info.net\/#\/schema\/logo\/image\/"}},{"@type":"Person","@id":"https:\/\/reveil-info.net\/#\/schema\/person\/ca0cc8e70088e0a2b5e92556c1ee60f5","name":"R\u00e9veil info","image":{"@type":"ImageObject","inLanguage":"fr-FR","@id":"https:\/\/secure.gravatar.com\/avatar\/e4ad5bb743c8b6cb174d9df6c7d30a8a16f6889731241345fc6444e6485f02af?s=96&d=mm&r=g","url":"https:\/\/secure.gravatar.com\/avatar\/e4ad5bb743c8b6cb174d9df6c7d30a8a16f6889731241345fc6444e6485f02af?s=96&d=mm&r=g","contentUrl":"https:\/\/secure.gravatar.com\/avatar\/e4ad5bb743c8b6cb174d9df6c7d30a8a16f6889731241345fc6444e6485f02af?s=96&d=mm&r=g","caption":"R\u00e9veil info"},"sameAs":["https:\/\/reveil-info.net"],"url":"https:\/\/reveil-info.net\/?author=1"}]}},"jetpack_featured_media_url":"https:\/\/reveil-info.net\/wp-content\/uploads\/2025\/11\/FB_IMG_17630534015579173.jpg","featured_image_urls":{"full":["https:\/\/reveil-info.net\/wp-content\/uploads\/2025\/11\/FB_IMG_17630534015579173.jpg",720,480,false],"thumbnail":["https:\/\/reveil-info.net\/wp-content\/uploads\/2025\/11\/FB_IMG_17630534015579173-150x150.jpg",150,150,true],"medium":["https:\/\/reveil-info.net\/wp-content\/uploads\/2025\/11\/FB_IMG_17630534015579173-300x200.jpg",300,200,true],"medium_large":["https:\/\/reveil-info.net\/wp-content\/uploads\/2025\/11\/FB_IMG_17630534015579173.jpg",640,427,false],"large":["https:\/\/reveil-info.net\/wp-content\/uploads\/2025\/11\/FB_IMG_17630534015579173.jpg",640,427,false],"1536x1536":["https:\/\/reveil-info.net\/wp-content\/uploads\/2025\/11\/FB_IMG_17630534015579173.jpg",720,480,false],"2048x2048":["https:\/\/reveil-info.net\/wp-content\/uploads\/2025\/11\/FB_IMG_17630534015579173.jpg",720,480,false],"chromenews-featured":["https:\/\/reveil-info.net\/wp-content\/uploads\/2025\/11\/FB_IMG_17630534015579173.jpg",720,480,false],"chromenews-large":["https:\/\/reveil-info.net\/wp-content\/uploads\/2025\/11\/FB_IMG_17630534015579173.jpg",720,480,false],"chromenews-medium":["https:\/\/reveil-info.net\/wp-content\/uploads\/2025\/11\/FB_IMG_17630534015579173-590x410.jpg",590,410,true]},"author_info":{"display_name":"R\u00e9veil info","author_link":"https:\/\/reveil-info.net\/?author=1"},"category_info":"<a href=\"https:\/\/reveil-info.net\/?cat=2\" rel=\"category\">Actualit\u00e9<\/a> <a href=\"https:\/\/reveil-info.net\/?cat=47\" rel=\"category\">AES<\/a>","tag_info":"AES","comment_count":"0","_links":{"self":[{"href":"https:\/\/reveil-info.net\/index.php?rest_route=\/wp\/v2\/posts\/35627","targetHints":{"allow":["GET"]}}],"collection":[{"href":"https:\/\/reveil-info.net\/index.php?rest_route=\/wp\/v2\/posts"}],"about":[{"href":"https:\/\/reveil-info.net\/index.php?rest_route=\/wp\/v2\/types\/post"}],"author":[{"embeddable":true,"href":"https:\/\/reveil-info.net\/index.php?rest_route=\/wp\/v2\/users\/1"}],"replies":[{"embeddable":true,"href":"https:\/\/reveil-info.net\/index.php?rest_route=%2Fwp%2Fv2%2Fcomments&post=35627"}],"version-history":[{"count":4,"href":"https:\/\/reveil-info.net\/index.php?rest_route=\/wp\/v2\/posts\/35627\/revisions"}],"predecessor-version":[{"id":35633,"href":"https:\/\/reveil-info.net\/index.php?rest_route=\/wp\/v2\/posts\/35627\/revisions\/35633"}],"wp:featuredmedia":[{"embeddable":true,"href":"https:\/\/reveil-info.net\/index.php?rest_route=\/wp\/v2\/media\/35629"}],"wp:attachment":[{"href":"https:\/\/reveil-info.net\/index.php?rest_route=%2Fwp%2Fv2%2Fmedia&parent=35627"}],"wp:term":[{"taxonomy":"category","embeddable":true,"href":"https:\/\/reveil-info.net\/index.php?rest_route=%2Fwp%2Fv2%2Fcategories&post=35627"},{"taxonomy":"post_tag","embeddable":true,"href":"https:\/\/reveil-info.net\/index.php?rest_route=%2Fwp%2Fv2%2Ftags&post=35627"}],"curies":[{"name":"wp","href":"https:\/\/api.w.org\/{rel}","templated":true}]}}