{"id":35597,"date":"2025-11-13T15:21:56","date_gmt":"2025-11-13T15:21:56","guid":{"rendered":"https:\/\/reveil-info.net\/?p=35597"},"modified":"2025-11-13T15:21:56","modified_gmt":"2025-11-13T15:21:56","slug":"cames-lancement-du-22e-concours-dagregation-en-sciences-juridiques-politiques-economiques-et-de-gestion-a-dakar","status":"publish","type":"post","link":"https:\/\/reveil-info.net\/?p=35597","title":{"rendered":"CAMES: lancement du 22e concours d&rsquo;agr\u00e9gation en Sciences Juridiques,  Politiques, \u00c9conomiques et de Gestion \u00e0 Dakar"},"content":{"rendered":"<p>Senegal &#8211; Le 22e Concours d\u2019Agr\u00e9gation en Sciences Juridiques, Politiques, \u00c9conomiques et de Gestion (SJPEG) du Conseil Africain et Malgache pour l\u2019Enseignement Sup\u00e9rieur (CAMES) a officiellement d\u00e9but\u00e9 \u00e0 Dakar, au S\u00e9n\u00e9gal. L\u2019Universit\u00e9 Cheikh Anta Diop (UCAD) a accueilli les \u00e9preuves en pr\u00e9sentiel du 10 au 21 novembre 2025.<\/p>\n<p>Cette 22e \u00e9dition r\u00e9unit 113 candidats issus de onze pays africains, r\u00e9partis en six sections disciplinaires et \u00e9valu\u00e9s par 37 membres de jury. La c\u00e9r\u00e9monie solennelle d\u2019ouverture, organis\u00e9e le 10 novembre 2025, a \u00e9t\u00e9 pr\u00e9sid\u00e9e par le ministre s\u00e9n\u00e9galais de l\u2019Enseignement sup\u00e9rieur, le Pr Daouda Ngom, en pr\u00e9sence de plusieurs personnalit\u00e9s du CAMES, dont son secr\u00e9taire g\u00e9n\u00e9ral, le Pr Souleymane Konat\u00e9.<\/p>\n<p>Dans leurs interventions, les responsables du CAMES, notamment le Pr Souleymane Konat\u00e9, ont rappel\u00e9 que ce concours constitue un investissement strat\u00e9gique dans la formation de ressources humaines de haut niveau, indispensable pour relever les d\u00e9fis actuels et b\u00e2tir une Afrique forte fond\u00e9e sur le savoir.<\/p>\n<p>L\u2019\u00e9v\u00e9nement illustre une fois de plus l\u2019engagement du CAMES pour le m\u00e9rite, l\u2019excellence et l\u2019int\u00e9gration acad\u00e9mique au sein de l\u2019espace africain de l\u2019enseignement sup\u00e9rieur.<\/p>\n<p>Source :Voxafrica<\/p>\n","protected":false},"excerpt":{"rendered":"<p>Senegal &#8211; Le 22e Concours d\u2019Agr\u00e9gation en Sciences Juridiques, Politiques, \u00c9conomiques et de Gestion (SJPEG)<\/p>\n","protected":false},"author":1,"featured_media":35601,"comment_status":"open","ping_status":"open","sticky":false,"template":"","format":"standard","meta":{"footnotes":""},"categories":[6,16],"tags":[],"class_list":["post-35597","post","type-post","status-publish","format-standard","has-post-thumbnail","hentry","category-education","category-societe"],"yoast_head":"<!-- This site is optimized with the Yoast SEO plugin v27.5 - https:\/\/yoast.com\/product\/yoast-seo-wordpress\/ -->\n<title>CAMES: lancement du 22e concours d&#039;agr\u00e9gation en Sciences Juridiques, Politiques, \u00c9conomiques et de Gestion \u00e0 Dakar - R\u00e9veil Info<\/title>\n<meta name=\"robots\" content=\"noindex, follow, max-snippet:-1, max-image-preview:large, max-video-preview:-1\" \/>\n<meta property=\"og:locale\" content=\"fr_FR\" \/>\n<meta property=\"og:type\" content=\"article\" \/>\n<meta property=\"og:title\" content=\"CAMES: lancement du 22e concours d&#039;agr\u00e9gation en Sciences Juridiques, Politiques, \u00c9conomiques et de Gestion \u00e0 Dakar - R\u00e9veil Info\" \/>\n<meta property=\"og:description\" content=\"Senegal &#8211; Le 22e Concours d\u2019Agr\u00e9gation en Sciences Juridiques, Politiques, \u00c9conomiques et de Gestion (SJPEG)\" \/>\n<meta property=\"og:url\" content=\"https:\/\/reveil-info.net\/?p=35597\" \/>\n<meta property=\"og:site_name\" content=\"R\u00e9veil Info\" \/>\n<meta property=\"article:published_time\" content=\"2025-11-13T15:21:56+00:00\" \/>\n<meta property=\"og:image\" content=\"https:\/\/reveil-info.net\/wp-content\/uploads\/2025\/11\/FB_IMG_17630470484280911.jpg\" \/>\n\t<meta property=\"og:image:width\" content=\"700\" \/>\n\t<meta property=\"og:image:height\" content=\"466\" \/>\n\t<meta property=\"og:image:type\" content=\"image\/jpeg\" \/>\n<meta name=\"author\" content=\"R\u00e9veil info\" \/>\n<meta name=\"twitter:card\" content=\"summary_large_image\" \/>\n<meta name=\"twitter:label1\" content=\"\u00c9crit par\" \/>\n\t<meta name=\"twitter:data1\" content=\"R\u00e9veil info\" \/>\n\t<meta name=\"twitter:label2\" content=\"Dur\u00e9e de lecture estim\u00e9e\" \/>\n\t<meta name=\"twitter:data2\" content=\"2 minutes\" \/>\n<script type=\"application\/ld+json\" class=\"yoast-schema-graph\">{\"@context\":\"https:\\\/\\\/schema.org\",\"@graph\":[{\"@type\":\"Article\",\"@id\":\"https:\\\/\\\/reveil-info.net\\\/?p=35597#article\",\"isPartOf\":{\"@id\":\"https:\\\/\\\/reveil-info.net\\\/?p=35597\"},\"author\":{\"name\":\"R\u00e9veil info\",\"@id\":\"https:\\\/\\\/reveil-info.net\\\/#\\\/schema\\\/person\\\/ca0cc8e70088e0a2b5e92556c1ee60f5\"},\"headline\":\"CAMES: lancement du 22e concours d&rsquo;agr\u00e9gation en Sciences Juridiques, Politiques, \u00c9conomiques et de Gestion \u00e0 Dakar\",\"datePublished\":\"2025-11-13T15:21:56+00:00\",\"mainEntityOfPage\":{\"@id\":\"https:\\\/\\\/reveil-info.net\\\/?p=35597\"},\"wordCount\":231,\"commentCount\":0,\"publisher\":{\"@id\":\"https:\\\/\\\/reveil-info.net\\\/#organization\"},\"image\":{\"@id\":\"https:\\\/\\\/reveil-info.net\\\/?p=35597#primaryimage\"},\"thumbnailUrl\":\"https:\\\/\\\/reveil-info.net\\\/wp-content\\\/uploads\\\/2025\\\/11\\\/FB_IMG_17630470484280911.jpg\",\"articleSection\":[\"Education\",\"Soci\u00e9t\u00e9\"],\"inLanguage\":\"fr-FR\",\"potentialAction\":[{\"@type\":\"CommentAction\",\"name\":\"Comment\",\"target\":[\"https:\\\/\\\/reveil-info.net\\\/?p=35597#respond\"]}]},{\"@type\":\"WebPage\",\"@id\":\"https:\\\/\\\/reveil-info.net\\\/?p=35597\",\"url\":\"https:\\\/\\\/reveil-info.net\\\/?p=35597\",\"name\":\"CAMES: lancement du 22e concours d'agr\u00e9gation en Sciences Juridiques, Politiques, \u00c9conomiques et de Gestion \u00e0 Dakar - R\u00e9veil Info\",\"isPartOf\":{\"@id\":\"https:\\\/\\\/reveil-info.net\\\/#website\"},\"primaryImageOfPage\":{\"@id\":\"https:\\\/\\\/reveil-info.net\\\/?p=35597#primaryimage\"},\"image\":{\"@id\":\"https:\\\/\\\/reveil-info.net\\\/?p=35597#primaryimage\"},\"thumbnailUrl\":\"https:\\\/\\\/reveil-info.net\\\/wp-content\\\/uploads\\\/2025\\\/11\\\/FB_IMG_17630470484280911.jpg\",\"datePublished\":\"2025-11-13T15:21:56+00:00\",\"breadcrumb\":{\"@id\":\"https:\\\/\\\/reveil-info.net\\\/?p=35597#breadcrumb\"},\"inLanguage\":\"fr-FR\",\"potentialAction\":[{\"@type\":\"ReadAction\",\"target\":[\"https:\\\/\\\/reveil-info.net\\\/?p=35597\"]}]},{\"@type\":\"ImageObject\",\"inLanguage\":\"fr-FR\",\"@id\":\"https:\\\/\\\/reveil-info.net\\\/?p=35597#primaryimage\",\"url\":\"https:\\\/\\\/reveil-info.net\\\/wp-content\\\/uploads\\\/2025\\\/11\\\/FB_IMG_17630470484280911.jpg\",\"contentUrl\":\"https:\\\/\\\/reveil-info.net\\\/wp-content\\\/uploads\\\/2025\\\/11\\\/FB_IMG_17630470484280911.jpg\",\"width\":700,\"height\":466},{\"@type\":\"BreadcrumbList\",\"@id\":\"https:\\\/\\\/reveil-info.net\\\/?p=35597#breadcrumb\",\"itemListElement\":[{\"@type\":\"ListItem\",\"position\":1,\"name\":\"Home\",\"item\":\"https:\\\/\\\/reveil-info.net\\\/\"},{\"@type\":\"ListItem\",\"position\":2,\"name\":\"CAMES: lancement du 22e concours d&rsquo;agr\u00e9gation en Sciences Juridiques, Politiques, \u00c9conomiques et de Gestion \u00e0 Dakar\"}]},{\"@type\":\"WebSite\",\"@id\":\"https:\\\/\\\/reveil-info.net\\\/#website\",\"url\":\"https:\\\/\\\/reveil-info.net\\\/\",\"name\":\"R\u00e9veil Info\",\"description\":\"Le devoir d&#039;informer!\",\"publisher\":{\"@id\":\"https:\\\/\\\/reveil-info.net\\\/#organization\"},\"potentialAction\":[{\"@type\":\"SearchAction\",\"target\":{\"@type\":\"EntryPoint\",\"urlTemplate\":\"https:\\\/\\\/reveil-info.net\\\/?s={search_term_string}\"},\"query-input\":{\"@type\":\"PropertyValueSpecification\",\"valueRequired\":true,\"valueName\":\"search_term_string\"}}],\"inLanguage\":\"fr-FR\"},{\"@type\":\"Organization\",\"@id\":\"https:\\\/\\\/reveil-info.net\\\/#organization\",\"name\":\"R\u00e9veil Info\",\"url\":\"https:\\\/\\\/reveil-info.net\\\/\",\"logo\":{\"@type\":\"ImageObject\",\"inLanguage\":\"fr-FR\",\"@id\":\"https:\\\/\\\/reveil-info.net\\\/#\\\/schema\\\/logo\\\/image\\\/\",\"url\":\"https:\\\/\\\/reveil-info.net\\\/wp-content\\\/uploads\\\/2024\\\/07\\\/bnddd1.jpg\",\"contentUrl\":\"https:\\\/\\\/reveil-info.net\\\/wp-content\\\/uploads\\\/2024\\\/07\\\/bnddd1.jpg\",\"width\":903,\"height\":125,\"caption\":\"R\u00e9veil Info\"},\"image\":{\"@id\":\"https:\\\/\\\/reveil-info.net\\\/#\\\/schema\\\/logo\\\/image\\\/\"}},{\"@type\":\"Person\",\"@id\":\"https:\\\/\\\/reveil-info.net\\\/#\\\/schema\\\/person\\\/ca0cc8e70088e0a2b5e92556c1ee60f5\",\"name\":\"R\u00e9veil info\",\"image\":{\"@type\":\"ImageObject\",\"inLanguage\":\"fr-FR\",\"@id\":\"https:\\\/\\\/secure.gravatar.com\\\/avatar\\\/e4ad5bb743c8b6cb174d9df6c7d30a8a16f6889731241345fc6444e6485f02af?s=96&d=mm&r=g\",\"url\":\"https:\\\/\\\/secure.gravatar.com\\\/avatar\\\/e4ad5bb743c8b6cb174d9df6c7d30a8a16f6889731241345fc6444e6485f02af?s=96&d=mm&r=g\",\"contentUrl\":\"https:\\\/\\\/secure.gravatar.com\\\/avatar\\\/e4ad5bb743c8b6cb174d9df6c7d30a8a16f6889731241345fc6444e6485f02af?s=96&d=mm&r=g\",\"caption\":\"R\u00e9veil info\"},\"sameAs\":[\"https:\\\/\\\/reveil-info.net\"],\"url\":\"https:\\\/\\\/reveil-info.net\\\/?author=1\"}]}<\/script>\n<!-- \/ Yoast SEO plugin. -->","yoast_head_json":{"title":"CAMES: lancement du 22e concours d'agr\u00e9gation en Sciences Juridiques, Politiques, \u00c9conomiques et de Gestion \u00e0 Dakar - R\u00e9veil Info","robots":{"index":"noindex","follow":"follow","max-snippet":"max-snippet:-1","max-image-preview":"max-image-preview:large","max-video-preview":"max-video-preview:-1"},"og_locale":"fr_FR","og_type":"article","og_title":"CAMES: lancement du 22e concours d'agr\u00e9gation en Sciences Juridiques, Politiques, \u00c9conomiques et de Gestion \u00e0 Dakar - R\u00e9veil Info","og_description":"Senegal &#8211; Le 22e Concours d\u2019Agr\u00e9gation en Sciences Juridiques, Politiques, \u00c9conomiques et de Gestion (SJPEG)","og_url":"https:\/\/reveil-info.net\/?p=35597","og_site_name":"R\u00e9veil Info","article_published_time":"2025-11-13T15:21:56+00:00","og_image":[{"width":700,"height":466,"url":"https:\/\/reveil-info.net\/wp-content\/uploads\/2025\/11\/FB_IMG_17630470484280911.jpg","type":"image\/jpeg"}],"author":"R\u00e9veil info","twitter_card":"summary_large_image","twitter_misc":{"\u00c9crit par":"R\u00e9veil info","Dur\u00e9e de lecture estim\u00e9e":"2 minutes"},"schema":{"@context":"https:\/\/schema.org","@graph":[{"@type":"Article","@id":"https:\/\/reveil-info.net\/?p=35597#article","isPartOf":{"@id":"https:\/\/reveil-info.net\/?p=35597"},"author":{"name":"R\u00e9veil info","@id":"https:\/\/reveil-info.net\/#\/schema\/person\/ca0cc8e70088e0a2b5e92556c1ee60f5"},"headline":"CAMES: lancement du 22e concours d&rsquo;agr\u00e9gation en Sciences Juridiques, Politiques, \u00c9conomiques et de Gestion \u00e0 Dakar","datePublished":"2025-11-13T15:21:56+00:00","mainEntityOfPage":{"@id":"https:\/\/reveil-info.net\/?p=35597"},"wordCount":231,"commentCount":0,"publisher":{"@id":"https:\/\/reveil-info.net\/#organization"},"image":{"@id":"https:\/\/reveil-info.net\/?p=35597#primaryimage"},"thumbnailUrl":"https:\/\/reveil-info.net\/wp-content\/uploads\/2025\/11\/FB_IMG_17630470484280911.jpg","articleSection":["Education","Soci\u00e9t\u00e9"],"inLanguage":"fr-FR","potentialAction":[{"@type":"CommentAction","name":"Comment","target":["https:\/\/reveil-info.net\/?p=35597#respond"]}]},{"@type":"WebPage","@id":"https:\/\/reveil-info.net\/?p=35597","url":"https:\/\/reveil-info.net\/?p=35597","name":"CAMES: lancement du 22e concours d'agr\u00e9gation en Sciences Juridiques, Politiques, \u00c9conomiques et de Gestion \u00e0 Dakar - R\u00e9veil Info","isPartOf":{"@id":"https:\/\/reveil-info.net\/#website"},"primaryImageOfPage":{"@id":"https:\/\/reveil-info.net\/?p=35597#primaryimage"},"image":{"@id":"https:\/\/reveil-info.net\/?p=35597#primaryimage"},"thumbnailUrl":"https:\/\/reveil-info.net\/wp-content\/uploads\/2025\/11\/FB_IMG_17630470484280911.jpg","datePublished":"2025-11-13T15:21:56+00:00","breadcrumb":{"@id":"https:\/\/reveil-info.net\/?p=35597#breadcrumb"},"inLanguage":"fr-FR","potentialAction":[{"@type":"ReadAction","target":["https:\/\/reveil-info.net\/?p=35597"]}]},{"@type":"ImageObject","inLanguage":"fr-FR","@id":"https:\/\/reveil-info.net\/?p=35597#primaryimage","url":"https:\/\/reveil-info.net\/wp-content\/uploads\/2025\/11\/FB_IMG_17630470484280911.jpg","contentUrl":"https:\/\/reveil-info.net\/wp-content\/uploads\/2025\/11\/FB_IMG_17630470484280911.jpg","width":700,"height":466},{"@type":"BreadcrumbList","@id":"https:\/\/reveil-info.net\/?p=35597#breadcrumb","itemListElement":[{"@type":"ListItem","position":1,"name":"Home","item":"https:\/\/reveil-info.net\/"},{"@type":"ListItem","position":2,"name":"CAMES: lancement du 22e concours d&rsquo;agr\u00e9gation en Sciences Juridiques, Politiques, \u00c9conomiques et de Gestion \u00e0 Dakar"}]},{"@type":"WebSite","@id":"https:\/\/reveil-info.net\/#website","url":"https:\/\/reveil-info.net\/","name":"R\u00e9veil Info","description":"Le devoir d&#039;informer!","publisher":{"@id":"https:\/\/reveil-info.net\/#organization"},"potentialAction":[{"@type":"SearchAction","target":{"@type":"EntryPoint","urlTemplate":"https:\/\/reveil-info.net\/?s={search_term_string}"},"query-input":{"@type":"PropertyValueSpecification","valueRequired":true,"valueName":"search_term_string"}}],"inLanguage":"fr-FR"},{"@type":"Organization","@id":"https:\/\/reveil-info.net\/#organization","name":"R\u00e9veil Info","url":"https:\/\/reveil-info.net\/","logo":{"@type":"ImageObject","inLanguage":"fr-FR","@id":"https:\/\/reveil-info.net\/#\/schema\/logo\/image\/","url":"https:\/\/reveil-info.net\/wp-content\/uploads\/2024\/07\/bnddd1.jpg","contentUrl":"https:\/\/reveil-info.net\/wp-content\/uploads\/2024\/07\/bnddd1.jpg","width":903,"height":125,"caption":"R\u00e9veil Info"},"image":{"@id":"https:\/\/reveil-info.net\/#\/schema\/logo\/image\/"}},{"@type":"Person","@id":"https:\/\/reveil-info.net\/#\/schema\/person\/ca0cc8e70088e0a2b5e92556c1ee60f5","name":"R\u00e9veil info","image":{"@type":"ImageObject","inLanguage":"fr-FR","@id":"https:\/\/secure.gravatar.com\/avatar\/e4ad5bb743c8b6cb174d9df6c7d30a8a16f6889731241345fc6444e6485f02af?s=96&d=mm&r=g","url":"https:\/\/secure.gravatar.com\/avatar\/e4ad5bb743c8b6cb174d9df6c7d30a8a16f6889731241345fc6444e6485f02af?s=96&d=mm&r=g","contentUrl":"https:\/\/secure.gravatar.com\/avatar\/e4ad5bb743c8b6cb174d9df6c7d30a8a16f6889731241345fc6444e6485f02af?s=96&d=mm&r=g","caption":"R\u00e9veil info"},"sameAs":["https:\/\/reveil-info.net"],"url":"https:\/\/reveil-info.net\/?author=1"}]}},"jetpack_featured_media_url":"https:\/\/reveil-info.net\/wp-content\/uploads\/2025\/11\/FB_IMG_17630470484280911.jpg","featured_image_urls":{"full":["https:\/\/reveil-info.net\/wp-content\/uploads\/2025\/11\/FB_IMG_17630470484280911.jpg",700,466,false],"thumbnail":["https:\/\/reveil-info.net\/wp-content\/uploads\/2025\/11\/FB_IMG_17630470484280911-150x150.jpg",150,150,true],"medium":["https:\/\/reveil-info.net\/wp-content\/uploads\/2025\/11\/FB_IMG_17630470484280911-300x200.jpg",300,200,true],"medium_large":["https:\/\/reveil-info.net\/wp-content\/uploads\/2025\/11\/FB_IMG_17630470484280911.jpg",640,426,false],"large":["https:\/\/reveil-info.net\/wp-content\/uploads\/2025\/11\/FB_IMG_17630470484280911.jpg",640,426,false],"1536x1536":["https:\/\/reveil-info.net\/wp-content\/uploads\/2025\/11\/FB_IMG_17630470484280911.jpg",700,466,false],"2048x2048":["https:\/\/reveil-info.net\/wp-content\/uploads\/2025\/11\/FB_IMG_17630470484280911.jpg",700,466,false],"chromenews-featured":["https:\/\/reveil-info.net\/wp-content\/uploads\/2025\/11\/FB_IMG_17630470484280911.jpg",700,466,false],"chromenews-large":["https:\/\/reveil-info.net\/wp-content\/uploads\/2025\/11\/FB_IMG_17630470484280911.jpg",700,466,false],"chromenews-medium":["https:\/\/reveil-info.net\/wp-content\/uploads\/2025\/11\/FB_IMG_17630470484280911-590x410.jpg",590,410,true]},"author_info":{"display_name":"R\u00e9veil info","author_link":"https:\/\/reveil-info.net\/?author=1"},"category_info":"<a href=\"https:\/\/reveil-info.net\/?cat=6\" rel=\"category\">Education<\/a> <a href=\"https:\/\/reveil-info.net\/?cat=16\" rel=\"category\">Soci\u00e9t\u00e9<\/a>","tag_info":"Soci\u00e9t\u00e9","comment_count":"0","_links":{"self":[{"href":"https:\/\/reveil-info.net\/index.php?rest_route=\/wp\/v2\/posts\/35597","targetHints":{"allow":["GET"]}}],"collection":[{"href":"https:\/\/reveil-info.net\/index.php?rest_route=\/wp\/v2\/posts"}],"about":[{"href":"https:\/\/reveil-info.net\/index.php?rest_route=\/wp\/v2\/types\/post"}],"author":[{"embeddable":true,"href":"https:\/\/reveil-info.net\/index.php?rest_route=\/wp\/v2\/users\/1"}],"replies":[{"embeddable":true,"href":"https:\/\/reveil-info.net\/index.php?rest_route=%2Fwp%2Fv2%2Fcomments&post=35597"}],"version-history":[{"count":4,"href":"https:\/\/reveil-info.net\/index.php?rest_route=\/wp\/v2\/posts\/35597\/revisions"}],"predecessor-version":[{"id":35602,"href":"https:\/\/reveil-info.net\/index.php?rest_route=\/wp\/v2\/posts\/35597\/revisions\/35602"}],"wp:featuredmedia":[{"embeddable":true,"href":"https:\/\/reveil-info.net\/index.php?rest_route=\/wp\/v2\/media\/35601"}],"wp:attachment":[{"href":"https:\/\/reveil-info.net\/index.php?rest_route=%2Fwp%2Fv2%2Fmedia&parent=35597"}],"wp:term":[{"taxonomy":"category","embeddable":true,"href":"https:\/\/reveil-info.net\/index.php?rest_route=%2Fwp%2Fv2%2Fcategories&post=35597"},{"taxonomy":"post_tag","embeddable":true,"href":"https:\/\/reveil-info.net\/index.php?rest_route=%2Fwp%2Fv2%2Ftags&post=35597"}],"curies":[{"name":"wp","href":"https:\/\/api.w.org\/{rel}","templated":true}]}}