{"id":35587,"date":"2025-11-13T14:56:50","date_gmt":"2025-11-13T14:56:50","guid":{"rendered":"https:\/\/reveil-info.net\/?p=35587"},"modified":"2025-11-13T14:56:50","modified_gmt":"2025-11-13T14:56:50","slug":"industries-agroalimentaires-le-premier-ministre-rimtalba-recoit-une-delegation-de-la-fiab","status":"publish","type":"post","link":"https:\/\/reveil-info.net\/?p=35587","title":{"rendered":"Industries agroalimentaires : le premier ministre Rimtalba re\u00e7oit une d\u00e9l\u00e9gation de la FIAB"},"content":{"rendered":"<p>Le Premier ministre, Rimtalba Jean Emmanuel Ou\u00e9draogo, a re\u00e7u en audience, ce jeudi 13 novembre 2025 \u00e0 Ouagadougou, une d\u00e9l\u00e9gation de la F\u00e9d\u00e9ration nationale des industries de l\u2019agroalimentaire et de transformation du Burkina Faso (FIAB), conduite par sa secr\u00e9taire g\u00e9n\u00e9rale, Madame Ma\u00efga Amamatou.<\/p>\n<p><img loading=\"lazy\" decoding=\"async\" class=\"alignnone size-full wp-image-35593\" src=\"https:\/\/reveil-info.net\/wp-content\/uploads\/2025\/11\/IMG-20251113-WA0038.jpg\" alt=\"\" width=\"2560\" height=\"1544\" srcset=\"https:\/\/reveil-info.net\/wp-content\/uploads\/2025\/11\/IMG-20251113-WA0038.jpg 2560w, https:\/\/reveil-info.net\/wp-content\/uploads\/2025\/11\/IMG-20251113-WA0038-300x181.jpg 300w, https:\/\/reveil-info.net\/wp-content\/uploads\/2025\/11\/IMG-20251113-WA0038-1024x618.jpg 1024w, https:\/\/reveil-info.net\/wp-content\/uploads\/2025\/11\/IMG-20251113-WA0038-768x463.jpg 768w, https:\/\/reveil-info.net\/wp-content\/uploads\/2025\/11\/IMG-20251113-WA0038-1536x926.jpg 1536w, https:\/\/reveil-info.net\/wp-content\/uploads\/2025\/11\/IMG-20251113-WA0038-2048x1235.jpg 2048w\" sizes=\"auto, (max-width: 2560px) 100vw, 2560px\" \/><br \/>\n\u200eLes \u00e9changes ont port\u00e9 sur la 13\u1d49 \u00e9dition des Journ\u00e9es agroalimentaires (JAAL) ainsi que sur les perspectives de d\u00e9veloppement du secteur de la transformation agroalimentaire dans notre pays.<br \/>\n\u200e<br \/>\n\u200eAu cours de l\u2019entretien, la d\u00e9l\u00e9gation a exprim\u00e9 sa reconnaissance au Gouvernement et particuli\u00e8rement au Premier ministre pour son soutien constant au secteur, illustr\u00e9 par le patronage qu\u2019il a bien voulu accorder \u00e0 la prochaine \u00e9dition des JAAL.<br \/>\n\u200eLa fa\u00eeti\u00e8re a \u00e9galement salu\u00e9 la vision \u00e9clair\u00e9e du Pr\u00e9sident du Faso, le Capitaine Ibrahim Traor\u00e9, qui a replac\u00e9 le d\u00e9veloppement endog\u00e8ne et la valorisation des productions nationales au c\u0153ur de l\u2019action publique.<\/p>\n<p><img loading=\"lazy\" decoding=\"async\" class=\"alignnone size-full wp-image-35594\" src=\"https:\/\/reveil-info.net\/wp-content\/uploads\/2025\/11\/IMG-20251113-WA0042.jpg\" alt=\"\" width=\"2560\" height=\"1706\" srcset=\"https:\/\/reveil-info.net\/wp-content\/uploads\/2025\/11\/IMG-20251113-WA0042.jpg 2560w, https:\/\/reveil-info.net\/wp-content\/uploads\/2025\/11\/IMG-20251113-WA0042-300x200.jpg 300w, https:\/\/reveil-info.net\/wp-content\/uploads\/2025\/11\/IMG-20251113-WA0042-1024x682.jpg 1024w, https:\/\/reveil-info.net\/wp-content\/uploads\/2025\/11\/IMG-20251113-WA0042-768x512.jpg 768w, https:\/\/reveil-info.net\/wp-content\/uploads\/2025\/11\/IMG-20251113-WA0042-1536x1024.jpg 1536w, https:\/\/reveil-info.net\/wp-content\/uploads\/2025\/11\/IMG-20251113-WA0042-2048x1365.jpg 2048w\" sizes=\"auto, (max-width: 2560px) 100vw, 2560px\" \/><br \/>\n\u200e<br \/>\n\u200ePlac\u00e9e sous le th\u00e8me : \u00ab Transformation agroalimentaire et souverainet\u00e9 alimentaire au Burkina Faso : enjeux, d\u00e9fis et perspectives \u00bb, la 13\u1d49 \u00e9dition des JAAL se tiendra du 28 novembre au 5 d\u00e9cembre 2025, dans le pavillon Soleil Levant du SIAO \u00e0 Ouagadougou.<br \/>\n\u200eV\u00e9ritable vitrine du savoir-faire national, cet \u00e9v\u00e9nement constituera un espace d\u2019\u00e9changes, de r\u00e9flexion et d\u2019exposition du potentiel des acteurs de la transformation agroalimentaire issus des diff\u00e9rentes r\u00e9gions du pays.<br \/>\n\u200eL\u2019\u00e9dition 2025 se d\u00e9roulera sous le signe du \u00ab Consommons local \u00bb.<br \/>\n\u200e<br \/>\n\u200e\u00ab Ce sera une opportunit\u00e9 pour nous de montrer le potentiel dont disposent les acteurs de la transformation agroalimentaire au Burkina Faso, \u00e0 travers l\u2019exposition des produits des diff\u00e9rentes r\u00e9gions du pays \u00bb, a d\u00e9clar\u00e9 le secr\u00e9taire ex\u00e9cutif de la FIAB, Modeste Ou\u00e9draogo.<br \/>\n\u200e<br \/>\n\u200eLe Premier ministre a f\u00e9licit\u00e9 la FIAB pour son engagement constant et l\u2019a exhort\u00e9e \u00e0 renforcer la professionnalisation du secteur, condition essentielle \u00e0 la comp\u00e9titivit\u00e9 des entreprises locales.<br \/>\n\u200eIl a encourag\u00e9 les transformateurs \u00e0 investir dans la production des mati\u00e8res premi\u00e8res locales et \u00e0 faire confiance aux inventions et innovations nationales, gages d\u2019\u00e9quipements accessibles et d\u2019un progr\u00e8s technologique fond\u00e9 sur le g\u00e9nie burkinab\u00e8.<br \/>\n\u200e<br \/>\n\u200e\u00ab Nous sommes engag\u00e9s \u00e0 changer les choses \u00bb, a affirm\u00e9 le Chef du Gouvernement, r\u00e9affirmant la d\u00e9termination de l\u2019Ex\u00e9cutif \u00e0 prot\u00e9ger le march\u00e9 national, \u00e0 s\u00e9curiser la mati\u00e8re premi\u00e8re et \u00e0 promouvoir la consommation locale des produits dans le cadre de la strat\u00e9gie nationale de transformation \u00e9conomique.<br \/>\n\u200e<br \/>\n\u200eCr\u00e9\u00e9e en novembre 1991, la FIAB s\u2019impose aujourd\u2019hui comme un acteur cl\u00e9 du d\u00e9veloppement industriel et agroalimentaire du Burkina Faso. Forte de plus de trois d\u00e9cennies d\u2019exp\u00e9rience, elle \u0153uvre \u00e0 la structuration des fili\u00e8res, \u00e0 la promotion de l\u2019innovation et au renforcement du leadership des entreprises nationales.<br \/>\n\u200ePar son action, elle contribue activement \u00e0 faire de l\u2019agroalimentaire un pilier de la souverainet\u00e9 et de la prosp\u00e9rit\u00e9 du Burkina Faso.<br \/>\n\u200e<br \/>\n\u200eDCRP\/Primature<\/p>\n","protected":false},"excerpt":{"rendered":"<p>Le Premier ministre, Rimtalba Jean Emmanuel Ou\u00e9draogo, a re\u00e7u en audience, ce jeudi 13 novembre<\/p>\n","protected":false},"author":1,"featured_media":35591,"comment_status":"open","ping_status":"open","sticky":false,"template":"","format":"standard","meta":{"footnotes":""},"categories":[2,16],"tags":[],"class_list":["post-35587","post","type-post","status-publish","format-standard","has-post-thumbnail","hentry","category-actu","category-societe"],"yoast_head":"<!-- This site is optimized with the Yoast SEO plugin v27.5 - https:\/\/yoast.com\/product\/yoast-seo-wordpress\/ -->\n<title>Industries agroalimentaires : le premier ministre Rimtalba re\u00e7oit une d\u00e9l\u00e9gation de la FIAB - R\u00e9veil Info<\/title>\n<meta name=\"robots\" content=\"noindex, follow, max-snippet:-1, max-image-preview:large, max-video-preview:-1\" \/>\n<meta property=\"og:locale\" content=\"fr_FR\" \/>\n<meta property=\"og:type\" content=\"article\" \/>\n<meta property=\"og:title\" content=\"Industries agroalimentaires : le premier ministre Rimtalba re\u00e7oit une d\u00e9l\u00e9gation de la FIAB - R\u00e9veil Info\" \/>\n<meta property=\"og:description\" content=\"Le Premier ministre, Rimtalba Jean Emmanuel Ou\u00e9draogo, a re\u00e7u en audience, ce jeudi 13 novembre\" \/>\n<meta property=\"og:url\" content=\"https:\/\/reveil-info.net\/?p=35587\" \/>\n<meta property=\"og:site_name\" content=\"R\u00e9veil Info\" \/>\n<meta property=\"article:published_time\" content=\"2025-11-13T14:56:50+00:00\" \/>\n<meta property=\"og:image\" content=\"https:\/\/reveil-info.net\/wp-content\/uploads\/2025\/11\/IMG-20251113-WA0040.jpg\" \/>\n\t<meta property=\"og:image:width\" content=\"2560\" \/>\n\t<meta property=\"og:image:height\" content=\"1558\" \/>\n\t<meta property=\"og:image:type\" content=\"image\/jpeg\" \/>\n<meta name=\"author\" content=\"R\u00e9veil info\" \/>\n<meta name=\"twitter:card\" content=\"summary_large_image\" \/>\n<meta name=\"twitter:label1\" content=\"\u00c9crit par\" \/>\n\t<meta name=\"twitter:data1\" content=\"R\u00e9veil info\" \/>\n\t<meta name=\"twitter:label2\" content=\"Dur\u00e9e de lecture estim\u00e9e\" \/>\n\t<meta name=\"twitter:data2\" content=\"3 minutes\" \/>\n<script type=\"application\/ld+json\" class=\"yoast-schema-graph\">{\"@context\":\"https:\\\/\\\/schema.org\",\"@graph\":[{\"@type\":\"Article\",\"@id\":\"https:\\\/\\\/reveil-info.net\\\/?p=35587#article\",\"isPartOf\":{\"@id\":\"https:\\\/\\\/reveil-info.net\\\/?p=35587\"},\"author\":{\"name\":\"R\u00e9veil info\",\"@id\":\"https:\\\/\\\/reveil-info.net\\\/#\\\/schema\\\/person\\\/ca0cc8e70088e0a2b5e92556c1ee60f5\"},\"headline\":\"Industries agroalimentaires : le premier ministre Rimtalba re\u00e7oit une d\u00e9l\u00e9gation de la FIAB\",\"datePublished\":\"2025-11-13T14:56:50+00:00\",\"mainEntityOfPage\":{\"@id\":\"https:\\\/\\\/reveil-info.net\\\/?p=35587\"},\"wordCount\":509,\"commentCount\":0,\"publisher\":{\"@id\":\"https:\\\/\\\/reveil-info.net\\\/#organization\"},\"image\":{\"@id\":\"https:\\\/\\\/reveil-info.net\\\/?p=35587#primaryimage\"},\"thumbnailUrl\":\"https:\\\/\\\/reveil-info.net\\\/wp-content\\\/uploads\\\/2025\\\/11\\\/IMG-20251113-WA0040.jpg\",\"articleSection\":[\"Actualit\u00e9\",\"Soci\u00e9t\u00e9\"],\"inLanguage\":\"fr-FR\",\"potentialAction\":[{\"@type\":\"CommentAction\",\"name\":\"Comment\",\"target\":[\"https:\\\/\\\/reveil-info.net\\\/?p=35587#respond\"]}]},{\"@type\":\"WebPage\",\"@id\":\"https:\\\/\\\/reveil-info.net\\\/?p=35587\",\"url\":\"https:\\\/\\\/reveil-info.net\\\/?p=35587\",\"name\":\"Industries agroalimentaires : le premier ministre Rimtalba re\u00e7oit une d\u00e9l\u00e9gation de la FIAB - R\u00e9veil Info\",\"isPartOf\":{\"@id\":\"https:\\\/\\\/reveil-info.net\\\/#website\"},\"primaryImageOfPage\":{\"@id\":\"https:\\\/\\\/reveil-info.net\\\/?p=35587#primaryimage\"},\"image\":{\"@id\":\"https:\\\/\\\/reveil-info.net\\\/?p=35587#primaryimage\"},\"thumbnailUrl\":\"https:\\\/\\\/reveil-info.net\\\/wp-content\\\/uploads\\\/2025\\\/11\\\/IMG-20251113-WA0040.jpg\",\"datePublished\":\"2025-11-13T14:56:50+00:00\",\"breadcrumb\":{\"@id\":\"https:\\\/\\\/reveil-info.net\\\/?p=35587#breadcrumb\"},\"inLanguage\":\"fr-FR\",\"potentialAction\":[{\"@type\":\"ReadAction\",\"target\":[\"https:\\\/\\\/reveil-info.net\\\/?p=35587\"]}]},{\"@type\":\"ImageObject\",\"inLanguage\":\"fr-FR\",\"@id\":\"https:\\\/\\\/reveil-info.net\\\/?p=35587#primaryimage\",\"url\":\"https:\\\/\\\/reveil-info.net\\\/wp-content\\\/uploads\\\/2025\\\/11\\\/IMG-20251113-WA0040.jpg\",\"contentUrl\":\"https:\\\/\\\/reveil-info.net\\\/wp-content\\\/uploads\\\/2025\\\/11\\\/IMG-20251113-WA0040.jpg\",\"width\":2560,\"height\":1558},{\"@type\":\"BreadcrumbList\",\"@id\":\"https:\\\/\\\/reveil-info.net\\\/?p=35587#breadcrumb\",\"itemListElement\":[{\"@type\":\"ListItem\",\"position\":1,\"name\":\"Home\",\"item\":\"https:\\\/\\\/reveil-info.net\\\/\"},{\"@type\":\"ListItem\",\"position\":2,\"name\":\"Industries agroalimentaires : le premier ministre Rimtalba re\u00e7oit une d\u00e9l\u00e9gation de la FIAB\"}]},{\"@type\":\"WebSite\",\"@id\":\"https:\\\/\\\/reveil-info.net\\\/#website\",\"url\":\"https:\\\/\\\/reveil-info.net\\\/\",\"name\":\"R\u00e9veil Info\",\"description\":\"Le devoir d&#039;informer!\",\"publisher\":{\"@id\":\"https:\\\/\\\/reveil-info.net\\\/#organization\"},\"potentialAction\":[{\"@type\":\"SearchAction\",\"target\":{\"@type\":\"EntryPoint\",\"urlTemplate\":\"https:\\\/\\\/reveil-info.net\\\/?s={search_term_string}\"},\"query-input\":{\"@type\":\"PropertyValueSpecification\",\"valueRequired\":true,\"valueName\":\"search_term_string\"}}],\"inLanguage\":\"fr-FR\"},{\"@type\":\"Organization\",\"@id\":\"https:\\\/\\\/reveil-info.net\\\/#organization\",\"name\":\"R\u00e9veil Info\",\"url\":\"https:\\\/\\\/reveil-info.net\\\/\",\"logo\":{\"@type\":\"ImageObject\",\"inLanguage\":\"fr-FR\",\"@id\":\"https:\\\/\\\/reveil-info.net\\\/#\\\/schema\\\/logo\\\/image\\\/\",\"url\":\"https:\\\/\\\/reveil-info.net\\\/wp-content\\\/uploads\\\/2024\\\/07\\\/bnddd1.jpg\",\"contentUrl\":\"https:\\\/\\\/reveil-info.net\\\/wp-content\\\/uploads\\\/2024\\\/07\\\/bnddd1.jpg\",\"width\":903,\"height\":125,\"caption\":\"R\u00e9veil Info\"},\"image\":{\"@id\":\"https:\\\/\\\/reveil-info.net\\\/#\\\/schema\\\/logo\\\/image\\\/\"}},{\"@type\":\"Person\",\"@id\":\"https:\\\/\\\/reveil-info.net\\\/#\\\/schema\\\/person\\\/ca0cc8e70088e0a2b5e92556c1ee60f5\",\"name\":\"R\u00e9veil info\",\"image\":{\"@type\":\"ImageObject\",\"inLanguage\":\"fr-FR\",\"@id\":\"https:\\\/\\\/secure.gravatar.com\\\/avatar\\\/e4ad5bb743c8b6cb174d9df6c7d30a8a16f6889731241345fc6444e6485f02af?s=96&d=mm&r=g\",\"url\":\"https:\\\/\\\/secure.gravatar.com\\\/avatar\\\/e4ad5bb743c8b6cb174d9df6c7d30a8a16f6889731241345fc6444e6485f02af?s=96&d=mm&r=g\",\"contentUrl\":\"https:\\\/\\\/secure.gravatar.com\\\/avatar\\\/e4ad5bb743c8b6cb174d9df6c7d30a8a16f6889731241345fc6444e6485f02af?s=96&d=mm&r=g\",\"caption\":\"R\u00e9veil info\"},\"sameAs\":[\"https:\\\/\\\/reveil-info.net\"],\"url\":\"https:\\\/\\\/reveil-info.net\\\/?author=1\"}]}<\/script>\n<!-- \/ Yoast SEO plugin. -->","yoast_head_json":{"title":"Industries agroalimentaires : le premier ministre Rimtalba re\u00e7oit une d\u00e9l\u00e9gation de la FIAB - R\u00e9veil Info","robots":{"index":"noindex","follow":"follow","max-snippet":"max-snippet:-1","max-image-preview":"max-image-preview:large","max-video-preview":"max-video-preview:-1"},"og_locale":"fr_FR","og_type":"article","og_title":"Industries agroalimentaires : le premier ministre Rimtalba re\u00e7oit une d\u00e9l\u00e9gation de la FIAB - R\u00e9veil Info","og_description":"Le Premier ministre, Rimtalba Jean Emmanuel Ou\u00e9draogo, a re\u00e7u en audience, ce jeudi 13 novembre","og_url":"https:\/\/reveil-info.net\/?p=35587","og_site_name":"R\u00e9veil Info","article_published_time":"2025-11-13T14:56:50+00:00","og_image":[{"width":2560,"height":1558,"url":"https:\/\/reveil-info.net\/wp-content\/uploads\/2025\/11\/IMG-20251113-WA0040.jpg","type":"image\/jpeg"}],"author":"R\u00e9veil info","twitter_card":"summary_large_image","twitter_misc":{"\u00c9crit par":"R\u00e9veil info","Dur\u00e9e de lecture estim\u00e9e":"3 minutes"},"schema":{"@context":"https:\/\/schema.org","@graph":[{"@type":"Article","@id":"https:\/\/reveil-info.net\/?p=35587#article","isPartOf":{"@id":"https:\/\/reveil-info.net\/?p=35587"},"author":{"name":"R\u00e9veil info","@id":"https:\/\/reveil-info.net\/#\/schema\/person\/ca0cc8e70088e0a2b5e92556c1ee60f5"},"headline":"Industries agroalimentaires : le premier ministre Rimtalba re\u00e7oit une d\u00e9l\u00e9gation de la FIAB","datePublished":"2025-11-13T14:56:50+00:00","mainEntityOfPage":{"@id":"https:\/\/reveil-info.net\/?p=35587"},"wordCount":509,"commentCount":0,"publisher":{"@id":"https:\/\/reveil-info.net\/#organization"},"image":{"@id":"https:\/\/reveil-info.net\/?p=35587#primaryimage"},"thumbnailUrl":"https:\/\/reveil-info.net\/wp-content\/uploads\/2025\/11\/IMG-20251113-WA0040.jpg","articleSection":["Actualit\u00e9","Soci\u00e9t\u00e9"],"inLanguage":"fr-FR","potentialAction":[{"@type":"CommentAction","name":"Comment","target":["https:\/\/reveil-info.net\/?p=35587#respond"]}]},{"@type":"WebPage","@id":"https:\/\/reveil-info.net\/?p=35587","url":"https:\/\/reveil-info.net\/?p=35587","name":"Industries agroalimentaires : le premier ministre Rimtalba re\u00e7oit une d\u00e9l\u00e9gation de la FIAB - R\u00e9veil Info","isPartOf":{"@id":"https:\/\/reveil-info.net\/#website"},"primaryImageOfPage":{"@id":"https:\/\/reveil-info.net\/?p=35587#primaryimage"},"image":{"@id":"https:\/\/reveil-info.net\/?p=35587#primaryimage"},"thumbnailUrl":"https:\/\/reveil-info.net\/wp-content\/uploads\/2025\/11\/IMG-20251113-WA0040.jpg","datePublished":"2025-11-13T14:56:50+00:00","breadcrumb":{"@id":"https:\/\/reveil-info.net\/?p=35587#breadcrumb"},"inLanguage":"fr-FR","potentialAction":[{"@type":"ReadAction","target":["https:\/\/reveil-info.net\/?p=35587"]}]},{"@type":"ImageObject","inLanguage":"fr-FR","@id":"https:\/\/reveil-info.net\/?p=35587#primaryimage","url":"https:\/\/reveil-info.net\/wp-content\/uploads\/2025\/11\/IMG-20251113-WA0040.jpg","contentUrl":"https:\/\/reveil-info.net\/wp-content\/uploads\/2025\/11\/IMG-20251113-WA0040.jpg","width":2560,"height":1558},{"@type":"BreadcrumbList","@id":"https:\/\/reveil-info.net\/?p=35587#breadcrumb","itemListElement":[{"@type":"ListItem","position":1,"name":"Home","item":"https:\/\/reveil-info.net\/"},{"@type":"ListItem","position":2,"name":"Industries agroalimentaires : le premier ministre Rimtalba re\u00e7oit une d\u00e9l\u00e9gation de la FIAB"}]},{"@type":"WebSite","@id":"https:\/\/reveil-info.net\/#website","url":"https:\/\/reveil-info.net\/","name":"R\u00e9veil Info","description":"Le devoir d&#039;informer!","publisher":{"@id":"https:\/\/reveil-info.net\/#organization"},"potentialAction":[{"@type":"SearchAction","target":{"@type":"EntryPoint","urlTemplate":"https:\/\/reveil-info.net\/?s={search_term_string}"},"query-input":{"@type":"PropertyValueSpecification","valueRequired":true,"valueName":"search_term_string"}}],"inLanguage":"fr-FR"},{"@type":"Organization","@id":"https:\/\/reveil-info.net\/#organization","name":"R\u00e9veil Info","url":"https:\/\/reveil-info.net\/","logo":{"@type":"ImageObject","inLanguage":"fr-FR","@id":"https:\/\/reveil-info.net\/#\/schema\/logo\/image\/","url":"https:\/\/reveil-info.net\/wp-content\/uploads\/2024\/07\/bnddd1.jpg","contentUrl":"https:\/\/reveil-info.net\/wp-content\/uploads\/2024\/07\/bnddd1.jpg","width":903,"height":125,"caption":"R\u00e9veil Info"},"image":{"@id":"https:\/\/reveil-info.net\/#\/schema\/logo\/image\/"}},{"@type":"Person","@id":"https:\/\/reveil-info.net\/#\/schema\/person\/ca0cc8e70088e0a2b5e92556c1ee60f5","name":"R\u00e9veil info","image":{"@type":"ImageObject","inLanguage":"fr-FR","@id":"https:\/\/secure.gravatar.com\/avatar\/e4ad5bb743c8b6cb174d9df6c7d30a8a16f6889731241345fc6444e6485f02af?s=96&d=mm&r=g","url":"https:\/\/secure.gravatar.com\/avatar\/e4ad5bb743c8b6cb174d9df6c7d30a8a16f6889731241345fc6444e6485f02af?s=96&d=mm&r=g","contentUrl":"https:\/\/secure.gravatar.com\/avatar\/e4ad5bb743c8b6cb174d9df6c7d30a8a16f6889731241345fc6444e6485f02af?s=96&d=mm&r=g","caption":"R\u00e9veil info"},"sameAs":["https:\/\/reveil-info.net"],"url":"https:\/\/reveil-info.net\/?author=1"}]}},"jetpack_featured_media_url":"https:\/\/reveil-info.net\/wp-content\/uploads\/2025\/11\/IMG-20251113-WA0040.jpg","featured_image_urls":{"full":["https:\/\/reveil-info.net\/wp-content\/uploads\/2025\/11\/IMG-20251113-WA0040.jpg",2560,1558,false],"thumbnail":["https:\/\/reveil-info.net\/wp-content\/uploads\/2025\/11\/IMG-20251113-WA0040-150x150.jpg",150,150,true],"medium":["https:\/\/reveil-info.net\/wp-content\/uploads\/2025\/11\/IMG-20251113-WA0040-300x183.jpg",300,183,true],"medium_large":["https:\/\/reveil-info.net\/wp-content\/uploads\/2025\/11\/IMG-20251113-WA0040-768x467.jpg",640,389,true],"large":["https:\/\/reveil-info.net\/wp-content\/uploads\/2025\/11\/IMG-20251113-WA0040-1024x623.jpg",640,389,true],"1536x1536":["https:\/\/reveil-info.net\/wp-content\/uploads\/2025\/11\/IMG-20251113-WA0040-1536x935.jpg",1536,935,true],"2048x2048":["https:\/\/reveil-info.net\/wp-content\/uploads\/2025\/11\/IMG-20251113-WA0040-2048x1246.jpg",2048,1246,true],"chromenews-featured":["https:\/\/reveil-info.net\/wp-content\/uploads\/2025\/11\/IMG-20251113-WA0040-1024x623.jpg",1024,623,true],"chromenews-large":["https:\/\/reveil-info.net\/wp-content\/uploads\/2025\/11\/IMG-20251113-WA0040-825x575.jpg",825,575,true],"chromenews-medium":["https:\/\/reveil-info.net\/wp-content\/uploads\/2025\/11\/IMG-20251113-WA0040-590x410.jpg",590,410,true]},"author_info":{"display_name":"R\u00e9veil info","author_link":"https:\/\/reveil-info.net\/?author=1"},"category_info":"<a href=\"https:\/\/reveil-info.net\/?cat=2\" rel=\"category\">Actualit\u00e9<\/a> <a href=\"https:\/\/reveil-info.net\/?cat=16\" rel=\"category\">Soci\u00e9t\u00e9<\/a>","tag_info":"Soci\u00e9t\u00e9","comment_count":"0","_links":{"self":[{"href":"https:\/\/reveil-info.net\/index.php?rest_route=\/wp\/v2\/posts\/35587","targetHints":{"allow":["GET"]}}],"collection":[{"href":"https:\/\/reveil-info.net\/index.php?rest_route=\/wp\/v2\/posts"}],"about":[{"href":"https:\/\/reveil-info.net\/index.php?rest_route=\/wp\/v2\/types\/post"}],"author":[{"embeddable":true,"href":"https:\/\/reveil-info.net\/index.php?rest_route=\/wp\/v2\/users\/1"}],"replies":[{"embeddable":true,"href":"https:\/\/reveil-info.net\/index.php?rest_route=%2Fwp%2Fv2%2Fcomments&post=35587"}],"version-history":[{"count":6,"href":"https:\/\/reveil-info.net\/index.php?rest_route=\/wp\/v2\/posts\/35587\/revisions"}],"predecessor-version":[{"id":35596,"href":"https:\/\/reveil-info.net\/index.php?rest_route=\/wp\/v2\/posts\/35587\/revisions\/35596"}],"wp:featuredmedia":[{"embeddable":true,"href":"https:\/\/reveil-info.net\/index.php?rest_route=\/wp\/v2\/media\/35591"}],"wp:attachment":[{"href":"https:\/\/reveil-info.net\/index.php?rest_route=%2Fwp%2Fv2%2Fmedia&parent=35587"}],"wp:term":[{"taxonomy":"category","embeddable":true,"href":"https:\/\/reveil-info.net\/index.php?rest_route=%2Fwp%2Fv2%2Fcategories&post=35587"},{"taxonomy":"post_tag","embeddable":true,"href":"https:\/\/reveil-info.net\/index.php?rest_route=%2Fwp%2Fv2%2Ftags&post=35587"}],"curies":[{"name":"wp","href":"https:\/\/api.w.org\/{rel}","templated":true}]}}