{"id":35501,"date":"2025-11-12T12:42:15","date_gmt":"2025-11-12T12:42:15","guid":{"rendered":"https:\/\/reveil-info.net\/?p=35501"},"modified":"2025-11-12T12:42:15","modified_gmt":"2025-11-12T12:42:15","slug":"soudan-un-drame-humanitaire-sous-nos-yeux","status":"publish","type":"post","link":"https:\/\/reveil-info.net\/?p=35501","title":{"rendered":"Soudan: Un drame humanitaire sous nos yeux"},"content":{"rendered":"<div class=\"xdj266r x14z9mp xat24cr x1lziwak x1vvkbs x126k92a\">\n<div dir=\"auto\"><strong>L\u2019AFRIQUE ET LE MONDE REGARDENT LE SOUDAN : LE SILENCE N\u2019EST PLUS UNE OPTION !<\/strong><\/div>\n<\/div>\n<div class=\"x14z9mp xat24cr x1lziwak x1vvkbs xtlvy1s x126k92a\">\n<div dir=\"auto\"><strong>Un drame humanitaire sous nos yeux<\/strong><\/div>\n<div dir=\"auto\"><strong>Depuis avril 2023, le Soudan s\u2019enfonce dans une guerre fratricide aux cons\u00e9quences humanitaires dramatiques. Plus de 12 millions de personnes ont \u00e9t\u00e9 d\u00e9plac\u00e9es, des milliers ont perdu la vie, et des villes enti\u00e8res ont \u00e9t\u00e9 d\u00e9truites. Des h\u00f4pitaux bombard\u00e9s, des \u00e9coles ferm\u00e9es, des enfants sans abri ni avenir : un peuple tout entier pris en otage par la violence.<\/strong><\/div>\n<div dir=\"auto\">Khartoum, jadis symbole d\u2019histoire et de puissance, n\u2019est plus que l\u2019ombre d\u2019elle-m\u00eame.<\/div>\n<div dir=\"auto\">Et le monde regarde, non pas indiff\u00e9rent, mais avec une action encore trop en de\u00e7\u00e0 de l\u2019urgence. Mais ce qui interpelle le plus, c\u2019est que l\u2019Afrique elle-m\u00eame regarde.<\/div>\n<\/div>\n<div class=\"x14z9mp xat24cr x1lziwak x1vvkbs xtlvy1s x126k92a\">\n<div dir=\"auto\">L\u2019Afrique ne peut pas rester spectatrice du malheur africain<\/div>\n<\/div>\n<div class=\"x14z9mp xat24cr x1lziwak x1vvkbs xtlvy1s x126k92a\">\n<div dir=\"auto\">L\u2019Union africaine, a certes d\u00e9j\u00e0 eu quelques r\u00e9actions notamment :<\/div>\n<div dir=\"auto\">\u2022 Le 11 f\u00e9vrier 2025, o\u00f9 elle a reconnu officiellement la gravit\u00e9 de la crise et appel\u00e9 \u00e0 un effort collectif et \u00e0 un dialogue inclusif.<\/div>\n<div dir=\"auto\">\u2022 Le 27 octobre 2025, o\u00f9 la Pr\u00e9sidence de la Commission a condamn\u00e9 les atrocit\u00e9s commises \u00e0 El Fasher.<\/div>\n<div dir=\"auto\">\u2022 Le Conseil de paix et de s\u00e9curit\u00e9 (CPS) a publi\u00e9 des communiqu\u00e9s les 11 mars et 29 juillet 2025, rejetant la reconnaissance d\u2019un gouvernement parall\u00e8le cr\u00e9\u00e9 par les RSF et r\u00e9affirmant la n\u00e9cessit\u00e9 d\u2019un processus politique unifi\u00e9.<\/div>\n<div dir=\"auto\">Ces positions sont importantes. Mais elles restent essentiellement d\u00e9claratives, sans mise en \u0153uvre concr\u00e8te ni coordination suffisante avec les \u00c9tats membres et les blocs r\u00e9gionaux.<\/div>\n<div dir=\"auto\">Le leadership africain demeure \u00e0 renforcer.<\/div>\n<div dir=\"auto\">L\u2019Afrique ne peut pas se contenter de constater l\u2019incendie, sans comprendre que chaque conflit non ma\u00eetris\u00e9 fragilise l\u2019ensemble du continent.<\/div>\n<div dir=\"auto\">Le Soudan est le miroir de nos fragilit\u00e9s collectives :<\/div>\n<div dir=\"auto\">&#8211; la multiplication des acteurs \u00e9trangers dans nos crises internes,<\/div>\n<div dir=\"auto\">&#8211; la suspension du Soudan de l\u2019UA, symbole d\u2019une impasse diplomatique,<\/div>\n<div dir=\"auto\">&#8211; et le risque de contagion r\u00e9gionale<\/div>\n<\/div>\n<div class=\"x14z9mp xat24cr x1lziwak x1vvkbs xtlvy1s x126k92a\">\n<div dir=\"auto\">Une Union africaine \u00e0 refonder dans l\u2019action<\/div>\n<\/div>\n<div class=\"x14z9mp xat24cr x1lziwak x1vvkbs xtlvy1s x126k92a\">\n<div dir=\"auto\">L\u2019Agenda 2063 proclame une Afrique int\u00e9gr\u00e9e, pacifique et prosp\u00e8re. Mais ces ambitions resteront th\u00e9oriques tant que les m\u00e9canismes africains de pr\u00e9vention et d\u2019intervention rapide ne seront pas pleinement op\u00e9rationnels.<\/div>\n<div dir=\"auto\">L\u2019Union africaine dispose d\u00e9j\u00e0 d\u2019une architecture africaine de paix et de s\u00e9curit\u00e9 (AAPS), du M\u00e9canisme d\u2019alerte rapide, du Conseil de paix et de s\u00e9curit\u00e9, et de capacit\u00e9s r\u00e9gionales.<\/div>\n<div dir=\"auto\">Pourtant, ces instruments peinent \u00e0 produire des effets tangibles, frein\u00e9s par :<\/div>\n<div dir=\"auto\">&#8211; le manque de moyens financiers,<\/div>\n<div dir=\"auto\">&#8211; la d\u00e9pendance aux bailleurs ext\u00e9rieurs,<\/div>\n<div dir=\"auto\">&#8211; les divergences politiques entre \u00c9tats membres,<\/div>\n<div dir=\"auto\">&#8211; et des contraintes juridiques qui limitent l\u2019intervention sans consensus clair.<\/div>\n<\/div>\n<div class=\"x14z9mp xat24cr x1lziwak x1vvkbs xtlvy1s x126k92a\">\n<div dir=\"auto\">Ce n\u2019est pas d\u2019une Union \u00ab silencieuse \u00bb qu\u2019il s\u2019agit, mais d\u2019une Union qui doit passer davantage de la parole aux actes, reprendre l\u2019audace et la vision de ses fondateurs, et affirmer davantage son autonomie strat\u00e9gique dans la gestion des crises africaines.<\/div>\n<\/div>\n<div class=\"x14z9mp xat24cr x1lziwak x1vvkbs xtlvy1s x126k92a\">\n<div dir=\"auto\">L\u2019urgence d\u2019une r\u00e9ponse africaine et humanitaire<\/div>\n<\/div>\n<div class=\"x14z9mp xat24cr x1lziwak x1vvkbs xtlvy1s x126k92a\">\n<div dir=\"auto\">L\u2019Afrique doit parler d\u2019une seule voix et agir.<\/div>\n<div dir=\"auto\">Elle doit :<\/div>\n<div dir=\"auto\">&#8211; Renforcer la m\u00e9diation directe entre les bellig\u00e9rants, en soutenant les efforts d\u00e9j\u00e0 engag\u00e9s par l\u2019Intergovernmental Authority on Development (IGAD) bras diplomatique de l\u2019Afrique de l\u2019Est qui joue un r\u00f4le de m\u00e9diation r\u00e9gionale en coordination avec l\u2019Union africaine et l\u2019ONU.<\/div>\n<div dir=\"auto\">&#8211; Cr\u00e9er un corridor humanitaire africain, coordonn\u00e9 par l\u2019UA avec le soutien logistique des \u00c9tats membres ;<\/div>\n<div dir=\"auto\">&#8211; Et accompagner un dialogue politique inclusif.<\/div>\n<\/div>\n<div class=\"x14z9mp xat24cr x1lziwak x1vvkbs xtlvy1s x126k92a\">\n<div dir=\"auto\">Ce n\u2019est pas une utopie : c\u2019est une responsabilit\u00e9 continentale. Car laisser les grandes puissances avoir plus de pieds dans la d\u00e9finition du destin du Soudan, c\u2019est accepter que l\u2019Afrique reste un terrain d\u2019influence plut\u00f4t qu\u2019un acteur souverain.<\/div>\n<div dir=\"auto\">Le drame soudanais r\u00e9v\u00e8le une v\u00e9rit\u00e9 d\u00e9rangeante : notre union politique reste fragile, car notre solidarit\u00e9 reste s\u00e9lective.<\/div>\n<div dir=\"auto\">Nous d\u00e9non\u00e7ons \u00e0 juste titre les ing\u00e9rences ext\u00e9rieures, mais nous restons souvent muets face \u00e0 la souffrance de nos propres peuples.<\/div>\n<div dir=\"auto\">L\u2019Afrique ne doit pas devenir une communaut\u00e9 d\u2019indiff\u00e9rence, mais une communaut\u00e9 de destin.<\/div>\n<div dir=\"auto\">Le moment est venu pour l\u2019Union africaine d\u2019agir vraiment, non pour publier un \u00e9ni\u00e8me communiqu\u00e9, mais pour sauver des vies, r\u00e9affirmer la solidarit\u00e9 africaine, et restaurer la confiance des peuples dans leur Union. Car chaque guerre non arr\u00eat\u00e9e sur notre continent pr\u00e9pare la suivante.<\/div>\n<div dir=\"auto\"><\/div>\n<\/div>\n<div class=\"x14z9mp xat24cr x1lziwak x1vvkbs xtlvy1s x126k92a\">\n<div dir=\"auto\"><strong>Dr Harouna KABORE<\/strong><\/div>\n<\/div>\n","protected":false},"excerpt":{"rendered":"<p>L\u2019AFRIQUE ET LE MONDE REGARDENT LE SOUDAN : LE SILENCE N\u2019EST PLUS UNE OPTION !<\/p>\n","protected":false},"author":1,"featured_media":35507,"comment_status":"open","ping_status":"open","sticky":false,"template":"","format":"standard","meta":{"footnotes":""},"categories":[11],"tags":[],"class_list":["post-35501","post","type-post","status-publish","format-standard","has-post-thumbnail","hentry","category-libre-opinion"],"yoast_head":"<!-- This site is optimized with the Yoast SEO plugin v27.5 - https:\/\/yoast.com\/product\/yoast-seo-wordpress\/ -->\n<title>Soudan: Un drame humanitaire sous nos yeux - R\u00e9veil Info<\/title>\n<meta name=\"robots\" content=\"noindex, follow, max-snippet:-1, max-image-preview:large, max-video-preview:-1\" \/>\n<meta property=\"og:locale\" content=\"fr_FR\" \/>\n<meta property=\"og:type\" content=\"article\" \/>\n<meta property=\"og:title\" content=\"Soudan: Un drame humanitaire sous nos yeux - R\u00e9veil Info\" \/>\n<meta property=\"og:description\" content=\"L\u2019AFRIQUE ET LE MONDE REGARDENT LE SOUDAN : LE SILENCE N\u2019EST PLUS UNE OPTION !\" \/>\n<meta property=\"og:url\" content=\"https:\/\/reveil-info.net\/?p=35501\" \/>\n<meta property=\"og:site_name\" content=\"R\u00e9veil Info\" \/>\n<meta property=\"article:published_time\" content=\"2025-11-12T12:42:15+00:00\" \/>\n<meta property=\"og:image\" content=\"https:\/\/reveil-info.net\/wp-content\/uploads\/2025\/11\/579327772_1436218214535092_4784884118716761260_n.jpg\" \/>\n\t<meta property=\"og:image:width\" content=\"795\" \/>\n\t<meta property=\"og:image:height\" content=\"1080\" \/>\n\t<meta property=\"og:image:type\" content=\"image\/jpeg\" \/>\n<meta name=\"author\" content=\"R\u00e9veil info\" \/>\n<meta name=\"twitter:card\" content=\"summary_large_image\" \/>\n<meta name=\"twitter:label1\" content=\"\u00c9crit par\" \/>\n\t<meta name=\"twitter:data1\" content=\"R\u00e9veil info\" \/>\n\t<meta name=\"twitter:label2\" content=\"Dur\u00e9e de lecture estim\u00e9e\" \/>\n\t<meta name=\"twitter:data2\" content=\"4 minutes\" \/>\n<script type=\"application\/ld+json\" class=\"yoast-schema-graph\">{\"@context\":\"https:\\\/\\\/schema.org\",\"@graph\":[{\"@type\":\"Article\",\"@id\":\"https:\\\/\\\/reveil-info.net\\\/?p=35501#article\",\"isPartOf\":{\"@id\":\"https:\\\/\\\/reveil-info.net\\\/?p=35501\"},\"author\":{\"name\":\"R\u00e9veil info\",\"@id\":\"https:\\\/\\\/reveil-info.net\\\/#\\\/schema\\\/person\\\/ca0cc8e70088e0a2b5e92556c1ee60f5\"},\"headline\":\"Soudan: Un drame humanitaire sous nos yeux\",\"datePublished\":\"2025-11-12T12:42:15+00:00\",\"mainEntityOfPage\":{\"@id\":\"https:\\\/\\\/reveil-info.net\\\/?p=35501\"},\"wordCount\":773,\"commentCount\":0,\"publisher\":{\"@id\":\"https:\\\/\\\/reveil-info.net\\\/#organization\"},\"image\":{\"@id\":\"https:\\\/\\\/reveil-info.net\\\/?p=35501#primaryimage\"},\"thumbnailUrl\":\"https:\\\/\\\/reveil-info.net\\\/wp-content\\\/uploads\\\/2025\\\/11\\\/579327772_1436218214535092_4784884118716761260_n.jpg\",\"articleSection\":[\"Libre Opinion\"],\"inLanguage\":\"fr-FR\",\"potentialAction\":[{\"@type\":\"CommentAction\",\"name\":\"Comment\",\"target\":[\"https:\\\/\\\/reveil-info.net\\\/?p=35501#respond\"]}]},{\"@type\":\"WebPage\",\"@id\":\"https:\\\/\\\/reveil-info.net\\\/?p=35501\",\"url\":\"https:\\\/\\\/reveil-info.net\\\/?p=35501\",\"name\":\"Soudan: Un drame humanitaire sous nos yeux - R\u00e9veil Info\",\"isPartOf\":{\"@id\":\"https:\\\/\\\/reveil-info.net\\\/#website\"},\"primaryImageOfPage\":{\"@id\":\"https:\\\/\\\/reveil-info.net\\\/?p=35501#primaryimage\"},\"image\":{\"@id\":\"https:\\\/\\\/reveil-info.net\\\/?p=35501#primaryimage\"},\"thumbnailUrl\":\"https:\\\/\\\/reveil-info.net\\\/wp-content\\\/uploads\\\/2025\\\/11\\\/579327772_1436218214535092_4784884118716761260_n.jpg\",\"datePublished\":\"2025-11-12T12:42:15+00:00\",\"breadcrumb\":{\"@id\":\"https:\\\/\\\/reveil-info.net\\\/?p=35501#breadcrumb\"},\"inLanguage\":\"fr-FR\",\"potentialAction\":[{\"@type\":\"ReadAction\",\"target\":[\"https:\\\/\\\/reveil-info.net\\\/?p=35501\"]}]},{\"@type\":\"ImageObject\",\"inLanguage\":\"fr-FR\",\"@id\":\"https:\\\/\\\/reveil-info.net\\\/?p=35501#primaryimage\",\"url\":\"https:\\\/\\\/reveil-info.net\\\/wp-content\\\/uploads\\\/2025\\\/11\\\/579327772_1436218214535092_4784884118716761260_n.jpg\",\"contentUrl\":\"https:\\\/\\\/reveil-info.net\\\/wp-content\\\/uploads\\\/2025\\\/11\\\/579327772_1436218214535092_4784884118716761260_n.jpg\",\"width\":795,\"height\":1080},{\"@type\":\"BreadcrumbList\",\"@id\":\"https:\\\/\\\/reveil-info.net\\\/?p=35501#breadcrumb\",\"itemListElement\":[{\"@type\":\"ListItem\",\"position\":1,\"name\":\"Home\",\"item\":\"https:\\\/\\\/reveil-info.net\\\/\"},{\"@type\":\"ListItem\",\"position\":2,\"name\":\"Soudan: Un drame humanitaire sous nos yeux\"}]},{\"@type\":\"WebSite\",\"@id\":\"https:\\\/\\\/reveil-info.net\\\/#website\",\"url\":\"https:\\\/\\\/reveil-info.net\\\/\",\"name\":\"R\u00e9veil Info\",\"description\":\"Le devoir d&#039;informer!\",\"publisher\":{\"@id\":\"https:\\\/\\\/reveil-info.net\\\/#organization\"},\"potentialAction\":[{\"@type\":\"SearchAction\",\"target\":{\"@type\":\"EntryPoint\",\"urlTemplate\":\"https:\\\/\\\/reveil-info.net\\\/?s={search_term_string}\"},\"query-input\":{\"@type\":\"PropertyValueSpecification\",\"valueRequired\":true,\"valueName\":\"search_term_string\"}}],\"inLanguage\":\"fr-FR\"},{\"@type\":\"Organization\",\"@id\":\"https:\\\/\\\/reveil-info.net\\\/#organization\",\"name\":\"R\u00e9veil Info\",\"url\":\"https:\\\/\\\/reveil-info.net\\\/\",\"logo\":{\"@type\":\"ImageObject\",\"inLanguage\":\"fr-FR\",\"@id\":\"https:\\\/\\\/reveil-info.net\\\/#\\\/schema\\\/logo\\\/image\\\/\",\"url\":\"https:\\\/\\\/reveil-info.net\\\/wp-content\\\/uploads\\\/2024\\\/07\\\/bnddd1.jpg\",\"contentUrl\":\"https:\\\/\\\/reveil-info.net\\\/wp-content\\\/uploads\\\/2024\\\/07\\\/bnddd1.jpg\",\"width\":903,\"height\":125,\"caption\":\"R\u00e9veil Info\"},\"image\":{\"@id\":\"https:\\\/\\\/reveil-info.net\\\/#\\\/schema\\\/logo\\\/image\\\/\"}},{\"@type\":\"Person\",\"@id\":\"https:\\\/\\\/reveil-info.net\\\/#\\\/schema\\\/person\\\/ca0cc8e70088e0a2b5e92556c1ee60f5\",\"name\":\"R\u00e9veil info\",\"image\":{\"@type\":\"ImageObject\",\"inLanguage\":\"fr-FR\",\"@id\":\"https:\\\/\\\/secure.gravatar.com\\\/avatar\\\/e4ad5bb743c8b6cb174d9df6c7d30a8a16f6889731241345fc6444e6485f02af?s=96&d=mm&r=g\",\"url\":\"https:\\\/\\\/secure.gravatar.com\\\/avatar\\\/e4ad5bb743c8b6cb174d9df6c7d30a8a16f6889731241345fc6444e6485f02af?s=96&d=mm&r=g\",\"contentUrl\":\"https:\\\/\\\/secure.gravatar.com\\\/avatar\\\/e4ad5bb743c8b6cb174d9df6c7d30a8a16f6889731241345fc6444e6485f02af?s=96&d=mm&r=g\",\"caption\":\"R\u00e9veil info\"},\"sameAs\":[\"https:\\\/\\\/reveil-info.net\"],\"url\":\"https:\\\/\\\/reveil-info.net\\\/?author=1\"}]}<\/script>\n<!-- \/ Yoast SEO plugin. -->","yoast_head_json":{"title":"Soudan: Un drame humanitaire sous nos yeux - R\u00e9veil Info","robots":{"index":"noindex","follow":"follow","max-snippet":"max-snippet:-1","max-image-preview":"max-image-preview:large","max-video-preview":"max-video-preview:-1"},"og_locale":"fr_FR","og_type":"article","og_title":"Soudan: Un drame humanitaire sous nos yeux - R\u00e9veil Info","og_description":"L\u2019AFRIQUE ET LE MONDE REGARDENT LE SOUDAN : LE SILENCE N\u2019EST PLUS UNE OPTION !","og_url":"https:\/\/reveil-info.net\/?p=35501","og_site_name":"R\u00e9veil Info","article_published_time":"2025-11-12T12:42:15+00:00","og_image":[{"width":795,"height":1080,"url":"https:\/\/reveil-info.net\/wp-content\/uploads\/2025\/11\/579327772_1436218214535092_4784884118716761260_n.jpg","type":"image\/jpeg"}],"author":"R\u00e9veil info","twitter_card":"summary_large_image","twitter_misc":{"\u00c9crit par":"R\u00e9veil info","Dur\u00e9e de lecture estim\u00e9e":"4 minutes"},"schema":{"@context":"https:\/\/schema.org","@graph":[{"@type":"Article","@id":"https:\/\/reveil-info.net\/?p=35501#article","isPartOf":{"@id":"https:\/\/reveil-info.net\/?p=35501"},"author":{"name":"R\u00e9veil info","@id":"https:\/\/reveil-info.net\/#\/schema\/person\/ca0cc8e70088e0a2b5e92556c1ee60f5"},"headline":"Soudan: Un drame humanitaire sous nos yeux","datePublished":"2025-11-12T12:42:15+00:00","mainEntityOfPage":{"@id":"https:\/\/reveil-info.net\/?p=35501"},"wordCount":773,"commentCount":0,"publisher":{"@id":"https:\/\/reveil-info.net\/#organization"},"image":{"@id":"https:\/\/reveil-info.net\/?p=35501#primaryimage"},"thumbnailUrl":"https:\/\/reveil-info.net\/wp-content\/uploads\/2025\/11\/579327772_1436218214535092_4784884118716761260_n.jpg","articleSection":["Libre Opinion"],"inLanguage":"fr-FR","potentialAction":[{"@type":"CommentAction","name":"Comment","target":["https:\/\/reveil-info.net\/?p=35501#respond"]}]},{"@type":"WebPage","@id":"https:\/\/reveil-info.net\/?p=35501","url":"https:\/\/reveil-info.net\/?p=35501","name":"Soudan: Un drame humanitaire sous nos yeux - R\u00e9veil Info","isPartOf":{"@id":"https:\/\/reveil-info.net\/#website"},"primaryImageOfPage":{"@id":"https:\/\/reveil-info.net\/?p=35501#primaryimage"},"image":{"@id":"https:\/\/reveil-info.net\/?p=35501#primaryimage"},"thumbnailUrl":"https:\/\/reveil-info.net\/wp-content\/uploads\/2025\/11\/579327772_1436218214535092_4784884118716761260_n.jpg","datePublished":"2025-11-12T12:42:15+00:00","breadcrumb":{"@id":"https:\/\/reveil-info.net\/?p=35501#breadcrumb"},"inLanguage":"fr-FR","potentialAction":[{"@type":"ReadAction","target":["https:\/\/reveil-info.net\/?p=35501"]}]},{"@type":"ImageObject","inLanguage":"fr-FR","@id":"https:\/\/reveil-info.net\/?p=35501#primaryimage","url":"https:\/\/reveil-info.net\/wp-content\/uploads\/2025\/11\/579327772_1436218214535092_4784884118716761260_n.jpg","contentUrl":"https:\/\/reveil-info.net\/wp-content\/uploads\/2025\/11\/579327772_1436218214535092_4784884118716761260_n.jpg","width":795,"height":1080},{"@type":"BreadcrumbList","@id":"https:\/\/reveil-info.net\/?p=35501#breadcrumb","itemListElement":[{"@type":"ListItem","position":1,"name":"Home","item":"https:\/\/reveil-info.net\/"},{"@type":"ListItem","position":2,"name":"Soudan: Un drame humanitaire sous nos yeux"}]},{"@type":"WebSite","@id":"https:\/\/reveil-info.net\/#website","url":"https:\/\/reveil-info.net\/","name":"R\u00e9veil Info","description":"Le devoir d&#039;informer!","publisher":{"@id":"https:\/\/reveil-info.net\/#organization"},"potentialAction":[{"@type":"SearchAction","target":{"@type":"EntryPoint","urlTemplate":"https:\/\/reveil-info.net\/?s={search_term_string}"},"query-input":{"@type":"PropertyValueSpecification","valueRequired":true,"valueName":"search_term_string"}}],"inLanguage":"fr-FR"},{"@type":"Organization","@id":"https:\/\/reveil-info.net\/#organization","name":"R\u00e9veil Info","url":"https:\/\/reveil-info.net\/","logo":{"@type":"ImageObject","inLanguage":"fr-FR","@id":"https:\/\/reveil-info.net\/#\/schema\/logo\/image\/","url":"https:\/\/reveil-info.net\/wp-content\/uploads\/2024\/07\/bnddd1.jpg","contentUrl":"https:\/\/reveil-info.net\/wp-content\/uploads\/2024\/07\/bnddd1.jpg","width":903,"height":125,"caption":"R\u00e9veil Info"},"image":{"@id":"https:\/\/reveil-info.net\/#\/schema\/logo\/image\/"}},{"@type":"Person","@id":"https:\/\/reveil-info.net\/#\/schema\/person\/ca0cc8e70088e0a2b5e92556c1ee60f5","name":"R\u00e9veil info","image":{"@type":"ImageObject","inLanguage":"fr-FR","@id":"https:\/\/secure.gravatar.com\/avatar\/e4ad5bb743c8b6cb174d9df6c7d30a8a16f6889731241345fc6444e6485f02af?s=96&d=mm&r=g","url":"https:\/\/secure.gravatar.com\/avatar\/e4ad5bb743c8b6cb174d9df6c7d30a8a16f6889731241345fc6444e6485f02af?s=96&d=mm&r=g","contentUrl":"https:\/\/secure.gravatar.com\/avatar\/e4ad5bb743c8b6cb174d9df6c7d30a8a16f6889731241345fc6444e6485f02af?s=96&d=mm&r=g","caption":"R\u00e9veil info"},"sameAs":["https:\/\/reveil-info.net"],"url":"https:\/\/reveil-info.net\/?author=1"}]}},"jetpack_featured_media_url":"https:\/\/reveil-info.net\/wp-content\/uploads\/2025\/11\/579327772_1436218214535092_4784884118716761260_n.jpg","featured_image_urls":{"full":["https:\/\/reveil-info.net\/wp-content\/uploads\/2025\/11\/579327772_1436218214535092_4784884118716761260_n.jpg",795,1080,false],"thumbnail":["https:\/\/reveil-info.net\/wp-content\/uploads\/2025\/11\/579327772_1436218214535092_4784884118716761260_n-150x150.jpg",150,150,true],"medium":["https:\/\/reveil-info.net\/wp-content\/uploads\/2025\/11\/579327772_1436218214535092_4784884118716761260_n-221x300.jpg",221,300,true],"medium_large":["https:\/\/reveil-info.net\/wp-content\/uploads\/2025\/11\/579327772_1436218214535092_4784884118716761260_n-768x1043.jpg",640,869,true],"large":["https:\/\/reveil-info.net\/wp-content\/uploads\/2025\/11\/579327772_1436218214535092_4784884118716761260_n-754x1024.jpg",640,869,true],"1536x1536":["https:\/\/reveil-info.net\/wp-content\/uploads\/2025\/11\/579327772_1436218214535092_4784884118716761260_n.jpg",795,1080,false],"2048x2048":["https:\/\/reveil-info.net\/wp-content\/uploads\/2025\/11\/579327772_1436218214535092_4784884118716761260_n.jpg",795,1080,false],"chromenews-featured":["https:\/\/reveil-info.net\/wp-content\/uploads\/2025\/11\/579327772_1436218214535092_4784884118716761260_n.jpg",795,1080,false],"chromenews-large":["https:\/\/reveil-info.net\/wp-content\/uploads\/2025\/11\/579327772_1436218214535092_4784884118716761260_n-795x575.jpg",795,575,true],"chromenews-medium":["https:\/\/reveil-info.net\/wp-content\/uploads\/2025\/11\/579327772_1436218214535092_4784884118716761260_n-590x410.jpg",590,410,true]},"author_info":{"display_name":"R\u00e9veil info","author_link":"https:\/\/reveil-info.net\/?author=1"},"category_info":"<a href=\"https:\/\/reveil-info.net\/?cat=11\" rel=\"category\">Libre Opinion<\/a>","tag_info":"Libre Opinion","comment_count":"0","_links":{"self":[{"href":"https:\/\/reveil-info.net\/index.php?rest_route=\/wp\/v2\/posts\/35501","targetHints":{"allow":["GET"]}}],"collection":[{"href":"https:\/\/reveil-info.net\/index.php?rest_route=\/wp\/v2\/posts"}],"about":[{"href":"https:\/\/reveil-info.net\/index.php?rest_route=\/wp\/v2\/types\/post"}],"author":[{"embeddable":true,"href":"https:\/\/reveil-info.net\/index.php?rest_route=\/wp\/v2\/users\/1"}],"replies":[{"embeddable":true,"href":"https:\/\/reveil-info.net\/index.php?rest_route=%2Fwp%2Fv2%2Fcomments&post=35501"}],"version-history":[{"count":6,"href":"https:\/\/reveil-info.net\/index.php?rest_route=\/wp\/v2\/posts\/35501\/revisions"}],"predecessor-version":[{"id":35508,"href":"https:\/\/reveil-info.net\/index.php?rest_route=\/wp\/v2\/posts\/35501\/revisions\/35508"}],"wp:featuredmedia":[{"embeddable":true,"href":"https:\/\/reveil-info.net\/index.php?rest_route=\/wp\/v2\/media\/35507"}],"wp:attachment":[{"href":"https:\/\/reveil-info.net\/index.php?rest_route=%2Fwp%2Fv2%2Fmedia&parent=35501"}],"wp:term":[{"taxonomy":"category","embeddable":true,"href":"https:\/\/reveil-info.net\/index.php?rest_route=%2Fwp%2Fv2%2Fcategories&post=35501"},{"taxonomy":"post_tag","embeddable":true,"href":"https:\/\/reveil-info.net\/index.php?rest_route=%2Fwp%2Fv2%2Ftags&post=35501"}],"curies":[{"name":"wp","href":"https:\/\/api.w.org\/{rel}","templated":true}]}}