{"id":35288,"date":"2025-11-08T17:51:40","date_gmt":"2025-11-08T17:51:40","guid":{"rendered":"https:\/\/reveil-info.net\/?p=35288"},"modified":"2025-11-08T17:51:40","modified_gmt":"2025-11-08T17:51:40","slug":"aide-medicale-durgence-le-samu-desormais-operationnel-dans-le-guiriko","status":"publish","type":"post","link":"https:\/\/reveil-info.net\/?p=35288","title":{"rendered":"Aide m\u00e9dicale d&rsquo;urgence : le SAMU d\u00e9sormais op\u00e9rationnel dans le Guiriko"},"content":{"rendered":"<p>Le Premier ministre, Rimtalba Jean Emmanuel Ou\u00e9draogo, a proc\u00e9d\u00e9 ce samedi 8 novembre 2025 au lancement officiel du Service d\u2019Aide M\u00e9dicale Urgente (SAMU) de Bobo-Dioulasso, marquant une \u00e9tape majeure dans le renforcement de la prise en charge des urgences m\u00e9dicales dans la r\u00e9gion du Guiriko.<\/p>\n<p><img loading=\"lazy\" decoding=\"async\" class=\"alignnone size-full wp-image-35290\" src=\"https:\/\/reveil-info.net\/wp-content\/uploads\/2025\/11\/FB_IMG_17626239751034122.jpg\" alt=\"\" width=\"720\" height=\"491\" srcset=\"https:\/\/reveil-info.net\/wp-content\/uploads\/2025\/11\/FB_IMG_17626239751034122.jpg 720w, https:\/\/reveil-info.net\/wp-content\/uploads\/2025\/11\/FB_IMG_17626239751034122-300x205.jpg 300w\" sizes=\"auto, (max-width: 720px) 100vw, 720px\" \/><br \/>\n\u200e<br \/>\n\u200eApr\u00e8s le lancement de l\u2019antenne de Ouagadougou en avril dernier, c\u2019est d\u00e9sormais la cit\u00e9 de Sya qui b\u00e9n\u00e9ficie de ce service strat\u00e9gique. Les r\u00e9sultats enregistr\u00e9s dans la capitale sont d\u00e9j\u00e0 probants : des milliers d\u2019appels et des centaines d\u2019interventions r\u00e9ussies, confirmant le besoin r\u00e9el en soins pr\u00e9-hospitaliers au Burkina Faso.<\/p>\n<p><img loading=\"lazy\" decoding=\"async\" class=\"alignnone size-full wp-image-35292\" src=\"https:\/\/reveil-info.net\/wp-content\/uploads\/2025\/11\/FB_IMG_17626239789106262.jpg\" alt=\"\" width=\"720\" height=\"472\" srcset=\"https:\/\/reveil-info.net\/wp-content\/uploads\/2025\/11\/FB_IMG_17626239789106262.jpg 720w, https:\/\/reveil-info.net\/wp-content\/uploads\/2025\/11\/FB_IMG_17626239789106262-300x197.jpg 300w\" sizes=\"auto, (max-width: 720px) 100vw, 720px\" \/><br \/>\n\u200e<br \/>\n\u200eD\u00e9sormais, les habitants du Guiriko et des r\u00e9gions environnantes disposent de professionnels qualifi\u00e9s, disponibles 24 h\/24 et 7 j\/7, accessibles via le num\u00e9ro d\u2019appel court et gratuit : 15. Cette initiative concr\u00e9tise l\u2019engagement du Pr\u00e9sident du Faso, le Capitaine Ibrahim Traor\u00e9, \u00e0 garantir de meilleurs soins de sant\u00e9 aux populations.<\/p>\n<p><img loading=\"lazy\" decoding=\"async\" class=\"alignnone size-full wp-image-35293\" src=\"https:\/\/reveil-info.net\/wp-content\/uploads\/2025\/11\/FB_IMG_17626239831530861.jpg\" alt=\"\" width=\"720\" height=\"547\" srcset=\"https:\/\/reveil-info.net\/wp-content\/uploads\/2025\/11\/FB_IMG_17626239831530861.jpg 720w, https:\/\/reveil-info.net\/wp-content\/uploads\/2025\/11\/FB_IMG_17626239831530861-300x228.jpg 300w\" sizes=\"auto, (max-width: 720px) 100vw, 720px\" \/><br \/>\n\u200e<br \/>\n\u200eDans un esprit d\u2019\u00e9quit\u00e9 et de justice sociale, le Gouvernement a d\u00e9cid\u00e9 que les soins d\u2019urgence prodigu\u00e9s par le SAMU soient enti\u00e8rement gratuits pour tous, afin qu\u2019aucun Burkinab\u00e8 ne perde la vie faute de moyens pour recevoir les premiers soins. Les \u00e9quipes d\u2019intervention sont pr\u00eates \u00e0 agir partout o\u00f9 survient une urgence sanitaire, pour prodiguer les premiers gestes et, au besoin, assurer la r\u00e9gulation et le transfert vers les structures hospitali\u00e8res adapt\u00e9es.<\/p>\n<p><img loading=\"lazy\" decoding=\"async\" class=\"alignnone size-full wp-image-35295\" src=\"https:\/\/reveil-info.net\/wp-content\/uploads\/2025\/11\/FB_IMG_17626239895830375.jpg\" alt=\"\" width=\"720\" height=\"477\" srcset=\"https:\/\/reveil-info.net\/wp-content\/uploads\/2025\/11\/FB_IMG_17626239895830375.jpg 720w, https:\/\/reveil-info.net\/wp-content\/uploads\/2025\/11\/FB_IMG_17626239895830375-300x199.jpg 300w\" sizes=\"auto, (max-width: 720px) 100vw, 720px\" \/><br \/>\n\u200e<br \/>\n\u200eAu-del\u00e0 des urgences individuelles, le SAMU joue un r\u00f4le strat\u00e9gique dans la s\u00e9curit\u00e9 sanitaire des grandes manifestations et dans la mise en \u0153uvre des plans d\u2019urgence nationaux. En coordination avec les forces de protection civile, le service a d\u00e9j\u00e0 assur\u00e9 cette mission lors d\u2019\u00e9v\u00e9nements majeurs tels que le FESPACO et le Tour cycliste du Faso.<br \/>\n\u200e<br \/>\n\u200ePour les acteurs de sant\u00e9, le SAMU constitue d\u00e9sormais \u00ab le cha\u00eenon manquant du syst\u00e8me pr\u00e9-hospitalier \u00bb : gr\u00e2ce \u00e0 une r\u00e9gulation m\u00e9dicale efficace, chaque patient sera orient\u00e9 au bon endroit, au bon moment, pour b\u00e9n\u00e9ficier de soins adapt\u00e9s \u00e0 son \u00e9tat.<br \/>\n\u200e<br \/>\n\u200eCette r\u00e9alisation s\u2019inscrit dans le cadre de l\u2019Initiative pr\u00e9sidentielle pour une sant\u00e9 de qualit\u00e9, qui vise \u00e0 renforcer les infrastructures sanitaires et \u00e0 am\u00e9liorer le plateau technique sur l\u2019ensemble du territoire national.<br \/>\n\u200e<br \/>\n\u200eTransmettant le message du Chef du Gouvernement, le ministre de la Sant\u00e9 et de l\u2019Hygi\u00e8ne publique, Dr Robert Lucien Jean-Claude Kargougou, a lanc\u00e9 un appel solennel \u00e0 la responsabilit\u00e9 citoyenne :<br \/>\n\u200e\u00ab Ces professionnels sont l\u00e0 pour vous servir. Je vous invite \u00e0 les accompagner dans leur mission et \u00e0 utiliser ces services avec civisme et discernement, car il s\u2019agit avant tout de sauver des vies. \u00bb<br \/>\n\u200e<br \/>\n\u200eLe lancement de l\u2019antenne r\u00e9gionale du SAMU de Bobo-Dioulasso marque une nouvelle \u00e9tape du d\u00e9ploiement national du dispositif, qui s\u2019\u00e9tendra progressivement \u00e0 d\u2019autres r\u00e9gions afin de renforcer la capacit\u00e9 du syst\u00e8me de sant\u00e9 \u00e0 faire face \u00e0 toutes les situations de d\u00e9tresse m\u00e9dicale.<br \/>\n\u200e<br \/>\n\u200eCette initiative illustre, une fois de plus, la d\u00e9termination du Gouvernement \u00e0 b\u00e2tir un syst\u00e8me de sant\u00e9 robuste, r\u00e9silient et \u00e9quitable, capable de r\u00e9pondre efficacement aux besoins des populations burkinab\u00e8.<br \/>\n\u200e<br \/>\n\u200eDCRP\/Primature<\/p>\n","protected":false},"excerpt":{"rendered":"<p>Le Premier ministre, Rimtalba Jean Emmanuel Ou\u00e9draogo, a proc\u00e9d\u00e9 ce samedi 8 novembre 2025 au<\/p>\n","protected":false},"author":1,"featured_media":35296,"comment_status":"open","ping_status":"open","sticky":false,"template":"","format":"standard","meta":{"footnotes":""},"categories":[2],"tags":[],"class_list":["post-35288","post","type-post","status-publish","format-standard","has-post-thumbnail","hentry","category-actu"],"yoast_head":"<!-- This site is optimized with the Yoast SEO plugin v27.5 - https:\/\/yoast.com\/product\/yoast-seo-wordpress\/ -->\n<title>Aide m\u00e9dicale d&#039;urgence : le SAMU d\u00e9sormais op\u00e9rationnel dans le Guiriko - R\u00e9veil Info<\/title>\n<meta name=\"robots\" content=\"noindex, follow, max-snippet:-1, max-image-preview:large, max-video-preview:-1\" \/>\n<meta property=\"og:locale\" content=\"fr_FR\" \/>\n<meta property=\"og:type\" content=\"article\" \/>\n<meta property=\"og:title\" content=\"Aide m\u00e9dicale d&#039;urgence : le SAMU d\u00e9sormais op\u00e9rationnel dans le Guiriko - R\u00e9veil Info\" \/>\n<meta property=\"og:description\" content=\"Le Premier ministre, Rimtalba Jean Emmanuel Ou\u00e9draogo, a proc\u00e9d\u00e9 ce samedi 8 novembre 2025 au\" \/>\n<meta property=\"og:url\" content=\"https:\/\/reveil-info.net\/?p=35288\" \/>\n<meta property=\"og:site_name\" content=\"R\u00e9veil Info\" \/>\n<meta property=\"article:published_time\" content=\"2025-11-08T17:51:40+00:00\" \/>\n<meta property=\"og:image\" content=\"https:\/\/reveil-info.net\/wp-content\/uploads\/2025\/11\/FB_IMG_17626239714086001.jpg\" \/>\n\t<meta property=\"og:image:width\" content=\"720\" \/>\n\t<meta property=\"og:image:height\" content=\"438\" \/>\n\t<meta property=\"og:image:type\" content=\"image\/jpeg\" \/>\n<meta name=\"author\" content=\"R\u00e9veil info\" \/>\n<meta name=\"twitter:card\" content=\"summary_large_image\" \/>\n<meta name=\"twitter:label1\" content=\"\u00c9crit par\" \/>\n\t<meta name=\"twitter:data1\" content=\"R\u00e9veil info\" \/>\n\t<meta name=\"twitter:label2\" content=\"Dur\u00e9e de lecture estim\u00e9e\" \/>\n\t<meta name=\"twitter:data2\" content=\"4 minutes\" \/>\n<script type=\"application\/ld+json\" class=\"yoast-schema-graph\">{\"@context\":\"https:\\\/\\\/schema.org\",\"@graph\":[{\"@type\":\"Article\",\"@id\":\"https:\\\/\\\/reveil-info.net\\\/?p=35288#article\",\"isPartOf\":{\"@id\":\"https:\\\/\\\/reveil-info.net\\\/?p=35288\"},\"author\":{\"name\":\"R\u00e9veil info\",\"@id\":\"https:\\\/\\\/reveil-info.net\\\/#\\\/schema\\\/person\\\/ca0cc8e70088e0a2b5e92556c1ee60f5\"},\"headline\":\"Aide m\u00e9dicale d&rsquo;urgence : le SAMU d\u00e9sormais op\u00e9rationnel dans le Guiriko\",\"datePublished\":\"2025-11-08T17:51:40+00:00\",\"mainEntityOfPage\":{\"@id\":\"https:\\\/\\\/reveil-info.net\\\/?p=35288\"},\"wordCount\":556,\"commentCount\":0,\"publisher\":{\"@id\":\"https:\\\/\\\/reveil-info.net\\\/#organization\"},\"image\":{\"@id\":\"https:\\\/\\\/reveil-info.net\\\/?p=35288#primaryimage\"},\"thumbnailUrl\":\"https:\\\/\\\/reveil-info.net\\\/wp-content\\\/uploads\\\/2025\\\/11\\\/FB_IMG_17626239714086001.jpg\",\"articleSection\":[\"Actualit\u00e9\"],\"inLanguage\":\"fr-FR\",\"potentialAction\":[{\"@type\":\"CommentAction\",\"name\":\"Comment\",\"target\":[\"https:\\\/\\\/reveil-info.net\\\/?p=35288#respond\"]}]},{\"@type\":\"WebPage\",\"@id\":\"https:\\\/\\\/reveil-info.net\\\/?p=35288\",\"url\":\"https:\\\/\\\/reveil-info.net\\\/?p=35288\",\"name\":\"Aide m\u00e9dicale d'urgence : le SAMU d\u00e9sormais op\u00e9rationnel dans le Guiriko - R\u00e9veil Info\",\"isPartOf\":{\"@id\":\"https:\\\/\\\/reveil-info.net\\\/#website\"},\"primaryImageOfPage\":{\"@id\":\"https:\\\/\\\/reveil-info.net\\\/?p=35288#primaryimage\"},\"image\":{\"@id\":\"https:\\\/\\\/reveil-info.net\\\/?p=35288#primaryimage\"},\"thumbnailUrl\":\"https:\\\/\\\/reveil-info.net\\\/wp-content\\\/uploads\\\/2025\\\/11\\\/FB_IMG_17626239714086001.jpg\",\"datePublished\":\"2025-11-08T17:51:40+00:00\",\"breadcrumb\":{\"@id\":\"https:\\\/\\\/reveil-info.net\\\/?p=35288#breadcrumb\"},\"inLanguage\":\"fr-FR\",\"potentialAction\":[{\"@type\":\"ReadAction\",\"target\":[\"https:\\\/\\\/reveil-info.net\\\/?p=35288\"]}]},{\"@type\":\"ImageObject\",\"inLanguage\":\"fr-FR\",\"@id\":\"https:\\\/\\\/reveil-info.net\\\/?p=35288#primaryimage\",\"url\":\"https:\\\/\\\/reveil-info.net\\\/wp-content\\\/uploads\\\/2025\\\/11\\\/FB_IMG_17626239714086001.jpg\",\"contentUrl\":\"https:\\\/\\\/reveil-info.net\\\/wp-content\\\/uploads\\\/2025\\\/11\\\/FB_IMG_17626239714086001.jpg\",\"width\":720,\"height\":438},{\"@type\":\"BreadcrumbList\",\"@id\":\"https:\\\/\\\/reveil-info.net\\\/?p=35288#breadcrumb\",\"itemListElement\":[{\"@type\":\"ListItem\",\"position\":1,\"name\":\"Home\",\"item\":\"https:\\\/\\\/reveil-info.net\\\/\"},{\"@type\":\"ListItem\",\"position\":2,\"name\":\"Aide m\u00e9dicale d&rsquo;urgence : le SAMU d\u00e9sormais op\u00e9rationnel dans le Guiriko\"}]},{\"@type\":\"WebSite\",\"@id\":\"https:\\\/\\\/reveil-info.net\\\/#website\",\"url\":\"https:\\\/\\\/reveil-info.net\\\/\",\"name\":\"R\u00e9veil Info\",\"description\":\"Le devoir d&#039;informer!\",\"publisher\":{\"@id\":\"https:\\\/\\\/reveil-info.net\\\/#organization\"},\"potentialAction\":[{\"@type\":\"SearchAction\",\"target\":{\"@type\":\"EntryPoint\",\"urlTemplate\":\"https:\\\/\\\/reveil-info.net\\\/?s={search_term_string}\"},\"query-input\":{\"@type\":\"PropertyValueSpecification\",\"valueRequired\":true,\"valueName\":\"search_term_string\"}}],\"inLanguage\":\"fr-FR\"},{\"@type\":\"Organization\",\"@id\":\"https:\\\/\\\/reveil-info.net\\\/#organization\",\"name\":\"R\u00e9veil Info\",\"url\":\"https:\\\/\\\/reveil-info.net\\\/\",\"logo\":{\"@type\":\"ImageObject\",\"inLanguage\":\"fr-FR\",\"@id\":\"https:\\\/\\\/reveil-info.net\\\/#\\\/schema\\\/logo\\\/image\\\/\",\"url\":\"https:\\\/\\\/reveil-info.net\\\/wp-content\\\/uploads\\\/2024\\\/07\\\/bnddd1.jpg\",\"contentUrl\":\"https:\\\/\\\/reveil-info.net\\\/wp-content\\\/uploads\\\/2024\\\/07\\\/bnddd1.jpg\",\"width\":903,\"height\":125,\"caption\":\"R\u00e9veil Info\"},\"image\":{\"@id\":\"https:\\\/\\\/reveil-info.net\\\/#\\\/schema\\\/logo\\\/image\\\/\"}},{\"@type\":\"Person\",\"@id\":\"https:\\\/\\\/reveil-info.net\\\/#\\\/schema\\\/person\\\/ca0cc8e70088e0a2b5e92556c1ee60f5\",\"name\":\"R\u00e9veil info\",\"image\":{\"@type\":\"ImageObject\",\"inLanguage\":\"fr-FR\",\"@id\":\"https:\\\/\\\/secure.gravatar.com\\\/avatar\\\/e4ad5bb743c8b6cb174d9df6c7d30a8a16f6889731241345fc6444e6485f02af?s=96&d=mm&r=g\",\"url\":\"https:\\\/\\\/secure.gravatar.com\\\/avatar\\\/e4ad5bb743c8b6cb174d9df6c7d30a8a16f6889731241345fc6444e6485f02af?s=96&d=mm&r=g\",\"contentUrl\":\"https:\\\/\\\/secure.gravatar.com\\\/avatar\\\/e4ad5bb743c8b6cb174d9df6c7d30a8a16f6889731241345fc6444e6485f02af?s=96&d=mm&r=g\",\"caption\":\"R\u00e9veil info\"},\"sameAs\":[\"https:\\\/\\\/reveil-info.net\"],\"url\":\"https:\\\/\\\/reveil-info.net\\\/?author=1\"}]}<\/script>\n<!-- \/ Yoast SEO plugin. -->","yoast_head_json":{"title":"Aide m\u00e9dicale d'urgence : le SAMU d\u00e9sormais op\u00e9rationnel dans le Guiriko - R\u00e9veil Info","robots":{"index":"noindex","follow":"follow","max-snippet":"max-snippet:-1","max-image-preview":"max-image-preview:large","max-video-preview":"max-video-preview:-1"},"og_locale":"fr_FR","og_type":"article","og_title":"Aide m\u00e9dicale d'urgence : le SAMU d\u00e9sormais op\u00e9rationnel dans le Guiriko - R\u00e9veil Info","og_description":"Le Premier ministre, Rimtalba Jean Emmanuel Ou\u00e9draogo, a proc\u00e9d\u00e9 ce samedi 8 novembre 2025 au","og_url":"https:\/\/reveil-info.net\/?p=35288","og_site_name":"R\u00e9veil Info","article_published_time":"2025-11-08T17:51:40+00:00","og_image":[{"width":720,"height":438,"url":"https:\/\/reveil-info.net\/wp-content\/uploads\/2025\/11\/FB_IMG_17626239714086001.jpg","type":"image\/jpeg"}],"author":"R\u00e9veil info","twitter_card":"summary_large_image","twitter_misc":{"\u00c9crit par":"R\u00e9veil info","Dur\u00e9e de lecture estim\u00e9e":"4 minutes"},"schema":{"@context":"https:\/\/schema.org","@graph":[{"@type":"Article","@id":"https:\/\/reveil-info.net\/?p=35288#article","isPartOf":{"@id":"https:\/\/reveil-info.net\/?p=35288"},"author":{"name":"R\u00e9veil info","@id":"https:\/\/reveil-info.net\/#\/schema\/person\/ca0cc8e70088e0a2b5e92556c1ee60f5"},"headline":"Aide m\u00e9dicale d&rsquo;urgence : le SAMU d\u00e9sormais op\u00e9rationnel dans le Guiriko","datePublished":"2025-11-08T17:51:40+00:00","mainEntityOfPage":{"@id":"https:\/\/reveil-info.net\/?p=35288"},"wordCount":556,"commentCount":0,"publisher":{"@id":"https:\/\/reveil-info.net\/#organization"},"image":{"@id":"https:\/\/reveil-info.net\/?p=35288#primaryimage"},"thumbnailUrl":"https:\/\/reveil-info.net\/wp-content\/uploads\/2025\/11\/FB_IMG_17626239714086001.jpg","articleSection":["Actualit\u00e9"],"inLanguage":"fr-FR","potentialAction":[{"@type":"CommentAction","name":"Comment","target":["https:\/\/reveil-info.net\/?p=35288#respond"]}]},{"@type":"WebPage","@id":"https:\/\/reveil-info.net\/?p=35288","url":"https:\/\/reveil-info.net\/?p=35288","name":"Aide m\u00e9dicale d'urgence : le SAMU d\u00e9sormais op\u00e9rationnel dans le Guiriko - R\u00e9veil Info","isPartOf":{"@id":"https:\/\/reveil-info.net\/#website"},"primaryImageOfPage":{"@id":"https:\/\/reveil-info.net\/?p=35288#primaryimage"},"image":{"@id":"https:\/\/reveil-info.net\/?p=35288#primaryimage"},"thumbnailUrl":"https:\/\/reveil-info.net\/wp-content\/uploads\/2025\/11\/FB_IMG_17626239714086001.jpg","datePublished":"2025-11-08T17:51:40+00:00","breadcrumb":{"@id":"https:\/\/reveil-info.net\/?p=35288#breadcrumb"},"inLanguage":"fr-FR","potentialAction":[{"@type":"ReadAction","target":["https:\/\/reveil-info.net\/?p=35288"]}]},{"@type":"ImageObject","inLanguage":"fr-FR","@id":"https:\/\/reveil-info.net\/?p=35288#primaryimage","url":"https:\/\/reveil-info.net\/wp-content\/uploads\/2025\/11\/FB_IMG_17626239714086001.jpg","contentUrl":"https:\/\/reveil-info.net\/wp-content\/uploads\/2025\/11\/FB_IMG_17626239714086001.jpg","width":720,"height":438},{"@type":"BreadcrumbList","@id":"https:\/\/reveil-info.net\/?p=35288#breadcrumb","itemListElement":[{"@type":"ListItem","position":1,"name":"Home","item":"https:\/\/reveil-info.net\/"},{"@type":"ListItem","position":2,"name":"Aide m\u00e9dicale d&rsquo;urgence : le SAMU d\u00e9sormais op\u00e9rationnel dans le Guiriko"}]},{"@type":"WebSite","@id":"https:\/\/reveil-info.net\/#website","url":"https:\/\/reveil-info.net\/","name":"R\u00e9veil Info","description":"Le devoir d&#039;informer!","publisher":{"@id":"https:\/\/reveil-info.net\/#organization"},"potentialAction":[{"@type":"SearchAction","target":{"@type":"EntryPoint","urlTemplate":"https:\/\/reveil-info.net\/?s={search_term_string}"},"query-input":{"@type":"PropertyValueSpecification","valueRequired":true,"valueName":"search_term_string"}}],"inLanguage":"fr-FR"},{"@type":"Organization","@id":"https:\/\/reveil-info.net\/#organization","name":"R\u00e9veil Info","url":"https:\/\/reveil-info.net\/","logo":{"@type":"ImageObject","inLanguage":"fr-FR","@id":"https:\/\/reveil-info.net\/#\/schema\/logo\/image\/","url":"https:\/\/reveil-info.net\/wp-content\/uploads\/2024\/07\/bnddd1.jpg","contentUrl":"https:\/\/reveil-info.net\/wp-content\/uploads\/2024\/07\/bnddd1.jpg","width":903,"height":125,"caption":"R\u00e9veil Info"},"image":{"@id":"https:\/\/reveil-info.net\/#\/schema\/logo\/image\/"}},{"@type":"Person","@id":"https:\/\/reveil-info.net\/#\/schema\/person\/ca0cc8e70088e0a2b5e92556c1ee60f5","name":"R\u00e9veil info","image":{"@type":"ImageObject","inLanguage":"fr-FR","@id":"https:\/\/secure.gravatar.com\/avatar\/e4ad5bb743c8b6cb174d9df6c7d30a8a16f6889731241345fc6444e6485f02af?s=96&d=mm&r=g","url":"https:\/\/secure.gravatar.com\/avatar\/e4ad5bb743c8b6cb174d9df6c7d30a8a16f6889731241345fc6444e6485f02af?s=96&d=mm&r=g","contentUrl":"https:\/\/secure.gravatar.com\/avatar\/e4ad5bb743c8b6cb174d9df6c7d30a8a16f6889731241345fc6444e6485f02af?s=96&d=mm&r=g","caption":"R\u00e9veil info"},"sameAs":["https:\/\/reveil-info.net"],"url":"https:\/\/reveil-info.net\/?author=1"}]}},"jetpack_featured_media_url":"https:\/\/reveil-info.net\/wp-content\/uploads\/2025\/11\/FB_IMG_17626239714086001.jpg","featured_image_urls":{"full":["https:\/\/reveil-info.net\/wp-content\/uploads\/2025\/11\/FB_IMG_17626239714086001.jpg",720,438,false],"thumbnail":["https:\/\/reveil-info.net\/wp-content\/uploads\/2025\/11\/FB_IMG_17626239714086001-150x150.jpg",150,150,true],"medium":["https:\/\/reveil-info.net\/wp-content\/uploads\/2025\/11\/FB_IMG_17626239714086001-300x183.jpg",300,183,true],"medium_large":["https:\/\/reveil-info.net\/wp-content\/uploads\/2025\/11\/FB_IMG_17626239714086001.jpg",640,389,false],"large":["https:\/\/reveil-info.net\/wp-content\/uploads\/2025\/11\/FB_IMG_17626239714086001.jpg",640,389,false],"1536x1536":["https:\/\/reveil-info.net\/wp-content\/uploads\/2025\/11\/FB_IMG_17626239714086001.jpg",720,438,false],"2048x2048":["https:\/\/reveil-info.net\/wp-content\/uploads\/2025\/11\/FB_IMG_17626239714086001.jpg",720,438,false],"chromenews-featured":["https:\/\/reveil-info.net\/wp-content\/uploads\/2025\/11\/FB_IMG_17626239714086001.jpg",720,438,false],"chromenews-large":["https:\/\/reveil-info.net\/wp-content\/uploads\/2025\/11\/FB_IMG_17626239714086001.jpg",720,438,false],"chromenews-medium":["https:\/\/reveil-info.net\/wp-content\/uploads\/2025\/11\/FB_IMG_17626239714086001-590x410.jpg",590,410,true]},"author_info":{"display_name":"R\u00e9veil info","author_link":"https:\/\/reveil-info.net\/?author=1"},"category_info":"<a href=\"https:\/\/reveil-info.net\/?cat=2\" rel=\"category\">Actualit\u00e9<\/a>","tag_info":"Actualit\u00e9","comment_count":"0","_links":{"self":[{"href":"https:\/\/reveil-info.net\/index.php?rest_route=\/wp\/v2\/posts\/35288","targetHints":{"allow":["GET"]}}],"collection":[{"href":"https:\/\/reveil-info.net\/index.php?rest_route=\/wp\/v2\/posts"}],"about":[{"href":"https:\/\/reveil-info.net\/index.php?rest_route=\/wp\/v2\/types\/post"}],"author":[{"embeddable":true,"href":"https:\/\/reveil-info.net\/index.php?rest_route=\/wp\/v2\/users\/1"}],"replies":[{"embeddable":true,"href":"https:\/\/reveil-info.net\/index.php?rest_route=%2Fwp%2Fv2%2Fcomments&post=35288"}],"version-history":[{"count":4,"href":"https:\/\/reveil-info.net\/index.php?rest_route=\/wp\/v2\/posts\/35288\/revisions"}],"predecessor-version":[{"id":35297,"href":"https:\/\/reveil-info.net\/index.php?rest_route=\/wp\/v2\/posts\/35288\/revisions\/35297"}],"wp:featuredmedia":[{"embeddable":true,"href":"https:\/\/reveil-info.net\/index.php?rest_route=\/wp\/v2\/media\/35296"}],"wp:attachment":[{"href":"https:\/\/reveil-info.net\/index.php?rest_route=%2Fwp%2Fv2%2Fmedia&parent=35288"}],"wp:term":[{"taxonomy":"category","embeddable":true,"href":"https:\/\/reveil-info.net\/index.php?rest_route=%2Fwp%2Fv2%2Fcategories&post=35288"},{"taxonomy":"post_tag","embeddable":true,"href":"https:\/\/reveil-info.net\/index.php?rest_route=%2Fwp%2Fv2%2Ftags&post=35288"}],"curies":[{"name":"wp","href":"https:\/\/api.w.org\/{rel}","templated":true}]}}