{"id":34893,"date":"2025-11-04T15:04:34","date_gmt":"2025-11-04T15:04:34","guid":{"rendered":"https:\/\/reveil-info.net\/?p=34893"},"modified":"2025-11-04T15:04:34","modified_gmt":"2025-11-04T15:04:34","slug":"lutte-contre-le-terrorisme-au-burkina-le-bon-boulot-des-forces-combattantes","status":"publish","type":"post","link":"https:\/\/reveil-info.net\/?p=34893","title":{"rendered":"Lutte contre le terrorisme au Burkina : le bon boulot des forces combattantes"},"content":{"rendered":"<p>Lutte antiterroriste : Les Forces combattantes infligent de lourdes pertes aux terroriste dans plusieurs r\u00e9gions du Burkina Faso<\/p>\n<p>Ouagadougou, 4 nov. 2025 (AIB) \u2013 Du 19 octobre au 2 novembre 2025, les Forces combattantes burkinab\u00e8 ont men\u00e9 une s\u00e9rie d\u2019op\u00e9rations coordonn\u00e9es qui ont permis de neutraliser de nombreux terroristes et de d\u00e9truire plusieurs de leurs bases dans les r\u00e9gions des Kouls\u00e9, du Goulmou, du Liptako et de Bankui a appris l\u2019AIB.<\/p>\n<p><img loading=\"lazy\" decoding=\"async\" class=\"alignnone size-full wp-image-34896\" src=\"https:\/\/reveil-info.net\/wp-content\/uploads\/2025\/11\/FB_IMG_17622683572752354.jpg\" alt=\"\" width=\"720\" height=\"383\" srcset=\"https:\/\/reveil-info.net\/wp-content\/uploads\/2025\/11\/FB_IMG_17622683572752354.jpg 720w, https:\/\/reveil-info.net\/wp-content\/uploads\/2025\/11\/FB_IMG_17622683572752354-300x160.jpg 300w\" sizes=\"auto, (max-width: 720px) 100vw, 720px\" \/> <img loading=\"lazy\" decoding=\"async\" class=\"alignnone size-full wp-image-34898\" src=\"https:\/\/reveil-info.net\/wp-content\/uploads\/2025\/11\/FB_IMG_17622683343221554.jpg\" alt=\"\" width=\"720\" height=\"960\" srcset=\"https:\/\/reveil-info.net\/wp-content\/uploads\/2025\/11\/FB_IMG_17622683343221554.jpg 720w, https:\/\/reveil-info.net\/wp-content\/uploads\/2025\/11\/FB_IMG_17622683343221554-225x300.jpg 225w\" sizes=\"auto, (max-width: 720px) 100vw, 720px\" \/><\/p>\n<p>Le 19 octobre, les unit\u00e9s du 8e Bataillon d\u2019intervention rapide (BIR), appuy\u00e9es par les \u00e9quipes ESRI 1 et L\u00e9opard, ont affront\u00e9 des terroristes \u00e0 motos dans la zone de Pibaor\u00e9. Apr\u00e8s de violents \u00e9changes de tirs, les assaillants ont \u00e9t\u00e9 poursuivis par voie a\u00e9rienne et neutralis\u00e9s.<\/p>\n<p>Deux jours plus tard, le 21 octobre, une attaque contre un poste avanc\u00e9 \u00e0 Kilma a \u00e9t\u00e9 repouss\u00e9e par les forces terrestres, avant d\u2019\u00eatre suivie par des frappes sur les fuyards. Le m\u00eame jour, un quartier g\u00e9n\u00e9ral terroriste \u00e0 Korko, au nord de Barsalogho, a \u00e9t\u00e9 d\u00e9truit.<\/p>\n<p><img loading=\"lazy\" decoding=\"async\" class=\"alignnone size-full wp-image-34899\" src=\"https:\/\/reveil-info.net\/wp-content\/uploads\/2025\/11\/FB_IMG_17622683299467744.jpg\" alt=\"\" width=\"720\" height=\"540\" srcset=\"https:\/\/reveil-info.net\/wp-content\/uploads\/2025\/11\/FB_IMG_17622683299467744.jpg 720w, https:\/\/reveil-info.net\/wp-content\/uploads\/2025\/11\/FB_IMG_17622683299467744-300x225.jpg 300w\" sizes=\"auto, (max-width: 720px) 100vw, 720px\" \/><\/p>\n<p>Le 22 octobre, plusieurs criminels ont \u00e9t\u00e9 neutralis\u00e9s dans leur base de Demniol, \u00e0 l\u2019est de Silmangu\u00e9.<\/p>\n<p>Le 24 octobre, une op\u00e9ration a\u00e9rienne d\u2019envergure a \u00e9t\u00e9 d\u00e9clench\u00e9e apr\u00e8s la d\u00e9tection d\u2019un important convoi de terroristes au nord de Yamba. La colonne ennemie a \u00e9t\u00e9 enti\u00e8rement an\u00e9antie, avec la saisie d\u2019un arsenal important.<\/p>\n<p>Le 25 octobre, des frappes a\u00e9riennes successives ont d\u00e9truit un dispositif ennemi tandis qu\u2019une tentative d\u2019attaque contre les positions de d\u00e9fense \u00e0 Koumbango (province du Bam) a \u00e9t\u00e9 vigoureusement repouss\u00e9e. Les terroristes en d\u00e9route ont abandonn\u00e9 leurs armes, plusieurs corps et un de leurs \u00e9l\u00e9ments captur\u00e9s.<\/p>\n<p>Dans la R\u00e9gion de Bankui, le 29 octobre, des unit\u00e9s combattantes bas\u00e9es \u00e0 Tougan, province du Sourou ont intercept\u00e9 un d\u00e9placement suspect. Les vecteurs a\u00e9riens sont intervenus rapidement, neutralisant les ennemis et d\u00e9truisant leur mat\u00e9riel.<\/p>\n<p><img loading=\"lazy\" decoding=\"async\" class=\"alignnone size-full wp-image-34901\" src=\"https:\/\/reveil-info.net\/wp-content\/uploads\/2025\/11\/FB_IMG_17622683417386628.jpg\" alt=\"\" width=\"720\" height=\"540\" srcset=\"https:\/\/reveil-info.net\/wp-content\/uploads\/2025\/11\/FB_IMG_17622683417386628.jpg 720w, https:\/\/reveil-info.net\/wp-content\/uploads\/2025\/11\/FB_IMG_17622683417386628-300x225.jpg 300w\" sizes=\"auto, (max-width: 720px) 100vw, 720px\" \/><br \/>\nLe 30 octobre, un groupe planifiant des attaques contre Kongoussi, Tikar\u00e9 et Kossouka a \u00e9t\u00e9 pris pour cible \u00e0 Nasser\u00e9. Les frappes ont d\u00e9truit leurs caches et \u00e9limin\u00e9 les rescap\u00e9s. Une autre frappe, men\u00e9e dans la m\u00eame journ\u00e9e, a vis\u00e9 des terroristes endormis, suivie d\u2019une intervention des forces sp\u00e9ciales pour le ratissage.<\/p>\n<p>Le 31 octobre, un regroupement terroriste dans le village de Temnaor\u00e9, pr\u00e8s de Kossouka, a \u00e9t\u00e9 rep\u00e9r\u00e9 puis d\u00e9truit par des frappes coordonn\u00e9es d\u00e9truisant leurs \u00e9quipements.<br \/>\nLe 1er novembre, une unit\u00e9 du 19e BIR a tendu une embuscade \u00e0 un groupe de guetteurs ennemis venus espionner ses positions. Tous les membres du groupe ont \u00e9t\u00e9 neutralis\u00e9s.<br \/>\nEnfin, le 2 novembre, une frappe chirurgicale men\u00e9e au nord de Barsalogho a vis\u00e9 une r\u00e9union de hauts cadres terroristes, neutralisant plusieurs chefs et d\u00e9truisant leurs v\u00e9hicules et d\u00e9p\u00f4ts d\u2019armes.<\/p>\n<p>Ces diff\u00e9rentes op\u00e9rations men\u00e9es avec rigueur et coordination traduisent la volont\u00e9 ferme des Forces combattantes de lib\u00e9rer totalement le territoire national de l\u2019emprise des terroristes.<\/p>\n<p>Elles illustrent \u00e9galement la mont\u00e9e en puissance du dispositif de d\u00e9fense, marqu\u00e9e par la compl\u00e9mentarit\u00e9 entre forces terrestres, unit\u00e9s sp\u00e9ciales et moyens a\u00e9riens, d\u00e9sormais capables d\u2019intervenir simultan\u00e9ment sur plusieurs fronts.<\/p>\n<p>Selon les autorit\u00e9s militaires, les op\u00e9rations se poursuivent sans rel\u00e2che, avec pour objectif la restauration de la libre circulation des personnes et des biens, et la reconqu\u00eate totale du territoire national.<\/p>\n<p>Source : AIB<\/p>\n<p>Reveil-info<\/p>\n<p><img loading=\"lazy\" decoding=\"async\" class=\"alignnone size-full wp-image-34870\" src=\"https:\/\/reveil-info.net\/wp-content\/uploads\/2025\/11\/FB_IMG_17618127685409260.jpg\" alt=\"\" width=\"720\" height=\"507\" srcset=\"https:\/\/reveil-info.net\/wp-content\/uploads\/2025\/11\/FB_IMG_17618127685409260.jpg 720w, https:\/\/reveil-info.net\/wp-content\/uploads\/2025\/11\/FB_IMG_17618127685409260-300x211.jpg 300w\" sizes=\"auto, (max-width: 720px) 100vw, 720px\" \/><\/p>\n","protected":false},"excerpt":{"rendered":"<p>Lutte antiterroriste : Les Forces combattantes infligent de lourdes pertes aux terroriste dans plusieurs r\u00e9gions<\/p>\n","protected":false},"author":1,"featured_media":34896,"comment_status":"open","ping_status":"open","sticky":false,"template":"","format":"standard","meta":{"footnotes":""},"categories":[2,47],"tags":[],"class_list":["post-34893","post","type-post","status-publish","format-standard","has-post-thumbnail","hentry","category-actu","category-aes"],"yoast_head":"<!-- This site is optimized with the Yoast SEO plugin v27.5 - https:\/\/yoast.com\/product\/yoast-seo-wordpress\/ -->\n<title>Lutte contre le terrorisme au Burkina : le bon boulot des forces combattantes - R\u00e9veil Info<\/title>\n<meta name=\"robots\" content=\"noindex, follow, max-snippet:-1, max-image-preview:large, max-video-preview:-1\" \/>\n<meta property=\"og:locale\" content=\"fr_FR\" \/>\n<meta property=\"og:type\" content=\"article\" \/>\n<meta property=\"og:title\" content=\"Lutte contre le terrorisme au Burkina : le bon boulot des forces combattantes - R\u00e9veil Info\" \/>\n<meta property=\"og:description\" content=\"Lutte antiterroriste : Les Forces combattantes infligent de lourdes pertes aux terroriste dans plusieurs r\u00e9gions\" \/>\n<meta property=\"og:url\" content=\"https:\/\/reveil-info.net\/?p=34893\" \/>\n<meta property=\"og:site_name\" content=\"R\u00e9veil Info\" \/>\n<meta property=\"article:published_time\" content=\"2025-11-04T15:04:34+00:00\" \/>\n<meta property=\"og:image\" content=\"https:\/\/reveil-info.net\/wp-content\/uploads\/2025\/11\/FB_IMG_17622683572752354.jpg\" \/>\n\t<meta property=\"og:image:width\" content=\"720\" \/>\n\t<meta property=\"og:image:height\" content=\"383\" \/>\n\t<meta property=\"og:image:type\" content=\"image\/jpeg\" \/>\n<meta name=\"author\" content=\"R\u00e9veil info\" \/>\n<meta name=\"twitter:card\" content=\"summary_large_image\" \/>\n<meta name=\"twitter:label1\" content=\"\u00c9crit par\" \/>\n\t<meta name=\"twitter:data1\" content=\"R\u00e9veil info\" \/>\n\t<meta name=\"twitter:label2\" content=\"Dur\u00e9e de lecture estim\u00e9e\" \/>\n\t<meta name=\"twitter:data2\" content=\"4 minutes\" \/>\n<script type=\"application\/ld+json\" class=\"yoast-schema-graph\">{\"@context\":\"https:\\\/\\\/schema.org\",\"@graph\":[{\"@type\":\"Article\",\"@id\":\"https:\\\/\\\/reveil-info.net\\\/?p=34893#article\",\"isPartOf\":{\"@id\":\"https:\\\/\\\/reveil-info.net\\\/?p=34893\"},\"author\":{\"name\":\"R\u00e9veil info\",\"@id\":\"https:\\\/\\\/reveil-info.net\\\/#\\\/schema\\\/person\\\/ca0cc8e70088e0a2b5e92556c1ee60f5\"},\"headline\":\"Lutte contre le terrorisme au Burkina : le bon boulot des forces combattantes\",\"datePublished\":\"2025-11-04T15:04:34+00:00\",\"mainEntityOfPage\":{\"@id\":\"https:\\\/\\\/reveil-info.net\\\/?p=34893\"},\"wordCount\":600,\"commentCount\":0,\"publisher\":{\"@id\":\"https:\\\/\\\/reveil-info.net\\\/#organization\"},\"image\":{\"@id\":\"https:\\\/\\\/reveil-info.net\\\/?p=34893#primaryimage\"},\"thumbnailUrl\":\"https:\\\/\\\/reveil-info.net\\\/wp-content\\\/uploads\\\/2025\\\/11\\\/FB_IMG_17622683572752354.jpg\",\"articleSection\":[\"Actualit\u00e9\",\"AES\"],\"inLanguage\":\"fr-FR\",\"potentialAction\":[{\"@type\":\"CommentAction\",\"name\":\"Comment\",\"target\":[\"https:\\\/\\\/reveil-info.net\\\/?p=34893#respond\"]}]},{\"@type\":\"WebPage\",\"@id\":\"https:\\\/\\\/reveil-info.net\\\/?p=34893\",\"url\":\"https:\\\/\\\/reveil-info.net\\\/?p=34893\",\"name\":\"Lutte contre le terrorisme au Burkina : le bon boulot des forces combattantes - R\u00e9veil Info\",\"isPartOf\":{\"@id\":\"https:\\\/\\\/reveil-info.net\\\/#website\"},\"primaryImageOfPage\":{\"@id\":\"https:\\\/\\\/reveil-info.net\\\/?p=34893#primaryimage\"},\"image\":{\"@id\":\"https:\\\/\\\/reveil-info.net\\\/?p=34893#primaryimage\"},\"thumbnailUrl\":\"https:\\\/\\\/reveil-info.net\\\/wp-content\\\/uploads\\\/2025\\\/11\\\/FB_IMG_17622683572752354.jpg\",\"datePublished\":\"2025-11-04T15:04:34+00:00\",\"breadcrumb\":{\"@id\":\"https:\\\/\\\/reveil-info.net\\\/?p=34893#breadcrumb\"},\"inLanguage\":\"fr-FR\",\"potentialAction\":[{\"@type\":\"ReadAction\",\"target\":[\"https:\\\/\\\/reveil-info.net\\\/?p=34893\"]}]},{\"@type\":\"ImageObject\",\"inLanguage\":\"fr-FR\",\"@id\":\"https:\\\/\\\/reveil-info.net\\\/?p=34893#primaryimage\",\"url\":\"https:\\\/\\\/reveil-info.net\\\/wp-content\\\/uploads\\\/2025\\\/11\\\/FB_IMG_17622683572752354.jpg\",\"contentUrl\":\"https:\\\/\\\/reveil-info.net\\\/wp-content\\\/uploads\\\/2025\\\/11\\\/FB_IMG_17622683572752354.jpg\",\"width\":720,\"height\":383},{\"@type\":\"BreadcrumbList\",\"@id\":\"https:\\\/\\\/reveil-info.net\\\/?p=34893#breadcrumb\",\"itemListElement\":[{\"@type\":\"ListItem\",\"position\":1,\"name\":\"Home\",\"item\":\"https:\\\/\\\/reveil-info.net\\\/\"},{\"@type\":\"ListItem\",\"position\":2,\"name\":\"Lutte contre le terrorisme au Burkina : le bon boulot des forces combattantes\"}]},{\"@type\":\"WebSite\",\"@id\":\"https:\\\/\\\/reveil-info.net\\\/#website\",\"url\":\"https:\\\/\\\/reveil-info.net\\\/\",\"name\":\"R\u00e9veil Info\",\"description\":\"Le devoir d&#039;informer!\",\"publisher\":{\"@id\":\"https:\\\/\\\/reveil-info.net\\\/#organization\"},\"potentialAction\":[{\"@type\":\"SearchAction\",\"target\":{\"@type\":\"EntryPoint\",\"urlTemplate\":\"https:\\\/\\\/reveil-info.net\\\/?s={search_term_string}\"},\"query-input\":{\"@type\":\"PropertyValueSpecification\",\"valueRequired\":true,\"valueName\":\"search_term_string\"}}],\"inLanguage\":\"fr-FR\"},{\"@type\":\"Organization\",\"@id\":\"https:\\\/\\\/reveil-info.net\\\/#organization\",\"name\":\"R\u00e9veil Info\",\"url\":\"https:\\\/\\\/reveil-info.net\\\/\",\"logo\":{\"@type\":\"ImageObject\",\"inLanguage\":\"fr-FR\",\"@id\":\"https:\\\/\\\/reveil-info.net\\\/#\\\/schema\\\/logo\\\/image\\\/\",\"url\":\"https:\\\/\\\/reveil-info.net\\\/wp-content\\\/uploads\\\/2024\\\/07\\\/bnddd1.jpg\",\"contentUrl\":\"https:\\\/\\\/reveil-info.net\\\/wp-content\\\/uploads\\\/2024\\\/07\\\/bnddd1.jpg\",\"width\":903,\"height\":125,\"caption\":\"R\u00e9veil Info\"},\"image\":{\"@id\":\"https:\\\/\\\/reveil-info.net\\\/#\\\/schema\\\/logo\\\/image\\\/\"}},{\"@type\":\"Person\",\"@id\":\"https:\\\/\\\/reveil-info.net\\\/#\\\/schema\\\/person\\\/ca0cc8e70088e0a2b5e92556c1ee60f5\",\"name\":\"R\u00e9veil info\",\"image\":{\"@type\":\"ImageObject\",\"inLanguage\":\"fr-FR\",\"@id\":\"https:\\\/\\\/secure.gravatar.com\\\/avatar\\\/e4ad5bb743c8b6cb174d9df6c7d30a8a16f6889731241345fc6444e6485f02af?s=96&d=mm&r=g\",\"url\":\"https:\\\/\\\/secure.gravatar.com\\\/avatar\\\/e4ad5bb743c8b6cb174d9df6c7d30a8a16f6889731241345fc6444e6485f02af?s=96&d=mm&r=g\",\"contentUrl\":\"https:\\\/\\\/secure.gravatar.com\\\/avatar\\\/e4ad5bb743c8b6cb174d9df6c7d30a8a16f6889731241345fc6444e6485f02af?s=96&d=mm&r=g\",\"caption\":\"R\u00e9veil info\"},\"sameAs\":[\"https:\\\/\\\/reveil-info.net\"],\"url\":\"https:\\\/\\\/reveil-info.net\\\/?author=1\"}]}<\/script>\n<!-- \/ Yoast SEO plugin. -->","yoast_head_json":{"title":"Lutte contre le terrorisme au Burkina : le bon boulot des forces combattantes - R\u00e9veil Info","robots":{"index":"noindex","follow":"follow","max-snippet":"max-snippet:-1","max-image-preview":"max-image-preview:large","max-video-preview":"max-video-preview:-1"},"og_locale":"fr_FR","og_type":"article","og_title":"Lutte contre le terrorisme au Burkina : le bon boulot des forces combattantes - R\u00e9veil Info","og_description":"Lutte antiterroriste : Les Forces combattantes infligent de lourdes pertes aux terroriste dans plusieurs r\u00e9gions","og_url":"https:\/\/reveil-info.net\/?p=34893","og_site_name":"R\u00e9veil Info","article_published_time":"2025-11-04T15:04:34+00:00","og_image":[{"width":720,"height":383,"url":"https:\/\/reveil-info.net\/wp-content\/uploads\/2025\/11\/FB_IMG_17622683572752354.jpg","type":"image\/jpeg"}],"author":"R\u00e9veil info","twitter_card":"summary_large_image","twitter_misc":{"\u00c9crit par":"R\u00e9veil info","Dur\u00e9e de lecture estim\u00e9e":"4 minutes"},"schema":{"@context":"https:\/\/schema.org","@graph":[{"@type":"Article","@id":"https:\/\/reveil-info.net\/?p=34893#article","isPartOf":{"@id":"https:\/\/reveil-info.net\/?p=34893"},"author":{"name":"R\u00e9veil info","@id":"https:\/\/reveil-info.net\/#\/schema\/person\/ca0cc8e70088e0a2b5e92556c1ee60f5"},"headline":"Lutte contre le terrorisme au Burkina : le bon boulot des forces combattantes","datePublished":"2025-11-04T15:04:34+00:00","mainEntityOfPage":{"@id":"https:\/\/reveil-info.net\/?p=34893"},"wordCount":600,"commentCount":0,"publisher":{"@id":"https:\/\/reveil-info.net\/#organization"},"image":{"@id":"https:\/\/reveil-info.net\/?p=34893#primaryimage"},"thumbnailUrl":"https:\/\/reveil-info.net\/wp-content\/uploads\/2025\/11\/FB_IMG_17622683572752354.jpg","articleSection":["Actualit\u00e9","AES"],"inLanguage":"fr-FR","potentialAction":[{"@type":"CommentAction","name":"Comment","target":["https:\/\/reveil-info.net\/?p=34893#respond"]}]},{"@type":"WebPage","@id":"https:\/\/reveil-info.net\/?p=34893","url":"https:\/\/reveil-info.net\/?p=34893","name":"Lutte contre le terrorisme au Burkina : le bon boulot des forces combattantes - R\u00e9veil Info","isPartOf":{"@id":"https:\/\/reveil-info.net\/#website"},"primaryImageOfPage":{"@id":"https:\/\/reveil-info.net\/?p=34893#primaryimage"},"image":{"@id":"https:\/\/reveil-info.net\/?p=34893#primaryimage"},"thumbnailUrl":"https:\/\/reveil-info.net\/wp-content\/uploads\/2025\/11\/FB_IMG_17622683572752354.jpg","datePublished":"2025-11-04T15:04:34+00:00","breadcrumb":{"@id":"https:\/\/reveil-info.net\/?p=34893#breadcrumb"},"inLanguage":"fr-FR","potentialAction":[{"@type":"ReadAction","target":["https:\/\/reveil-info.net\/?p=34893"]}]},{"@type":"ImageObject","inLanguage":"fr-FR","@id":"https:\/\/reveil-info.net\/?p=34893#primaryimage","url":"https:\/\/reveil-info.net\/wp-content\/uploads\/2025\/11\/FB_IMG_17622683572752354.jpg","contentUrl":"https:\/\/reveil-info.net\/wp-content\/uploads\/2025\/11\/FB_IMG_17622683572752354.jpg","width":720,"height":383},{"@type":"BreadcrumbList","@id":"https:\/\/reveil-info.net\/?p=34893#breadcrumb","itemListElement":[{"@type":"ListItem","position":1,"name":"Home","item":"https:\/\/reveil-info.net\/"},{"@type":"ListItem","position":2,"name":"Lutte contre le terrorisme au Burkina : le bon boulot des forces combattantes"}]},{"@type":"WebSite","@id":"https:\/\/reveil-info.net\/#website","url":"https:\/\/reveil-info.net\/","name":"R\u00e9veil Info","description":"Le devoir d&#039;informer!","publisher":{"@id":"https:\/\/reveil-info.net\/#organization"},"potentialAction":[{"@type":"SearchAction","target":{"@type":"EntryPoint","urlTemplate":"https:\/\/reveil-info.net\/?s={search_term_string}"},"query-input":{"@type":"PropertyValueSpecification","valueRequired":true,"valueName":"search_term_string"}}],"inLanguage":"fr-FR"},{"@type":"Organization","@id":"https:\/\/reveil-info.net\/#organization","name":"R\u00e9veil Info","url":"https:\/\/reveil-info.net\/","logo":{"@type":"ImageObject","inLanguage":"fr-FR","@id":"https:\/\/reveil-info.net\/#\/schema\/logo\/image\/","url":"https:\/\/reveil-info.net\/wp-content\/uploads\/2024\/07\/bnddd1.jpg","contentUrl":"https:\/\/reveil-info.net\/wp-content\/uploads\/2024\/07\/bnddd1.jpg","width":903,"height":125,"caption":"R\u00e9veil Info"},"image":{"@id":"https:\/\/reveil-info.net\/#\/schema\/logo\/image\/"}},{"@type":"Person","@id":"https:\/\/reveil-info.net\/#\/schema\/person\/ca0cc8e70088e0a2b5e92556c1ee60f5","name":"R\u00e9veil info","image":{"@type":"ImageObject","inLanguage":"fr-FR","@id":"https:\/\/secure.gravatar.com\/avatar\/e4ad5bb743c8b6cb174d9df6c7d30a8a16f6889731241345fc6444e6485f02af?s=96&d=mm&r=g","url":"https:\/\/secure.gravatar.com\/avatar\/e4ad5bb743c8b6cb174d9df6c7d30a8a16f6889731241345fc6444e6485f02af?s=96&d=mm&r=g","contentUrl":"https:\/\/secure.gravatar.com\/avatar\/e4ad5bb743c8b6cb174d9df6c7d30a8a16f6889731241345fc6444e6485f02af?s=96&d=mm&r=g","caption":"R\u00e9veil info"},"sameAs":["https:\/\/reveil-info.net"],"url":"https:\/\/reveil-info.net\/?author=1"}]}},"jetpack_featured_media_url":"https:\/\/reveil-info.net\/wp-content\/uploads\/2025\/11\/FB_IMG_17622683572752354.jpg","featured_image_urls":{"full":["https:\/\/reveil-info.net\/wp-content\/uploads\/2025\/11\/FB_IMG_17622683572752354.jpg",720,383,false],"thumbnail":["https:\/\/reveil-info.net\/wp-content\/uploads\/2025\/11\/FB_IMG_17622683572752354-150x150.jpg",150,150,true],"medium":["https:\/\/reveil-info.net\/wp-content\/uploads\/2025\/11\/FB_IMG_17622683572752354-300x160.jpg",300,160,true],"medium_large":["https:\/\/reveil-info.net\/wp-content\/uploads\/2025\/11\/FB_IMG_17622683572752354.jpg",640,340,false],"large":["https:\/\/reveil-info.net\/wp-content\/uploads\/2025\/11\/FB_IMG_17622683572752354.jpg",640,340,false],"1536x1536":["https:\/\/reveil-info.net\/wp-content\/uploads\/2025\/11\/FB_IMG_17622683572752354.jpg",720,383,false],"2048x2048":["https:\/\/reveil-info.net\/wp-content\/uploads\/2025\/11\/FB_IMG_17622683572752354.jpg",720,383,false],"chromenews-featured":["https:\/\/reveil-info.net\/wp-content\/uploads\/2025\/11\/FB_IMG_17622683572752354.jpg",720,383,false],"chromenews-large":["https:\/\/reveil-info.net\/wp-content\/uploads\/2025\/11\/FB_IMG_17622683572752354.jpg",720,383,false],"chromenews-medium":["https:\/\/reveil-info.net\/wp-content\/uploads\/2025\/11\/FB_IMG_17622683572752354-590x383.jpg",590,383,true]},"author_info":{"display_name":"R\u00e9veil info","author_link":"https:\/\/reveil-info.net\/?author=1"},"category_info":"<a href=\"https:\/\/reveil-info.net\/?cat=2\" rel=\"category\">Actualit\u00e9<\/a> <a href=\"https:\/\/reveil-info.net\/?cat=47\" rel=\"category\">AES<\/a>","tag_info":"AES","comment_count":"0","_links":{"self":[{"href":"https:\/\/reveil-info.net\/index.php?rest_route=\/wp\/v2\/posts\/34893","targetHints":{"allow":["GET"]}}],"collection":[{"href":"https:\/\/reveil-info.net\/index.php?rest_route=\/wp\/v2\/posts"}],"about":[{"href":"https:\/\/reveil-info.net\/index.php?rest_route=\/wp\/v2\/types\/post"}],"author":[{"embeddable":true,"href":"https:\/\/reveil-info.net\/index.php?rest_route=\/wp\/v2\/users\/1"}],"replies":[{"embeddable":true,"href":"https:\/\/reveil-info.net\/index.php?rest_route=%2Fwp%2Fv2%2Fcomments&post=34893"}],"version-history":[{"count":5,"href":"https:\/\/reveil-info.net\/index.php?rest_route=\/wp\/v2\/posts\/34893\/revisions"}],"predecessor-version":[{"id":34902,"href":"https:\/\/reveil-info.net\/index.php?rest_route=\/wp\/v2\/posts\/34893\/revisions\/34902"}],"wp:featuredmedia":[{"embeddable":true,"href":"https:\/\/reveil-info.net\/index.php?rest_route=\/wp\/v2\/media\/34896"}],"wp:attachment":[{"href":"https:\/\/reveil-info.net\/index.php?rest_route=%2Fwp%2Fv2%2Fmedia&parent=34893"}],"wp:term":[{"taxonomy":"category","embeddable":true,"href":"https:\/\/reveil-info.net\/index.php?rest_route=%2Fwp%2Fv2%2Fcategories&post=34893"},{"taxonomy":"post_tag","embeddable":true,"href":"https:\/\/reveil-info.net\/index.php?rest_route=%2Fwp%2Fv2%2Ftags&post=34893"}],"curies":[{"name":"wp","href":"https:\/\/api.w.org\/{rel}","templated":true}]}}