{"id":34874,"date":"2025-11-04T13:25:22","date_gmt":"2025-11-04T13:25:22","guid":{"rendered":"https:\/\/reveil-info.net\/?p=34874"},"modified":"2025-11-04T13:25:22","modified_gmt":"2025-11-04T13:25:22","slug":"preparation-du-9e-congres-national-des-medecins-le-conseil-national-de-lordre-des-medecins-chez-le-premier-ministre-rimtalba","status":"publish","type":"post","link":"https:\/\/reveil-info.net\/?p=34874","title":{"rendered":"Pr\u00e9paration du 9e congr\u00e8s national des m\u00e9decins : le Conseil national de l&rsquo;Ordre des m\u00e9decins chez le premier ministre Rimtalba"},"content":{"rendered":"<p>Le Premier ministre, Rimtalba Jean Emmanuel Ou\u00e9draogo, a re\u00e7u en audience, ce mardi 4 novembre 2025 \u00e0 Ouagadougou, une d\u00e9l\u00e9gation du Bureau du Conseil national de l\u2019Ordre des m\u00e9decins du Burkina Faso, conduite par son pr\u00e9sident, le Dr Abdoul-Guaniyi Sawadogo. Les \u00e9changes ont port\u00e9 sur la pr\u00e9paration du 9\u1d49 Congr\u00e8s national des m\u00e9decins, pr\u00e9vu les 21 et 22 novembre 2025 \u00e0 Ouagadougou.<\/p>\n<p><img loading=\"lazy\" decoding=\"async\" class=\"alignnone size-full wp-image-34878\" src=\"https:\/\/reveil-info.net\/wp-content\/uploads\/2025\/11\/IMG-20251104-WA0047.jpg\" alt=\"\" width=\"2095\" height=\"1311\" srcset=\"https:\/\/reveil-info.net\/wp-content\/uploads\/2025\/11\/IMG-20251104-WA0047.jpg 2095w, https:\/\/reveil-info.net\/wp-content\/uploads\/2025\/11\/IMG-20251104-WA0047-300x188.jpg 300w, https:\/\/reveil-info.net\/wp-content\/uploads\/2025\/11\/IMG-20251104-WA0047-1024x641.jpg 1024w, https:\/\/reveil-info.net\/wp-content\/uploads\/2025\/11\/IMG-20251104-WA0047-768x481.jpg 768w, https:\/\/reveil-info.net\/wp-content\/uploads\/2025\/11\/IMG-20251104-WA0047-1536x961.jpg 1536w, https:\/\/reveil-info.net\/wp-content\/uploads\/2025\/11\/IMG-20251104-WA0047-2048x1282.jpg 2048w\" sizes=\"auto, (max-width: 2095px) 100vw, 2095px\" \/><br \/>\n\u200e<br \/>\n\u200e\u00ab Nous sommes venus \u00e9changer avec Son Excellence Monsieur le Premier ministre \u00e0 propos du prochain congr\u00e8s que l\u2019Ordre national des m\u00e9decins organise, \u00e0 savoir le 9\u1d49 congr\u00e8s ordinaire, qui aura lieu les 21 et 22 novembre 2025 \u00e0 Ouagadougou \u00bb, a d\u00e9clar\u00e9 le Dr Abdoul-Guaniyi Sawadogo \u00e0 l\u2019issue de l\u2019audience avec le Chef du Gouvernement.<br \/>\n\u200e<br \/>\n\u200ePlac\u00e9e sous le th\u00e8me : \u00ab Garantir l\u2019\u00e9quit\u00e9 dans l\u2019acc\u00e8s aux soins par une r\u00e9forme structur\u00e9e de l\u2019exercice m\u00e9dical : r\u00e9gulation, formation, insertion, t\u00e9l\u00e9m\u00e9decine et secteur priv\u00e9 au c\u0153ur des enjeux \u00bb, cette rencontre scientifique et professionnelle r\u00e9unira les m\u00e9decins du pays autour des d\u00e9fis majeurs du syst\u00e8me de sant\u00e9 au Burkina Faso. En vue de donner un \u00e9clat particulier \u00e0 cette rencontre, la d\u00e9l\u00e9gation est venue solliciter le patronage du Chef du Gouvernement.<\/p>\n<p><img loading=\"lazy\" decoding=\"async\" class=\"alignnone size-full wp-image-34879\" src=\"https:\/\/reveil-info.net\/wp-content\/uploads\/2025\/11\/IMG-20251104-WA0048.jpg\" alt=\"\" width=\"1080\" height=\"699\" srcset=\"https:\/\/reveil-info.net\/wp-content\/uploads\/2025\/11\/IMG-20251104-WA0048.jpg 1080w, https:\/\/reveil-info.net\/wp-content\/uploads\/2025\/11\/IMG-20251104-WA0048-300x194.jpg 300w, https:\/\/reveil-info.net\/wp-content\/uploads\/2025\/11\/IMG-20251104-WA0048-1024x663.jpg 1024w, https:\/\/reveil-info.net\/wp-content\/uploads\/2025\/11\/IMG-20251104-WA0048-768x497.jpg 768w\" sizes=\"auto, (max-width: 1080px) 100vw, 1080px\" \/><br \/>\n\u200e<br \/>\n\u200eLe Dr Abdoul-Guaniyi Sawadogo a par ailleurs indiqu\u00e9 que le Premier ministre a salu\u00e9 l\u2019initiative et encourag\u00e9 les efforts du corps m\u00e9dical dans la dynamique d\u2019am\u00e9lioration de la qualit\u00e9 des soins au Burkina Faso. Il a \u00e9galement f\u00e9licit\u00e9 l\u2019Ordre pour l\u2019ensemble des d\u00e9marches entreprises en faveur du renforcement du syst\u00e8me de sant\u00e9 national.<br \/>\n\u200e<br \/>\n\u200eL\u2019un des temps forts du congr\u00e8s sera la conf\u00e9rence inaugurale, consacr\u00e9e \u00e0 la formation m\u00e9dicale, \u00e0 l\u2019insertion professionnelle des jeunes m\u00e9decins et \u00e0 la facilitation de leur installation. Selon le Pr\u00e9sident de l\u2019Ordre,<br \/>\n\u200e<br \/>\n\u200e\u00ab Nous sommes dans un contexte particulier o\u00f9, m\u00eame pour des m\u00e9decins, il est difficile d\u2019avoir de l\u2019emploi. \u00bb<br \/>\n\u200e<br \/>\n\u200eLes d\u00e9bats porteront \u00e9galement sur l\u2019initiative pr\u00e9sidentielle Plan 1000 \u00d7 5 et sur les \u00c9preuves classantes nationales (ECN), deux politiques majeures pour le renforcement des ressources humaines m\u00e9dicales. Le Dr Sawadogo a enfin \u00e9mis le souhait que plusieurs d\u00e9partements minist\u00e9riels prennent part \u00e0 ce congr\u00e8s afin d\u2019enrichir les r\u00e9flexions et de contribuer \u00e0 l\u2019\u00e9laboration de solutions concr\u00e8tes aux d\u00e9fis du secteur.<br \/>\n\u200e<br \/>\n\u200eCr\u00e9\u00e9 \u00e0 la suite d\u2019une \u00e9volution institutionnelle amorc\u00e9e en 1992, l\u2019Ordre national des m\u00e9decins du Burkina Faso s\u2019est affirm\u00e9 depuis 2012 comme un cadre autonome de r\u00e9gulation et de repr\u00e9sentation de la profession m\u00e9dicale. Il demeure un acteur cl\u00e9 du dialogue entre les m\u00e9decins, les pouvoirs publics et les populations, au service du renforcement du syst\u00e8me de sant\u00e9 national.<br \/>\n\u200e<br \/>\n\u200eDCRP-Primature<\/p>\n","protected":false},"excerpt":{"rendered":"<p>Le Premier ministre, Rimtalba Jean Emmanuel Ou\u00e9draogo, a re\u00e7u en audience, ce mardi 4 novembre<\/p>\n","protected":false},"author":1,"featured_media":34881,"comment_status":"open","ping_status":"open","sticky":false,"template":"","format":"standard","meta":{"footnotes":""},"categories":[2],"tags":[],"class_list":["post-34874","post","type-post","status-publish","format-standard","has-post-thumbnail","hentry","category-actu"],"yoast_head":"<!-- This site is optimized with the Yoast SEO plugin v27.5 - https:\/\/yoast.com\/product\/yoast-seo-wordpress\/ -->\n<title>Pr\u00e9paration du 9e congr\u00e8s national des m\u00e9decins : le Conseil national de l&#039;Ordre des m\u00e9decins chez le premier ministre Rimtalba - R\u00e9veil Info<\/title>\n<meta name=\"robots\" content=\"noindex, follow, max-snippet:-1, max-image-preview:large, max-video-preview:-1\" \/>\n<meta property=\"og:locale\" content=\"fr_FR\" \/>\n<meta property=\"og:type\" content=\"article\" \/>\n<meta property=\"og:title\" content=\"Pr\u00e9paration du 9e congr\u00e8s national des m\u00e9decins : le Conseil national de l&#039;Ordre des m\u00e9decins chez le premier ministre Rimtalba - R\u00e9veil Info\" \/>\n<meta property=\"og:description\" content=\"Le Premier ministre, Rimtalba Jean Emmanuel Ou\u00e9draogo, a re\u00e7u en audience, ce mardi 4 novembre\" \/>\n<meta property=\"og:url\" content=\"https:\/\/reveil-info.net\/?p=34874\" \/>\n<meta property=\"og:site_name\" content=\"R\u00e9veil Info\" \/>\n<meta property=\"article:published_time\" content=\"2025-11-04T13:25:22+00:00\" \/>\n<meta property=\"og:image\" content=\"https:\/\/reveil-info.net\/wp-content\/uploads\/2025\/11\/IMG-20251104-WA0046.jpg\" \/>\n\t<meta property=\"og:image:width\" content=\"1080\" \/>\n\t<meta property=\"og:image:height\" content=\"722\" \/>\n\t<meta property=\"og:image:type\" content=\"image\/jpeg\" \/>\n<meta name=\"author\" content=\"R\u00e9veil info\" \/>\n<meta name=\"twitter:card\" content=\"summary_large_image\" \/>\n<meta name=\"twitter:label1\" content=\"\u00c9crit par\" \/>\n\t<meta name=\"twitter:data1\" content=\"R\u00e9veil info\" \/>\n\t<meta name=\"twitter:label2\" content=\"Dur\u00e9e de lecture estim\u00e9e\" \/>\n\t<meta name=\"twitter:data2\" content=\"3 minutes\" \/>\n<script type=\"application\/ld+json\" class=\"yoast-schema-graph\">{\"@context\":\"https:\\\/\\\/schema.org\",\"@graph\":[{\"@type\":\"Article\",\"@id\":\"https:\\\/\\\/reveil-info.net\\\/?p=34874#article\",\"isPartOf\":{\"@id\":\"https:\\\/\\\/reveil-info.net\\\/?p=34874\"},\"author\":{\"name\":\"R\u00e9veil info\",\"@id\":\"https:\\\/\\\/reveil-info.net\\\/#\\\/schema\\\/person\\\/ca0cc8e70088e0a2b5e92556c1ee60f5\"},\"headline\":\"Pr\u00e9paration du 9e congr\u00e8s national des m\u00e9decins : le Conseil national de l&rsquo;Ordre des m\u00e9decins chez le premier ministre Rimtalba\",\"datePublished\":\"2025-11-04T13:25:22+00:00\",\"mainEntityOfPage\":{\"@id\":\"https:\\\/\\\/reveil-info.net\\\/?p=34874\"},\"wordCount\":488,\"commentCount\":0,\"publisher\":{\"@id\":\"https:\\\/\\\/reveil-info.net\\\/#organization\"},\"image\":{\"@id\":\"https:\\\/\\\/reveil-info.net\\\/?p=34874#primaryimage\"},\"thumbnailUrl\":\"https:\\\/\\\/reveil-info.net\\\/wp-content\\\/uploads\\\/2025\\\/11\\\/IMG-20251104-WA0046.jpg\",\"articleSection\":[\"Actualit\u00e9\"],\"inLanguage\":\"fr-FR\",\"potentialAction\":[{\"@type\":\"CommentAction\",\"name\":\"Comment\",\"target\":[\"https:\\\/\\\/reveil-info.net\\\/?p=34874#respond\"]}]},{\"@type\":\"WebPage\",\"@id\":\"https:\\\/\\\/reveil-info.net\\\/?p=34874\",\"url\":\"https:\\\/\\\/reveil-info.net\\\/?p=34874\",\"name\":\"Pr\u00e9paration du 9e congr\u00e8s national des m\u00e9decins : le Conseil national de l'Ordre des m\u00e9decins chez le premier ministre Rimtalba - R\u00e9veil Info\",\"isPartOf\":{\"@id\":\"https:\\\/\\\/reveil-info.net\\\/#website\"},\"primaryImageOfPage\":{\"@id\":\"https:\\\/\\\/reveil-info.net\\\/?p=34874#primaryimage\"},\"image\":{\"@id\":\"https:\\\/\\\/reveil-info.net\\\/?p=34874#primaryimage\"},\"thumbnailUrl\":\"https:\\\/\\\/reveil-info.net\\\/wp-content\\\/uploads\\\/2025\\\/11\\\/IMG-20251104-WA0046.jpg\",\"datePublished\":\"2025-11-04T13:25:22+00:00\",\"breadcrumb\":{\"@id\":\"https:\\\/\\\/reveil-info.net\\\/?p=34874#breadcrumb\"},\"inLanguage\":\"fr-FR\",\"potentialAction\":[{\"@type\":\"ReadAction\",\"target\":[\"https:\\\/\\\/reveil-info.net\\\/?p=34874\"]}]},{\"@type\":\"ImageObject\",\"inLanguage\":\"fr-FR\",\"@id\":\"https:\\\/\\\/reveil-info.net\\\/?p=34874#primaryimage\",\"url\":\"https:\\\/\\\/reveil-info.net\\\/wp-content\\\/uploads\\\/2025\\\/11\\\/IMG-20251104-WA0046.jpg\",\"contentUrl\":\"https:\\\/\\\/reveil-info.net\\\/wp-content\\\/uploads\\\/2025\\\/11\\\/IMG-20251104-WA0046.jpg\",\"width\":1080,\"height\":722},{\"@type\":\"BreadcrumbList\",\"@id\":\"https:\\\/\\\/reveil-info.net\\\/?p=34874#breadcrumb\",\"itemListElement\":[{\"@type\":\"ListItem\",\"position\":1,\"name\":\"Home\",\"item\":\"https:\\\/\\\/reveil-info.net\\\/\"},{\"@type\":\"ListItem\",\"position\":2,\"name\":\"Pr\u00e9paration du 9e congr\u00e8s national des m\u00e9decins : le Conseil national de l&rsquo;Ordre des m\u00e9decins chez le premier ministre Rimtalba\"}]},{\"@type\":\"WebSite\",\"@id\":\"https:\\\/\\\/reveil-info.net\\\/#website\",\"url\":\"https:\\\/\\\/reveil-info.net\\\/\",\"name\":\"R\u00e9veil Info\",\"description\":\"Le devoir d&#039;informer!\",\"publisher\":{\"@id\":\"https:\\\/\\\/reveil-info.net\\\/#organization\"},\"potentialAction\":[{\"@type\":\"SearchAction\",\"target\":{\"@type\":\"EntryPoint\",\"urlTemplate\":\"https:\\\/\\\/reveil-info.net\\\/?s={search_term_string}\"},\"query-input\":{\"@type\":\"PropertyValueSpecification\",\"valueRequired\":true,\"valueName\":\"search_term_string\"}}],\"inLanguage\":\"fr-FR\"},{\"@type\":\"Organization\",\"@id\":\"https:\\\/\\\/reveil-info.net\\\/#organization\",\"name\":\"R\u00e9veil Info\",\"url\":\"https:\\\/\\\/reveil-info.net\\\/\",\"logo\":{\"@type\":\"ImageObject\",\"inLanguage\":\"fr-FR\",\"@id\":\"https:\\\/\\\/reveil-info.net\\\/#\\\/schema\\\/logo\\\/image\\\/\",\"url\":\"https:\\\/\\\/reveil-info.net\\\/wp-content\\\/uploads\\\/2024\\\/07\\\/bnddd1.jpg\",\"contentUrl\":\"https:\\\/\\\/reveil-info.net\\\/wp-content\\\/uploads\\\/2024\\\/07\\\/bnddd1.jpg\",\"width\":903,\"height\":125,\"caption\":\"R\u00e9veil Info\"},\"image\":{\"@id\":\"https:\\\/\\\/reveil-info.net\\\/#\\\/schema\\\/logo\\\/image\\\/\"}},{\"@type\":\"Person\",\"@id\":\"https:\\\/\\\/reveil-info.net\\\/#\\\/schema\\\/person\\\/ca0cc8e70088e0a2b5e92556c1ee60f5\",\"name\":\"R\u00e9veil info\",\"image\":{\"@type\":\"ImageObject\",\"inLanguage\":\"fr-FR\",\"@id\":\"https:\\\/\\\/secure.gravatar.com\\\/avatar\\\/e4ad5bb743c8b6cb174d9df6c7d30a8a16f6889731241345fc6444e6485f02af?s=96&d=mm&r=g\",\"url\":\"https:\\\/\\\/secure.gravatar.com\\\/avatar\\\/e4ad5bb743c8b6cb174d9df6c7d30a8a16f6889731241345fc6444e6485f02af?s=96&d=mm&r=g\",\"contentUrl\":\"https:\\\/\\\/secure.gravatar.com\\\/avatar\\\/e4ad5bb743c8b6cb174d9df6c7d30a8a16f6889731241345fc6444e6485f02af?s=96&d=mm&r=g\",\"caption\":\"R\u00e9veil info\"},\"sameAs\":[\"https:\\\/\\\/reveil-info.net\"],\"url\":\"https:\\\/\\\/reveil-info.net\\\/?author=1\"}]}<\/script>\n<!-- \/ Yoast SEO plugin. -->","yoast_head_json":{"title":"Pr\u00e9paration du 9e congr\u00e8s national des m\u00e9decins : le Conseil national de l'Ordre des m\u00e9decins chez le premier ministre Rimtalba - R\u00e9veil Info","robots":{"index":"noindex","follow":"follow","max-snippet":"max-snippet:-1","max-image-preview":"max-image-preview:large","max-video-preview":"max-video-preview:-1"},"og_locale":"fr_FR","og_type":"article","og_title":"Pr\u00e9paration du 9e congr\u00e8s national des m\u00e9decins : le Conseil national de l'Ordre des m\u00e9decins chez le premier ministre Rimtalba - R\u00e9veil Info","og_description":"Le Premier ministre, Rimtalba Jean Emmanuel Ou\u00e9draogo, a re\u00e7u en audience, ce mardi 4 novembre","og_url":"https:\/\/reveil-info.net\/?p=34874","og_site_name":"R\u00e9veil Info","article_published_time":"2025-11-04T13:25:22+00:00","og_image":[{"width":1080,"height":722,"url":"https:\/\/reveil-info.net\/wp-content\/uploads\/2025\/11\/IMG-20251104-WA0046.jpg","type":"image\/jpeg"}],"author":"R\u00e9veil info","twitter_card":"summary_large_image","twitter_misc":{"\u00c9crit par":"R\u00e9veil info","Dur\u00e9e de lecture estim\u00e9e":"3 minutes"},"schema":{"@context":"https:\/\/schema.org","@graph":[{"@type":"Article","@id":"https:\/\/reveil-info.net\/?p=34874#article","isPartOf":{"@id":"https:\/\/reveil-info.net\/?p=34874"},"author":{"name":"R\u00e9veil info","@id":"https:\/\/reveil-info.net\/#\/schema\/person\/ca0cc8e70088e0a2b5e92556c1ee60f5"},"headline":"Pr\u00e9paration du 9e congr\u00e8s national des m\u00e9decins : le Conseil national de l&rsquo;Ordre des m\u00e9decins chez le premier ministre Rimtalba","datePublished":"2025-11-04T13:25:22+00:00","mainEntityOfPage":{"@id":"https:\/\/reveil-info.net\/?p=34874"},"wordCount":488,"commentCount":0,"publisher":{"@id":"https:\/\/reveil-info.net\/#organization"},"image":{"@id":"https:\/\/reveil-info.net\/?p=34874#primaryimage"},"thumbnailUrl":"https:\/\/reveil-info.net\/wp-content\/uploads\/2025\/11\/IMG-20251104-WA0046.jpg","articleSection":["Actualit\u00e9"],"inLanguage":"fr-FR","potentialAction":[{"@type":"CommentAction","name":"Comment","target":["https:\/\/reveil-info.net\/?p=34874#respond"]}]},{"@type":"WebPage","@id":"https:\/\/reveil-info.net\/?p=34874","url":"https:\/\/reveil-info.net\/?p=34874","name":"Pr\u00e9paration du 9e congr\u00e8s national des m\u00e9decins : le Conseil national de l'Ordre des m\u00e9decins chez le premier ministre Rimtalba - R\u00e9veil Info","isPartOf":{"@id":"https:\/\/reveil-info.net\/#website"},"primaryImageOfPage":{"@id":"https:\/\/reveil-info.net\/?p=34874#primaryimage"},"image":{"@id":"https:\/\/reveil-info.net\/?p=34874#primaryimage"},"thumbnailUrl":"https:\/\/reveil-info.net\/wp-content\/uploads\/2025\/11\/IMG-20251104-WA0046.jpg","datePublished":"2025-11-04T13:25:22+00:00","breadcrumb":{"@id":"https:\/\/reveil-info.net\/?p=34874#breadcrumb"},"inLanguage":"fr-FR","potentialAction":[{"@type":"ReadAction","target":["https:\/\/reveil-info.net\/?p=34874"]}]},{"@type":"ImageObject","inLanguage":"fr-FR","@id":"https:\/\/reveil-info.net\/?p=34874#primaryimage","url":"https:\/\/reveil-info.net\/wp-content\/uploads\/2025\/11\/IMG-20251104-WA0046.jpg","contentUrl":"https:\/\/reveil-info.net\/wp-content\/uploads\/2025\/11\/IMG-20251104-WA0046.jpg","width":1080,"height":722},{"@type":"BreadcrumbList","@id":"https:\/\/reveil-info.net\/?p=34874#breadcrumb","itemListElement":[{"@type":"ListItem","position":1,"name":"Home","item":"https:\/\/reveil-info.net\/"},{"@type":"ListItem","position":2,"name":"Pr\u00e9paration du 9e congr\u00e8s national des m\u00e9decins : le Conseil national de l&rsquo;Ordre des m\u00e9decins chez le premier ministre Rimtalba"}]},{"@type":"WebSite","@id":"https:\/\/reveil-info.net\/#website","url":"https:\/\/reveil-info.net\/","name":"R\u00e9veil Info","description":"Le devoir d&#039;informer!","publisher":{"@id":"https:\/\/reveil-info.net\/#organization"},"potentialAction":[{"@type":"SearchAction","target":{"@type":"EntryPoint","urlTemplate":"https:\/\/reveil-info.net\/?s={search_term_string}"},"query-input":{"@type":"PropertyValueSpecification","valueRequired":true,"valueName":"search_term_string"}}],"inLanguage":"fr-FR"},{"@type":"Organization","@id":"https:\/\/reveil-info.net\/#organization","name":"R\u00e9veil Info","url":"https:\/\/reveil-info.net\/","logo":{"@type":"ImageObject","inLanguage":"fr-FR","@id":"https:\/\/reveil-info.net\/#\/schema\/logo\/image\/","url":"https:\/\/reveil-info.net\/wp-content\/uploads\/2024\/07\/bnddd1.jpg","contentUrl":"https:\/\/reveil-info.net\/wp-content\/uploads\/2024\/07\/bnddd1.jpg","width":903,"height":125,"caption":"R\u00e9veil Info"},"image":{"@id":"https:\/\/reveil-info.net\/#\/schema\/logo\/image\/"}},{"@type":"Person","@id":"https:\/\/reveil-info.net\/#\/schema\/person\/ca0cc8e70088e0a2b5e92556c1ee60f5","name":"R\u00e9veil info","image":{"@type":"ImageObject","inLanguage":"fr-FR","@id":"https:\/\/secure.gravatar.com\/avatar\/e4ad5bb743c8b6cb174d9df6c7d30a8a16f6889731241345fc6444e6485f02af?s=96&d=mm&r=g","url":"https:\/\/secure.gravatar.com\/avatar\/e4ad5bb743c8b6cb174d9df6c7d30a8a16f6889731241345fc6444e6485f02af?s=96&d=mm&r=g","contentUrl":"https:\/\/secure.gravatar.com\/avatar\/e4ad5bb743c8b6cb174d9df6c7d30a8a16f6889731241345fc6444e6485f02af?s=96&d=mm&r=g","caption":"R\u00e9veil info"},"sameAs":["https:\/\/reveil-info.net"],"url":"https:\/\/reveil-info.net\/?author=1"}]}},"jetpack_featured_media_url":"https:\/\/reveil-info.net\/wp-content\/uploads\/2025\/11\/IMG-20251104-WA0046.jpg","featured_image_urls":{"full":["https:\/\/reveil-info.net\/wp-content\/uploads\/2025\/11\/IMG-20251104-WA0046.jpg",1080,722,false],"thumbnail":["https:\/\/reveil-info.net\/wp-content\/uploads\/2025\/11\/IMG-20251104-WA0046-150x150.jpg",150,150,true],"medium":["https:\/\/reveil-info.net\/wp-content\/uploads\/2025\/11\/IMG-20251104-WA0046-300x201.jpg",300,201,true],"medium_large":["https:\/\/reveil-info.net\/wp-content\/uploads\/2025\/11\/IMG-20251104-WA0046-768x513.jpg",640,428,true],"large":["https:\/\/reveil-info.net\/wp-content\/uploads\/2025\/11\/IMG-20251104-WA0046-1024x685.jpg",640,428,true],"1536x1536":["https:\/\/reveil-info.net\/wp-content\/uploads\/2025\/11\/IMG-20251104-WA0046.jpg",1080,722,false],"2048x2048":["https:\/\/reveil-info.net\/wp-content\/uploads\/2025\/11\/IMG-20251104-WA0046.jpg",1080,722,false],"chromenews-featured":["https:\/\/reveil-info.net\/wp-content\/uploads\/2025\/11\/IMG-20251104-WA0046-1024x685.jpg",1024,685,true],"chromenews-large":["https:\/\/reveil-info.net\/wp-content\/uploads\/2025\/11\/IMG-20251104-WA0046-825x575.jpg",825,575,true],"chromenews-medium":["https:\/\/reveil-info.net\/wp-content\/uploads\/2025\/11\/IMG-20251104-WA0046-590x410.jpg",590,410,true]},"author_info":{"display_name":"R\u00e9veil info","author_link":"https:\/\/reveil-info.net\/?author=1"},"category_info":"<a href=\"https:\/\/reveil-info.net\/?cat=2\" rel=\"category\">Actualit\u00e9<\/a>","tag_info":"Actualit\u00e9","comment_count":"0","_links":{"self":[{"href":"https:\/\/reveil-info.net\/index.php?rest_route=\/wp\/v2\/posts\/34874","targetHints":{"allow":["GET"]}}],"collection":[{"href":"https:\/\/reveil-info.net\/index.php?rest_route=\/wp\/v2\/posts"}],"about":[{"href":"https:\/\/reveil-info.net\/index.php?rest_route=\/wp\/v2\/types\/post"}],"author":[{"embeddable":true,"href":"https:\/\/reveil-info.net\/index.php?rest_route=\/wp\/v2\/users\/1"}],"replies":[{"embeddable":true,"href":"https:\/\/reveil-info.net\/index.php?rest_route=%2Fwp%2Fv2%2Fcomments&post=34874"}],"version-history":[{"count":5,"href":"https:\/\/reveil-info.net\/index.php?rest_route=\/wp\/v2\/posts\/34874\/revisions"}],"predecessor-version":[{"id":34882,"href":"https:\/\/reveil-info.net\/index.php?rest_route=\/wp\/v2\/posts\/34874\/revisions\/34882"}],"wp:featuredmedia":[{"embeddable":true,"href":"https:\/\/reveil-info.net\/index.php?rest_route=\/wp\/v2\/media\/34881"}],"wp:attachment":[{"href":"https:\/\/reveil-info.net\/index.php?rest_route=%2Fwp%2Fv2%2Fmedia&parent=34874"}],"wp:term":[{"taxonomy":"category","embeddable":true,"href":"https:\/\/reveil-info.net\/index.php?rest_route=%2Fwp%2Fv2%2Fcategories&post=34874"},{"taxonomy":"post_tag","embeddable":true,"href":"https:\/\/reveil-info.net\/index.php?rest_route=%2Fwp%2Fv2%2Ftags&post=34874"}],"curies":[{"name":"wp","href":"https:\/\/api.w.org\/{rel}","templated":true}]}}