{"id":34314,"date":"2025-10-27T12:25:23","date_gmt":"2025-10-27T12:25:23","guid":{"rendered":"https:\/\/reveil-info.net\/?p=34314"},"modified":"2025-10-27T12:26:59","modified_gmt":"2025-10-27T12:26:59","slug":"enseignement-technique-et-formation-professionnelle-un-forum-pour-une-jeunesse-qualifiee-et-adaptee-aux-besoins-du-marche","status":"publish","type":"post","link":"https:\/\/reveil-info.net\/?p=34314","title":{"rendered":"Enseignement technique et formation professionnelle : un forum pour une jeunesse qualifi\u00e9e et adapt\u00e9e aux besoins du march\u00e9"},"content":{"rendered":"<p>Le Premier ministre, Rimtalba Jean Emmanuel Ou\u00e9draogo, a pr\u00e9sid\u00e9, ce lundi 27 octobre 2025 \u00e0 Ouagadougou, la c\u00e9r\u00e9monie d\u2019ouverture du Forum national sur l\u2019enseignement et la formation techniques et professionnels (EFTP) au Burkina Faso. Plac\u00e9e sous le signe du renouveau \u00e9ducatif, cette rencontre, qui a pour pays invit\u00e9s d\u2019honneur le Mali, le Niger et la R\u00e9publique du Congo, marque une \u00e9tape d\u00e9cisive dans la refondation du syst\u00e8me \u00e9ducatif national.<\/p>\n<p><img loading=\"lazy\" decoding=\"async\" class=\"alignnone size-full wp-image-34320\" src=\"https:\/\/reveil-info.net\/wp-content\/uploads\/2025\/10\/IMG-20251027-WA0045.jpg\" alt=\"\" width=\"1080\" height=\"842\" srcset=\"https:\/\/reveil-info.net\/wp-content\/uploads\/2025\/10\/IMG-20251027-WA0045.jpg 1080w, https:\/\/reveil-info.net\/wp-content\/uploads\/2025\/10\/IMG-20251027-WA0045-300x234.jpg 300w, https:\/\/reveil-info.net\/wp-content\/uploads\/2025\/10\/IMG-20251027-WA0045-1024x798.jpg 1024w, https:\/\/reveil-info.net\/wp-content\/uploads\/2025\/10\/IMG-20251027-WA0045-768x599.jpg 768w\" sizes=\"auto, (max-width: 1080px) 100vw, 1080px\" \/><br \/>\n\u200e<br \/>\n\u200eDurant 48 heures (les 27 et 28 octobre 2025), les participants \u00e9changeront autour de th\u00e9matiques cl\u00e9s, notamment la diversification des fili\u00e8res techniques adapt\u00e9es aux besoins du march\u00e9, le renforcement des infrastructures et \u00e9quipements p\u00e9dagogiques, la formation des formateurs, la valorisation des m\u00e9tiers techniques, ainsi que le financement durable du secteur.<\/p>\n<p><img loading=\"lazy\" decoding=\"async\" class=\"alignnone size-full wp-image-34322\" src=\"https:\/\/reveil-info.net\/wp-content\/uploads\/2025\/10\/IMG-20251027-WA0048.jpg\" alt=\"\" width=\"1080\" height=\"695\" srcset=\"https:\/\/reveil-info.net\/wp-content\/uploads\/2025\/10\/IMG-20251027-WA0048.jpg 1080w, https:\/\/reveil-info.net\/wp-content\/uploads\/2025\/10\/IMG-20251027-WA0048-300x193.jpg 300w, https:\/\/reveil-info.net\/wp-content\/uploads\/2025\/10\/IMG-20251027-WA0048-1024x659.jpg 1024w, https:\/\/reveil-info.net\/wp-content\/uploads\/2025\/10\/IMG-20251027-WA0048-768x494.jpg 768w\" sizes=\"auto, (max-width: 1080px) 100vw, 1080px\" \/><br \/>\n\u200e<br \/>\n\u200ePrenant la parole devant un parterre d\u2019acteurs institutionnels, de partenaires techniques et financiers, d\u2019enseignants, d\u2019\u00e9l\u00e8ves et de repr\u00e9sentants du secteur priv\u00e9, le Chef du Gouvernement a dress\u00e9 un diagnostic lucide du syst\u00e8me \u00e9ducatif burkinab\u00e8 : seulement 5 % des \u00e9l\u00e8ves du post-primaire et du secondaire sont inscrits dans des fili\u00e8res techniques et professionnelles, alors que les besoins en techniciens, artisans et entrepreneurs qualifi\u00e9s sont consid\u00e9rables. Une situation, a-t-il soulign\u00e9, qui compromet la souverainet\u00e9 \u00e9conomique et la volont\u00e9 d\u2019offrir des perspectives d\u2019emploi durables \u00e0 la jeunesse.<\/p>\n<p><img loading=\"lazy\" decoding=\"async\" class=\"alignnone size-full wp-image-34324\" src=\"https:\/\/reveil-info.net\/wp-content\/uploads\/2025\/10\/IMG-20251027-WA0047.jpg\" alt=\"\" width=\"1080\" height=\"648\" srcset=\"https:\/\/reveil-info.net\/wp-content\/uploads\/2025\/10\/IMG-20251027-WA0047.jpg 1080w, https:\/\/reveil-info.net\/wp-content\/uploads\/2025\/10\/IMG-20251027-WA0047-300x180.jpg 300w, https:\/\/reveil-info.net\/wp-content\/uploads\/2025\/10\/IMG-20251027-WA0047-1024x614.jpg 1024w, https:\/\/reveil-info.net\/wp-content\/uploads\/2025\/10\/IMG-20251027-WA0047-768x461.jpg 768w\" sizes=\"auto, (max-width: 1080px) 100vw, 1080px\" \/><br \/>\n\u200e<br \/>\n\u200eLe Premier ministre a r\u00e9affirm\u00e9 l\u2019ambition du Gouvernement d\u2019inverser cette tendance, en portant la proportion d\u2019apprenants de l\u2019EFTP \u00e0 60 % \u00e0 l\u2019horizon 2050, afin de disposer d\u2019une masse critique d\u2019ouvriers sp\u00e9cialis\u00e9s, de techniciens et d\u2019ing\u00e9nieurs capables de booster le d\u00e9veloppement endog\u00e8ne du pays.<br \/>\n\u200e<br \/>\n\u200eIl a \u00e9galement insist\u00e9 sur la n\u00e9cessit\u00e9 d\u2019aligner les fili\u00e8res de formation sur les besoins r\u00e9els du march\u00e9 de l\u2019emploi et sur les exigences du d\u00e9veloppement national.<br \/>\n\u200e<br \/>\n\u200e\u00ab Il nous faut allier la th\u00e9orie \u00e0 la pratique. C\u2019est pourquoi l\u2019alternance \u00e9cole-entreprise doit \u00eatre privil\u00e9gi\u00e9e pour garantir l\u2019employabilit\u00e9 et l\u2019insertion professionnelle imm\u00e9diate \u00bb, a-t-il d\u00e9clar\u00e9.<br \/>\n\u200e<br \/>\n\u200eAu nom des pays de l\u2019Alliance des \u00c9tats du Sahel (AES), la ministre malienne de l\u2019Entrepreneuriat national, de l\u2019Emploi et de la Formation technique et professionnelle, Oumou Sall Seck, a salu\u00e9 cette initiative, qu\u2019elle a qualifi\u00e9e de signal fort d\u2019un engagement collectif \u00e0 b\u00e2tir un avenir meilleur pour la jeunesse \u00e0 travers le travail, la comp\u00e9tence et la solidarit\u00e9.<br \/>\n\u200e<br \/>\n\u200e\u00ab Le d\u00e9veloppement du capital humain est au centre de cette ambition. Il constitue le levier essentiel pour vaincre la pauvret\u00e9, la migration irr\u00e9guli\u00e8re, l\u2019ins\u00e9curit\u00e9 et renforcer la coh\u00e9sion sociale \u00bb, a-t-elle soulign\u00e9.<br \/>\n\u200e<br \/>\n\u200eCe forum s\u2019inscrit dans la dynamique nationale de concertation et de co-construction des politiques \u00e9ducatives, apr\u00e8s plusieurs foras r\u00e9gionaux ayant permis de recueillir les attentes des populations et des acteurs du secteur.<br \/>\n\u200e<br \/>\n\u200ePar cette initiative, le Gouvernement entend faire de l\u2019EFTP un pilier central de sa strat\u00e9gie de d\u00e9veloppement humain, \u00e9conomique et durable. \u00c0 l\u2019issue des travaux, une feuille de route nationale sera adopt\u00e9e, avec des engagements clairs pour am\u00e9liorer l\u2019acc\u00e8s, la qualit\u00e9 et la pertinence de l\u2019enseignement et de la formation technique et professionnel au Burkina Faso.<br \/>\n\u200e<br \/>\n\u200eDCRP\/ Primature<\/p>\n<p>Reveil-info<\/p>\n","protected":false},"excerpt":{"rendered":"<p>Le Premier ministre, Rimtalba Jean Emmanuel Ou\u00e9draogo, a pr\u00e9sid\u00e9, ce lundi 27 octobre 2025 \u00e0<\/p>\n","protected":false},"author":1,"featured_media":34319,"comment_status":"open","ping_status":"open","sticky":false,"template":"","format":"standard","meta":{"footnotes":""},"categories":[2],"tags":[],"class_list":["post-34314","post","type-post","status-publish","format-standard","has-post-thumbnail","hentry","category-actu"],"yoast_head":"<!-- This site is optimized with the Yoast SEO plugin v27.5 - https:\/\/yoast.com\/product\/yoast-seo-wordpress\/ -->\n<title>Enseignement technique et formation professionnelle : un forum pour une jeunesse qualifi\u00e9e et adapt\u00e9e aux besoins du march\u00e9 - R\u00e9veil Info<\/title>\n<meta name=\"robots\" content=\"noindex, follow, max-snippet:-1, max-image-preview:large, max-video-preview:-1\" \/>\n<meta property=\"og:locale\" content=\"fr_FR\" \/>\n<meta property=\"og:type\" content=\"article\" \/>\n<meta property=\"og:title\" content=\"Enseignement technique et formation professionnelle : un forum pour une jeunesse qualifi\u00e9e et adapt\u00e9e aux besoins du march\u00e9 - R\u00e9veil Info\" \/>\n<meta property=\"og:description\" content=\"Le Premier ministre, Rimtalba Jean Emmanuel Ou\u00e9draogo, a pr\u00e9sid\u00e9, ce lundi 27 octobre 2025 \u00e0\" \/>\n<meta property=\"og:url\" content=\"https:\/\/reveil-info.net\/?p=34314\" \/>\n<meta property=\"og:site_name\" content=\"R\u00e9veil Info\" \/>\n<meta property=\"article:published_time\" content=\"2025-10-27T12:25:23+00:00\" \/>\n<meta property=\"article:modified_time\" content=\"2025-10-27T12:26:59+00:00\" \/>\n<meta property=\"og:image\" content=\"https:\/\/reveil-info.net\/wp-content\/uploads\/2025\/10\/IMG-20251027-WA0049.jpg\" \/>\n\t<meta property=\"og:image:width\" content=\"1080\" \/>\n\t<meta property=\"og:image:height\" content=\"678\" \/>\n\t<meta property=\"og:image:type\" content=\"image\/jpeg\" \/>\n<meta name=\"author\" content=\"R\u00e9veil info\" \/>\n<meta name=\"twitter:card\" content=\"summary_large_image\" \/>\n<meta name=\"twitter:label1\" content=\"\u00c9crit par\" \/>\n\t<meta name=\"twitter:data1\" content=\"R\u00e9veil info\" \/>\n\t<meta name=\"twitter:label2\" content=\"Dur\u00e9e de lecture estim\u00e9e\" \/>\n\t<meta name=\"twitter:data2\" content=\"4 minutes\" \/>\n<script type=\"application\/ld+json\" class=\"yoast-schema-graph\">{\"@context\":\"https:\\\/\\\/schema.org\",\"@graph\":[{\"@type\":\"Article\",\"@id\":\"https:\\\/\\\/reveil-info.net\\\/?p=34314#article\",\"isPartOf\":{\"@id\":\"https:\\\/\\\/reveil-info.net\\\/?p=34314\"},\"author\":{\"name\":\"R\u00e9veil info\",\"@id\":\"https:\\\/\\\/reveil-info.net\\\/#\\\/schema\\\/person\\\/ca0cc8e70088e0a2b5e92556c1ee60f5\"},\"headline\":\"Enseignement technique et formation professionnelle : un forum pour une jeunesse qualifi\u00e9e et adapt\u00e9e aux besoins du march\u00e9\",\"datePublished\":\"2025-10-27T12:25:23+00:00\",\"dateModified\":\"2025-10-27T12:26:59+00:00\",\"mainEntityOfPage\":{\"@id\":\"https:\\\/\\\/reveil-info.net\\\/?p=34314\"},\"wordCount\":565,\"commentCount\":0,\"publisher\":{\"@id\":\"https:\\\/\\\/reveil-info.net\\\/#organization\"},\"image\":{\"@id\":\"https:\\\/\\\/reveil-info.net\\\/?p=34314#primaryimage\"},\"thumbnailUrl\":\"https:\\\/\\\/reveil-info.net\\\/wp-content\\\/uploads\\\/2025\\\/10\\\/IMG-20251027-WA0049.jpg\",\"articleSection\":[\"Actualit\u00e9\"],\"inLanguage\":\"fr-FR\",\"potentialAction\":[{\"@type\":\"CommentAction\",\"name\":\"Comment\",\"target\":[\"https:\\\/\\\/reveil-info.net\\\/?p=34314#respond\"]}]},{\"@type\":\"WebPage\",\"@id\":\"https:\\\/\\\/reveil-info.net\\\/?p=34314\",\"url\":\"https:\\\/\\\/reveil-info.net\\\/?p=34314\",\"name\":\"Enseignement technique et formation professionnelle : un forum pour une jeunesse qualifi\u00e9e et adapt\u00e9e aux besoins du march\u00e9 - R\u00e9veil Info\",\"isPartOf\":{\"@id\":\"https:\\\/\\\/reveil-info.net\\\/#website\"},\"primaryImageOfPage\":{\"@id\":\"https:\\\/\\\/reveil-info.net\\\/?p=34314#primaryimage\"},\"image\":{\"@id\":\"https:\\\/\\\/reveil-info.net\\\/?p=34314#primaryimage\"},\"thumbnailUrl\":\"https:\\\/\\\/reveil-info.net\\\/wp-content\\\/uploads\\\/2025\\\/10\\\/IMG-20251027-WA0049.jpg\",\"datePublished\":\"2025-10-27T12:25:23+00:00\",\"dateModified\":\"2025-10-27T12:26:59+00:00\",\"breadcrumb\":{\"@id\":\"https:\\\/\\\/reveil-info.net\\\/?p=34314#breadcrumb\"},\"inLanguage\":\"fr-FR\",\"potentialAction\":[{\"@type\":\"ReadAction\",\"target\":[\"https:\\\/\\\/reveil-info.net\\\/?p=34314\"]}]},{\"@type\":\"ImageObject\",\"inLanguage\":\"fr-FR\",\"@id\":\"https:\\\/\\\/reveil-info.net\\\/?p=34314#primaryimage\",\"url\":\"https:\\\/\\\/reveil-info.net\\\/wp-content\\\/uploads\\\/2025\\\/10\\\/IMG-20251027-WA0049.jpg\",\"contentUrl\":\"https:\\\/\\\/reveil-info.net\\\/wp-content\\\/uploads\\\/2025\\\/10\\\/IMG-20251027-WA0049.jpg\",\"width\":1080,\"height\":678},{\"@type\":\"BreadcrumbList\",\"@id\":\"https:\\\/\\\/reveil-info.net\\\/?p=34314#breadcrumb\",\"itemListElement\":[{\"@type\":\"ListItem\",\"position\":1,\"name\":\"Home\",\"item\":\"https:\\\/\\\/reveil-info.net\\\/\"},{\"@type\":\"ListItem\",\"position\":2,\"name\":\"Enseignement technique et formation professionnelle : un forum pour une jeunesse qualifi\u00e9e et adapt\u00e9e aux besoins du march\u00e9\"}]},{\"@type\":\"WebSite\",\"@id\":\"https:\\\/\\\/reveil-info.net\\\/#website\",\"url\":\"https:\\\/\\\/reveil-info.net\\\/\",\"name\":\"R\u00e9veil Info\",\"description\":\"Le devoir d&#039;informer!\",\"publisher\":{\"@id\":\"https:\\\/\\\/reveil-info.net\\\/#organization\"},\"potentialAction\":[{\"@type\":\"SearchAction\",\"target\":{\"@type\":\"EntryPoint\",\"urlTemplate\":\"https:\\\/\\\/reveil-info.net\\\/?s={search_term_string}\"},\"query-input\":{\"@type\":\"PropertyValueSpecification\",\"valueRequired\":true,\"valueName\":\"search_term_string\"}}],\"inLanguage\":\"fr-FR\"},{\"@type\":\"Organization\",\"@id\":\"https:\\\/\\\/reveil-info.net\\\/#organization\",\"name\":\"R\u00e9veil Info\",\"url\":\"https:\\\/\\\/reveil-info.net\\\/\",\"logo\":{\"@type\":\"ImageObject\",\"inLanguage\":\"fr-FR\",\"@id\":\"https:\\\/\\\/reveil-info.net\\\/#\\\/schema\\\/logo\\\/image\\\/\",\"url\":\"https:\\\/\\\/reveil-info.net\\\/wp-content\\\/uploads\\\/2024\\\/07\\\/bnddd1.jpg\",\"contentUrl\":\"https:\\\/\\\/reveil-info.net\\\/wp-content\\\/uploads\\\/2024\\\/07\\\/bnddd1.jpg\",\"width\":903,\"height\":125,\"caption\":\"R\u00e9veil Info\"},\"image\":{\"@id\":\"https:\\\/\\\/reveil-info.net\\\/#\\\/schema\\\/logo\\\/image\\\/\"}},{\"@type\":\"Person\",\"@id\":\"https:\\\/\\\/reveil-info.net\\\/#\\\/schema\\\/person\\\/ca0cc8e70088e0a2b5e92556c1ee60f5\",\"name\":\"R\u00e9veil info\",\"image\":{\"@type\":\"ImageObject\",\"inLanguage\":\"fr-FR\",\"@id\":\"https:\\\/\\\/secure.gravatar.com\\\/avatar\\\/e4ad5bb743c8b6cb174d9df6c7d30a8a16f6889731241345fc6444e6485f02af?s=96&d=mm&r=g\",\"url\":\"https:\\\/\\\/secure.gravatar.com\\\/avatar\\\/e4ad5bb743c8b6cb174d9df6c7d30a8a16f6889731241345fc6444e6485f02af?s=96&d=mm&r=g\",\"contentUrl\":\"https:\\\/\\\/secure.gravatar.com\\\/avatar\\\/e4ad5bb743c8b6cb174d9df6c7d30a8a16f6889731241345fc6444e6485f02af?s=96&d=mm&r=g\",\"caption\":\"R\u00e9veil info\"},\"sameAs\":[\"https:\\\/\\\/reveil-info.net\"],\"url\":\"https:\\\/\\\/reveil-info.net\\\/?author=1\"}]}<\/script>\n<!-- \/ Yoast SEO plugin. -->","yoast_head_json":{"title":"Enseignement technique et formation professionnelle : un forum pour une jeunesse qualifi\u00e9e et adapt\u00e9e aux besoins du march\u00e9 - R\u00e9veil Info","robots":{"index":"noindex","follow":"follow","max-snippet":"max-snippet:-1","max-image-preview":"max-image-preview:large","max-video-preview":"max-video-preview:-1"},"og_locale":"fr_FR","og_type":"article","og_title":"Enseignement technique et formation professionnelle : un forum pour une jeunesse qualifi\u00e9e et adapt\u00e9e aux besoins du march\u00e9 - R\u00e9veil Info","og_description":"Le Premier ministre, Rimtalba Jean Emmanuel Ou\u00e9draogo, a pr\u00e9sid\u00e9, ce lundi 27 octobre 2025 \u00e0","og_url":"https:\/\/reveil-info.net\/?p=34314","og_site_name":"R\u00e9veil Info","article_published_time":"2025-10-27T12:25:23+00:00","article_modified_time":"2025-10-27T12:26:59+00:00","og_image":[{"width":1080,"height":678,"url":"https:\/\/reveil-info.net\/wp-content\/uploads\/2025\/10\/IMG-20251027-WA0049.jpg","type":"image\/jpeg"}],"author":"R\u00e9veil info","twitter_card":"summary_large_image","twitter_misc":{"\u00c9crit par":"R\u00e9veil info","Dur\u00e9e de lecture estim\u00e9e":"4 minutes"},"schema":{"@context":"https:\/\/schema.org","@graph":[{"@type":"Article","@id":"https:\/\/reveil-info.net\/?p=34314#article","isPartOf":{"@id":"https:\/\/reveil-info.net\/?p=34314"},"author":{"name":"R\u00e9veil info","@id":"https:\/\/reveil-info.net\/#\/schema\/person\/ca0cc8e70088e0a2b5e92556c1ee60f5"},"headline":"Enseignement technique et formation professionnelle : un forum pour une jeunesse qualifi\u00e9e et adapt\u00e9e aux besoins du march\u00e9","datePublished":"2025-10-27T12:25:23+00:00","dateModified":"2025-10-27T12:26:59+00:00","mainEntityOfPage":{"@id":"https:\/\/reveil-info.net\/?p=34314"},"wordCount":565,"commentCount":0,"publisher":{"@id":"https:\/\/reveil-info.net\/#organization"},"image":{"@id":"https:\/\/reveil-info.net\/?p=34314#primaryimage"},"thumbnailUrl":"https:\/\/reveil-info.net\/wp-content\/uploads\/2025\/10\/IMG-20251027-WA0049.jpg","articleSection":["Actualit\u00e9"],"inLanguage":"fr-FR","potentialAction":[{"@type":"CommentAction","name":"Comment","target":["https:\/\/reveil-info.net\/?p=34314#respond"]}]},{"@type":"WebPage","@id":"https:\/\/reveil-info.net\/?p=34314","url":"https:\/\/reveil-info.net\/?p=34314","name":"Enseignement technique et formation professionnelle : un forum pour une jeunesse qualifi\u00e9e et adapt\u00e9e aux besoins du march\u00e9 - R\u00e9veil Info","isPartOf":{"@id":"https:\/\/reveil-info.net\/#website"},"primaryImageOfPage":{"@id":"https:\/\/reveil-info.net\/?p=34314#primaryimage"},"image":{"@id":"https:\/\/reveil-info.net\/?p=34314#primaryimage"},"thumbnailUrl":"https:\/\/reveil-info.net\/wp-content\/uploads\/2025\/10\/IMG-20251027-WA0049.jpg","datePublished":"2025-10-27T12:25:23+00:00","dateModified":"2025-10-27T12:26:59+00:00","breadcrumb":{"@id":"https:\/\/reveil-info.net\/?p=34314#breadcrumb"},"inLanguage":"fr-FR","potentialAction":[{"@type":"ReadAction","target":["https:\/\/reveil-info.net\/?p=34314"]}]},{"@type":"ImageObject","inLanguage":"fr-FR","@id":"https:\/\/reveil-info.net\/?p=34314#primaryimage","url":"https:\/\/reveil-info.net\/wp-content\/uploads\/2025\/10\/IMG-20251027-WA0049.jpg","contentUrl":"https:\/\/reveil-info.net\/wp-content\/uploads\/2025\/10\/IMG-20251027-WA0049.jpg","width":1080,"height":678},{"@type":"BreadcrumbList","@id":"https:\/\/reveil-info.net\/?p=34314#breadcrumb","itemListElement":[{"@type":"ListItem","position":1,"name":"Home","item":"https:\/\/reveil-info.net\/"},{"@type":"ListItem","position":2,"name":"Enseignement technique et formation professionnelle : un forum pour une jeunesse qualifi\u00e9e et adapt\u00e9e aux besoins du march\u00e9"}]},{"@type":"WebSite","@id":"https:\/\/reveil-info.net\/#website","url":"https:\/\/reveil-info.net\/","name":"R\u00e9veil Info","description":"Le devoir d&#039;informer!","publisher":{"@id":"https:\/\/reveil-info.net\/#organization"},"potentialAction":[{"@type":"SearchAction","target":{"@type":"EntryPoint","urlTemplate":"https:\/\/reveil-info.net\/?s={search_term_string}"},"query-input":{"@type":"PropertyValueSpecification","valueRequired":true,"valueName":"search_term_string"}}],"inLanguage":"fr-FR"},{"@type":"Organization","@id":"https:\/\/reveil-info.net\/#organization","name":"R\u00e9veil Info","url":"https:\/\/reveil-info.net\/","logo":{"@type":"ImageObject","inLanguage":"fr-FR","@id":"https:\/\/reveil-info.net\/#\/schema\/logo\/image\/","url":"https:\/\/reveil-info.net\/wp-content\/uploads\/2024\/07\/bnddd1.jpg","contentUrl":"https:\/\/reveil-info.net\/wp-content\/uploads\/2024\/07\/bnddd1.jpg","width":903,"height":125,"caption":"R\u00e9veil Info"},"image":{"@id":"https:\/\/reveil-info.net\/#\/schema\/logo\/image\/"}},{"@type":"Person","@id":"https:\/\/reveil-info.net\/#\/schema\/person\/ca0cc8e70088e0a2b5e92556c1ee60f5","name":"R\u00e9veil info","image":{"@type":"ImageObject","inLanguage":"fr-FR","@id":"https:\/\/secure.gravatar.com\/avatar\/e4ad5bb743c8b6cb174d9df6c7d30a8a16f6889731241345fc6444e6485f02af?s=96&d=mm&r=g","url":"https:\/\/secure.gravatar.com\/avatar\/e4ad5bb743c8b6cb174d9df6c7d30a8a16f6889731241345fc6444e6485f02af?s=96&d=mm&r=g","contentUrl":"https:\/\/secure.gravatar.com\/avatar\/e4ad5bb743c8b6cb174d9df6c7d30a8a16f6889731241345fc6444e6485f02af?s=96&d=mm&r=g","caption":"R\u00e9veil info"},"sameAs":["https:\/\/reveil-info.net"],"url":"https:\/\/reveil-info.net\/?author=1"}]}},"jetpack_featured_media_url":"https:\/\/reveil-info.net\/wp-content\/uploads\/2025\/10\/IMG-20251027-WA0049.jpg","featured_image_urls":{"full":["https:\/\/reveil-info.net\/wp-content\/uploads\/2025\/10\/IMG-20251027-WA0049.jpg",1080,678,false],"thumbnail":["https:\/\/reveil-info.net\/wp-content\/uploads\/2025\/10\/IMG-20251027-WA0049-150x150.jpg",150,150,true],"medium":["https:\/\/reveil-info.net\/wp-content\/uploads\/2025\/10\/IMG-20251027-WA0049-300x188.jpg",300,188,true],"medium_large":["https:\/\/reveil-info.net\/wp-content\/uploads\/2025\/10\/IMG-20251027-WA0049-768x482.jpg",640,402,true],"large":["https:\/\/reveil-info.net\/wp-content\/uploads\/2025\/10\/IMG-20251027-WA0049-1024x643.jpg",640,402,true],"1536x1536":["https:\/\/reveil-info.net\/wp-content\/uploads\/2025\/10\/IMG-20251027-WA0049.jpg",1080,678,false],"2048x2048":["https:\/\/reveil-info.net\/wp-content\/uploads\/2025\/10\/IMG-20251027-WA0049.jpg",1080,678,false],"chromenews-featured":["https:\/\/reveil-info.net\/wp-content\/uploads\/2025\/10\/IMG-20251027-WA0049-1024x643.jpg",1024,643,true],"chromenews-large":["https:\/\/reveil-info.net\/wp-content\/uploads\/2025\/10\/IMG-20251027-WA0049-825x575.jpg",825,575,true],"chromenews-medium":["https:\/\/reveil-info.net\/wp-content\/uploads\/2025\/10\/IMG-20251027-WA0049-590x410.jpg",590,410,true]},"author_info":{"display_name":"R\u00e9veil info","author_link":"https:\/\/reveil-info.net\/?author=1"},"category_info":"<a href=\"https:\/\/reveil-info.net\/?cat=2\" rel=\"category\">Actualit\u00e9<\/a>","tag_info":"Actualit\u00e9","comment_count":"0","_links":{"self":[{"href":"https:\/\/reveil-info.net\/index.php?rest_route=\/wp\/v2\/posts\/34314","targetHints":{"allow":["GET"]}}],"collection":[{"href":"https:\/\/reveil-info.net\/index.php?rest_route=\/wp\/v2\/posts"}],"about":[{"href":"https:\/\/reveil-info.net\/index.php?rest_route=\/wp\/v2\/types\/post"}],"author":[{"embeddable":true,"href":"https:\/\/reveil-info.net\/index.php?rest_route=\/wp\/v2\/users\/1"}],"replies":[{"embeddable":true,"href":"https:\/\/reveil-info.net\/index.php?rest_route=%2Fwp%2Fv2%2Fcomments&post=34314"}],"version-history":[{"count":8,"href":"https:\/\/reveil-info.net\/index.php?rest_route=\/wp\/v2\/posts\/34314\/revisions"}],"predecessor-version":[{"id":34326,"href":"https:\/\/reveil-info.net\/index.php?rest_route=\/wp\/v2\/posts\/34314\/revisions\/34326"}],"wp:featuredmedia":[{"embeddable":true,"href":"https:\/\/reveil-info.net\/index.php?rest_route=\/wp\/v2\/media\/34319"}],"wp:attachment":[{"href":"https:\/\/reveil-info.net\/index.php?rest_route=%2Fwp%2Fv2%2Fmedia&parent=34314"}],"wp:term":[{"taxonomy":"category","embeddable":true,"href":"https:\/\/reveil-info.net\/index.php?rest_route=%2Fwp%2Fv2%2Fcategories&post=34314"},{"taxonomy":"post_tag","embeddable":true,"href":"https:\/\/reveil-info.net\/index.php?rest_route=%2Fwp%2Fv2%2Ftags&post=34314"}],"curies":[{"name":"wp","href":"https:\/\/api.w.org\/{rel}","templated":true}]}}