{"id":32018,"date":"2025-09-22T15:59:53","date_gmt":"2025-09-22T15:59:53","guid":{"rendered":"https:\/\/reveil-info.net\/?p=32018"},"modified":"2025-09-22T15:59:53","modified_gmt":"2025-09-22T15:59:53","slug":"france-le-depute-lfi-de-seine-saint-denis-aly-diouara-vise-par-un-nouveau-courrier-raciste-adresse-a-son-domicile","status":"publish","type":"post","link":"https:\/\/reveil-info.net\/?p=32018","title":{"rendered":"France ; Le d\u00e9put\u00e9 LFI de Seine-Saint-Denis Aly Diouara vis\u00e9 par un nouveau courrier raciste\u2026 adress\u00e9 \u00e0 son domicile"},"content":{"rendered":"<p><strong>Depuis son entr\u00e9e \u00e0 l\u2019Assembl\u00e9e nationale \u00e0 l\u2019\u00e9t\u00e9 2024, l\u2019\u00e9lu insoumis est r\u00e9guli\u00e8rement la cible de lettres ou de messages anonymes m\u00ealant propos racistes et menaces. Un nouveau palier a \u00e9t\u00e9 franchi .<\/strong><\/p>\n<p>Il avait d\u00e9pos\u00e9 <a href=\"https:\/\/www.leparisien.fr\/seine-saint-denis-93\/jai-decide-de-ne-plus-laisser-passer-le-depute-lfi-aly-diouara-depose-plainte-pour-cyberharcelement-et-menaces-de-mort-19-08-2024-PHPS5KIZAZBANIYTE4USSTBZOE.php\" target=\"_self\" rel=\"\" data-mrf-link=\"https:\/\/www.leparisien.fr\/seine-saint-denis-93\/jai-decide-de-ne-plus-laisser-passer-le-depute-lfi-aly-diouara-depose-plainte-pour-cyberharcelement-et-menaces-de-mort-19-08-2024-PHPS5KIZAZBANIYTE4USSTBZOE.php\">une premi\u00e8re plainte pour cyberharc\u00e8lement et menaces de mort<\/a>\u00a0en ao\u00fbt\u00a02024, moins de deux mois apr\u00e8s son \u00e9lection \u00e0 l\u2019Assembl\u00e9e nationale. En juillet dernier, Aly Diouara (LFI) publiait sur son compte X (ex-Twitter) un courrier dans lequel son auteur lui demande \u00ab\u00a0depuis quand les esclaves r\u00e9ussissent \u00e0 int\u00e9grer des postes en France\u00a0?\u00a0\u00bb. L\u2019intimidation et le racisme ont atteint un nouveau palier ce mardi.<\/p>\n<section class=\"content\">\n<section class=\"content\">\n<p class=\"paragraph text_align_left lp-f-body-02\">Dans l\u2019apr\u00e8s-midi, le d\u00e9put\u00e9 de la 5e circonscription de Seine-Saint-Denis (Drancy, Bobigny, Le\u00a0Bourget) a partag\u00e9 une lettre qui, pour la premi\u00e8re fois, lui a \u00e9t\u00e9 directement adress\u00e9e chez lui et non \u00e0 son bureau du Palais-Bourbon. \u00ab\u00a0Apr\u00e8s les appels anonymes haineux et mena\u00e7ants, des individus abjects ont franchi un cap en m\u2019envoyant un courrier raciste \u00e0 mon domicile, \u00e9crit-il. Qu\u2019ils sachent une chose\u00a0: ni la peur ni l\u2019intimidation ne m\u2019arr\u00eateront.\u00a0\u00bb<\/p>\n<section class=\"content\">\n<p class=\"paragraph text_align_left lp-f-body-02\">L\u2019auteur de cette missive anonyme et manuscrite y d\u00e9verse une x\u00e9nophobie d\u00e9complex\u00e9e. \u00ab\u00a0La grande majorit\u00e9 des Fran\u00e7ais s\u2019en fout des Africains et m\u00eame des Maghr\u00e9bins (sic), comme les pouvoirs publics d\u2019ailleurs, peut-on lire. Et tout simplement parce qu\u2019ils savent, tous, que vous n\u2019avez les capacit\u00e9s intellectuelles (sic) pour diriger un pays comme la France et m\u00eame malgr\u00e9 le nombre vous n\u2019y arriverez jamais.\u00a0\u00bb<\/p>\n<section class=\"content\">\n<h2 class=\"inline_title margin_bottom_md margin_top_xxl\">Plusieurs appels masqu\u00e9s re\u00e7us par le d\u00e9put\u00e9<\/h2>\n<\/section>\n<section class=\"content\">\n<p class=\"paragraph text_align_left lp-f-body-02\">Apr\u00e8s un passage mena\u00e7ant dans lequel il pr\u00e9dit \u00e0 Aly Diouara le sort de l\u2019activiste panafricaniste Kemi Seba,\u00a0<a href=\"https:\/\/www.leparisien.fr\/politique\/le-panafricaniste-et-activiste-anti-france-kemi-seba-dechu-de-la-nationalite-francaise-10-07-2024-BDMB5IPGR5EBRH5WGC2U7Q4AAY.php\" target=\"_self\" rel=\"\" data-mrf-link=\"https:\/\/www.leparisien.fr\/politique\/le-panafricaniste-et-activiste-anti-france-kemi-seba-dechu-de-la-nationalite-francaise-10-07-2024-BDMB5IPGR5EBRH5WGC2U7Q4AAY.php\">d\u00e9chu de la nationalit\u00e9 fran\u00e7aise l\u2019an dernier<\/a>, le corbeau poursuit\u00a0: \u00ab\u00a0Seule la politique te permet de toucher 7\u00a0000\u00a0euros par mois. Aucun employeur ne te les aurait jamais donn\u00e9s.\u00a0\u00bb<\/p>\n<section class=\"content\">\n<p class=\"paragraph text_align_left lp-f-body-02\">Comme l\u2019a annonc\u00e9 son avocate Victoire Stephan sur X, le parlementaire confirme ce mardi soir au Parisien avoir d\u00e9pos\u00e9 un compl\u00e9ment de plainte aupr\u00e8s du p\u00f4le national de lutte contre la haine en ligne. Il pr\u00e9cise par ailleurs avoir re\u00e7u \u00ab\u00a0plusieurs appels masqu\u00e9s\u00a0\u00bb le week-end dernier.<\/p>\n<div class=\"body-spacing\" data-mrf-recirculation=\"body-spacing\">\n<div class=\"article-section margin_bottom_article\">\n<section class=\"content\">\n<p class=\"paragraph text_align_left lp-f-body-02\">D\u00e9pos\u00e9e il y a un peu plus d\u2019un an, sa plainte initiale a conduit \u00e0\u00a0<a href=\"https:\/\/www.leparisien.fr\/seine-saint-denis-93\/on-lit-des-horreurs-quelles-suites-judiciaires-face-aux-insultes-et-menaces-racistes-visant-les-deputes-29-07-2025-CGYAOXFARRF53DDWTMEJXWX77A.php\" target=\"_self\" rel=\"\" data-mrf-link=\"https:\/\/www.leparisien.fr\/seine-saint-denis-93\/on-lit-des-horreurs-quelles-suites-judiciaires-face-aux-insultes-et-menaces-racistes-visant-les-deputes-29-07-2025-CGYAOXFARRF53DDWTMEJXWX77A.php\">l\u2019interpellation en juin dernier de sept hommes \u00e2g\u00e9s de\u00a034 \u00e0 61\u00a0ans<\/a>. Les pr\u00e9venus seront jug\u00e9s le 10\u00a0d\u00e9cembre 2025 devant la 17e chambre du tribunal judiciaire de Paris pour \u00ab\u00a0harc\u00e8lement moral\u00a0\u00bb. Deux circonstances aggravantes ont \u00e9t\u00e9 retenues, \u00e0 savoir la qualit\u00e9 d\u2019\u00e9lu de la victime et le caract\u00e8re raciste des messages envoy\u00e9s. Ils encourent jusqu\u2019\u00e0 trois ans d\u2019emprisonnement et 45\u00a0000\u00a0euros d\u2019amende.<\/p>\n<p>Source : Le Parisien<\/p>\n<\/section>\n<\/div>\n<\/div>\n<div class=\"d_flex mb_4_ad mb_3_nd body-spacing\" data-mrf-recirculation=\"body-spacing\" data-gtm-vis-recent-on-screen9967085_815=\"83901\" data-gtm-vis-first-on-screen9967085_815=\"83901\" data-gtm-vis-total-visible-time9967085_815=\"100\" data-gtm-vis-has-fired9967085_815=\"1\" data-gtm-vis-recent-on-screen9967085_802=\"83918\" data-gtm-vis-first-on-screen9967085_802=\"83918\" data-gtm-vis-total-visible-time9967085_802=\"100\" data-gtm-vis-has-fired9967085_802=\"1\">\n<div class=\"article-links flex p_3_ad p_2_nd\" data-mrf-recirculation=\"article-links flex\"><\/div>\n<\/div>\n<\/section>\n<\/section>\n<\/section>\n<\/section>\n<\/section>\n","protected":false},"excerpt":{"rendered":"<p>Depuis son entr\u00e9e \u00e0 l\u2019Assembl\u00e9e nationale \u00e0 l\u2019\u00e9t\u00e9 2024, l\u2019\u00e9lu insoumis est r\u00e9guli\u00e8rement la cible<\/p>\n","protected":false},"author":1,"featured_media":32022,"comment_status":"open","ping_status":"open","sticky":false,"template":"","format":"standard","meta":{"footnotes":""},"categories":[2,8],"tags":[],"class_list":["post-32018","post","type-post","status-publish","format-standard","has-post-thumbnail","hentry","category-actu","category-international"],"yoast_head":"<!-- This site is optimized with the Yoast SEO plugin v27.5 - https:\/\/yoast.com\/product\/yoast-seo-wordpress\/ -->\n<title>France ; Le d\u00e9put\u00e9 LFI de Seine-Saint-Denis Aly Diouara vis\u00e9 par un nouveau courrier raciste\u2026 adress\u00e9 \u00e0 son domicile - R\u00e9veil Info<\/title>\n<meta name=\"robots\" content=\"noindex, follow, max-snippet:-1, max-image-preview:large, max-video-preview:-1\" \/>\n<meta property=\"og:locale\" content=\"fr_FR\" \/>\n<meta property=\"og:type\" content=\"article\" \/>\n<meta property=\"og:title\" content=\"France ; Le d\u00e9put\u00e9 LFI de Seine-Saint-Denis Aly Diouara vis\u00e9 par un nouveau courrier raciste\u2026 adress\u00e9 \u00e0 son domicile - R\u00e9veil Info\" \/>\n<meta property=\"og:description\" content=\"Depuis son entr\u00e9e \u00e0 l\u2019Assembl\u00e9e nationale \u00e0 l\u2019\u00e9t\u00e9 2024, l\u2019\u00e9lu insoumis est r\u00e9guli\u00e8rement la cible\" \/>\n<meta property=\"og:url\" content=\"https:\/\/reveil-info.net\/?p=32018\" \/>\n<meta property=\"og:site_name\" content=\"R\u00e9veil Info\" \/>\n<meta property=\"article:published_time\" content=\"2025-09-22T15:59:53+00:00\" \/>\n<meta property=\"og:image\" content=\"https:\/\/reveil-info.net\/wp-content\/uploads\/2025\/09\/68cbaebb78235_12121.jpg\" \/>\n\t<meta property=\"og:image:width\" content=\"932\" \/>\n\t<meta property=\"og:image:height\" content=\"582\" \/>\n\t<meta property=\"og:image:type\" content=\"image\/jpeg\" \/>\n<meta name=\"author\" content=\"R\u00e9veil info\" \/>\n<meta name=\"twitter:card\" content=\"summary_large_image\" \/>\n<meta name=\"twitter:label1\" content=\"\u00c9crit par\" \/>\n\t<meta name=\"twitter:data1\" content=\"R\u00e9veil info\" \/>\n\t<meta name=\"twitter:label2\" content=\"Dur\u00e9e de lecture estim\u00e9e\" \/>\n\t<meta name=\"twitter:data2\" content=\"3 minutes\" \/>\n<script type=\"application\/ld+json\" class=\"yoast-schema-graph\">{\"@context\":\"https:\\\/\\\/schema.org\",\"@graph\":[{\"@type\":\"Article\",\"@id\":\"https:\\\/\\\/reveil-info.net\\\/?p=32018#article\",\"isPartOf\":{\"@id\":\"https:\\\/\\\/reveil-info.net\\\/?p=32018\"},\"author\":{\"name\":\"R\u00e9veil info\",\"@id\":\"https:\\\/\\\/reveil-info.net\\\/#\\\/schema\\\/person\\\/ca0cc8e70088e0a2b5e92556c1ee60f5\"},\"headline\":\"France ; Le d\u00e9put\u00e9 LFI de Seine-Saint-Denis Aly Diouara vis\u00e9 par un nouveau courrier raciste\u2026 adress\u00e9 \u00e0 son domicile\",\"datePublished\":\"2025-09-22T15:59:53+00:00\",\"mainEntityOfPage\":{\"@id\":\"https:\\\/\\\/reveil-info.net\\\/?p=32018\"},\"wordCount\":493,\"commentCount\":0,\"publisher\":{\"@id\":\"https:\\\/\\\/reveil-info.net\\\/#organization\"},\"image\":{\"@id\":\"https:\\\/\\\/reveil-info.net\\\/?p=32018#primaryimage\"},\"thumbnailUrl\":\"https:\\\/\\\/reveil-info.net\\\/wp-content\\\/uploads\\\/2025\\\/09\\\/68cbaebb78235_12121.jpg\",\"articleSection\":[\"Actualit\u00e9\",\"International\"],\"inLanguage\":\"fr-FR\",\"potentialAction\":[{\"@type\":\"CommentAction\",\"name\":\"Comment\",\"target\":[\"https:\\\/\\\/reveil-info.net\\\/?p=32018#respond\"]}]},{\"@type\":\"WebPage\",\"@id\":\"https:\\\/\\\/reveil-info.net\\\/?p=32018\",\"url\":\"https:\\\/\\\/reveil-info.net\\\/?p=32018\",\"name\":\"France ; Le d\u00e9put\u00e9 LFI de Seine-Saint-Denis Aly Diouara vis\u00e9 par un nouveau courrier raciste\u2026 adress\u00e9 \u00e0 son domicile - R\u00e9veil Info\",\"isPartOf\":{\"@id\":\"https:\\\/\\\/reveil-info.net\\\/#website\"},\"primaryImageOfPage\":{\"@id\":\"https:\\\/\\\/reveil-info.net\\\/?p=32018#primaryimage\"},\"image\":{\"@id\":\"https:\\\/\\\/reveil-info.net\\\/?p=32018#primaryimage\"},\"thumbnailUrl\":\"https:\\\/\\\/reveil-info.net\\\/wp-content\\\/uploads\\\/2025\\\/09\\\/68cbaebb78235_12121.jpg\",\"datePublished\":\"2025-09-22T15:59:53+00:00\",\"breadcrumb\":{\"@id\":\"https:\\\/\\\/reveil-info.net\\\/?p=32018#breadcrumb\"},\"inLanguage\":\"fr-FR\",\"potentialAction\":[{\"@type\":\"ReadAction\",\"target\":[\"https:\\\/\\\/reveil-info.net\\\/?p=32018\"]}]},{\"@type\":\"ImageObject\",\"inLanguage\":\"fr-FR\",\"@id\":\"https:\\\/\\\/reveil-info.net\\\/?p=32018#primaryimage\",\"url\":\"https:\\\/\\\/reveil-info.net\\\/wp-content\\\/uploads\\\/2025\\\/09\\\/68cbaebb78235_12121.jpg\",\"contentUrl\":\"https:\\\/\\\/reveil-info.net\\\/wp-content\\\/uploads\\\/2025\\\/09\\\/68cbaebb78235_12121.jpg\",\"width\":932,\"height\":582,\"caption\":\"Paris, le 1er octobre 2024. Aly Diouara a \u00e9t\u00e9 \u00e9lu \u00e0 l'Assembl\u00e9e nationale l'\u00e9t\u00e9 dernier, dans la 5e circonscription de Seine-Saint-Denis.\"},{\"@type\":\"BreadcrumbList\",\"@id\":\"https:\\\/\\\/reveil-info.net\\\/?p=32018#breadcrumb\",\"itemListElement\":[{\"@type\":\"ListItem\",\"position\":1,\"name\":\"Home\",\"item\":\"https:\\\/\\\/reveil-info.net\\\/\"},{\"@type\":\"ListItem\",\"position\":2,\"name\":\"France ; Le d\u00e9put\u00e9 LFI de Seine-Saint-Denis Aly Diouara vis\u00e9 par un nouveau courrier raciste\u2026 adress\u00e9 \u00e0 son domicile\"}]},{\"@type\":\"WebSite\",\"@id\":\"https:\\\/\\\/reveil-info.net\\\/#website\",\"url\":\"https:\\\/\\\/reveil-info.net\\\/\",\"name\":\"R\u00e9veil Info\",\"description\":\"Le devoir d&#039;informer!\",\"publisher\":{\"@id\":\"https:\\\/\\\/reveil-info.net\\\/#organization\"},\"potentialAction\":[{\"@type\":\"SearchAction\",\"target\":{\"@type\":\"EntryPoint\",\"urlTemplate\":\"https:\\\/\\\/reveil-info.net\\\/?s={search_term_string}\"},\"query-input\":{\"@type\":\"PropertyValueSpecification\",\"valueRequired\":true,\"valueName\":\"search_term_string\"}}],\"inLanguage\":\"fr-FR\"},{\"@type\":\"Organization\",\"@id\":\"https:\\\/\\\/reveil-info.net\\\/#organization\",\"name\":\"R\u00e9veil Info\",\"url\":\"https:\\\/\\\/reveil-info.net\\\/\",\"logo\":{\"@type\":\"ImageObject\",\"inLanguage\":\"fr-FR\",\"@id\":\"https:\\\/\\\/reveil-info.net\\\/#\\\/schema\\\/logo\\\/image\\\/\",\"url\":\"https:\\\/\\\/reveil-info.net\\\/wp-content\\\/uploads\\\/2024\\\/07\\\/bnddd1.jpg\",\"contentUrl\":\"https:\\\/\\\/reveil-info.net\\\/wp-content\\\/uploads\\\/2024\\\/07\\\/bnddd1.jpg\",\"width\":903,\"height\":125,\"caption\":\"R\u00e9veil Info\"},\"image\":{\"@id\":\"https:\\\/\\\/reveil-info.net\\\/#\\\/schema\\\/logo\\\/image\\\/\"}},{\"@type\":\"Person\",\"@id\":\"https:\\\/\\\/reveil-info.net\\\/#\\\/schema\\\/person\\\/ca0cc8e70088e0a2b5e92556c1ee60f5\",\"name\":\"R\u00e9veil info\",\"image\":{\"@type\":\"ImageObject\",\"inLanguage\":\"fr-FR\",\"@id\":\"https:\\\/\\\/secure.gravatar.com\\\/avatar\\\/e4ad5bb743c8b6cb174d9df6c7d30a8a16f6889731241345fc6444e6485f02af?s=96&d=mm&r=g\",\"url\":\"https:\\\/\\\/secure.gravatar.com\\\/avatar\\\/e4ad5bb743c8b6cb174d9df6c7d30a8a16f6889731241345fc6444e6485f02af?s=96&d=mm&r=g\",\"contentUrl\":\"https:\\\/\\\/secure.gravatar.com\\\/avatar\\\/e4ad5bb743c8b6cb174d9df6c7d30a8a16f6889731241345fc6444e6485f02af?s=96&d=mm&r=g\",\"caption\":\"R\u00e9veil info\"},\"sameAs\":[\"https:\\\/\\\/reveil-info.net\"],\"url\":\"https:\\\/\\\/reveil-info.net\\\/?author=1\"}]}<\/script>\n<!-- \/ Yoast SEO plugin. -->","yoast_head_json":{"title":"France ; Le d\u00e9put\u00e9 LFI de Seine-Saint-Denis Aly Diouara vis\u00e9 par un nouveau courrier raciste\u2026 adress\u00e9 \u00e0 son domicile - R\u00e9veil Info","robots":{"index":"noindex","follow":"follow","max-snippet":"max-snippet:-1","max-image-preview":"max-image-preview:large","max-video-preview":"max-video-preview:-1"},"og_locale":"fr_FR","og_type":"article","og_title":"France ; Le d\u00e9put\u00e9 LFI de Seine-Saint-Denis Aly Diouara vis\u00e9 par un nouveau courrier raciste\u2026 adress\u00e9 \u00e0 son domicile - R\u00e9veil Info","og_description":"Depuis son entr\u00e9e \u00e0 l\u2019Assembl\u00e9e nationale \u00e0 l\u2019\u00e9t\u00e9 2024, l\u2019\u00e9lu insoumis est r\u00e9guli\u00e8rement la cible","og_url":"https:\/\/reveil-info.net\/?p=32018","og_site_name":"R\u00e9veil Info","article_published_time":"2025-09-22T15:59:53+00:00","og_image":[{"width":932,"height":582,"url":"https:\/\/reveil-info.net\/wp-content\/uploads\/2025\/09\/68cbaebb78235_12121.jpg","type":"image\/jpeg"}],"author":"R\u00e9veil info","twitter_card":"summary_large_image","twitter_misc":{"\u00c9crit par":"R\u00e9veil info","Dur\u00e9e de lecture estim\u00e9e":"3 minutes"},"schema":{"@context":"https:\/\/schema.org","@graph":[{"@type":"Article","@id":"https:\/\/reveil-info.net\/?p=32018#article","isPartOf":{"@id":"https:\/\/reveil-info.net\/?p=32018"},"author":{"name":"R\u00e9veil info","@id":"https:\/\/reveil-info.net\/#\/schema\/person\/ca0cc8e70088e0a2b5e92556c1ee60f5"},"headline":"France ; Le d\u00e9put\u00e9 LFI de Seine-Saint-Denis Aly Diouara vis\u00e9 par un nouveau courrier raciste\u2026 adress\u00e9 \u00e0 son domicile","datePublished":"2025-09-22T15:59:53+00:00","mainEntityOfPage":{"@id":"https:\/\/reveil-info.net\/?p=32018"},"wordCount":493,"commentCount":0,"publisher":{"@id":"https:\/\/reveil-info.net\/#organization"},"image":{"@id":"https:\/\/reveil-info.net\/?p=32018#primaryimage"},"thumbnailUrl":"https:\/\/reveil-info.net\/wp-content\/uploads\/2025\/09\/68cbaebb78235_12121.jpg","articleSection":["Actualit\u00e9","International"],"inLanguage":"fr-FR","potentialAction":[{"@type":"CommentAction","name":"Comment","target":["https:\/\/reveil-info.net\/?p=32018#respond"]}]},{"@type":"WebPage","@id":"https:\/\/reveil-info.net\/?p=32018","url":"https:\/\/reveil-info.net\/?p=32018","name":"France ; Le d\u00e9put\u00e9 LFI de Seine-Saint-Denis Aly Diouara vis\u00e9 par un nouveau courrier raciste\u2026 adress\u00e9 \u00e0 son domicile - R\u00e9veil Info","isPartOf":{"@id":"https:\/\/reveil-info.net\/#website"},"primaryImageOfPage":{"@id":"https:\/\/reveil-info.net\/?p=32018#primaryimage"},"image":{"@id":"https:\/\/reveil-info.net\/?p=32018#primaryimage"},"thumbnailUrl":"https:\/\/reveil-info.net\/wp-content\/uploads\/2025\/09\/68cbaebb78235_12121.jpg","datePublished":"2025-09-22T15:59:53+00:00","breadcrumb":{"@id":"https:\/\/reveil-info.net\/?p=32018#breadcrumb"},"inLanguage":"fr-FR","potentialAction":[{"@type":"ReadAction","target":["https:\/\/reveil-info.net\/?p=32018"]}]},{"@type":"ImageObject","inLanguage":"fr-FR","@id":"https:\/\/reveil-info.net\/?p=32018#primaryimage","url":"https:\/\/reveil-info.net\/wp-content\/uploads\/2025\/09\/68cbaebb78235_12121.jpg","contentUrl":"https:\/\/reveil-info.net\/wp-content\/uploads\/2025\/09\/68cbaebb78235_12121.jpg","width":932,"height":582,"caption":"Paris, le 1er octobre 2024. Aly Diouara a \u00e9t\u00e9 \u00e9lu \u00e0 l'Assembl\u00e9e nationale l'\u00e9t\u00e9 dernier, dans la 5e circonscription de Seine-Saint-Denis."},{"@type":"BreadcrumbList","@id":"https:\/\/reveil-info.net\/?p=32018#breadcrumb","itemListElement":[{"@type":"ListItem","position":1,"name":"Home","item":"https:\/\/reveil-info.net\/"},{"@type":"ListItem","position":2,"name":"France ; Le d\u00e9put\u00e9 LFI de Seine-Saint-Denis Aly Diouara vis\u00e9 par un nouveau courrier raciste\u2026 adress\u00e9 \u00e0 son domicile"}]},{"@type":"WebSite","@id":"https:\/\/reveil-info.net\/#website","url":"https:\/\/reveil-info.net\/","name":"R\u00e9veil Info","description":"Le devoir d&#039;informer!","publisher":{"@id":"https:\/\/reveil-info.net\/#organization"},"potentialAction":[{"@type":"SearchAction","target":{"@type":"EntryPoint","urlTemplate":"https:\/\/reveil-info.net\/?s={search_term_string}"},"query-input":{"@type":"PropertyValueSpecification","valueRequired":true,"valueName":"search_term_string"}}],"inLanguage":"fr-FR"},{"@type":"Organization","@id":"https:\/\/reveil-info.net\/#organization","name":"R\u00e9veil Info","url":"https:\/\/reveil-info.net\/","logo":{"@type":"ImageObject","inLanguage":"fr-FR","@id":"https:\/\/reveil-info.net\/#\/schema\/logo\/image\/","url":"https:\/\/reveil-info.net\/wp-content\/uploads\/2024\/07\/bnddd1.jpg","contentUrl":"https:\/\/reveil-info.net\/wp-content\/uploads\/2024\/07\/bnddd1.jpg","width":903,"height":125,"caption":"R\u00e9veil Info"},"image":{"@id":"https:\/\/reveil-info.net\/#\/schema\/logo\/image\/"}},{"@type":"Person","@id":"https:\/\/reveil-info.net\/#\/schema\/person\/ca0cc8e70088e0a2b5e92556c1ee60f5","name":"R\u00e9veil info","image":{"@type":"ImageObject","inLanguage":"fr-FR","@id":"https:\/\/secure.gravatar.com\/avatar\/e4ad5bb743c8b6cb174d9df6c7d30a8a16f6889731241345fc6444e6485f02af?s=96&d=mm&r=g","url":"https:\/\/secure.gravatar.com\/avatar\/e4ad5bb743c8b6cb174d9df6c7d30a8a16f6889731241345fc6444e6485f02af?s=96&d=mm&r=g","contentUrl":"https:\/\/secure.gravatar.com\/avatar\/e4ad5bb743c8b6cb174d9df6c7d30a8a16f6889731241345fc6444e6485f02af?s=96&d=mm&r=g","caption":"R\u00e9veil info"},"sameAs":["https:\/\/reveil-info.net"],"url":"https:\/\/reveil-info.net\/?author=1"}]}},"jetpack_featured_media_url":"https:\/\/reveil-info.net\/wp-content\/uploads\/2025\/09\/68cbaebb78235_12121.jpg","featured_image_urls":{"full":["https:\/\/reveil-info.net\/wp-content\/uploads\/2025\/09\/68cbaebb78235_12121.jpg",932,582,false],"thumbnail":["https:\/\/reveil-info.net\/wp-content\/uploads\/2025\/09\/68cbaebb78235_12121-150x150.jpg",150,150,true],"medium":["https:\/\/reveil-info.net\/wp-content\/uploads\/2025\/09\/68cbaebb78235_12121-300x187.jpg",300,187,true],"medium_large":["https:\/\/reveil-info.net\/wp-content\/uploads\/2025\/09\/68cbaebb78235_12121-768x480.jpg",640,400,true],"large":["https:\/\/reveil-info.net\/wp-content\/uploads\/2025\/09\/68cbaebb78235_12121.jpg",640,400,false],"1536x1536":["https:\/\/reveil-info.net\/wp-content\/uploads\/2025\/09\/68cbaebb78235_12121.jpg",932,582,false],"2048x2048":["https:\/\/reveil-info.net\/wp-content\/uploads\/2025\/09\/68cbaebb78235_12121.jpg",932,582,false],"chromenews-featured":["https:\/\/reveil-info.net\/wp-content\/uploads\/2025\/09\/68cbaebb78235_12121.jpg",932,582,false],"chromenews-large":["https:\/\/reveil-info.net\/wp-content\/uploads\/2025\/09\/68cbaebb78235_12121-825x575.jpg",825,575,true],"chromenews-medium":["https:\/\/reveil-info.net\/wp-content\/uploads\/2025\/09\/68cbaebb78235_12121-590x410.jpg",590,410,true]},"author_info":{"display_name":"R\u00e9veil info","author_link":"https:\/\/reveil-info.net\/?author=1"},"category_info":"<a href=\"https:\/\/reveil-info.net\/?cat=2\" rel=\"category\">Actualit\u00e9<\/a> <a href=\"https:\/\/reveil-info.net\/?cat=8\" rel=\"category\">International<\/a>","tag_info":"International","comment_count":"0","_links":{"self":[{"href":"https:\/\/reveil-info.net\/index.php?rest_route=\/wp\/v2\/posts\/32018","targetHints":{"allow":["GET"]}}],"collection":[{"href":"https:\/\/reveil-info.net\/index.php?rest_route=\/wp\/v2\/posts"}],"about":[{"href":"https:\/\/reveil-info.net\/index.php?rest_route=\/wp\/v2\/types\/post"}],"author":[{"embeddable":true,"href":"https:\/\/reveil-info.net\/index.php?rest_route=\/wp\/v2\/users\/1"}],"replies":[{"embeddable":true,"href":"https:\/\/reveil-info.net\/index.php?rest_route=%2Fwp%2Fv2%2Fcomments&post=32018"}],"version-history":[{"count":4,"href":"https:\/\/reveil-info.net\/index.php?rest_route=\/wp\/v2\/posts\/32018\/revisions"}],"predecessor-version":[{"id":32023,"href":"https:\/\/reveil-info.net\/index.php?rest_route=\/wp\/v2\/posts\/32018\/revisions\/32023"}],"wp:featuredmedia":[{"embeddable":true,"href":"https:\/\/reveil-info.net\/index.php?rest_route=\/wp\/v2\/media\/32022"}],"wp:attachment":[{"href":"https:\/\/reveil-info.net\/index.php?rest_route=%2Fwp%2Fv2%2Fmedia&parent=32018"}],"wp:term":[{"taxonomy":"category","embeddable":true,"href":"https:\/\/reveil-info.net\/index.php?rest_route=%2Fwp%2Fv2%2Fcategories&post=32018"},{"taxonomy":"post_tag","embeddable":true,"href":"https:\/\/reveil-info.net\/index.php?rest_route=%2Fwp%2Fv2%2Ftags&post=32018"}],"curies":[{"name":"wp","href":"https:\/\/api.w.org\/{rel}","templated":true}]}}