{"id":32005,"date":"2025-09-22T14:43:19","date_gmt":"2025-09-22T14:43:19","guid":{"rendered":"https:\/\/reveil-info.net\/?p=32005"},"modified":"2025-09-22T14:43:19","modified_gmt":"2025-09-22T14:43:19","slug":"news-de-la-diaspora-ambassade-du-burkina-au-senegal","status":"publish","type":"post","link":"https:\/\/reveil-info.net\/?p=32005","title":{"rendered":"News de la diaspora : ambassade du Burkina au S\u00e9n\u00e9gal"},"content":{"rendered":"<p>Dakar, 22 septembre 2025<\/p>\n<p>Les communaut\u00e9s de l\u2019AES en symbiose avec le Mali<\/p>\n<p>Ce dimanche 21 septembre 2025, le terrain du Camp Leclerc de Libert\u00e9 6 Extension a accueilli la grande finale de la Coupe de l\u2019Int\u00e9gration de l\u2019Alliance des \u00c9tats du Sahel (AES)<\/p>\n<p><img loading=\"lazy\" decoding=\"async\" class=\"alignnone size-full wp-image-32011\" src=\"https:\/\/reveil-info.net\/wp-content\/uploads\/2025\/09\/FB_IMG_17585515161924571-1.jpg\" alt=\"\" width=\"720\" height=\"462\" srcset=\"https:\/\/reveil-info.net\/wp-content\/uploads\/2025\/09\/FB_IMG_17585515161924571-1.jpg 720w, https:\/\/reveil-info.net\/wp-content\/uploads\/2025\/09\/FB_IMG_17585515161924571-1-300x193.jpg 300w\" sizes=\"auto, (max-width: 720px) 100vw, 720px\" \/><\/p>\n<p>Organis\u00e9e par la Communaut\u00e9 malienne au S\u00e9n\u00e9gal, en collaboration avec les communaut\u00e9s burkinab\u00e8 et nig\u00e9rienne, cette activit\u00e9 s\u2019inscrivait dans le cadre de la c\u00e9l\u00e9bration du 65\u1d49 anniversaire de l\u2019ind\u00e9pendance de la R\u00e9publique du Mali.<\/p>\n<p>La c\u00e9r\u00e9monie a enregistr\u00e9 la pr\u00e9sence de plusieurs personnalit\u00e9s diplomatiques, parmi lesquelles :<\/p>\n<p><img loading=\"lazy\" decoding=\"async\" class=\"alignnone size-full wp-image-32016\" src=\"https:\/\/reveil-info.net\/wp-content\/uploads\/2025\/09\/FB_IMG_17585515297865627.jpg\" alt=\"\" width=\"720\" height=\"362\" srcset=\"https:\/\/reveil-info.net\/wp-content\/uploads\/2025\/09\/FB_IMG_17585515297865627.jpg 720w, https:\/\/reveil-info.net\/wp-content\/uploads\/2025\/09\/FB_IMG_17585515297865627-300x151.jpg 300w\" sizes=\"auto, (max-width: 720px) 100vw, 720px\" \/><br \/>\nSon Excellence Monsieur Sa\u00efdou MA\u00cfGA, Ambassadeur du Burkina Faso au S\u00e9n\u00e9gal, parrain de l\u2019\u00e9v\u00e9nement ;<br \/>\nSon Excellence Madame Moha Mariama Alassan, Ambassadeur du Niger au S\u00e9n\u00e9gal ;<br \/>\nSon Excellence Monsieur Boubacar Biro DIALLO, Ambassadeur du Mali au S\u00e9n\u00e9gal ;<br \/>\nainsi que de nombreux membres des communaut\u00e9s malienne, burkinab\u00e8 et nig\u00e9rienne \u00e9tablies au S\u00e9n\u00e9gal.<\/p>\n<p>Dans une ambiance fraternelle et festive, la finale a rassembl\u00e9 un large public venu soutenir les \u00e9quipes en lice. Au-del\u00e0 de la comp\u00e9tition sportive, ce rendez-vous s\u2019est voulu un symbole de solidarit\u00e9, d\u2019unit\u00e9 et de coh\u00e9sion entre les peuples de l\u2019AES, renfor\u00e7ant les liens d\u2019amiti\u00e9 et de fraternit\u00e9 entre les communaut\u00e9s.<\/p>\n<p>L\u2019Ambassade du Burkina Faso au S\u00e9n\u00e9gal salue cette belle initiative qui illustre la vitalit\u00e9 de l\u2019int\u00e9gration sous-r\u00e9gionale et l\u2019attachement commun aux valeurs de fraternit\u00e9 et de paix.<\/p>\n<p>Source : ambassade<\/p>\n","protected":false},"excerpt":{"rendered":"<p>Dakar, 22 septembre 2025 Les communaut\u00e9s de l\u2019AES en symbiose avec le Mali Ce dimanche<\/p>\n","protected":false},"author":1,"featured_media":32008,"comment_status":"open","ping_status":"open","sticky":false,"template":"","format":"standard","meta":{"footnotes":""},"categories":[41],"tags":[],"class_list":["post-32005","post","type-post","status-publish","format-standard","has-post-thumbnail","hentry","category-news-de-la-diaspora"],"yoast_head":"<!-- This site is optimized with the Yoast SEO plugin v27.5 - https:\/\/yoast.com\/product\/yoast-seo-wordpress\/ -->\n<title>News de la diaspora : ambassade du Burkina au S\u00e9n\u00e9gal - R\u00e9veil Info<\/title>\n<meta name=\"robots\" content=\"noindex, follow, max-snippet:-1, max-image-preview:large, max-video-preview:-1\" \/>\n<meta property=\"og:locale\" content=\"fr_FR\" \/>\n<meta property=\"og:type\" content=\"article\" \/>\n<meta property=\"og:title\" content=\"News de la diaspora : ambassade du Burkina au S\u00e9n\u00e9gal - R\u00e9veil Info\" \/>\n<meta property=\"og:description\" content=\"Dakar, 22 septembre 2025 Les communaut\u00e9s de l\u2019AES en symbiose avec le Mali Ce dimanche\" \/>\n<meta property=\"og:url\" content=\"https:\/\/reveil-info.net\/?p=32005\" \/>\n<meta property=\"og:site_name\" content=\"R\u00e9veil Info\" \/>\n<meta property=\"article:published_time\" content=\"2025-09-22T14:43:19+00:00\" \/>\n<meta property=\"og:image\" content=\"https:\/\/reveil-info.net\/wp-content\/uploads\/2025\/09\/FB_IMG_17585515237204805.jpg\" \/>\n\t<meta property=\"og:image:width\" content=\"720\" \/>\n\t<meta property=\"og:image:height\" content=\"428\" \/>\n\t<meta property=\"og:image:type\" content=\"image\/jpeg\" \/>\n<meta name=\"author\" content=\"R\u00e9veil info\" \/>\n<meta name=\"twitter:card\" content=\"summary_large_image\" \/>\n<meta name=\"twitter:label1\" content=\"\u00c9crit par\" \/>\n\t<meta name=\"twitter:data1\" content=\"R\u00e9veil info\" \/>\n\t<meta name=\"twitter:label2\" content=\"Dur\u00e9e de lecture estim\u00e9e\" \/>\n\t<meta name=\"twitter:data2\" content=\"2 minutes\" \/>\n<script type=\"application\/ld+json\" class=\"yoast-schema-graph\">{\"@context\":\"https:\\\/\\\/schema.org\",\"@graph\":[{\"@type\":\"Article\",\"@id\":\"https:\\\/\\\/reveil-info.net\\\/?p=32005#article\",\"isPartOf\":{\"@id\":\"https:\\\/\\\/reveil-info.net\\\/?p=32005\"},\"author\":{\"name\":\"R\u00e9veil info\",\"@id\":\"https:\\\/\\\/reveil-info.net\\\/#\\\/schema\\\/person\\\/ca0cc8e70088e0a2b5e92556c1ee60f5\"},\"headline\":\"News de la diaspora : ambassade du Burkina au S\u00e9n\u00e9gal\",\"datePublished\":\"2025-09-22T14:43:19+00:00\",\"mainEntityOfPage\":{\"@id\":\"https:\\\/\\\/reveil-info.net\\\/?p=32005\"},\"wordCount\":274,\"commentCount\":0,\"publisher\":{\"@id\":\"https:\\\/\\\/reveil-info.net\\\/#organization\"},\"image\":{\"@id\":\"https:\\\/\\\/reveil-info.net\\\/?p=32005#primaryimage\"},\"thumbnailUrl\":\"https:\\\/\\\/reveil-info.net\\\/wp-content\\\/uploads\\\/2025\\\/09\\\/FB_IMG_17585515237204805.jpg\",\"articleSection\":[\"NEWS DE LA DIASPORA\"],\"inLanguage\":\"fr-FR\",\"potentialAction\":[{\"@type\":\"CommentAction\",\"name\":\"Comment\",\"target\":[\"https:\\\/\\\/reveil-info.net\\\/?p=32005#respond\"]}]},{\"@type\":\"WebPage\",\"@id\":\"https:\\\/\\\/reveil-info.net\\\/?p=32005\",\"url\":\"https:\\\/\\\/reveil-info.net\\\/?p=32005\",\"name\":\"News de la diaspora : ambassade du Burkina au S\u00e9n\u00e9gal - R\u00e9veil Info\",\"isPartOf\":{\"@id\":\"https:\\\/\\\/reveil-info.net\\\/#website\"},\"primaryImageOfPage\":{\"@id\":\"https:\\\/\\\/reveil-info.net\\\/?p=32005#primaryimage\"},\"image\":{\"@id\":\"https:\\\/\\\/reveil-info.net\\\/?p=32005#primaryimage\"},\"thumbnailUrl\":\"https:\\\/\\\/reveil-info.net\\\/wp-content\\\/uploads\\\/2025\\\/09\\\/FB_IMG_17585515237204805.jpg\",\"datePublished\":\"2025-09-22T14:43:19+00:00\",\"breadcrumb\":{\"@id\":\"https:\\\/\\\/reveil-info.net\\\/?p=32005#breadcrumb\"},\"inLanguage\":\"fr-FR\",\"potentialAction\":[{\"@type\":\"ReadAction\",\"target\":[\"https:\\\/\\\/reveil-info.net\\\/?p=32005\"]}]},{\"@type\":\"ImageObject\",\"inLanguage\":\"fr-FR\",\"@id\":\"https:\\\/\\\/reveil-info.net\\\/?p=32005#primaryimage\",\"url\":\"https:\\\/\\\/reveil-info.net\\\/wp-content\\\/uploads\\\/2025\\\/09\\\/FB_IMG_17585515237204805.jpg\",\"contentUrl\":\"https:\\\/\\\/reveil-info.net\\\/wp-content\\\/uploads\\\/2025\\\/09\\\/FB_IMG_17585515237204805.jpg\",\"width\":720,\"height\":428},{\"@type\":\"BreadcrumbList\",\"@id\":\"https:\\\/\\\/reveil-info.net\\\/?p=32005#breadcrumb\",\"itemListElement\":[{\"@type\":\"ListItem\",\"position\":1,\"name\":\"Home\",\"item\":\"https:\\\/\\\/reveil-info.net\\\/\"},{\"@type\":\"ListItem\",\"position\":2,\"name\":\"News de la diaspora : ambassade du Burkina au S\u00e9n\u00e9gal\"}]},{\"@type\":\"WebSite\",\"@id\":\"https:\\\/\\\/reveil-info.net\\\/#website\",\"url\":\"https:\\\/\\\/reveil-info.net\\\/\",\"name\":\"R\u00e9veil Info\",\"description\":\"Le devoir d&#039;informer!\",\"publisher\":{\"@id\":\"https:\\\/\\\/reveil-info.net\\\/#organization\"},\"potentialAction\":[{\"@type\":\"SearchAction\",\"target\":{\"@type\":\"EntryPoint\",\"urlTemplate\":\"https:\\\/\\\/reveil-info.net\\\/?s={search_term_string}\"},\"query-input\":{\"@type\":\"PropertyValueSpecification\",\"valueRequired\":true,\"valueName\":\"search_term_string\"}}],\"inLanguage\":\"fr-FR\"},{\"@type\":\"Organization\",\"@id\":\"https:\\\/\\\/reveil-info.net\\\/#organization\",\"name\":\"R\u00e9veil Info\",\"url\":\"https:\\\/\\\/reveil-info.net\\\/\",\"logo\":{\"@type\":\"ImageObject\",\"inLanguage\":\"fr-FR\",\"@id\":\"https:\\\/\\\/reveil-info.net\\\/#\\\/schema\\\/logo\\\/image\\\/\",\"url\":\"https:\\\/\\\/reveil-info.net\\\/wp-content\\\/uploads\\\/2024\\\/07\\\/bnddd1.jpg\",\"contentUrl\":\"https:\\\/\\\/reveil-info.net\\\/wp-content\\\/uploads\\\/2024\\\/07\\\/bnddd1.jpg\",\"width\":903,\"height\":125,\"caption\":\"R\u00e9veil Info\"},\"image\":{\"@id\":\"https:\\\/\\\/reveil-info.net\\\/#\\\/schema\\\/logo\\\/image\\\/\"}},{\"@type\":\"Person\",\"@id\":\"https:\\\/\\\/reveil-info.net\\\/#\\\/schema\\\/person\\\/ca0cc8e70088e0a2b5e92556c1ee60f5\",\"name\":\"R\u00e9veil info\",\"image\":{\"@type\":\"ImageObject\",\"inLanguage\":\"fr-FR\",\"@id\":\"https:\\\/\\\/secure.gravatar.com\\\/avatar\\\/e4ad5bb743c8b6cb174d9df6c7d30a8a16f6889731241345fc6444e6485f02af?s=96&d=mm&r=g\",\"url\":\"https:\\\/\\\/secure.gravatar.com\\\/avatar\\\/e4ad5bb743c8b6cb174d9df6c7d30a8a16f6889731241345fc6444e6485f02af?s=96&d=mm&r=g\",\"contentUrl\":\"https:\\\/\\\/secure.gravatar.com\\\/avatar\\\/e4ad5bb743c8b6cb174d9df6c7d30a8a16f6889731241345fc6444e6485f02af?s=96&d=mm&r=g\",\"caption\":\"R\u00e9veil info\"},\"sameAs\":[\"https:\\\/\\\/reveil-info.net\"],\"url\":\"https:\\\/\\\/reveil-info.net\\\/?author=1\"}]}<\/script>\n<!-- \/ Yoast SEO plugin. -->","yoast_head_json":{"title":"News de la diaspora : ambassade du Burkina au S\u00e9n\u00e9gal - R\u00e9veil Info","robots":{"index":"noindex","follow":"follow","max-snippet":"max-snippet:-1","max-image-preview":"max-image-preview:large","max-video-preview":"max-video-preview:-1"},"og_locale":"fr_FR","og_type":"article","og_title":"News de la diaspora : ambassade du Burkina au S\u00e9n\u00e9gal - R\u00e9veil Info","og_description":"Dakar, 22 septembre 2025 Les communaut\u00e9s de l\u2019AES en symbiose avec le Mali Ce dimanche","og_url":"https:\/\/reveil-info.net\/?p=32005","og_site_name":"R\u00e9veil Info","article_published_time":"2025-09-22T14:43:19+00:00","og_image":[{"width":720,"height":428,"url":"https:\/\/reveil-info.net\/wp-content\/uploads\/2025\/09\/FB_IMG_17585515237204805.jpg","type":"image\/jpeg"}],"author":"R\u00e9veil info","twitter_card":"summary_large_image","twitter_misc":{"\u00c9crit par":"R\u00e9veil info","Dur\u00e9e de lecture estim\u00e9e":"2 minutes"},"schema":{"@context":"https:\/\/schema.org","@graph":[{"@type":"Article","@id":"https:\/\/reveil-info.net\/?p=32005#article","isPartOf":{"@id":"https:\/\/reveil-info.net\/?p=32005"},"author":{"name":"R\u00e9veil info","@id":"https:\/\/reveil-info.net\/#\/schema\/person\/ca0cc8e70088e0a2b5e92556c1ee60f5"},"headline":"News de la diaspora : ambassade du Burkina au S\u00e9n\u00e9gal","datePublished":"2025-09-22T14:43:19+00:00","mainEntityOfPage":{"@id":"https:\/\/reveil-info.net\/?p=32005"},"wordCount":274,"commentCount":0,"publisher":{"@id":"https:\/\/reveil-info.net\/#organization"},"image":{"@id":"https:\/\/reveil-info.net\/?p=32005#primaryimage"},"thumbnailUrl":"https:\/\/reveil-info.net\/wp-content\/uploads\/2025\/09\/FB_IMG_17585515237204805.jpg","articleSection":["NEWS DE LA DIASPORA"],"inLanguage":"fr-FR","potentialAction":[{"@type":"CommentAction","name":"Comment","target":["https:\/\/reveil-info.net\/?p=32005#respond"]}]},{"@type":"WebPage","@id":"https:\/\/reveil-info.net\/?p=32005","url":"https:\/\/reveil-info.net\/?p=32005","name":"News de la diaspora : ambassade du Burkina au S\u00e9n\u00e9gal - R\u00e9veil Info","isPartOf":{"@id":"https:\/\/reveil-info.net\/#website"},"primaryImageOfPage":{"@id":"https:\/\/reveil-info.net\/?p=32005#primaryimage"},"image":{"@id":"https:\/\/reveil-info.net\/?p=32005#primaryimage"},"thumbnailUrl":"https:\/\/reveil-info.net\/wp-content\/uploads\/2025\/09\/FB_IMG_17585515237204805.jpg","datePublished":"2025-09-22T14:43:19+00:00","breadcrumb":{"@id":"https:\/\/reveil-info.net\/?p=32005#breadcrumb"},"inLanguage":"fr-FR","potentialAction":[{"@type":"ReadAction","target":["https:\/\/reveil-info.net\/?p=32005"]}]},{"@type":"ImageObject","inLanguage":"fr-FR","@id":"https:\/\/reveil-info.net\/?p=32005#primaryimage","url":"https:\/\/reveil-info.net\/wp-content\/uploads\/2025\/09\/FB_IMG_17585515237204805.jpg","contentUrl":"https:\/\/reveil-info.net\/wp-content\/uploads\/2025\/09\/FB_IMG_17585515237204805.jpg","width":720,"height":428},{"@type":"BreadcrumbList","@id":"https:\/\/reveil-info.net\/?p=32005#breadcrumb","itemListElement":[{"@type":"ListItem","position":1,"name":"Home","item":"https:\/\/reveil-info.net\/"},{"@type":"ListItem","position":2,"name":"News de la diaspora : ambassade du Burkina au S\u00e9n\u00e9gal"}]},{"@type":"WebSite","@id":"https:\/\/reveil-info.net\/#website","url":"https:\/\/reveil-info.net\/","name":"R\u00e9veil Info","description":"Le devoir d&#039;informer!","publisher":{"@id":"https:\/\/reveil-info.net\/#organization"},"potentialAction":[{"@type":"SearchAction","target":{"@type":"EntryPoint","urlTemplate":"https:\/\/reveil-info.net\/?s={search_term_string}"},"query-input":{"@type":"PropertyValueSpecification","valueRequired":true,"valueName":"search_term_string"}}],"inLanguage":"fr-FR"},{"@type":"Organization","@id":"https:\/\/reveil-info.net\/#organization","name":"R\u00e9veil Info","url":"https:\/\/reveil-info.net\/","logo":{"@type":"ImageObject","inLanguage":"fr-FR","@id":"https:\/\/reveil-info.net\/#\/schema\/logo\/image\/","url":"https:\/\/reveil-info.net\/wp-content\/uploads\/2024\/07\/bnddd1.jpg","contentUrl":"https:\/\/reveil-info.net\/wp-content\/uploads\/2024\/07\/bnddd1.jpg","width":903,"height":125,"caption":"R\u00e9veil Info"},"image":{"@id":"https:\/\/reveil-info.net\/#\/schema\/logo\/image\/"}},{"@type":"Person","@id":"https:\/\/reveil-info.net\/#\/schema\/person\/ca0cc8e70088e0a2b5e92556c1ee60f5","name":"R\u00e9veil info","image":{"@type":"ImageObject","inLanguage":"fr-FR","@id":"https:\/\/secure.gravatar.com\/avatar\/e4ad5bb743c8b6cb174d9df6c7d30a8a16f6889731241345fc6444e6485f02af?s=96&d=mm&r=g","url":"https:\/\/secure.gravatar.com\/avatar\/e4ad5bb743c8b6cb174d9df6c7d30a8a16f6889731241345fc6444e6485f02af?s=96&d=mm&r=g","contentUrl":"https:\/\/secure.gravatar.com\/avatar\/e4ad5bb743c8b6cb174d9df6c7d30a8a16f6889731241345fc6444e6485f02af?s=96&d=mm&r=g","caption":"R\u00e9veil info"},"sameAs":["https:\/\/reveil-info.net"],"url":"https:\/\/reveil-info.net\/?author=1"}]}},"jetpack_featured_media_url":"https:\/\/reveil-info.net\/wp-content\/uploads\/2025\/09\/FB_IMG_17585515237204805.jpg","featured_image_urls":{"full":["https:\/\/reveil-info.net\/wp-content\/uploads\/2025\/09\/FB_IMG_17585515237204805.jpg",720,428,false],"thumbnail":["https:\/\/reveil-info.net\/wp-content\/uploads\/2025\/09\/FB_IMG_17585515237204805-150x150.jpg",150,150,true],"medium":["https:\/\/reveil-info.net\/wp-content\/uploads\/2025\/09\/FB_IMG_17585515237204805-300x178.jpg",300,178,true],"medium_large":["https:\/\/reveil-info.net\/wp-content\/uploads\/2025\/09\/FB_IMG_17585515237204805.jpg",640,380,false],"large":["https:\/\/reveil-info.net\/wp-content\/uploads\/2025\/09\/FB_IMG_17585515237204805.jpg",640,380,false],"1536x1536":["https:\/\/reveil-info.net\/wp-content\/uploads\/2025\/09\/FB_IMG_17585515237204805.jpg",720,428,false],"2048x2048":["https:\/\/reveil-info.net\/wp-content\/uploads\/2025\/09\/FB_IMG_17585515237204805.jpg",720,428,false],"chromenews-featured":["https:\/\/reveil-info.net\/wp-content\/uploads\/2025\/09\/FB_IMG_17585515237204805.jpg",720,428,false],"chromenews-large":["https:\/\/reveil-info.net\/wp-content\/uploads\/2025\/09\/FB_IMG_17585515237204805.jpg",720,428,false],"chromenews-medium":["https:\/\/reveil-info.net\/wp-content\/uploads\/2025\/09\/FB_IMG_17585515237204805-590x410.jpg",590,410,true]},"author_info":{"display_name":"R\u00e9veil info","author_link":"https:\/\/reveil-info.net\/?author=1"},"category_info":"<a href=\"https:\/\/reveil-info.net\/?cat=41\" rel=\"category\">NEWS DE LA DIASPORA<\/a>","tag_info":"NEWS DE LA DIASPORA","comment_count":"0","_links":{"self":[{"href":"https:\/\/reveil-info.net\/index.php?rest_route=\/wp\/v2\/posts\/32005","targetHints":{"allow":["GET"]}}],"collection":[{"href":"https:\/\/reveil-info.net\/index.php?rest_route=\/wp\/v2\/posts"}],"about":[{"href":"https:\/\/reveil-info.net\/index.php?rest_route=\/wp\/v2\/types\/post"}],"author":[{"embeddable":true,"href":"https:\/\/reveil-info.net\/index.php?rest_route=\/wp\/v2\/users\/1"}],"replies":[{"embeddable":true,"href":"https:\/\/reveil-info.net\/index.php?rest_route=%2Fwp%2Fv2%2Fcomments&post=32005"}],"version-history":[{"count":8,"href":"https:\/\/reveil-info.net\/index.php?rest_route=\/wp\/v2\/posts\/32005\/revisions"}],"predecessor-version":[{"id":32017,"href":"https:\/\/reveil-info.net\/index.php?rest_route=\/wp\/v2\/posts\/32005\/revisions\/32017"}],"wp:featuredmedia":[{"embeddable":true,"href":"https:\/\/reveil-info.net\/index.php?rest_route=\/wp\/v2\/media\/32008"}],"wp:attachment":[{"href":"https:\/\/reveil-info.net\/index.php?rest_route=%2Fwp%2Fv2%2Fmedia&parent=32005"}],"wp:term":[{"taxonomy":"category","embeddable":true,"href":"https:\/\/reveil-info.net\/index.php?rest_route=%2Fwp%2Fv2%2Fcategories&post=32005"},{"taxonomy":"post_tag","embeddable":true,"href":"https:\/\/reveil-info.net\/index.php?rest_route=%2Fwp%2Fv2%2Ftags&post=32005"}],"curies":[{"name":"wp","href":"https:\/\/api.w.org\/{rel}","templated":true}]}}