{"id":31587,"date":"2025-09-18T09:30:16","date_gmt":"2025-09-18T09:30:16","guid":{"rendered":"https:\/\/reveil-info.net\/?p=31587"},"modified":"2025-09-18T09:30:16","modified_gmt":"2025-09-18T09:30:16","slug":"vienne-programme-electronucleaire-du-burkina-le-ministre-roger-baro-echange-avec-le-directeur-general-adjoint-de-laiea-charge-du-departement-de-lenergie-nucleaire","status":"publish","type":"post","link":"https:\/\/reveil-info.net\/?p=31587","title":{"rendered":"Vienne-Programme \u00e9lectronucl\u00e9aire du Burkina: le ministre Roger BARO \u00e9change avec le Directeur G\u00e9n\u00e9ral Adjoint de l&rsquo;AIEA, charg\u00e9 du D\u00e9partement de l\u2019\u00e9nergie nucl\u00e9aire"},"content":{"rendered":"<div class=\"xdj266r x14z9mp xat24cr x1lziwak x1vvkbs x126k92a\">\n<div dir=\"auto\"><strong>Pr\u00e9sent \u00e0 Vienne dans la Capitale autrichienne, dans le cadre de la Conf\u00e9rence g\u00e9n\u00e9rale de l&rsquo;Agence Internationale de l&rsquo;\u00c9nergie Atomique (AIEA), le ministre de l&rsquo;Environnement, de l&rsquo;Eau et de l&rsquo;Assainissement Roger BARO a \u00e9chang\u00e9 ce mercredi 17 septembre 2025 avec le Directeur G\u00e9n\u00e9ral Adjoint, charg\u00e9 de l&rsquo;Energie Atomique Mikhail CHUDAKOV.<\/strong><\/div>\n<div dir=\"auto\"><img loading=\"lazy\" decoding=\"async\" class=\"alignnone size-full wp-image-31591\" src=\"https:\/\/reveil-info.net\/wp-content\/uploads\/2025\/09\/baroc.jpg\" alt=\"\" width=\"1280\" height=\"853\" srcset=\"https:\/\/reveil-info.net\/wp-content\/uploads\/2025\/09\/baroc.jpg 1280w, https:\/\/reveil-info.net\/wp-content\/uploads\/2025\/09\/baroc-300x200.jpg 300w, https:\/\/reveil-info.net\/wp-content\/uploads\/2025\/09\/baroc-1024x682.jpg 1024w, https:\/\/reveil-info.net\/wp-content\/uploads\/2025\/09\/baroc-768x512.jpg 768w\" sizes=\"auto, (max-width: 1280px) 100vw, 1280px\" \/><\/div>\n<\/div>\n<div class=\"x14z9mp xat24cr x1lziwak x1vvkbs xtlvy1s x126k92a\">\n<div dir=\"auto\">Objectif : transmettre les remerciements du Gouvernement du Burkina Faso pour l\u2019appui apport\u00e9 \u00e0 notre programme \u00e9lectronucl\u00e9aire et solliciter son appui pour la suite.<\/div>\n<\/div>\n<div class=\"x14z9mp xat24cr x1lziwak x1vvkbs xtlvy1s x126k92a\">\n<div dir=\"auto\">C&rsquo;est en compagnie du Conseiller Sp\u00e9cial du Pr\u00e9sident du Faso, charg\u00e9 des questions mini\u00e8res et des Ressources naturelles, le Pr Nicolas KAGAMBEGA, de l&rsquo;Ambassadeur du Burkina \u00e0 Vienne, Maimounata OUATTARA et de quelques d\u00e9l\u00e9gu\u00e9s burkinab\u00e9 \u00e0 la Conf\u00e9rence g\u00e9n\u00e9rale de l&rsquo;AIEA que le ministre Roger BARO, chef de la d\u00e9l\u00e9gation du Burkina Faso \u00e0 Vienne a \u00e9t\u00e9 re\u00e7u par le Directeur G\u00e9n\u00e9ral Adjoint, responsable du d\u00e9partement de l&rsquo;\u00e9nergie nucl\u00e9aire \u00e0 l&rsquo;AIEA, Mikhail CHUDAKOV.<\/div>\n<div dir=\"auto\"><img loading=\"lazy\" decoding=\"async\" class=\"alignnone size-full wp-image-31593\" src=\"https:\/\/reveil-info.net\/wp-content\/uploads\/2025\/09\/bc.jpg\" alt=\"\" width=\"1280\" height=\"853\" srcset=\"https:\/\/reveil-info.net\/wp-content\/uploads\/2025\/09\/bc.jpg 1280w, https:\/\/reveil-info.net\/wp-content\/uploads\/2025\/09\/bc-300x200.jpg 300w, https:\/\/reveil-info.net\/wp-content\/uploads\/2025\/09\/bc-1024x682.jpg 1024w, https:\/\/reveil-info.net\/wp-content\/uploads\/2025\/09\/bc-768x512.jpg 768w\" sizes=\"auto, (max-width: 1280px) 100vw, 1280px\" \/><\/div>\n<\/div>\n<div class=\"x14z9mp xat24cr x1lziwak x1vvkbs xtlvy1s x126k92a\">\n<div dir=\"auto\">D&rsquo;entr\u00e9e, le ministre Roger BARO a r\u00e9affirm\u00e9 la ferme volont\u00e9 du Pr\u00e9sident du Faso, Chef de l&rsquo;\u00c9tat, le Capitaine Ibrahim TRAOR\u00c9 de doter notre pays d&rsquo;une centrale nucl\u00e9aire. Pour ce faire, le gouvernement \u00e0 travers le minist\u00e8re charg\u00e9 de l&rsquo;Energie, travaille pour l&rsquo;atteinte de cet objectif. L&rsquo;entrevue avec le DGA a donc permis de discuter de l&rsquo;accompagnement de l&rsquo;agence Internationale de l&rsquo;Energie Atomique dans la mise en place de ce programme \u00e9lectronucl\u00e9aire.<\/div>\n<div dir=\"auto\">Le DGA a f\u00e9licit\u00e9 le Burkina Faso pour les efforts accomplis et les dispositions n\u00e9cessaires \u00e0 prendre pour concr\u00e9tiser la volont\u00e9 du chef de l&rsquo;\u00c9tat de mettre en \u0153uvre un programme \u00e9lectronucl\u00e9aire. Mikhail CHUDAKUV a exprim\u00e9 la disponibilit\u00e9 de l&rsquo;AIEA \u00e0 accompagner le Burkina Faso.<\/div>\n<\/div>\n<div class=\"x14z9mp xat24cr x1lziwak x1vvkbs xtlvy1s x126k92a\">\n<div dir=\"auto\"><\/div>\n<div dir=\"auto\"><\/div>\n<\/div>\n<div class=\"x14z9mp xat24cr x1lziwak x1vvkbs xtlvy1s x126k92a\">\n<div dir=\"auto\">DCRP\/ MEEA<\/div>\n<\/div>\n","protected":false},"excerpt":{"rendered":"<p>Pr\u00e9sent \u00e0 Vienne dans la Capitale autrichienne, dans le cadre de la Conf\u00e9rence g\u00e9n\u00e9rale de<\/p>\n","protected":false},"author":1,"featured_media":31590,"comment_status":"open","ping_status":"open","sticky":false,"template":"","format":"standard","meta":{"footnotes":""},"categories":[2,5],"tags":[],"class_list":["post-31587","post","type-post","status-publish","format-standard","has-post-thumbnail","hentry","category-actu","category-developpement"],"yoast_head":"<!-- This site is optimized with the Yoast SEO plugin v27.5 - https:\/\/yoast.com\/product\/yoast-seo-wordpress\/ -->\n<title>Vienne-Programme \u00e9lectronucl\u00e9aire du Burkina: le ministre Roger BARO \u00e9change avec le Directeur G\u00e9n\u00e9ral Adjoint de l&#039;AIEA, charg\u00e9 du D\u00e9partement de l\u2019\u00e9nergie nucl\u00e9aire - R\u00e9veil Info<\/title>\n<meta name=\"robots\" content=\"noindex, follow, max-snippet:-1, max-image-preview:large, max-video-preview:-1\" \/>\n<meta property=\"og:locale\" content=\"fr_FR\" \/>\n<meta property=\"og:type\" content=\"article\" \/>\n<meta property=\"og:title\" content=\"Vienne-Programme \u00e9lectronucl\u00e9aire du Burkina: le ministre Roger BARO \u00e9change avec le Directeur G\u00e9n\u00e9ral Adjoint de l&#039;AIEA, charg\u00e9 du D\u00e9partement de l\u2019\u00e9nergie nucl\u00e9aire - R\u00e9veil Info\" \/>\n<meta property=\"og:description\" content=\"Pr\u00e9sent \u00e0 Vienne dans la Capitale autrichienne, dans le cadre de la Conf\u00e9rence g\u00e9n\u00e9rale de\" \/>\n<meta property=\"og:url\" content=\"https:\/\/reveil-info.net\/?p=31587\" \/>\n<meta property=\"og:site_name\" content=\"R\u00e9veil Info\" \/>\n<meta property=\"article:published_time\" content=\"2025-09-18T09:30:16+00:00\" \/>\n<meta property=\"og:image\" content=\"https:\/\/reveil-info.net\/wp-content\/uploads\/2025\/09\/baro.jpg\" \/>\n\t<meta property=\"og:image:width\" content=\"890\" \/>\n\t<meta property=\"og:image:height\" content=\"853\" \/>\n\t<meta property=\"og:image:type\" content=\"image\/jpeg\" \/>\n<meta name=\"author\" content=\"R\u00e9veil info\" \/>\n<meta name=\"twitter:card\" content=\"summary_large_image\" \/>\n<meta name=\"twitter:label1\" content=\"\u00c9crit par\" \/>\n\t<meta name=\"twitter:data1\" content=\"R\u00e9veil info\" \/>\n\t<meta name=\"twitter:label2\" content=\"Dur\u00e9e de lecture estim\u00e9e\" \/>\n\t<meta name=\"twitter:data2\" content=\"2 minutes\" \/>\n<script type=\"application\/ld+json\" class=\"yoast-schema-graph\">{\"@context\":\"https:\\\/\\\/schema.org\",\"@graph\":[{\"@type\":\"Article\",\"@id\":\"https:\\\/\\\/reveil-info.net\\\/?p=31587#article\",\"isPartOf\":{\"@id\":\"https:\\\/\\\/reveil-info.net\\\/?p=31587\"},\"author\":{\"name\":\"R\u00e9veil info\",\"@id\":\"https:\\\/\\\/reveil-info.net\\\/#\\\/schema\\\/person\\\/ca0cc8e70088e0a2b5e92556c1ee60f5\"},\"headline\":\"Vienne-Programme \u00e9lectronucl\u00e9aire du Burkina: le ministre Roger BARO \u00e9change avec le Directeur G\u00e9n\u00e9ral Adjoint de l&rsquo;AIEA, charg\u00e9 du D\u00e9partement de l\u2019\u00e9nergie nucl\u00e9aire\",\"datePublished\":\"2025-09-18T09:30:16+00:00\",\"mainEntityOfPage\":{\"@id\":\"https:\\\/\\\/reveil-info.net\\\/?p=31587\"},\"wordCount\":339,\"commentCount\":0,\"publisher\":{\"@id\":\"https:\\\/\\\/reveil-info.net\\\/#organization\"},\"image\":{\"@id\":\"https:\\\/\\\/reveil-info.net\\\/?p=31587#primaryimage\"},\"thumbnailUrl\":\"https:\\\/\\\/reveil-info.net\\\/wp-content\\\/uploads\\\/2025\\\/09\\\/baro.jpg\",\"articleSection\":[\"Actualit\u00e9\",\"D\u00e9veloppement\"],\"inLanguage\":\"fr-FR\",\"potentialAction\":[{\"@type\":\"CommentAction\",\"name\":\"Comment\",\"target\":[\"https:\\\/\\\/reveil-info.net\\\/?p=31587#respond\"]}]},{\"@type\":\"WebPage\",\"@id\":\"https:\\\/\\\/reveil-info.net\\\/?p=31587\",\"url\":\"https:\\\/\\\/reveil-info.net\\\/?p=31587\",\"name\":\"Vienne-Programme \u00e9lectronucl\u00e9aire du Burkina: le ministre Roger BARO \u00e9change avec le Directeur G\u00e9n\u00e9ral Adjoint de l'AIEA, charg\u00e9 du D\u00e9partement de l\u2019\u00e9nergie nucl\u00e9aire - R\u00e9veil Info\",\"isPartOf\":{\"@id\":\"https:\\\/\\\/reveil-info.net\\\/#website\"},\"primaryImageOfPage\":{\"@id\":\"https:\\\/\\\/reveil-info.net\\\/?p=31587#primaryimage\"},\"image\":{\"@id\":\"https:\\\/\\\/reveil-info.net\\\/?p=31587#primaryimage\"},\"thumbnailUrl\":\"https:\\\/\\\/reveil-info.net\\\/wp-content\\\/uploads\\\/2025\\\/09\\\/baro.jpg\",\"datePublished\":\"2025-09-18T09:30:16+00:00\",\"breadcrumb\":{\"@id\":\"https:\\\/\\\/reveil-info.net\\\/?p=31587#breadcrumb\"},\"inLanguage\":\"fr-FR\",\"potentialAction\":[{\"@type\":\"ReadAction\",\"target\":[\"https:\\\/\\\/reveil-info.net\\\/?p=31587\"]}]},{\"@type\":\"ImageObject\",\"inLanguage\":\"fr-FR\",\"@id\":\"https:\\\/\\\/reveil-info.net\\\/?p=31587#primaryimage\",\"url\":\"https:\\\/\\\/reveil-info.net\\\/wp-content\\\/uploads\\\/2025\\\/09\\\/baro.jpg\",\"contentUrl\":\"https:\\\/\\\/reveil-info.net\\\/wp-content\\\/uploads\\\/2025\\\/09\\\/baro.jpg\",\"width\":890,\"height\":853},{\"@type\":\"BreadcrumbList\",\"@id\":\"https:\\\/\\\/reveil-info.net\\\/?p=31587#breadcrumb\",\"itemListElement\":[{\"@type\":\"ListItem\",\"position\":1,\"name\":\"Home\",\"item\":\"https:\\\/\\\/reveil-info.net\\\/\"},{\"@type\":\"ListItem\",\"position\":2,\"name\":\"Vienne-Programme \u00e9lectronucl\u00e9aire du Burkina: le ministre Roger BARO \u00e9change avec le Directeur G\u00e9n\u00e9ral Adjoint de l&rsquo;AIEA, charg\u00e9 du D\u00e9partement de l\u2019\u00e9nergie nucl\u00e9aire\"}]},{\"@type\":\"WebSite\",\"@id\":\"https:\\\/\\\/reveil-info.net\\\/#website\",\"url\":\"https:\\\/\\\/reveil-info.net\\\/\",\"name\":\"R\u00e9veil Info\",\"description\":\"Le devoir d&#039;informer!\",\"publisher\":{\"@id\":\"https:\\\/\\\/reveil-info.net\\\/#organization\"},\"potentialAction\":[{\"@type\":\"SearchAction\",\"target\":{\"@type\":\"EntryPoint\",\"urlTemplate\":\"https:\\\/\\\/reveil-info.net\\\/?s={search_term_string}\"},\"query-input\":{\"@type\":\"PropertyValueSpecification\",\"valueRequired\":true,\"valueName\":\"search_term_string\"}}],\"inLanguage\":\"fr-FR\"},{\"@type\":\"Organization\",\"@id\":\"https:\\\/\\\/reveil-info.net\\\/#organization\",\"name\":\"R\u00e9veil Info\",\"url\":\"https:\\\/\\\/reveil-info.net\\\/\",\"logo\":{\"@type\":\"ImageObject\",\"inLanguage\":\"fr-FR\",\"@id\":\"https:\\\/\\\/reveil-info.net\\\/#\\\/schema\\\/logo\\\/image\\\/\",\"url\":\"https:\\\/\\\/reveil-info.net\\\/wp-content\\\/uploads\\\/2024\\\/07\\\/bnddd1.jpg\",\"contentUrl\":\"https:\\\/\\\/reveil-info.net\\\/wp-content\\\/uploads\\\/2024\\\/07\\\/bnddd1.jpg\",\"width\":903,\"height\":125,\"caption\":\"R\u00e9veil Info\"},\"image\":{\"@id\":\"https:\\\/\\\/reveil-info.net\\\/#\\\/schema\\\/logo\\\/image\\\/\"}},{\"@type\":\"Person\",\"@id\":\"https:\\\/\\\/reveil-info.net\\\/#\\\/schema\\\/person\\\/ca0cc8e70088e0a2b5e92556c1ee60f5\",\"name\":\"R\u00e9veil info\",\"image\":{\"@type\":\"ImageObject\",\"inLanguage\":\"fr-FR\",\"@id\":\"https:\\\/\\\/secure.gravatar.com\\\/avatar\\\/e4ad5bb743c8b6cb174d9df6c7d30a8a16f6889731241345fc6444e6485f02af?s=96&d=mm&r=g\",\"url\":\"https:\\\/\\\/secure.gravatar.com\\\/avatar\\\/e4ad5bb743c8b6cb174d9df6c7d30a8a16f6889731241345fc6444e6485f02af?s=96&d=mm&r=g\",\"contentUrl\":\"https:\\\/\\\/secure.gravatar.com\\\/avatar\\\/e4ad5bb743c8b6cb174d9df6c7d30a8a16f6889731241345fc6444e6485f02af?s=96&d=mm&r=g\",\"caption\":\"R\u00e9veil info\"},\"sameAs\":[\"https:\\\/\\\/reveil-info.net\"],\"url\":\"https:\\\/\\\/reveil-info.net\\\/?author=1\"}]}<\/script>\n<!-- \/ Yoast SEO plugin. -->","yoast_head_json":{"title":"Vienne-Programme \u00e9lectronucl\u00e9aire du Burkina: le ministre Roger BARO \u00e9change avec le Directeur G\u00e9n\u00e9ral Adjoint de l'AIEA, charg\u00e9 du D\u00e9partement de l\u2019\u00e9nergie nucl\u00e9aire - R\u00e9veil Info","robots":{"index":"noindex","follow":"follow","max-snippet":"max-snippet:-1","max-image-preview":"max-image-preview:large","max-video-preview":"max-video-preview:-1"},"og_locale":"fr_FR","og_type":"article","og_title":"Vienne-Programme \u00e9lectronucl\u00e9aire du Burkina: le ministre Roger BARO \u00e9change avec le Directeur G\u00e9n\u00e9ral Adjoint de l'AIEA, charg\u00e9 du D\u00e9partement de l\u2019\u00e9nergie nucl\u00e9aire - R\u00e9veil Info","og_description":"Pr\u00e9sent \u00e0 Vienne dans la Capitale autrichienne, dans le cadre de la Conf\u00e9rence g\u00e9n\u00e9rale de","og_url":"https:\/\/reveil-info.net\/?p=31587","og_site_name":"R\u00e9veil Info","article_published_time":"2025-09-18T09:30:16+00:00","og_image":[{"width":890,"height":853,"url":"https:\/\/reveil-info.net\/wp-content\/uploads\/2025\/09\/baro.jpg","type":"image\/jpeg"}],"author":"R\u00e9veil info","twitter_card":"summary_large_image","twitter_misc":{"\u00c9crit par":"R\u00e9veil info","Dur\u00e9e de lecture estim\u00e9e":"2 minutes"},"schema":{"@context":"https:\/\/schema.org","@graph":[{"@type":"Article","@id":"https:\/\/reveil-info.net\/?p=31587#article","isPartOf":{"@id":"https:\/\/reveil-info.net\/?p=31587"},"author":{"name":"R\u00e9veil info","@id":"https:\/\/reveil-info.net\/#\/schema\/person\/ca0cc8e70088e0a2b5e92556c1ee60f5"},"headline":"Vienne-Programme \u00e9lectronucl\u00e9aire du Burkina: le ministre Roger BARO \u00e9change avec le Directeur G\u00e9n\u00e9ral Adjoint de l&rsquo;AIEA, charg\u00e9 du D\u00e9partement de l\u2019\u00e9nergie nucl\u00e9aire","datePublished":"2025-09-18T09:30:16+00:00","mainEntityOfPage":{"@id":"https:\/\/reveil-info.net\/?p=31587"},"wordCount":339,"commentCount":0,"publisher":{"@id":"https:\/\/reveil-info.net\/#organization"},"image":{"@id":"https:\/\/reveil-info.net\/?p=31587#primaryimage"},"thumbnailUrl":"https:\/\/reveil-info.net\/wp-content\/uploads\/2025\/09\/baro.jpg","articleSection":["Actualit\u00e9","D\u00e9veloppement"],"inLanguage":"fr-FR","potentialAction":[{"@type":"CommentAction","name":"Comment","target":["https:\/\/reveil-info.net\/?p=31587#respond"]}]},{"@type":"WebPage","@id":"https:\/\/reveil-info.net\/?p=31587","url":"https:\/\/reveil-info.net\/?p=31587","name":"Vienne-Programme \u00e9lectronucl\u00e9aire du Burkina: le ministre Roger BARO \u00e9change avec le Directeur G\u00e9n\u00e9ral Adjoint de l'AIEA, charg\u00e9 du D\u00e9partement de l\u2019\u00e9nergie nucl\u00e9aire - R\u00e9veil Info","isPartOf":{"@id":"https:\/\/reveil-info.net\/#website"},"primaryImageOfPage":{"@id":"https:\/\/reveil-info.net\/?p=31587#primaryimage"},"image":{"@id":"https:\/\/reveil-info.net\/?p=31587#primaryimage"},"thumbnailUrl":"https:\/\/reveil-info.net\/wp-content\/uploads\/2025\/09\/baro.jpg","datePublished":"2025-09-18T09:30:16+00:00","breadcrumb":{"@id":"https:\/\/reveil-info.net\/?p=31587#breadcrumb"},"inLanguage":"fr-FR","potentialAction":[{"@type":"ReadAction","target":["https:\/\/reveil-info.net\/?p=31587"]}]},{"@type":"ImageObject","inLanguage":"fr-FR","@id":"https:\/\/reveil-info.net\/?p=31587#primaryimage","url":"https:\/\/reveil-info.net\/wp-content\/uploads\/2025\/09\/baro.jpg","contentUrl":"https:\/\/reveil-info.net\/wp-content\/uploads\/2025\/09\/baro.jpg","width":890,"height":853},{"@type":"BreadcrumbList","@id":"https:\/\/reveil-info.net\/?p=31587#breadcrumb","itemListElement":[{"@type":"ListItem","position":1,"name":"Home","item":"https:\/\/reveil-info.net\/"},{"@type":"ListItem","position":2,"name":"Vienne-Programme \u00e9lectronucl\u00e9aire du Burkina: le ministre Roger BARO \u00e9change avec le Directeur G\u00e9n\u00e9ral Adjoint de l&rsquo;AIEA, charg\u00e9 du D\u00e9partement de l\u2019\u00e9nergie nucl\u00e9aire"}]},{"@type":"WebSite","@id":"https:\/\/reveil-info.net\/#website","url":"https:\/\/reveil-info.net\/","name":"R\u00e9veil Info","description":"Le devoir d&#039;informer!","publisher":{"@id":"https:\/\/reveil-info.net\/#organization"},"potentialAction":[{"@type":"SearchAction","target":{"@type":"EntryPoint","urlTemplate":"https:\/\/reveil-info.net\/?s={search_term_string}"},"query-input":{"@type":"PropertyValueSpecification","valueRequired":true,"valueName":"search_term_string"}}],"inLanguage":"fr-FR"},{"@type":"Organization","@id":"https:\/\/reveil-info.net\/#organization","name":"R\u00e9veil Info","url":"https:\/\/reveil-info.net\/","logo":{"@type":"ImageObject","inLanguage":"fr-FR","@id":"https:\/\/reveil-info.net\/#\/schema\/logo\/image\/","url":"https:\/\/reveil-info.net\/wp-content\/uploads\/2024\/07\/bnddd1.jpg","contentUrl":"https:\/\/reveil-info.net\/wp-content\/uploads\/2024\/07\/bnddd1.jpg","width":903,"height":125,"caption":"R\u00e9veil Info"},"image":{"@id":"https:\/\/reveil-info.net\/#\/schema\/logo\/image\/"}},{"@type":"Person","@id":"https:\/\/reveil-info.net\/#\/schema\/person\/ca0cc8e70088e0a2b5e92556c1ee60f5","name":"R\u00e9veil info","image":{"@type":"ImageObject","inLanguage":"fr-FR","@id":"https:\/\/secure.gravatar.com\/avatar\/e4ad5bb743c8b6cb174d9df6c7d30a8a16f6889731241345fc6444e6485f02af?s=96&d=mm&r=g","url":"https:\/\/secure.gravatar.com\/avatar\/e4ad5bb743c8b6cb174d9df6c7d30a8a16f6889731241345fc6444e6485f02af?s=96&d=mm&r=g","contentUrl":"https:\/\/secure.gravatar.com\/avatar\/e4ad5bb743c8b6cb174d9df6c7d30a8a16f6889731241345fc6444e6485f02af?s=96&d=mm&r=g","caption":"R\u00e9veil info"},"sameAs":["https:\/\/reveil-info.net"],"url":"https:\/\/reveil-info.net\/?author=1"}]}},"jetpack_featured_media_url":"https:\/\/reveil-info.net\/wp-content\/uploads\/2025\/09\/baro.jpg","featured_image_urls":{"full":["https:\/\/reveil-info.net\/wp-content\/uploads\/2025\/09\/baro.jpg",890,853,false],"thumbnail":["https:\/\/reveil-info.net\/wp-content\/uploads\/2025\/09\/baro-150x150.jpg",150,150,true],"medium":["https:\/\/reveil-info.net\/wp-content\/uploads\/2025\/09\/baro-300x288.jpg",300,288,true],"medium_large":["https:\/\/reveil-info.net\/wp-content\/uploads\/2025\/09\/baro-768x736.jpg",640,613,true],"large":["https:\/\/reveil-info.net\/wp-content\/uploads\/2025\/09\/baro.jpg",640,613,false],"1536x1536":["https:\/\/reveil-info.net\/wp-content\/uploads\/2025\/09\/baro.jpg",890,853,false],"2048x2048":["https:\/\/reveil-info.net\/wp-content\/uploads\/2025\/09\/baro.jpg",890,853,false],"chromenews-featured":["https:\/\/reveil-info.net\/wp-content\/uploads\/2025\/09\/baro.jpg",890,853,false],"chromenews-large":["https:\/\/reveil-info.net\/wp-content\/uploads\/2025\/09\/baro-825x575.jpg",825,575,true],"chromenews-medium":["https:\/\/reveil-info.net\/wp-content\/uploads\/2025\/09\/baro-590x410.jpg",590,410,true]},"author_info":{"display_name":"R\u00e9veil info","author_link":"https:\/\/reveil-info.net\/?author=1"},"category_info":"<a href=\"https:\/\/reveil-info.net\/?cat=2\" rel=\"category\">Actualit\u00e9<\/a> <a href=\"https:\/\/reveil-info.net\/?cat=5\" rel=\"category\">D\u00e9veloppement<\/a>","tag_info":"D\u00e9veloppement","comment_count":"0","_links":{"self":[{"href":"https:\/\/reveil-info.net\/index.php?rest_route=\/wp\/v2\/posts\/31587","targetHints":{"allow":["GET"]}}],"collection":[{"href":"https:\/\/reveil-info.net\/index.php?rest_route=\/wp\/v2\/posts"}],"about":[{"href":"https:\/\/reveil-info.net\/index.php?rest_route=\/wp\/v2\/types\/post"}],"author":[{"embeddable":true,"href":"https:\/\/reveil-info.net\/index.php?rest_route=\/wp\/v2\/users\/1"}],"replies":[{"embeddable":true,"href":"https:\/\/reveil-info.net\/index.php?rest_route=%2Fwp%2Fv2%2Fcomments&post=31587"}],"version-history":[{"count":4,"href":"https:\/\/reveil-info.net\/index.php?rest_route=\/wp\/v2\/posts\/31587\/revisions"}],"predecessor-version":[{"id":31594,"href":"https:\/\/reveil-info.net\/index.php?rest_route=\/wp\/v2\/posts\/31587\/revisions\/31594"}],"wp:featuredmedia":[{"embeddable":true,"href":"https:\/\/reveil-info.net\/index.php?rest_route=\/wp\/v2\/media\/31590"}],"wp:attachment":[{"href":"https:\/\/reveil-info.net\/index.php?rest_route=%2Fwp%2Fv2%2Fmedia&parent=31587"}],"wp:term":[{"taxonomy":"category","embeddable":true,"href":"https:\/\/reveil-info.net\/index.php?rest_route=%2Fwp%2Fv2%2Fcategories&post=31587"},{"taxonomy":"post_tag","embeddable":true,"href":"https:\/\/reveil-info.net\/index.php?rest_route=%2Fwp%2Fv2%2Ftags&post=31587"}],"curies":[{"name":"wp","href":"https:\/\/api.w.org\/{rel}","templated":true}]}}