{"id":30762,"date":"2025-09-08T09:28:20","date_gmt":"2025-09-08T09:28:20","guid":{"rendered":"https:\/\/reveil-info.net\/?p=30762"},"modified":"2025-09-08T09:29:43","modified_gmt":"2025-09-08T09:29:43","slug":"au-palais-de-justice-le-bergerles-boeufs-et-les-filles-de-maquis","status":"publish","type":"post","link":"https:\/\/reveil-info.net\/?p=30762","title":{"rendered":"Au palais de justice : le berger,les b\u0153ufs et les filles de maquis"},"content":{"rendered":"<p>R\u00e9cit d\u2019un proc\u00e8s : Le berger, les b\u0153ufs et les filles de maquis<\/p>\n<p>Le Tribunal de grande instance (TGI) de Banfora a jug\u00e9, un berger du nom de Beno\u00eet (nom d\u2019emprunt). Il \u00e9tait poursuivi pour abus de confiance et recel. Le parquet l\u2019accusait d\u2019avoir vol\u00e9 quatre b\u0153ufs appartenant \u00e0 son employeur, Basile (nom d\u2019emprunt), dont il gardait le troupeau.<\/p>\n<p>\u00c0 la barre, Beno\u00eet a cependant maintenu qu\u2019il n\u2019avait vol\u00e9 qu\u2019un seul b\u0153uf. Selon ses dires, lorsque Basile lui a confi\u00e9 le troupeau, il a refus\u00e9 cat\u00e9goriquement d\u2019en faire le d\u00e9compte. Interrog\u00e9 par le tribunal, l\u2019employeur a confirm\u00e9 : \u00ab Chez nous, il est interdit de compter les animaux. On sait s\u2019il en manque ou pas sans avoir besoin de les compter, sinon cela entra\u00eene de lourdes pertes \u00bb, a-t-il expliqu\u00e9, suscitant des murmures dans la salle.<\/p>\n<p>Le berger Beno\u00eet a vendu l\u2019animal \u00e0 Samuel (nom d\u2019emprunt), un jeune vendeur de caf\u00e9, pour la somme de 190 000 F CFA. Avec cet argent, il a abandonn\u00e9 le troupeau en brousse et s\u2019est envol\u00e9 pour Bobo-Dioulasso o\u00f9 il a encha\u00een\u00e9 les maquis.<\/p>\n<p>Au maquis Santa Baya, il a rencontr\u00e9 une jeune fille, Sandrine (nom d\u2019emprunt). Avec elle, c\u2019\u00e9tait la belle vie : repas, boissons et balades. Un jour, il a emprunt\u00e9 la moto de Sandrine pour une course \u00e0 la gare de Bama, apr\u00e8s lui avoir pay\u00e9 un poulet et recommand\u00e9 de ne pas l\u2019attendre pour le manger. Mais Beno\u00eet n\u2019est jamais revenu. Alors que Sandrine d\u00e9gustait son repas, elle a compris que son compagnon du jour s\u2019\u00e9tait volatilis\u00e9 avec sa moto.<\/p>\n<p>Inqui\u00e8te, elle a multipli\u00e9 les appels, en vain. Beno\u00eet roulait d\u00e9j\u00e0 vers Banfora. L\u2019affaire a pris de l\u2019ampleur et les amies de Sandrine se sont mobilis\u00e9es. La police et la gendarmerie ont \u00e9t\u00e9 alert\u00e9es. Avec un autre num\u00e9ro, elles ont r\u00e9ussi \u00e0 joindre Beno\u00eet, qui a d\u00e9croch\u00e9. On lui a demand\u00e9 de revenir car Sandrine \u00e9tait inconsolable. Le berger a alors r\u00e9clam\u00e9 un transfert d\u2019argent pour \u00ab acheter du carburant \u00bb, affirmant se trouver \u00e0 Koundougou sans le moindre sou. En r\u00e9alit\u00e9, il avait d\u00e9j\u00e0 rejoint Banfora.<\/p>\n<p>Pendant ce temps, Basile, son employeur, le recherchait \u00e9galement. Il a confi\u00e9 l\u2019affaire \u00e0 un Volontaire pour la d\u00e9fense de la patrie (VDP) du secteur 8 de Banfora. Ce dernier a men\u00e9 son enqu\u00eate et d\u00e9couvert que Beno\u00eet fr\u00e9quentait une autre fille dans un maquis appel\u00e9 Banois. Avec la coop\u00e9ration de cette serveuse, le VDP a pu localiser le berger \u00e0 L\u00e9mouroudougou, pr\u00e8s de l\u2019\u00e9cole du village. Sur place, Beno\u00eet tentait encore d\u2019obtenir de l\u2019argent pour du carburant, toujours avec la moto vol\u00e9e.<\/p>\n<p>Le VDP et Basile sont intervenus et, apr\u00e8s une course-poursuite, ont r\u00e9ussi \u00e0 l\u2019appr\u00e9hender. Beno\u00eet a ensuite \u00e9t\u00e9 conduit \u00e0 la gendarmerie puis pr\u00e9sent\u00e9 au parquet pour abus de confiance.<\/p>\n<p>\u00c0 l\u2019audience, il a reconnu le vol d\u2019un b\u0153uf et celui de la moto de Sandrine, qui \u00e9tait elle aussi pr\u00e9sente au jugement. Pour le tribunal, il \u00e9tait difficile de l\u2019accuser du vol de quatre b\u0153ufs, puisque Basile avait admis ne pas avoir fait le d\u00e9compte.<\/p>\n<p>Dans ses r\u00e9quisitions, le procureur a rappel\u00e9 que Beno\u00eet \u00e9tait r\u00e9cidiviste. En effet, il avait \u00e9t\u00e9 condamn\u00e9 quelques mois plus t\u00f4t par le TGI de Bobo-Dioulasso \u00e0 six mois de prison et 500 000 F CFA d\u2019amende, le tout assorti de sursis. Le parquet a donc demand\u00e9 sa condamnation \u00e0 36 mois de prison ferme et 1 million F CFA d\u2019amende avec sursis, ainsi que la r\u00e9vocation du pr\u00e9c\u00e9dent sursis.<\/p>\n<p>En cons\u00e9quence, le procureur a requis que Beno\u00eet purge 42 mois de prison ferme. Le pr\u00e9sident du tribunal a suivi ces r\u00e9quisitions et l\u2019a condamn\u00e9 \u00e0 42 mois de prison ferme et \u00e0 1,5 million F CFA d\u2019amende, dont 500 000 F CFA ferme.<\/p>\n<p>Source : Wangola M\u00e9dias<\/p>\n<p>Justice Infos Burkina<br \/>\nReveil-info.net<\/p>\n<p>&nbsp;<\/p>\n","protected":false},"excerpt":{"rendered":"<p>R\u00e9cit d\u2019un proc\u00e8s : Le berger, les b\u0153ufs et les filles de maquis Le Tribunal<\/p>\n","protected":false},"author":1,"featured_media":30464,"comment_status":"open","ping_status":"open","sticky":false,"template":"","format":"standard","meta":{"footnotes":""},"categories":[45],"tags":[],"class_list":["post-30762","post","type-post","status-publish","format-standard","has-post-thumbnail","hentry","category-justice"],"yoast_head":"<!-- This site is optimized with the Yoast SEO plugin v27.5 - https:\/\/yoast.com\/product\/yoast-seo-wordpress\/ -->\n<title>Au palais de justice : le berger,les b\u0153ufs et les filles de maquis - R\u00e9veil Info<\/title>\n<meta name=\"robots\" content=\"noindex, follow, max-snippet:-1, max-image-preview:large, max-video-preview:-1\" \/>\n<meta property=\"og:locale\" content=\"fr_FR\" \/>\n<meta property=\"og:type\" content=\"article\" \/>\n<meta property=\"og:title\" content=\"Au palais de justice : le berger,les b\u0153ufs et les filles de maquis - R\u00e9veil Info\" \/>\n<meta property=\"og:description\" content=\"R\u00e9cit d\u2019un proc\u00e8s : Le berger, les b\u0153ufs et les filles de maquis Le Tribunal\" \/>\n<meta property=\"og:url\" content=\"https:\/\/reveil-info.net\/?p=30762\" \/>\n<meta property=\"og:site_name\" content=\"R\u00e9veil Info\" \/>\n<meta property=\"article:published_time\" content=\"2025-09-08T09:28:20+00:00\" \/>\n<meta property=\"article:modified_time\" content=\"2025-09-08T09:29:43+00:00\" \/>\n<meta property=\"og:image\" content=\"https:\/\/reveil-info.net\/wp-content\/uploads\/2025\/09\/504431647_1369909197628889_8689783178621865381_n.jpg\" \/>\n\t<meta property=\"og:image:width\" content=\"1200\" \/>\n\t<meta property=\"og:image:height\" content=\"800\" \/>\n\t<meta property=\"og:image:type\" content=\"image\/jpeg\" \/>\n<meta name=\"author\" content=\"R\u00e9veil info\" \/>\n<meta name=\"twitter:card\" content=\"summary_large_image\" \/>\n<meta name=\"twitter:label1\" content=\"\u00c9crit par\" \/>\n\t<meta name=\"twitter:data1\" content=\"R\u00e9veil info\" \/>\n\t<meta name=\"twitter:label2\" content=\"Dur\u00e9e de lecture estim\u00e9e\" \/>\n\t<meta name=\"twitter:data2\" content=\"4 minutes\" \/>\n<script type=\"application\/ld+json\" class=\"yoast-schema-graph\">{\"@context\":\"https:\\\/\\\/schema.org\",\"@graph\":[{\"@type\":\"Article\",\"@id\":\"https:\\\/\\\/reveil-info.net\\\/?p=30762#article\",\"isPartOf\":{\"@id\":\"https:\\\/\\\/reveil-info.net\\\/?p=30762\"},\"author\":{\"name\":\"R\u00e9veil info\",\"@id\":\"https:\\\/\\\/reveil-info.net\\\/#\\\/schema\\\/person\\\/ca0cc8e70088e0a2b5e92556c1ee60f5\"},\"headline\":\"Au palais de justice : le berger,les b\u0153ufs et les filles de maquis\",\"datePublished\":\"2025-09-08T09:28:20+00:00\",\"dateModified\":\"2025-09-08T09:29:43+00:00\",\"mainEntityOfPage\":{\"@id\":\"https:\\\/\\\/reveil-info.net\\\/?p=30762\"},\"wordCount\":701,\"commentCount\":0,\"publisher\":{\"@id\":\"https:\\\/\\\/reveil-info.net\\\/#organization\"},\"image\":{\"@id\":\"https:\\\/\\\/reveil-info.net\\\/?p=30762#primaryimage\"},\"thumbnailUrl\":\"https:\\\/\\\/reveil-info.net\\\/wp-content\\\/uploads\\\/2025\\\/09\\\/504431647_1369909197628889_8689783178621865381_n.jpg\",\"articleSection\":[\"Justice\"],\"inLanguage\":\"fr-FR\",\"potentialAction\":[{\"@type\":\"CommentAction\",\"name\":\"Comment\",\"target\":[\"https:\\\/\\\/reveil-info.net\\\/?p=30762#respond\"]}]},{\"@type\":\"WebPage\",\"@id\":\"https:\\\/\\\/reveil-info.net\\\/?p=30762\",\"url\":\"https:\\\/\\\/reveil-info.net\\\/?p=30762\",\"name\":\"Au palais de justice : le berger,les b\u0153ufs et les filles de maquis - R\u00e9veil Info\",\"isPartOf\":{\"@id\":\"https:\\\/\\\/reveil-info.net\\\/#website\"},\"primaryImageOfPage\":{\"@id\":\"https:\\\/\\\/reveil-info.net\\\/?p=30762#primaryimage\"},\"image\":{\"@id\":\"https:\\\/\\\/reveil-info.net\\\/?p=30762#primaryimage\"},\"thumbnailUrl\":\"https:\\\/\\\/reveil-info.net\\\/wp-content\\\/uploads\\\/2025\\\/09\\\/504431647_1369909197628889_8689783178621865381_n.jpg\",\"datePublished\":\"2025-09-08T09:28:20+00:00\",\"dateModified\":\"2025-09-08T09:29:43+00:00\",\"breadcrumb\":{\"@id\":\"https:\\\/\\\/reveil-info.net\\\/?p=30762#breadcrumb\"},\"inLanguage\":\"fr-FR\",\"potentialAction\":[{\"@type\":\"ReadAction\",\"target\":[\"https:\\\/\\\/reveil-info.net\\\/?p=30762\"]}]},{\"@type\":\"ImageObject\",\"inLanguage\":\"fr-FR\",\"@id\":\"https:\\\/\\\/reveil-info.net\\\/?p=30762#primaryimage\",\"url\":\"https:\\\/\\\/reveil-info.net\\\/wp-content\\\/uploads\\\/2025\\\/09\\\/504431647_1369909197628889_8689783178621865381_n.jpg\",\"contentUrl\":\"https:\\\/\\\/reveil-info.net\\\/wp-content\\\/uploads\\\/2025\\\/09\\\/504431647_1369909197628889_8689783178621865381_n.jpg\",\"width\":1200,\"height\":800},{\"@type\":\"BreadcrumbList\",\"@id\":\"https:\\\/\\\/reveil-info.net\\\/?p=30762#breadcrumb\",\"itemListElement\":[{\"@type\":\"ListItem\",\"position\":1,\"name\":\"Home\",\"item\":\"https:\\\/\\\/reveil-info.net\\\/\"},{\"@type\":\"ListItem\",\"position\":2,\"name\":\"Au palais de justice : le berger,les b\u0153ufs et les filles de maquis\"}]},{\"@type\":\"WebSite\",\"@id\":\"https:\\\/\\\/reveil-info.net\\\/#website\",\"url\":\"https:\\\/\\\/reveil-info.net\\\/\",\"name\":\"R\u00e9veil Info\",\"description\":\"Le devoir d&#039;informer!\",\"publisher\":{\"@id\":\"https:\\\/\\\/reveil-info.net\\\/#organization\"},\"potentialAction\":[{\"@type\":\"SearchAction\",\"target\":{\"@type\":\"EntryPoint\",\"urlTemplate\":\"https:\\\/\\\/reveil-info.net\\\/?s={search_term_string}\"},\"query-input\":{\"@type\":\"PropertyValueSpecification\",\"valueRequired\":true,\"valueName\":\"search_term_string\"}}],\"inLanguage\":\"fr-FR\"},{\"@type\":\"Organization\",\"@id\":\"https:\\\/\\\/reveil-info.net\\\/#organization\",\"name\":\"R\u00e9veil Info\",\"url\":\"https:\\\/\\\/reveil-info.net\\\/\",\"logo\":{\"@type\":\"ImageObject\",\"inLanguage\":\"fr-FR\",\"@id\":\"https:\\\/\\\/reveil-info.net\\\/#\\\/schema\\\/logo\\\/image\\\/\",\"url\":\"https:\\\/\\\/reveil-info.net\\\/wp-content\\\/uploads\\\/2024\\\/07\\\/bnddd1.jpg\",\"contentUrl\":\"https:\\\/\\\/reveil-info.net\\\/wp-content\\\/uploads\\\/2024\\\/07\\\/bnddd1.jpg\",\"width\":903,\"height\":125,\"caption\":\"R\u00e9veil Info\"},\"image\":{\"@id\":\"https:\\\/\\\/reveil-info.net\\\/#\\\/schema\\\/logo\\\/image\\\/\"}},{\"@type\":\"Person\",\"@id\":\"https:\\\/\\\/reveil-info.net\\\/#\\\/schema\\\/person\\\/ca0cc8e70088e0a2b5e92556c1ee60f5\",\"name\":\"R\u00e9veil info\",\"image\":{\"@type\":\"ImageObject\",\"inLanguage\":\"fr-FR\",\"@id\":\"https:\\\/\\\/secure.gravatar.com\\\/avatar\\\/e4ad5bb743c8b6cb174d9df6c7d30a8a16f6889731241345fc6444e6485f02af?s=96&d=mm&r=g\",\"url\":\"https:\\\/\\\/secure.gravatar.com\\\/avatar\\\/e4ad5bb743c8b6cb174d9df6c7d30a8a16f6889731241345fc6444e6485f02af?s=96&d=mm&r=g\",\"contentUrl\":\"https:\\\/\\\/secure.gravatar.com\\\/avatar\\\/e4ad5bb743c8b6cb174d9df6c7d30a8a16f6889731241345fc6444e6485f02af?s=96&d=mm&r=g\",\"caption\":\"R\u00e9veil info\"},\"sameAs\":[\"https:\\\/\\\/reveil-info.net\"],\"url\":\"https:\\\/\\\/reveil-info.net\\\/?author=1\"}]}<\/script>\n<!-- \/ Yoast SEO plugin. -->","yoast_head_json":{"title":"Au palais de justice : le berger,les b\u0153ufs et les filles de maquis - R\u00e9veil Info","robots":{"index":"noindex","follow":"follow","max-snippet":"max-snippet:-1","max-image-preview":"max-image-preview:large","max-video-preview":"max-video-preview:-1"},"og_locale":"fr_FR","og_type":"article","og_title":"Au palais de justice : le berger,les b\u0153ufs et les filles de maquis - R\u00e9veil Info","og_description":"R\u00e9cit d\u2019un proc\u00e8s : Le berger, les b\u0153ufs et les filles de maquis Le Tribunal","og_url":"https:\/\/reveil-info.net\/?p=30762","og_site_name":"R\u00e9veil Info","article_published_time":"2025-09-08T09:28:20+00:00","article_modified_time":"2025-09-08T09:29:43+00:00","og_image":[{"width":1200,"height":800,"url":"https:\/\/reveil-info.net\/wp-content\/uploads\/2025\/09\/504431647_1369909197628889_8689783178621865381_n.jpg","type":"image\/jpeg"}],"author":"R\u00e9veil info","twitter_card":"summary_large_image","twitter_misc":{"\u00c9crit par":"R\u00e9veil info","Dur\u00e9e de lecture estim\u00e9e":"4 minutes"},"schema":{"@context":"https:\/\/schema.org","@graph":[{"@type":"Article","@id":"https:\/\/reveil-info.net\/?p=30762#article","isPartOf":{"@id":"https:\/\/reveil-info.net\/?p=30762"},"author":{"name":"R\u00e9veil info","@id":"https:\/\/reveil-info.net\/#\/schema\/person\/ca0cc8e70088e0a2b5e92556c1ee60f5"},"headline":"Au palais de justice : le berger,les b\u0153ufs et les filles de maquis","datePublished":"2025-09-08T09:28:20+00:00","dateModified":"2025-09-08T09:29:43+00:00","mainEntityOfPage":{"@id":"https:\/\/reveil-info.net\/?p=30762"},"wordCount":701,"commentCount":0,"publisher":{"@id":"https:\/\/reveil-info.net\/#organization"},"image":{"@id":"https:\/\/reveil-info.net\/?p=30762#primaryimage"},"thumbnailUrl":"https:\/\/reveil-info.net\/wp-content\/uploads\/2025\/09\/504431647_1369909197628889_8689783178621865381_n.jpg","articleSection":["Justice"],"inLanguage":"fr-FR","potentialAction":[{"@type":"CommentAction","name":"Comment","target":["https:\/\/reveil-info.net\/?p=30762#respond"]}]},{"@type":"WebPage","@id":"https:\/\/reveil-info.net\/?p=30762","url":"https:\/\/reveil-info.net\/?p=30762","name":"Au palais de justice : le berger,les b\u0153ufs et les filles de maquis - R\u00e9veil Info","isPartOf":{"@id":"https:\/\/reveil-info.net\/#website"},"primaryImageOfPage":{"@id":"https:\/\/reveil-info.net\/?p=30762#primaryimage"},"image":{"@id":"https:\/\/reveil-info.net\/?p=30762#primaryimage"},"thumbnailUrl":"https:\/\/reveil-info.net\/wp-content\/uploads\/2025\/09\/504431647_1369909197628889_8689783178621865381_n.jpg","datePublished":"2025-09-08T09:28:20+00:00","dateModified":"2025-09-08T09:29:43+00:00","breadcrumb":{"@id":"https:\/\/reveil-info.net\/?p=30762#breadcrumb"},"inLanguage":"fr-FR","potentialAction":[{"@type":"ReadAction","target":["https:\/\/reveil-info.net\/?p=30762"]}]},{"@type":"ImageObject","inLanguage":"fr-FR","@id":"https:\/\/reveil-info.net\/?p=30762#primaryimage","url":"https:\/\/reveil-info.net\/wp-content\/uploads\/2025\/09\/504431647_1369909197628889_8689783178621865381_n.jpg","contentUrl":"https:\/\/reveil-info.net\/wp-content\/uploads\/2025\/09\/504431647_1369909197628889_8689783178621865381_n.jpg","width":1200,"height":800},{"@type":"BreadcrumbList","@id":"https:\/\/reveil-info.net\/?p=30762#breadcrumb","itemListElement":[{"@type":"ListItem","position":1,"name":"Home","item":"https:\/\/reveil-info.net\/"},{"@type":"ListItem","position":2,"name":"Au palais de justice : le berger,les b\u0153ufs et les filles de maquis"}]},{"@type":"WebSite","@id":"https:\/\/reveil-info.net\/#website","url":"https:\/\/reveil-info.net\/","name":"R\u00e9veil Info","description":"Le devoir d&#039;informer!","publisher":{"@id":"https:\/\/reveil-info.net\/#organization"},"potentialAction":[{"@type":"SearchAction","target":{"@type":"EntryPoint","urlTemplate":"https:\/\/reveil-info.net\/?s={search_term_string}"},"query-input":{"@type":"PropertyValueSpecification","valueRequired":true,"valueName":"search_term_string"}}],"inLanguage":"fr-FR"},{"@type":"Organization","@id":"https:\/\/reveil-info.net\/#organization","name":"R\u00e9veil Info","url":"https:\/\/reveil-info.net\/","logo":{"@type":"ImageObject","inLanguage":"fr-FR","@id":"https:\/\/reveil-info.net\/#\/schema\/logo\/image\/","url":"https:\/\/reveil-info.net\/wp-content\/uploads\/2024\/07\/bnddd1.jpg","contentUrl":"https:\/\/reveil-info.net\/wp-content\/uploads\/2024\/07\/bnddd1.jpg","width":903,"height":125,"caption":"R\u00e9veil Info"},"image":{"@id":"https:\/\/reveil-info.net\/#\/schema\/logo\/image\/"}},{"@type":"Person","@id":"https:\/\/reveil-info.net\/#\/schema\/person\/ca0cc8e70088e0a2b5e92556c1ee60f5","name":"R\u00e9veil info","image":{"@type":"ImageObject","inLanguage":"fr-FR","@id":"https:\/\/secure.gravatar.com\/avatar\/e4ad5bb743c8b6cb174d9df6c7d30a8a16f6889731241345fc6444e6485f02af?s=96&d=mm&r=g","url":"https:\/\/secure.gravatar.com\/avatar\/e4ad5bb743c8b6cb174d9df6c7d30a8a16f6889731241345fc6444e6485f02af?s=96&d=mm&r=g","contentUrl":"https:\/\/secure.gravatar.com\/avatar\/e4ad5bb743c8b6cb174d9df6c7d30a8a16f6889731241345fc6444e6485f02af?s=96&d=mm&r=g","caption":"R\u00e9veil info"},"sameAs":["https:\/\/reveil-info.net"],"url":"https:\/\/reveil-info.net\/?author=1"}]}},"jetpack_featured_media_url":"https:\/\/reveil-info.net\/wp-content\/uploads\/2025\/09\/504431647_1369909197628889_8689783178621865381_n.jpg","featured_image_urls":{"full":["https:\/\/reveil-info.net\/wp-content\/uploads\/2025\/09\/504431647_1369909197628889_8689783178621865381_n.jpg",1200,800,false],"thumbnail":["https:\/\/reveil-info.net\/wp-content\/uploads\/2025\/09\/504431647_1369909197628889_8689783178621865381_n-150x150.jpg",150,150,true],"medium":["https:\/\/reveil-info.net\/wp-content\/uploads\/2025\/09\/504431647_1369909197628889_8689783178621865381_n-300x200.jpg",300,200,true],"medium_large":["https:\/\/reveil-info.net\/wp-content\/uploads\/2025\/09\/504431647_1369909197628889_8689783178621865381_n-768x512.jpg",640,427,true],"large":["https:\/\/reveil-info.net\/wp-content\/uploads\/2025\/09\/504431647_1369909197628889_8689783178621865381_n-1024x683.jpg",640,427,true],"1536x1536":["https:\/\/reveil-info.net\/wp-content\/uploads\/2025\/09\/504431647_1369909197628889_8689783178621865381_n.jpg",1200,800,false],"2048x2048":["https:\/\/reveil-info.net\/wp-content\/uploads\/2025\/09\/504431647_1369909197628889_8689783178621865381_n.jpg",1200,800,false],"chromenews-featured":["https:\/\/reveil-info.net\/wp-content\/uploads\/2025\/09\/504431647_1369909197628889_8689783178621865381_n-1024x683.jpg",1024,683,true],"chromenews-large":["https:\/\/reveil-info.net\/wp-content\/uploads\/2025\/09\/504431647_1369909197628889_8689783178621865381_n-825x575.jpg",825,575,true],"chromenews-medium":["https:\/\/reveil-info.net\/wp-content\/uploads\/2025\/09\/504431647_1369909197628889_8689783178621865381_n-590x410.jpg",590,410,true]},"author_info":{"display_name":"R\u00e9veil info","author_link":"https:\/\/reveil-info.net\/?author=1"},"category_info":"<a href=\"https:\/\/reveil-info.net\/?cat=45\" rel=\"category\">Justice<\/a>","tag_info":"Justice","comment_count":"0","_links":{"self":[{"href":"https:\/\/reveil-info.net\/index.php?rest_route=\/wp\/v2\/posts\/30762","targetHints":{"allow":["GET"]}}],"collection":[{"href":"https:\/\/reveil-info.net\/index.php?rest_route=\/wp\/v2\/posts"}],"about":[{"href":"https:\/\/reveil-info.net\/index.php?rest_route=\/wp\/v2\/types\/post"}],"author":[{"embeddable":true,"href":"https:\/\/reveil-info.net\/index.php?rest_route=\/wp\/v2\/users\/1"}],"replies":[{"embeddable":true,"href":"https:\/\/reveil-info.net\/index.php?rest_route=%2Fwp%2Fv2%2Fcomments&post=30762"}],"version-history":[{"count":3,"href":"https:\/\/reveil-info.net\/index.php?rest_route=\/wp\/v2\/posts\/30762\/revisions"}],"predecessor-version":[{"id":30765,"href":"https:\/\/reveil-info.net\/index.php?rest_route=\/wp\/v2\/posts\/30762\/revisions\/30765"}],"wp:featuredmedia":[{"embeddable":true,"href":"https:\/\/reveil-info.net\/index.php?rest_route=\/wp\/v2\/media\/30464"}],"wp:attachment":[{"href":"https:\/\/reveil-info.net\/index.php?rest_route=%2Fwp%2Fv2%2Fmedia&parent=30762"}],"wp:term":[{"taxonomy":"category","embeddable":true,"href":"https:\/\/reveil-info.net\/index.php?rest_route=%2Fwp%2Fv2%2Fcategories&post=30762"},{"taxonomy":"post_tag","embeddable":true,"href":"https:\/\/reveil-info.net\/index.php?rest_route=%2Fwp%2Fv2%2Ftags&post=30762"}],"curies":[{"name":"wp","href":"https:\/\/api.w.org\/{rel}","templated":true}]}}