{"id":30710,"date":"2025-09-07T11:02:12","date_gmt":"2025-09-07T11:02:12","guid":{"rendered":"https:\/\/reveil-info.net\/?p=30710"},"modified":"2025-09-07T11:02:12","modified_gmt":"2025-09-07T11:02:12","slug":"au-palais-de-justice-lachat-dune-moto-doccasion-le-conduit-derniere-les-barreaux","status":"publish","type":"post","link":"https:\/\/reveil-info.net\/?p=30710","title":{"rendered":"Au palais de justice : l&rsquo;achat d&rsquo;une moto d&rsquo;occasion le conduit derni\u00e8re les barreaux"},"content":{"rendered":"<p>R\u00e9cit d&rsquo;un proc\u00e8s : L&rsquo;achat d&rsquo;une moto d&rsquo;occasion le conduit derri\u00e8re les barreaux<\/p>\n<p>Dieudonn\u00e9 (nom d&#8217;emprunt) a comparu devant les juges de la chambre correctionnelle du TGI de Bobo-Dioulasso le vendredi 29 ao\u00fbt 2025 pour r\u00e9pondre de deux chefs d&rsquo;accusation : vol aggrav\u00e9 et recel. En effet, le minist\u00e8re public l\u2019a traduit devant les juges pour avoir, le 29 avril dernier, frauduleusement soustrait un v\u00e9lomoteur de marque Yamaha, avec cette circonstance que les faits ont \u00e9t\u00e9 commis de nuit. Il est \u00e9galement poursuivi pour avoir, dans les m\u00eames circonstances, recel\u00e9 cette motocyclette. Le pr\u00e9venu n\u2019a pas reconnu les faits.<\/p>\n<p>Selon ses explications, il a \u00e9t\u00e9 arr\u00eat\u00e9 avec une moto qu\u2019il avait lui-m\u00eame achet\u00e9e. \u00ab J\u2019avais besoin d\u2019une moto pour mes d\u00e9placements. Comme je n\u2019avais pas les moyens pour acheter une neuve, j\u2019en ai parl\u00e9 \u00e0 un ami m\u00e9canicien. Il m\u2019a trouv\u00e9 quelqu\u2019un qui voulait vendre sa moto de seconde main. Il nous a mis en contact et nous avons trouv\u00e9 un accord pour 150 000 FCFA. Donc je lui ai remis 90 000 FCFA comme avance \u00bb, a-t-il relat\u00e9. Le pr\u00e9venu soutient que le vendeur lui avait montr\u00e9 une carte grise. \u00c0 sa grande surprise, il a \u00e9t\u00e9 interpell\u00e9 en circulation, l\u2019engin ayant \u00e9t\u00e9 d\u00e9clar\u00e9 vol\u00e9. \u00ab Quand on m\u2019a arr\u00eat\u00e9, j\u2019ai indiqu\u00e9 la cour du vendeur. Les policiers s\u2019y sont rendus et ont proc\u00e9d\u00e9 \u00e0 une perquisition. C\u2019est ainsi qu\u2019ils ont retrouv\u00e9 d\u2019autres engins d\u00e9pi\u00e9c\u00e9s dans la maison \u00bb, a ajout\u00e9 Dieudonn\u00e9.<\/p>\n<p>Selon la victime, sa moto avait \u00e9t\u00e9 vol\u00e9e la nuit du 29 avril \u00e0 l\u2019aide d\u2019armes blanches. \u00ab Ils nous ont menac\u00e9s de nous poignarder et nous avons pris la poudre d\u2019escampette, laissant l\u2019engin derri\u00e8re nous \u00bb, a-t-il d\u00e9clar\u00e9. Le pr\u00e9venu nie toute implication dans cette agression, mais selon la victime, c\u2019est au commissariat qu\u2019on lui a dit que c\u2019\u00e9tait lui qui avait vol\u00e9 sa moto. Quant au vendeur, il n\u2019a pas \u00e9t\u00e9 retrouv\u00e9.<\/p>\n<p>Le procureur a estim\u00e9 qu\u2019aucun \u00e9l\u00e9ment ne permettait d\u2019affirmer avec certitude que Dieudonn\u00e9 \u00e9tait l\u2019auteur du vol de la moto. Pour lui, l\u2019infraction n\u2019est donc pas constitu\u00e9e. Il a, de ce fait, demand\u00e9 au tribunal de le renvoyer des fins de la poursuite.<\/p>\n<p>Le pr\u00e9venu doit encore patienter quelques jours en prison avant de conna\u00eetre son sort, le 12 septembre prochain.<\/p>\n<p>Justice Infos Burkina<br \/>\nReveil-info<\/p>\n<p>&nbsp;<\/p>\n","protected":false},"excerpt":{"rendered":"<p>R\u00e9cit d&rsquo;un proc\u00e8s : L&rsquo;achat d&rsquo;une moto d&rsquo;occasion le conduit derri\u00e8re les barreaux Dieudonn\u00e9 (nom<\/p>\n","protected":false},"author":1,"featured_media":30659,"comment_status":"open","ping_status":"open","sticky":false,"template":"","format":"standard","meta":{"footnotes":""},"categories":[45],"tags":[],"class_list":["post-30710","post","type-post","status-publish","format-standard","has-post-thumbnail","hentry","category-justice"],"yoast_head":"<!-- This site is optimized with the Yoast SEO plugin v27.5 - https:\/\/yoast.com\/product\/yoast-seo-wordpress\/ -->\n<title>Au palais de justice : l&#039;achat d&#039;une moto d&#039;occasion le conduit derni\u00e8re les barreaux - R\u00e9veil Info<\/title>\n<meta name=\"robots\" content=\"noindex, follow, max-snippet:-1, max-image-preview:large, max-video-preview:-1\" \/>\n<meta property=\"og:locale\" content=\"fr_FR\" \/>\n<meta property=\"og:type\" content=\"article\" \/>\n<meta property=\"og:title\" content=\"Au palais de justice : l&#039;achat d&#039;une moto d&#039;occasion le conduit derni\u00e8re les barreaux - R\u00e9veil Info\" \/>\n<meta property=\"og:description\" content=\"R\u00e9cit d&rsquo;un proc\u00e8s : L&rsquo;achat d&rsquo;une moto d&rsquo;occasion le conduit derri\u00e8re les barreaux Dieudonn\u00e9 (nom\" \/>\n<meta property=\"og:url\" content=\"https:\/\/reveil-info.net\/?p=30710\" \/>\n<meta property=\"og:site_name\" content=\"R\u00e9veil Info\" \/>\n<meta property=\"article:published_time\" content=\"2025-09-07T11:02:12+00:00\" \/>\n<meta property=\"og:image\" content=\"https:\/\/reveil-info.net\/wp-content\/uploads\/2025\/09\/scales-justice-gavel-law-books-isolated-transparent-background_1092965-12840-3.png\" \/>\n\t<meta property=\"og:image:width\" content=\"626\" \/>\n\t<meta property=\"og:image:height\" content=\"626\" \/>\n\t<meta property=\"og:image:type\" content=\"image\/png\" \/>\n<meta name=\"author\" content=\"R\u00e9veil info\" \/>\n<meta name=\"twitter:card\" content=\"summary_large_image\" \/>\n<meta name=\"twitter:label1\" content=\"\u00c9crit par\" \/>\n\t<meta name=\"twitter:data1\" content=\"R\u00e9veil info\" \/>\n\t<meta name=\"twitter:label2\" content=\"Dur\u00e9e de lecture estim\u00e9e\" \/>\n\t<meta name=\"twitter:data2\" content=\"3 minutes\" \/>\n<script type=\"application\/ld+json\" class=\"yoast-schema-graph\">{\"@context\":\"https:\\\/\\\/schema.org\",\"@graph\":[{\"@type\":\"Article\",\"@id\":\"https:\\\/\\\/reveil-info.net\\\/?p=30710#article\",\"isPartOf\":{\"@id\":\"https:\\\/\\\/reveil-info.net\\\/?p=30710\"},\"author\":{\"name\":\"R\u00e9veil info\",\"@id\":\"https:\\\/\\\/reveil-info.net\\\/#\\\/schema\\\/person\\\/ca0cc8e70088e0a2b5e92556c1ee60f5\"},\"headline\":\"Au palais de justice : l&rsquo;achat d&rsquo;une moto d&rsquo;occasion le conduit derni\u00e8re les barreaux\",\"datePublished\":\"2025-09-07T11:02:12+00:00\",\"mainEntityOfPage\":{\"@id\":\"https:\\\/\\\/reveil-info.net\\\/?p=30710\"},\"wordCount\":444,\"commentCount\":0,\"publisher\":{\"@id\":\"https:\\\/\\\/reveil-info.net\\\/#organization\"},\"image\":{\"@id\":\"https:\\\/\\\/reveil-info.net\\\/?p=30710#primaryimage\"},\"thumbnailUrl\":\"https:\\\/\\\/reveil-info.net\\\/wp-content\\\/uploads\\\/2025\\\/09\\\/scales-justice-gavel-law-books-isolated-transparent-background_1092965-12840-3.png\",\"articleSection\":[\"Justice\"],\"inLanguage\":\"fr-FR\",\"potentialAction\":[{\"@type\":\"CommentAction\",\"name\":\"Comment\",\"target\":[\"https:\\\/\\\/reveil-info.net\\\/?p=30710#respond\"]}]},{\"@type\":\"WebPage\",\"@id\":\"https:\\\/\\\/reveil-info.net\\\/?p=30710\",\"url\":\"https:\\\/\\\/reveil-info.net\\\/?p=30710\",\"name\":\"Au palais de justice : l'achat d'une moto d'occasion le conduit derni\u00e8re les barreaux - R\u00e9veil Info\",\"isPartOf\":{\"@id\":\"https:\\\/\\\/reveil-info.net\\\/#website\"},\"primaryImageOfPage\":{\"@id\":\"https:\\\/\\\/reveil-info.net\\\/?p=30710#primaryimage\"},\"image\":{\"@id\":\"https:\\\/\\\/reveil-info.net\\\/?p=30710#primaryimage\"},\"thumbnailUrl\":\"https:\\\/\\\/reveil-info.net\\\/wp-content\\\/uploads\\\/2025\\\/09\\\/scales-justice-gavel-law-books-isolated-transparent-background_1092965-12840-3.png\",\"datePublished\":\"2025-09-07T11:02:12+00:00\",\"breadcrumb\":{\"@id\":\"https:\\\/\\\/reveil-info.net\\\/?p=30710#breadcrumb\"},\"inLanguage\":\"fr-FR\",\"potentialAction\":[{\"@type\":\"ReadAction\",\"target\":[\"https:\\\/\\\/reveil-info.net\\\/?p=30710\"]}]},{\"@type\":\"ImageObject\",\"inLanguage\":\"fr-FR\",\"@id\":\"https:\\\/\\\/reveil-info.net\\\/?p=30710#primaryimage\",\"url\":\"https:\\\/\\\/reveil-info.net\\\/wp-content\\\/uploads\\\/2025\\\/09\\\/scales-justice-gavel-law-books-isolated-transparent-background_1092965-12840-3.png\",\"contentUrl\":\"https:\\\/\\\/reveil-info.net\\\/wp-content\\\/uploads\\\/2025\\\/09\\\/scales-justice-gavel-law-books-isolated-transparent-background_1092965-12840-3.png\",\"width\":626,\"height\":626},{\"@type\":\"BreadcrumbList\",\"@id\":\"https:\\\/\\\/reveil-info.net\\\/?p=30710#breadcrumb\",\"itemListElement\":[{\"@type\":\"ListItem\",\"position\":1,\"name\":\"Home\",\"item\":\"https:\\\/\\\/reveil-info.net\\\/\"},{\"@type\":\"ListItem\",\"position\":2,\"name\":\"Au palais de justice : l&rsquo;achat d&rsquo;une moto d&rsquo;occasion le conduit derni\u00e8re les barreaux\"}]},{\"@type\":\"WebSite\",\"@id\":\"https:\\\/\\\/reveil-info.net\\\/#website\",\"url\":\"https:\\\/\\\/reveil-info.net\\\/\",\"name\":\"R\u00e9veil Info\",\"description\":\"Le devoir d&#039;informer!\",\"publisher\":{\"@id\":\"https:\\\/\\\/reveil-info.net\\\/#organization\"},\"potentialAction\":[{\"@type\":\"SearchAction\",\"target\":{\"@type\":\"EntryPoint\",\"urlTemplate\":\"https:\\\/\\\/reveil-info.net\\\/?s={search_term_string}\"},\"query-input\":{\"@type\":\"PropertyValueSpecification\",\"valueRequired\":true,\"valueName\":\"search_term_string\"}}],\"inLanguage\":\"fr-FR\"},{\"@type\":\"Organization\",\"@id\":\"https:\\\/\\\/reveil-info.net\\\/#organization\",\"name\":\"R\u00e9veil Info\",\"url\":\"https:\\\/\\\/reveil-info.net\\\/\",\"logo\":{\"@type\":\"ImageObject\",\"inLanguage\":\"fr-FR\",\"@id\":\"https:\\\/\\\/reveil-info.net\\\/#\\\/schema\\\/logo\\\/image\\\/\",\"url\":\"https:\\\/\\\/reveil-info.net\\\/wp-content\\\/uploads\\\/2024\\\/07\\\/bnddd1.jpg\",\"contentUrl\":\"https:\\\/\\\/reveil-info.net\\\/wp-content\\\/uploads\\\/2024\\\/07\\\/bnddd1.jpg\",\"width\":903,\"height\":125,\"caption\":\"R\u00e9veil Info\"},\"image\":{\"@id\":\"https:\\\/\\\/reveil-info.net\\\/#\\\/schema\\\/logo\\\/image\\\/\"}},{\"@type\":\"Person\",\"@id\":\"https:\\\/\\\/reveil-info.net\\\/#\\\/schema\\\/person\\\/ca0cc8e70088e0a2b5e92556c1ee60f5\",\"name\":\"R\u00e9veil info\",\"image\":{\"@type\":\"ImageObject\",\"inLanguage\":\"fr-FR\",\"@id\":\"https:\\\/\\\/secure.gravatar.com\\\/avatar\\\/e4ad5bb743c8b6cb174d9df6c7d30a8a16f6889731241345fc6444e6485f02af?s=96&d=mm&r=g\",\"url\":\"https:\\\/\\\/secure.gravatar.com\\\/avatar\\\/e4ad5bb743c8b6cb174d9df6c7d30a8a16f6889731241345fc6444e6485f02af?s=96&d=mm&r=g\",\"contentUrl\":\"https:\\\/\\\/secure.gravatar.com\\\/avatar\\\/e4ad5bb743c8b6cb174d9df6c7d30a8a16f6889731241345fc6444e6485f02af?s=96&d=mm&r=g\",\"caption\":\"R\u00e9veil info\"},\"sameAs\":[\"https:\\\/\\\/reveil-info.net\"],\"url\":\"https:\\\/\\\/reveil-info.net\\\/?author=1\"}]}<\/script>\n<!-- \/ Yoast SEO plugin. -->","yoast_head_json":{"title":"Au palais de justice : l'achat d'une moto d'occasion le conduit derni\u00e8re les barreaux - R\u00e9veil Info","robots":{"index":"noindex","follow":"follow","max-snippet":"max-snippet:-1","max-image-preview":"max-image-preview:large","max-video-preview":"max-video-preview:-1"},"og_locale":"fr_FR","og_type":"article","og_title":"Au palais de justice : l'achat d'une moto d'occasion le conduit derni\u00e8re les barreaux - R\u00e9veil Info","og_description":"R\u00e9cit d&rsquo;un proc\u00e8s : L&rsquo;achat d&rsquo;une moto d&rsquo;occasion le conduit derri\u00e8re les barreaux Dieudonn\u00e9 (nom","og_url":"https:\/\/reveil-info.net\/?p=30710","og_site_name":"R\u00e9veil Info","article_published_time":"2025-09-07T11:02:12+00:00","og_image":[{"width":626,"height":626,"url":"https:\/\/reveil-info.net\/wp-content\/uploads\/2025\/09\/scales-justice-gavel-law-books-isolated-transparent-background_1092965-12840-3.png","type":"image\/png"}],"author":"R\u00e9veil info","twitter_card":"summary_large_image","twitter_misc":{"\u00c9crit par":"R\u00e9veil info","Dur\u00e9e de lecture estim\u00e9e":"3 minutes"},"schema":{"@context":"https:\/\/schema.org","@graph":[{"@type":"Article","@id":"https:\/\/reveil-info.net\/?p=30710#article","isPartOf":{"@id":"https:\/\/reveil-info.net\/?p=30710"},"author":{"name":"R\u00e9veil info","@id":"https:\/\/reveil-info.net\/#\/schema\/person\/ca0cc8e70088e0a2b5e92556c1ee60f5"},"headline":"Au palais de justice : l&rsquo;achat d&rsquo;une moto d&rsquo;occasion le conduit derni\u00e8re les barreaux","datePublished":"2025-09-07T11:02:12+00:00","mainEntityOfPage":{"@id":"https:\/\/reveil-info.net\/?p=30710"},"wordCount":444,"commentCount":0,"publisher":{"@id":"https:\/\/reveil-info.net\/#organization"},"image":{"@id":"https:\/\/reveil-info.net\/?p=30710#primaryimage"},"thumbnailUrl":"https:\/\/reveil-info.net\/wp-content\/uploads\/2025\/09\/scales-justice-gavel-law-books-isolated-transparent-background_1092965-12840-3.png","articleSection":["Justice"],"inLanguage":"fr-FR","potentialAction":[{"@type":"CommentAction","name":"Comment","target":["https:\/\/reveil-info.net\/?p=30710#respond"]}]},{"@type":"WebPage","@id":"https:\/\/reveil-info.net\/?p=30710","url":"https:\/\/reveil-info.net\/?p=30710","name":"Au palais de justice : l'achat d'une moto d'occasion le conduit derni\u00e8re les barreaux - R\u00e9veil Info","isPartOf":{"@id":"https:\/\/reveil-info.net\/#website"},"primaryImageOfPage":{"@id":"https:\/\/reveil-info.net\/?p=30710#primaryimage"},"image":{"@id":"https:\/\/reveil-info.net\/?p=30710#primaryimage"},"thumbnailUrl":"https:\/\/reveil-info.net\/wp-content\/uploads\/2025\/09\/scales-justice-gavel-law-books-isolated-transparent-background_1092965-12840-3.png","datePublished":"2025-09-07T11:02:12+00:00","breadcrumb":{"@id":"https:\/\/reveil-info.net\/?p=30710#breadcrumb"},"inLanguage":"fr-FR","potentialAction":[{"@type":"ReadAction","target":["https:\/\/reveil-info.net\/?p=30710"]}]},{"@type":"ImageObject","inLanguage":"fr-FR","@id":"https:\/\/reveil-info.net\/?p=30710#primaryimage","url":"https:\/\/reveil-info.net\/wp-content\/uploads\/2025\/09\/scales-justice-gavel-law-books-isolated-transparent-background_1092965-12840-3.png","contentUrl":"https:\/\/reveil-info.net\/wp-content\/uploads\/2025\/09\/scales-justice-gavel-law-books-isolated-transparent-background_1092965-12840-3.png","width":626,"height":626},{"@type":"BreadcrumbList","@id":"https:\/\/reveil-info.net\/?p=30710#breadcrumb","itemListElement":[{"@type":"ListItem","position":1,"name":"Home","item":"https:\/\/reveil-info.net\/"},{"@type":"ListItem","position":2,"name":"Au palais de justice : l&rsquo;achat d&rsquo;une moto d&rsquo;occasion le conduit derni\u00e8re les barreaux"}]},{"@type":"WebSite","@id":"https:\/\/reveil-info.net\/#website","url":"https:\/\/reveil-info.net\/","name":"R\u00e9veil Info","description":"Le devoir d&#039;informer!","publisher":{"@id":"https:\/\/reveil-info.net\/#organization"},"potentialAction":[{"@type":"SearchAction","target":{"@type":"EntryPoint","urlTemplate":"https:\/\/reveil-info.net\/?s={search_term_string}"},"query-input":{"@type":"PropertyValueSpecification","valueRequired":true,"valueName":"search_term_string"}}],"inLanguage":"fr-FR"},{"@type":"Organization","@id":"https:\/\/reveil-info.net\/#organization","name":"R\u00e9veil Info","url":"https:\/\/reveil-info.net\/","logo":{"@type":"ImageObject","inLanguage":"fr-FR","@id":"https:\/\/reveil-info.net\/#\/schema\/logo\/image\/","url":"https:\/\/reveil-info.net\/wp-content\/uploads\/2024\/07\/bnddd1.jpg","contentUrl":"https:\/\/reveil-info.net\/wp-content\/uploads\/2024\/07\/bnddd1.jpg","width":903,"height":125,"caption":"R\u00e9veil Info"},"image":{"@id":"https:\/\/reveil-info.net\/#\/schema\/logo\/image\/"}},{"@type":"Person","@id":"https:\/\/reveil-info.net\/#\/schema\/person\/ca0cc8e70088e0a2b5e92556c1ee60f5","name":"R\u00e9veil info","image":{"@type":"ImageObject","inLanguage":"fr-FR","@id":"https:\/\/secure.gravatar.com\/avatar\/e4ad5bb743c8b6cb174d9df6c7d30a8a16f6889731241345fc6444e6485f02af?s=96&d=mm&r=g","url":"https:\/\/secure.gravatar.com\/avatar\/e4ad5bb743c8b6cb174d9df6c7d30a8a16f6889731241345fc6444e6485f02af?s=96&d=mm&r=g","contentUrl":"https:\/\/secure.gravatar.com\/avatar\/e4ad5bb743c8b6cb174d9df6c7d30a8a16f6889731241345fc6444e6485f02af?s=96&d=mm&r=g","caption":"R\u00e9veil info"},"sameAs":["https:\/\/reveil-info.net"],"url":"https:\/\/reveil-info.net\/?author=1"}]}},"jetpack_featured_media_url":"https:\/\/reveil-info.net\/wp-content\/uploads\/2025\/09\/scales-justice-gavel-law-books-isolated-transparent-background_1092965-12840-3.png","featured_image_urls":{"full":["https:\/\/reveil-info.net\/wp-content\/uploads\/2025\/09\/scales-justice-gavel-law-books-isolated-transparent-background_1092965-12840-3.png",626,626,false],"thumbnail":["https:\/\/reveil-info.net\/wp-content\/uploads\/2025\/09\/scales-justice-gavel-law-books-isolated-transparent-background_1092965-12840-3-150x150.png",150,150,true],"medium":["https:\/\/reveil-info.net\/wp-content\/uploads\/2025\/09\/scales-justice-gavel-law-books-isolated-transparent-background_1092965-12840-3-300x300.png",300,300,true],"medium_large":["https:\/\/reveil-info.net\/wp-content\/uploads\/2025\/09\/scales-justice-gavel-law-books-isolated-transparent-background_1092965-12840-3.png",626,626,false],"large":["https:\/\/reveil-info.net\/wp-content\/uploads\/2025\/09\/scales-justice-gavel-law-books-isolated-transparent-background_1092965-12840-3.png",626,626,false],"1536x1536":["https:\/\/reveil-info.net\/wp-content\/uploads\/2025\/09\/scales-justice-gavel-law-books-isolated-transparent-background_1092965-12840-3.png",626,626,false],"2048x2048":["https:\/\/reveil-info.net\/wp-content\/uploads\/2025\/09\/scales-justice-gavel-law-books-isolated-transparent-background_1092965-12840-3.png",626,626,false],"chromenews-featured":["https:\/\/reveil-info.net\/wp-content\/uploads\/2025\/09\/scales-justice-gavel-law-books-isolated-transparent-background_1092965-12840-3.png",626,626,false],"chromenews-large":["https:\/\/reveil-info.net\/wp-content\/uploads\/2025\/09\/scales-justice-gavel-law-books-isolated-transparent-background_1092965-12840-3-626x575.png",626,575,true],"chromenews-medium":["https:\/\/reveil-info.net\/wp-content\/uploads\/2025\/09\/scales-justice-gavel-law-books-isolated-transparent-background_1092965-12840-3-590x410.png",590,410,true]},"author_info":{"display_name":"R\u00e9veil info","author_link":"https:\/\/reveil-info.net\/?author=1"},"category_info":"<a href=\"https:\/\/reveil-info.net\/?cat=45\" rel=\"category\">Justice<\/a>","tag_info":"Justice","comment_count":"0","_links":{"self":[{"href":"https:\/\/reveil-info.net\/index.php?rest_route=\/wp\/v2\/posts\/30710","targetHints":{"allow":["GET"]}}],"collection":[{"href":"https:\/\/reveil-info.net\/index.php?rest_route=\/wp\/v2\/posts"}],"about":[{"href":"https:\/\/reveil-info.net\/index.php?rest_route=\/wp\/v2\/types\/post"}],"author":[{"embeddable":true,"href":"https:\/\/reveil-info.net\/index.php?rest_route=\/wp\/v2\/users\/1"}],"replies":[{"embeddable":true,"href":"https:\/\/reveil-info.net\/index.php?rest_route=%2Fwp%2Fv2%2Fcomments&post=30710"}],"version-history":[{"count":3,"href":"https:\/\/reveil-info.net\/index.php?rest_route=\/wp\/v2\/posts\/30710\/revisions"}],"predecessor-version":[{"id":30713,"href":"https:\/\/reveil-info.net\/index.php?rest_route=\/wp\/v2\/posts\/30710\/revisions\/30713"}],"wp:featuredmedia":[{"embeddable":true,"href":"https:\/\/reveil-info.net\/index.php?rest_route=\/wp\/v2\/media\/30659"}],"wp:attachment":[{"href":"https:\/\/reveil-info.net\/index.php?rest_route=%2Fwp%2Fv2%2Fmedia&parent=30710"}],"wp:term":[{"taxonomy":"category","embeddable":true,"href":"https:\/\/reveil-info.net\/index.php?rest_route=%2Fwp%2Fv2%2Fcategories&post=30710"},{"taxonomy":"post_tag","embeddable":true,"href":"https:\/\/reveil-info.net\/index.php?rest_route=%2Fwp%2Fv2%2Ftags&post=30710"}],"curies":[{"name":"wp","href":"https:\/\/api.w.org\/{rel}","templated":true}]}}