{"id":30644,"date":"2025-09-05T16:34:31","date_gmt":"2025-09-05T16:34:31","guid":{"rendered":"https:\/\/reveil-info.net\/?p=30644"},"modified":"2025-09-06T12:37:50","modified_gmt":"2025-09-06T12:37:50","slug":"andognaba-jean-pierre-le-monsieur-en-vert-fournisseur-demballages-alternatifs-biodegradables-sacs-papier","status":"publish","type":"post","link":"https:\/\/reveil-info.net\/?p=30644","title":{"rendered":"ANDOGNABA Jean Pierre, le monsieur en vert :  \u00a0Fournisseur d\u2019emballages alternatifs biod\u00e9gradables sacs papier"},"content":{"rendered":"<p><strong>En effet Jean Pierre Andognaba, puisque c\u2019est de lui qu\u2019il s\u2019agit arbore affectueusement la tenue verte dans toutes ses activit\u00e9s de services et de travail. Depuis plus de deux d\u00e9cennies il a fait de l\u2019introduction des emballages alternatifs son cheval de \u2018\u2019bataille\u2019\u2019 contre le p\u00e9ril plastique au Burkina, activit\u00e9\u00a0 qui lui a valu d\u2019\u00eatre introduit au minist\u00e8re en charge de l\u2019environnement en 2009 dans un comit\u00e9 primaire de mise \u00ab\u00a0en \u0153uvre d\u2019une strat\u00e9gie op\u00e9rationnelle\u00bb contre\u00a0 la pollution plastique\u00a0et ce par l\u2019entremise du SP\/CONEDD (Conseil national pour l\u2019environnement et le d\u00e9veloppement durable) comme \u00ab\u00a0porteur de projet\u00a0\u00bb des emballages alternatifs \u00e9cologiques.<\/strong><\/p>\n<figure id=\"attachment_30648\" aria-describedby=\"caption-attachment-30648\" style=\"width: 960px\" class=\"wp-caption alignnone\"><img loading=\"lazy\" decoding=\"async\" class=\"size-full wp-image-30648\" src=\"https:\/\/reveil-info.net\/wp-content\/uploads\/2025\/09\/2-1.jpg\" alt=\"\" width=\"960\" height=\"1280\" srcset=\"https:\/\/reveil-info.net\/wp-content\/uploads\/2025\/09\/2-1.jpg 960w, https:\/\/reveil-info.net\/wp-content\/uploads\/2025\/09\/2-1-225x300.jpg 225w, https:\/\/reveil-info.net\/wp-content\/uploads\/2025\/09\/2-1-768x1024.jpg 768w\" sizes=\"auto, (max-width: 960px) 100vw, 960px\" \/><figcaption id=\"caption-attachment-30648\" class=\"wp-caption-text\">Andognaba Jean-pierre, le monsieur Vert<\/figcaption><\/figure>\n<p>Il d\u00e9fend \u00eatre <strong>pionnier<\/strong> <strong>promoteur <\/strong>des emballages alternatifs au Burkina Faso depuis 2003 \u00e0 nos jours car ayant balis\u00e9 le terrain par sa lutte et son abn\u00e9gation au travail et sa dynamique intellectuelle de <strong>mercaticien vert.<\/strong><\/p>\n<p>Au d\u00e9pourvu, et dans sa volont\u00e9 de contribuer \u00e0 la pr\u00e9servation de l\u2019environnement\u00a0au Burkina Faso :<\/p>\n<ul>\n<li>Il cr\u00e9e de fa\u00e7on informelle une unit\u00e9 de fabrique d\u2019emballages biod\u00e9gradables en sac papier en 2003 afin de contribuer \u00e0 l\u2019introduction des alternatifs aux sacs plastiques polluants<\/li>\n<li>En 2009 il est int\u00e9gr\u00e9 dans un comit\u00e9 primaire de mise en \u0153uvre d\u2019une strat\u00e9gie op\u00e9rationnelle contre le p\u00e9ril plastique au minist\u00e8re en charge de l\u2019environnement\u00a0; et dit avoir fait des propositions objectives au comit\u00e9 qui ont \u00e9t\u00e9 prise en compte par la suite telles\u00a0: la cr\u00e9ation d\u2019un fond pour l\u2019environnement et le projet national PTVP.<\/li>\n<li>En 2015 il est membre du comit\u00e9 de pilotage du dit projet (PTVP)<\/li>\n<li>D\u00e8s 2015 il est antagoniste unique et d\u00e9clar\u00e9 \u00e0 la loi 017\/2014 dont il d\u00e9nonce les insuffisances et la pr\u00e9somption de biod\u00e9gradabilit\u00e9 des sacs plastiques Polluants dans les m\u00e9dias publics.<\/li>\n<\/ul>\n<p><img loading=\"lazy\" decoding=\"async\" class=\"alignnone wp-image-30652\" src=\"https:\/\/reveil-info.net\/wp-content\/uploads\/2025\/09\/4.jpg\" alt=\"\" width=\"969\" height=\"1724\" srcset=\"https:\/\/reveil-info.net\/wp-content\/uploads\/2025\/09\/4.jpg 607w, https:\/\/reveil-info.net\/wp-content\/uploads\/2025\/09\/4-169x300.jpg 169w, https:\/\/reveil-info.net\/wp-content\/uploads\/2025\/09\/4-576x1024.jpg 576w\" sizes=\"auto, (max-width: 969px) 100vw, 969px\" \/><\/p>\n<p>D\u00e9nonciation courageuse ayant \u00e9t\u00e9 prise en compte vers l\u2019aboutissement de la r\u00e9vision de la loi 017\/2014.<\/p>\n<ul>\n<li>Depuis 2009 \u00e0 nos jours il aurait donn\u00e9 son expertise dans plusieurs comit\u00e9s de concertation au minist\u00e8re en charge de l\u2019environnement sur les alternatives et la pr\u00e9servation de l\u2019environnement contre le p\u00e9ril plastique.<\/li>\n<li>Depuis 2020 l\u2019entreprise informelle dont il a mis au jour s\u2019est constitu\u00e9e en entreprise formelle CPME (Contributions des petites et micro entreprises) afin de mieux promouvoir les emballages alternatifs \u2018\u2019verts\u2019\u2019.<\/li>\n<li>L\u2019entreprise est d\u00e9nomm\u00e9e ECO BF Trading emballages et immatricul\u00e9e RCCM.<\/li>\n<\/ul>\n<p>Ironie du sort ou rendez-vous manqu\u00e9, le minist\u00e8re en charge de l\u2019environnement lance un appel \u00e0 projet de subvention des acteurs des alternatives aux plastiques en 2023 dont son entreprise n\u2019aurait pas \u00e9t\u00e9 b\u00e9n\u00e9ficiaire et pourtant dispose d\u2019un <strong>partenariat conventionn\u00e9 sur la promotion des emballages alternatifs <\/strong>sign\u00e9 en <strong>2023 <\/strong>avec le minist\u00e8re en charge de l\u2019environnement \u00e0 travers la Direction g\u00e9n\u00e9rale de la pr\u00e9servation de l\u2019environnement.<\/p>\n<p>Pire dit- il\u00a0;<\/p>\n<p>Il aurait \u00e9t\u00e9 protagoniste au comit\u00e9 de la proposition pour la cr\u00e9ation d\u2019un Fond pour l\u2019environnement en 2009 en l\u2019occurrence le fond d\u2019intervention pour l\u2019environnement (FIE) qui d\u00e9tient les octrois de subventions.<\/p>\n<p>Enfin, il dit remercier <strong>le pr\u00e9sident du Faso<\/strong>, <strong>le camarade, le capitaine Ibrahim Traor\u00e9<\/strong> du fond du c\u0153ur pour la promulgation de la loi 045\/2024 qui va assur\u00e9ment cr\u00e9er beaucoup d\u2019emplois alternatifs et de valeur ajout\u00e9e pour l\u2019\u00e9conomie du pays car l\u2019option de son activit\u00e9 dit-il est de cr\u00e9er une haute intensit\u00e9 de main d\u2019\u0153uvre et des unit\u00e9s de production d\u2019emballages alternatifs sacs papier\u00a0 par son savoir-faire et son exp\u00e9rience dynamique.<\/p>\n<p><strong><img loading=\"lazy\" decoding=\"async\" class=\"alignnone wp-image-30650\" src=\"https:\/\/reveil-info.net\/wp-content\/uploads\/2025\/09\/5-1.jpg\" alt=\"\" width=\"965\" height=\"1287\" srcset=\"https:\/\/reveil-info.net\/wp-content\/uploads\/2025\/09\/5-1.jpg 780w, https:\/\/reveil-info.net\/wp-content\/uploads\/2025\/09\/5-1-225x300.jpg 225w, https:\/\/reveil-info.net\/wp-content\/uploads\/2025\/09\/5-1-768x1024.jpg 768w\" sizes=\"auto, (max-width: 965px) 100vw, 965px\" \/><\/strong><\/p>\n<p>En sus il dit que la loi objective 045\/2024 promulgu\u00e9e par les plus hautes autorit\u00e9s du Pays peinait \u00e0 \u00eatre adopt\u00e9e auparavant \u00e0 cause de l\u2019influence des lobbies et de certaines compromissions politico-\u00e9lectorales depuis 2009 et par d\u00e9faut de d\u00e9cision politique courageuse<\/p>\n<p><strong>Correspondance particuli\u00e8re<\/strong><\/p>\n<p><strong>Reveil-info <\/strong><\/p>\n","protected":false},"excerpt":{"rendered":"<p>En effet Jean Pierre Andognaba, puisque c\u2019est de lui qu\u2019il s\u2019agit arbore affectueusement la tenue<\/p>\n","protected":false},"author":1,"featured_media":30647,"comment_status":"open","ping_status":"open","sticky":false,"template":"","format":"standard","meta":{"footnotes":""},"categories":[9,16],"tags":[],"class_list":["post-30644","post","type-post","status-publish","format-standard","has-post-thumbnail","hentry","category-lentrepreneur","category-societe"],"yoast_head":"<!-- This site is optimized with the Yoast SEO plugin v27.5 - https:\/\/yoast.com\/product\/yoast-seo-wordpress\/ -->\n<title>ANDOGNABA Jean Pierre, le monsieur en vert : \u00a0Fournisseur d\u2019emballages alternatifs biod\u00e9gradables sacs papier - R\u00e9veil Info<\/title>\n<meta name=\"robots\" content=\"noindex, follow, max-snippet:-1, max-image-preview:large, max-video-preview:-1\" \/>\n<meta property=\"og:locale\" content=\"fr_FR\" \/>\n<meta property=\"og:type\" content=\"article\" \/>\n<meta property=\"og:title\" content=\"ANDOGNABA Jean Pierre, le monsieur en vert : \u00a0Fournisseur d\u2019emballages alternatifs biod\u00e9gradables sacs papier - R\u00e9veil Info\" \/>\n<meta property=\"og:description\" content=\"En effet Jean Pierre Andognaba, puisque c\u2019est de lui qu\u2019il s\u2019agit arbore affectueusement la tenue\" \/>\n<meta property=\"og:url\" content=\"https:\/\/reveil-info.net\/?p=30644\" \/>\n<meta property=\"og:site_name\" content=\"R\u00e9veil Info\" \/>\n<meta property=\"article:published_time\" content=\"2025-09-05T16:34:31+00:00\" \/>\n<meta property=\"article:modified_time\" content=\"2025-09-06T12:37:50+00:00\" \/>\n<meta property=\"og:image\" content=\"https:\/\/reveil-info.net\/wp-content\/uploads\/2025\/09\/1-1.jpg\" \/>\n\t<meta property=\"og:image:width\" content=\"720\" \/>\n\t<meta property=\"og:image:height\" content=\"720\" \/>\n\t<meta property=\"og:image:type\" content=\"image\/jpeg\" \/>\n<meta name=\"author\" content=\"R\u00e9veil info\" \/>\n<meta name=\"twitter:card\" content=\"summary_large_image\" \/>\n<meta name=\"twitter:label1\" content=\"\u00c9crit par\" \/>\n\t<meta name=\"twitter:data1\" content=\"R\u00e9veil info\" \/>\n\t<meta name=\"twitter:label2\" content=\"Dur\u00e9e de lecture estim\u00e9e\" \/>\n\t<meta name=\"twitter:data2\" content=\"4 minutes\" \/>\n<script type=\"application\/ld+json\" class=\"yoast-schema-graph\">{\"@context\":\"https:\\\/\\\/schema.org\",\"@graph\":[{\"@type\":\"Article\",\"@id\":\"https:\\\/\\\/reveil-info.net\\\/?p=30644#article\",\"isPartOf\":{\"@id\":\"https:\\\/\\\/reveil-info.net\\\/?p=30644\"},\"author\":{\"name\":\"R\u00e9veil info\",\"@id\":\"https:\\\/\\\/reveil-info.net\\\/#\\\/schema\\\/person\\\/ca0cc8e70088e0a2b5e92556c1ee60f5\"},\"headline\":\"ANDOGNABA Jean Pierre, le monsieur en vert : \u00a0Fournisseur d\u2019emballages alternatifs biod\u00e9gradables sacs papier\",\"datePublished\":\"2025-09-05T16:34:31+00:00\",\"dateModified\":\"2025-09-06T12:37:50+00:00\",\"mainEntityOfPage\":{\"@id\":\"https:\\\/\\\/reveil-info.net\\\/?p=30644\"},\"wordCount\":685,\"commentCount\":0,\"publisher\":{\"@id\":\"https:\\\/\\\/reveil-info.net\\\/#organization\"},\"image\":{\"@id\":\"https:\\\/\\\/reveil-info.net\\\/?p=30644#primaryimage\"},\"thumbnailUrl\":\"https:\\\/\\\/reveil-info.net\\\/wp-content\\\/uploads\\\/2025\\\/09\\\/1-1.jpg\",\"articleSection\":[\"L'Entrepreneur\",\"Soci\u00e9t\u00e9\"],\"inLanguage\":\"fr-FR\",\"potentialAction\":[{\"@type\":\"CommentAction\",\"name\":\"Comment\",\"target\":[\"https:\\\/\\\/reveil-info.net\\\/?p=30644#respond\"]}]},{\"@type\":\"WebPage\",\"@id\":\"https:\\\/\\\/reveil-info.net\\\/?p=30644\",\"url\":\"https:\\\/\\\/reveil-info.net\\\/?p=30644\",\"name\":\"ANDOGNABA Jean Pierre, le monsieur en vert : \u00a0Fournisseur d\u2019emballages alternatifs biod\u00e9gradables sacs papier - R\u00e9veil Info\",\"isPartOf\":{\"@id\":\"https:\\\/\\\/reveil-info.net\\\/#website\"},\"primaryImageOfPage\":{\"@id\":\"https:\\\/\\\/reveil-info.net\\\/?p=30644#primaryimage\"},\"image\":{\"@id\":\"https:\\\/\\\/reveil-info.net\\\/?p=30644#primaryimage\"},\"thumbnailUrl\":\"https:\\\/\\\/reveil-info.net\\\/wp-content\\\/uploads\\\/2025\\\/09\\\/1-1.jpg\",\"datePublished\":\"2025-09-05T16:34:31+00:00\",\"dateModified\":\"2025-09-06T12:37:50+00:00\",\"breadcrumb\":{\"@id\":\"https:\\\/\\\/reveil-info.net\\\/?p=30644#breadcrumb\"},\"inLanguage\":\"fr-FR\",\"potentialAction\":[{\"@type\":\"ReadAction\",\"target\":[\"https:\\\/\\\/reveil-info.net\\\/?p=30644\"]}]},{\"@type\":\"ImageObject\",\"inLanguage\":\"fr-FR\",\"@id\":\"https:\\\/\\\/reveil-info.net\\\/?p=30644#primaryimage\",\"url\":\"https:\\\/\\\/reveil-info.net\\\/wp-content\\\/uploads\\\/2025\\\/09\\\/1-1.jpg\",\"contentUrl\":\"https:\\\/\\\/reveil-info.net\\\/wp-content\\\/uploads\\\/2025\\\/09\\\/1-1.jpg\",\"width\":720,\"height\":720},{\"@type\":\"BreadcrumbList\",\"@id\":\"https:\\\/\\\/reveil-info.net\\\/?p=30644#breadcrumb\",\"itemListElement\":[{\"@type\":\"ListItem\",\"position\":1,\"name\":\"Home\",\"item\":\"https:\\\/\\\/reveil-info.net\\\/\"},{\"@type\":\"ListItem\",\"position\":2,\"name\":\"ANDOGNABA Jean Pierre, le monsieur en vert : \u00a0Fournisseur d\u2019emballages alternatifs biod\u00e9gradables sacs papier\"}]},{\"@type\":\"WebSite\",\"@id\":\"https:\\\/\\\/reveil-info.net\\\/#website\",\"url\":\"https:\\\/\\\/reveil-info.net\\\/\",\"name\":\"R\u00e9veil Info\",\"description\":\"Le devoir d&#039;informer!\",\"publisher\":{\"@id\":\"https:\\\/\\\/reveil-info.net\\\/#organization\"},\"potentialAction\":[{\"@type\":\"SearchAction\",\"target\":{\"@type\":\"EntryPoint\",\"urlTemplate\":\"https:\\\/\\\/reveil-info.net\\\/?s={search_term_string}\"},\"query-input\":{\"@type\":\"PropertyValueSpecification\",\"valueRequired\":true,\"valueName\":\"search_term_string\"}}],\"inLanguage\":\"fr-FR\"},{\"@type\":\"Organization\",\"@id\":\"https:\\\/\\\/reveil-info.net\\\/#organization\",\"name\":\"R\u00e9veil Info\",\"url\":\"https:\\\/\\\/reveil-info.net\\\/\",\"logo\":{\"@type\":\"ImageObject\",\"inLanguage\":\"fr-FR\",\"@id\":\"https:\\\/\\\/reveil-info.net\\\/#\\\/schema\\\/logo\\\/image\\\/\",\"url\":\"https:\\\/\\\/reveil-info.net\\\/wp-content\\\/uploads\\\/2024\\\/07\\\/bnddd1.jpg\",\"contentUrl\":\"https:\\\/\\\/reveil-info.net\\\/wp-content\\\/uploads\\\/2024\\\/07\\\/bnddd1.jpg\",\"width\":903,\"height\":125,\"caption\":\"R\u00e9veil Info\"},\"image\":{\"@id\":\"https:\\\/\\\/reveil-info.net\\\/#\\\/schema\\\/logo\\\/image\\\/\"}},{\"@type\":\"Person\",\"@id\":\"https:\\\/\\\/reveil-info.net\\\/#\\\/schema\\\/person\\\/ca0cc8e70088e0a2b5e92556c1ee60f5\",\"name\":\"R\u00e9veil info\",\"image\":{\"@type\":\"ImageObject\",\"inLanguage\":\"fr-FR\",\"@id\":\"https:\\\/\\\/secure.gravatar.com\\\/avatar\\\/e4ad5bb743c8b6cb174d9df6c7d30a8a16f6889731241345fc6444e6485f02af?s=96&d=mm&r=g\",\"url\":\"https:\\\/\\\/secure.gravatar.com\\\/avatar\\\/e4ad5bb743c8b6cb174d9df6c7d30a8a16f6889731241345fc6444e6485f02af?s=96&d=mm&r=g\",\"contentUrl\":\"https:\\\/\\\/secure.gravatar.com\\\/avatar\\\/e4ad5bb743c8b6cb174d9df6c7d30a8a16f6889731241345fc6444e6485f02af?s=96&d=mm&r=g\",\"caption\":\"R\u00e9veil info\"},\"sameAs\":[\"https:\\\/\\\/reveil-info.net\"],\"url\":\"https:\\\/\\\/reveil-info.net\\\/?author=1\"}]}<\/script>\n<!-- \/ Yoast SEO plugin. -->","yoast_head_json":{"title":"ANDOGNABA Jean Pierre, le monsieur en vert : \u00a0Fournisseur d\u2019emballages alternatifs biod\u00e9gradables sacs papier - R\u00e9veil Info","robots":{"index":"noindex","follow":"follow","max-snippet":"max-snippet:-1","max-image-preview":"max-image-preview:large","max-video-preview":"max-video-preview:-1"},"og_locale":"fr_FR","og_type":"article","og_title":"ANDOGNABA Jean Pierre, le monsieur en vert : \u00a0Fournisseur d\u2019emballages alternatifs biod\u00e9gradables sacs papier - R\u00e9veil Info","og_description":"En effet Jean Pierre Andognaba, puisque c\u2019est de lui qu\u2019il s\u2019agit arbore affectueusement la tenue","og_url":"https:\/\/reveil-info.net\/?p=30644","og_site_name":"R\u00e9veil Info","article_published_time":"2025-09-05T16:34:31+00:00","article_modified_time":"2025-09-06T12:37:50+00:00","og_image":[{"width":720,"height":720,"url":"https:\/\/reveil-info.net\/wp-content\/uploads\/2025\/09\/1-1.jpg","type":"image\/jpeg"}],"author":"R\u00e9veil info","twitter_card":"summary_large_image","twitter_misc":{"\u00c9crit par":"R\u00e9veil info","Dur\u00e9e de lecture estim\u00e9e":"4 minutes"},"schema":{"@context":"https:\/\/schema.org","@graph":[{"@type":"Article","@id":"https:\/\/reveil-info.net\/?p=30644#article","isPartOf":{"@id":"https:\/\/reveil-info.net\/?p=30644"},"author":{"name":"R\u00e9veil info","@id":"https:\/\/reveil-info.net\/#\/schema\/person\/ca0cc8e70088e0a2b5e92556c1ee60f5"},"headline":"ANDOGNABA Jean Pierre, le monsieur en vert : \u00a0Fournisseur d\u2019emballages alternatifs biod\u00e9gradables sacs papier","datePublished":"2025-09-05T16:34:31+00:00","dateModified":"2025-09-06T12:37:50+00:00","mainEntityOfPage":{"@id":"https:\/\/reveil-info.net\/?p=30644"},"wordCount":685,"commentCount":0,"publisher":{"@id":"https:\/\/reveil-info.net\/#organization"},"image":{"@id":"https:\/\/reveil-info.net\/?p=30644#primaryimage"},"thumbnailUrl":"https:\/\/reveil-info.net\/wp-content\/uploads\/2025\/09\/1-1.jpg","articleSection":["L'Entrepreneur","Soci\u00e9t\u00e9"],"inLanguage":"fr-FR","potentialAction":[{"@type":"CommentAction","name":"Comment","target":["https:\/\/reveil-info.net\/?p=30644#respond"]}]},{"@type":"WebPage","@id":"https:\/\/reveil-info.net\/?p=30644","url":"https:\/\/reveil-info.net\/?p=30644","name":"ANDOGNABA Jean Pierre, le monsieur en vert : \u00a0Fournisseur d\u2019emballages alternatifs biod\u00e9gradables sacs papier - R\u00e9veil Info","isPartOf":{"@id":"https:\/\/reveil-info.net\/#website"},"primaryImageOfPage":{"@id":"https:\/\/reveil-info.net\/?p=30644#primaryimage"},"image":{"@id":"https:\/\/reveil-info.net\/?p=30644#primaryimage"},"thumbnailUrl":"https:\/\/reveil-info.net\/wp-content\/uploads\/2025\/09\/1-1.jpg","datePublished":"2025-09-05T16:34:31+00:00","dateModified":"2025-09-06T12:37:50+00:00","breadcrumb":{"@id":"https:\/\/reveil-info.net\/?p=30644#breadcrumb"},"inLanguage":"fr-FR","potentialAction":[{"@type":"ReadAction","target":["https:\/\/reveil-info.net\/?p=30644"]}]},{"@type":"ImageObject","inLanguage":"fr-FR","@id":"https:\/\/reveil-info.net\/?p=30644#primaryimage","url":"https:\/\/reveil-info.net\/wp-content\/uploads\/2025\/09\/1-1.jpg","contentUrl":"https:\/\/reveil-info.net\/wp-content\/uploads\/2025\/09\/1-1.jpg","width":720,"height":720},{"@type":"BreadcrumbList","@id":"https:\/\/reveil-info.net\/?p=30644#breadcrumb","itemListElement":[{"@type":"ListItem","position":1,"name":"Home","item":"https:\/\/reveil-info.net\/"},{"@type":"ListItem","position":2,"name":"ANDOGNABA Jean Pierre, le monsieur en vert : \u00a0Fournisseur d\u2019emballages alternatifs biod\u00e9gradables sacs papier"}]},{"@type":"WebSite","@id":"https:\/\/reveil-info.net\/#website","url":"https:\/\/reveil-info.net\/","name":"R\u00e9veil Info","description":"Le devoir d&#039;informer!","publisher":{"@id":"https:\/\/reveil-info.net\/#organization"},"potentialAction":[{"@type":"SearchAction","target":{"@type":"EntryPoint","urlTemplate":"https:\/\/reveil-info.net\/?s={search_term_string}"},"query-input":{"@type":"PropertyValueSpecification","valueRequired":true,"valueName":"search_term_string"}}],"inLanguage":"fr-FR"},{"@type":"Organization","@id":"https:\/\/reveil-info.net\/#organization","name":"R\u00e9veil Info","url":"https:\/\/reveil-info.net\/","logo":{"@type":"ImageObject","inLanguage":"fr-FR","@id":"https:\/\/reveil-info.net\/#\/schema\/logo\/image\/","url":"https:\/\/reveil-info.net\/wp-content\/uploads\/2024\/07\/bnddd1.jpg","contentUrl":"https:\/\/reveil-info.net\/wp-content\/uploads\/2024\/07\/bnddd1.jpg","width":903,"height":125,"caption":"R\u00e9veil Info"},"image":{"@id":"https:\/\/reveil-info.net\/#\/schema\/logo\/image\/"}},{"@type":"Person","@id":"https:\/\/reveil-info.net\/#\/schema\/person\/ca0cc8e70088e0a2b5e92556c1ee60f5","name":"R\u00e9veil info","image":{"@type":"ImageObject","inLanguage":"fr-FR","@id":"https:\/\/secure.gravatar.com\/avatar\/e4ad5bb743c8b6cb174d9df6c7d30a8a16f6889731241345fc6444e6485f02af?s=96&d=mm&r=g","url":"https:\/\/secure.gravatar.com\/avatar\/e4ad5bb743c8b6cb174d9df6c7d30a8a16f6889731241345fc6444e6485f02af?s=96&d=mm&r=g","contentUrl":"https:\/\/secure.gravatar.com\/avatar\/e4ad5bb743c8b6cb174d9df6c7d30a8a16f6889731241345fc6444e6485f02af?s=96&d=mm&r=g","caption":"R\u00e9veil info"},"sameAs":["https:\/\/reveil-info.net"],"url":"https:\/\/reveil-info.net\/?author=1"}]}},"jetpack_featured_media_url":"https:\/\/reveil-info.net\/wp-content\/uploads\/2025\/09\/1-1.jpg","featured_image_urls":{"full":["https:\/\/reveil-info.net\/wp-content\/uploads\/2025\/09\/1-1.jpg",720,720,false],"thumbnail":["https:\/\/reveil-info.net\/wp-content\/uploads\/2025\/09\/1-1-150x150.jpg",150,150,true],"medium":["https:\/\/reveil-info.net\/wp-content\/uploads\/2025\/09\/1-1-300x300.jpg",300,300,true],"medium_large":["https:\/\/reveil-info.net\/wp-content\/uploads\/2025\/09\/1-1.jpg",640,640,false],"large":["https:\/\/reveil-info.net\/wp-content\/uploads\/2025\/09\/1-1.jpg",640,640,false],"1536x1536":["https:\/\/reveil-info.net\/wp-content\/uploads\/2025\/09\/1-1.jpg",720,720,false],"2048x2048":["https:\/\/reveil-info.net\/wp-content\/uploads\/2025\/09\/1-1.jpg",720,720,false],"chromenews-featured":["https:\/\/reveil-info.net\/wp-content\/uploads\/2025\/09\/1-1.jpg",720,720,false],"chromenews-large":["https:\/\/reveil-info.net\/wp-content\/uploads\/2025\/09\/1-1-720x575.jpg",720,575,true],"chromenews-medium":["https:\/\/reveil-info.net\/wp-content\/uploads\/2025\/09\/1-1-590x410.jpg",590,410,true]},"author_info":{"display_name":"R\u00e9veil info","author_link":"https:\/\/reveil-info.net\/?author=1"},"category_info":"<a href=\"https:\/\/reveil-info.net\/?cat=9\" rel=\"category\">L'Entrepreneur<\/a> <a href=\"https:\/\/reveil-info.net\/?cat=16\" rel=\"category\">Soci\u00e9t\u00e9<\/a>","tag_info":"Soci\u00e9t\u00e9","comment_count":"0","_links":{"self":[{"href":"https:\/\/reveil-info.net\/index.php?rest_route=\/wp\/v2\/posts\/30644","targetHints":{"allow":["GET"]}}],"collection":[{"href":"https:\/\/reveil-info.net\/index.php?rest_route=\/wp\/v2\/posts"}],"about":[{"href":"https:\/\/reveil-info.net\/index.php?rest_route=\/wp\/v2\/types\/post"}],"author":[{"embeddable":true,"href":"https:\/\/reveil-info.net\/index.php?rest_route=\/wp\/v2\/users\/1"}],"replies":[{"embeddable":true,"href":"https:\/\/reveil-info.net\/index.php?rest_route=%2Fwp%2Fv2%2Fcomments&post=30644"}],"version-history":[{"count":9,"href":"https:\/\/reveil-info.net\/index.php?rest_route=\/wp\/v2\/posts\/30644\/revisions"}],"predecessor-version":[{"id":30686,"href":"https:\/\/reveil-info.net\/index.php?rest_route=\/wp\/v2\/posts\/30644\/revisions\/30686"}],"wp:featuredmedia":[{"embeddable":true,"href":"https:\/\/reveil-info.net\/index.php?rest_route=\/wp\/v2\/media\/30647"}],"wp:attachment":[{"href":"https:\/\/reveil-info.net\/index.php?rest_route=%2Fwp%2Fv2%2Fmedia&parent=30644"}],"wp:term":[{"taxonomy":"category","embeddable":true,"href":"https:\/\/reveil-info.net\/index.php?rest_route=%2Fwp%2Fv2%2Fcategories&post=30644"},{"taxonomy":"post_tag","embeddable":true,"href":"https:\/\/reveil-info.net\/index.php?rest_route=%2Fwp%2Fv2%2Ftags&post=30644"}],"curies":[{"name":"wp","href":"https:\/\/api.w.org\/{rel}","templated":true}]}}