{"id":30442,"date":"2025-09-03T11:15:59","date_gmt":"2025-09-03T11:15:59","guid":{"rendered":"https:\/\/reveil-info.net\/?p=30442"},"modified":"2025-09-03T11:36:44","modified_gmt":"2025-09-03T11:36:44","slug":"presidentielle-en-cote-divoire-le-parti-de-gbagbo-saisit-le-conseil-constitutionnel","status":"publish","type":"post","link":"https:\/\/reveil-info.net\/?p=30442","title":{"rendered":"Pr\u00e9sidentielle en C\u00f4te d&rsquo;Ivoire : Le parti de Gbagbo saisit le Conseil constitutionnel"},"content":{"rendered":"<p><strong>Le PPA-CI, le parti de l\u2019ex-pr\u00e9sident ivoirien, Laurent Gbagbo, annonce avoir adress\u00e9 au Conseil constitutionnel des observations \u00e9crites remettant en cause la l\u00e9galit\u00e9 de la candidature d\u2019Alassane Ouattara, pour un 4\u1d49 mandat, et d\u00e9fendant une \u00ab\u00a0<em>l\u00e9galit\u00e9 irr\u00e9prochable<\/em>\u00a0\u00bb de celle de son leader.<\/strong><\/p>\n<p>Justin Kon\u00e9 Katinan, le pr\u00e9sident du Conseil strat\u00e9gie et politique (CSP) du PPA-CI, s\u2019est exprim\u00e9 ce mardi 2 septembre 2025, sur les dossiers de candidatures \u00e0 l\u2019\u00e9lection pr\u00e9sidentielle d\u2019octobre 2025 remis au Conseil constitutionnel. Le pr\u00e9sident du Conseil strat\u00e9gie et politique du PPA-CI a soulign\u00e9 que le parti et son leader, Laurent Gbagbo, n\u2019ont eu de cesse \u00ab\u00a0<em>d\u2019interpeller le gouvernement et le chef de l\u2019\u00c9tat sur la n\u00e9cessit\u00e9 de cr\u00e9er les conditions d\u2019une \u00e9lection paisible qui exclut l\u2019arbitraire.<\/em> \u00bb<\/p>\n<div id=\"card_img_jt\" class=\"card-header\">\n<p>Il a rappel\u00e9 que le PPA-CI s\u2019est \u00ab\u00a0<em>pr\u00eat\u00e9 \u00e0 tous les exercices qui sont de nature \u00e0 pr\u00e9venir le retour vers un pass\u00e9 sombre, tr\u00e8s r\u00e9cent de l\u2019histoire du pays<\/em>\u00a0\u00bb. Dans cette logique, le parti a d\u00e9pos\u00e9 le dimanche 31 ao\u00fbt 2025 ses observations \u00e9crites au Conseil constitutionnel relativement \u00e0 la pr\u00e9sidentielle du 25 octobre 2025.Ces observations, a-t-il relev\u00e9, portent essentiellement sur deux points, notamment \u00ab <em>l\u2019ill\u00e9galit\u00e9 de la candidature de Ouattara Alassane \u00e0 un 4\u1d49 mandat et la l\u00e9galit\u00e9 irr\u00e9prochable de la candidature de Laurent Gbagbo<\/em>. \u00bb Sur l\u2019ill\u00e9galit\u00e9 de la candidature du chef de l\u2019\u00c9tat, Alassane Ouattara, le PPA-CI s\u2019est appuy\u00e9 sur les articles 55 et 183 de la Constitution ivoirienne. Pour le parti de l\u2019ex-pr\u00e9sident ivoirien, Laurent Gbagbo, le 4<sup>e<\/sup>\u00a0mandat de l\u2019actuel chef de l\u2019Etat est \u00ab\u00a0<em>anticonstitutionnel<\/em>. \u00bb L\u2019article 55 de 2016 stipule que le pr\u00e9sident de la R\u00e9publique est \u00e9lu pour cinq ans et n\u2019est r\u00e9\u00e9ligible qu\u2019une seule fois, souligne Katinan Kon\u00e9 qui note que cette disposition est identique \u00e0 celle de la Constitution de 2000 (article 35), ce qui signifie, qu\u2019il \u00ab <em>n\u2019existe aucun conflit entre les deux textes<\/em> \u00bb. L\u2019article 183, relatif aux dispositions transitoires, quant \u00e0 lui, pr\u00e9cise que les lois ant\u00e9rieures restent valables tant qu\u2019elles ne sont pas contraires \u00e0 la nouvelle Constitution, ajoute le pr\u00e9sident du Conseil strat\u00e9gie et politique du PPA-CI. Or, la \u00ab <em>limitation \u00e0 deux mandats \u00e9tant inchang\u00e9e, les mandats accomplis sous l\u2019ancienne Constitution comptent. Lorsque la Constitution de 2016 a \u00e9t\u00e9 adopt\u00e9e, M. Ouattara \u00e9tait d\u00e9j\u00e0 en second mandat, ce qui \u00e9puisait d\u00e9finitivement son droit \u00e0 candidature<\/em> \u00bb, a-t-il ajout\u00e9. Katinan Kon\u00e9 a d\u00e9clar\u00e9 que le PPA-CI rejette l\u2019argument d\u2019une \u00ab<em>\u00a0remise \u00e0 z\u00e9ro des mandats ou d\u2019une pr\u00e9tendue continuit\u00e9 l\u00e9gale<\/em> \u00bb en cas de changement de la Constitution, soutenant que la r\u00e9p\u00e9tition d\u2019une violation ne cr\u00e9e pas la l\u00e9galit\u00e9. De plus, avance Kon\u00e9 Katinan, \u00ab<em>\u00a0l\u2019exception accord\u00e9e en 2010 pour permettre sa candidature ne saurait justifier une violation permanente de la loi fondamentale<\/em>\u00a0\u00bb. De ce fait, \u00ab\u00a0<em>le PPA-CI s\u2019oppose et s\u2019opposera par tous les moyens l\u00e9gaux et pacifiques \u00e0 ce 4\u1d49 mandat<\/em> \u00bb. La lettre \u00e0 l\u2019attention du Conseil constitutionnel vise \u00e0 attirer son attention sur sa responsabilit\u00e9 devant l\u2019histoire, a-t-il poursuivi. Pour lui, \u00ab <em>il est de la responsabilit\u00e9 du Conseil constitutionnel d\u2019\u00e9viter \u00e0 la C\u00f4te d\u2019Ivoire une autre page sombre de son histoire \u00e0 cause d\u2019une \u00e9lection<\/em> \u00bb. Il a appel\u00e9 \u00e0 ce que \u00ab <em>le RHDP (parti au pouvoir) et son pr\u00e9sident demandent une capitulation pure et simple de ses principaux adversaires dont Laurent Gbagbo<\/em>\u00a0\u00bb. Car, le PPA-CI s\u2019oppose \u00e0 ce 4<sup>e<\/sup> mandat et l\u2019a signifi\u00e9 au Conseil constitutionnel avec des arguments de droit. En ce qui concerne la l\u00e9galit\u00e9 de la candidature de Gbagbo, il a confi\u00e9 qu\u2019elle respecte les dispositions de l\u2019article 55, alin\u00e9a 3 de la Constitution, qui stipule que le candidat \u00e0 l\u2019\u00e9lection pr\u00e9sidentielle doit jouir de ses droits civils et politiques, avoir au moins 35 ans, et \u00eatre exclusivement Ivoirien.<\/p>\n<p>Notant qu\u2019aucun texte \u00ab <em>infra-constitutionnel ne peut ajouter d\u2019autres conditions au-del\u00e0 de celles-ci sans \u00eatre frapp\u00e9 d\u2019inconstitutionnalit\u00e9<\/em> \u00bb, Katinan Kon\u00e9 a confirm\u00e9 que Laurent Gbagbo remplit les conditions li\u00e9es \u00e0 l\u2019\u00e2ge et jouit de tous ses droits civils et politiques. Il a pr\u00e9cis\u00e9, par ailleurs, qu\u2019aucun \u00ab <em>acte ou d\u00e9cision judiciaire portant d\u00e9ch\u00e9ance de ses droits civiques et politiques ne lui a jamais \u00e9t\u00e9 signifi\u00e9<\/em>\u00a0\u00bb. Par cons\u00e9quent, le RHDP attend de lui \u00ab\u00a0<em>une simple capitulation<\/em> \u00bb. \u00ab <em>Le PPA-CI refuse la capitulation devant l\u2019arbitraire et s\u2019oppose \u00e0 cette autre humiliation de son pr\u00e9sident<\/em>\u00a0\u00bb, a-t-il lanc\u00e9, affirmant que \u00ab\u00a0<em>le RHDP ne nous laisse aucun autre choix que d\u2019aller \u00e0 la confrontation politique, sauf si le Conseil constitutionnel en d\u00e9cide autrement dans l\u2019int\u00e9r\u00eat primordial de la nation.<\/em> \u00bb Le pr\u00e9sident du Conseil strat\u00e9gie et politique du PPA-CI a invit\u00e9 les membres du parti de rester \u00e0 l\u2019\u00e9coute de la direction de la formation politique qui leur donnera, dans les plus brefs d\u00e9lais, les mots d\u2019ordre \u00e0 cet effet. Le Conseil constitutionnel ivoirien a publi\u00e9, le vendredi 29 ao\u00fbt 2025, la liste provisoire des candidats \u00e0 l\u2019\u00e9lection du pr\u00e9sident de la R\u00e9publique du 25 octobre 2025, et devrait se prononcer dans les jours \u00e0 venir sur les candidats retenus pour ces joutes \u00e9lectorales.<\/p>\n<\/div>\n<div id=\"card-body\" class=\"card-body\">\n<p class=\"card-text\"><strong>Source : Apanews<\/strong><\/p>\n<p><strong>Reveil-info<\/strong><\/p>\n<\/div>\n","protected":false},"excerpt":{"rendered":"<p>Le PPA-CI, le parti de l\u2019ex-pr\u00e9sident ivoirien, Laurent Gbagbo, annonce avoir adress\u00e9 au Conseil constitutionnel<\/p>\n","protected":false},"author":1,"featured_media":30447,"comment_status":"open","ping_status":"open","sticky":false,"template":"","format":"standard","meta":{"footnotes":""},"categories":[2,8],"tags":[],"class_list":["post-30442","post","type-post","status-publish","format-standard","has-post-thumbnail","hentry","category-actu","category-international"],"yoast_head":"<!-- This site is optimized with the Yoast SEO plugin v27.5 - https:\/\/yoast.com\/product\/yoast-seo-wordpress\/ -->\n<title>Pr\u00e9sidentielle en C\u00f4te d&#039;Ivoire : Le parti de Gbagbo saisit le Conseil constitutionnel - R\u00e9veil Info<\/title>\n<meta name=\"robots\" content=\"noindex, follow, max-snippet:-1, max-image-preview:large, max-video-preview:-1\" \/>\n<meta property=\"og:locale\" content=\"fr_FR\" \/>\n<meta property=\"og:type\" content=\"article\" \/>\n<meta property=\"og:title\" content=\"Pr\u00e9sidentielle en C\u00f4te d&#039;Ivoire : Le parti de Gbagbo saisit le Conseil constitutionnel - R\u00e9veil Info\" \/>\n<meta property=\"og:description\" content=\"Le PPA-CI, le parti de l\u2019ex-pr\u00e9sident ivoirien, Laurent Gbagbo, annonce avoir adress\u00e9 au Conseil constitutionnel\" \/>\n<meta property=\"og:url\" content=\"https:\/\/reveil-info.net\/?p=30442\" \/>\n<meta property=\"og:site_name\" content=\"R\u00e9veil Info\" \/>\n<meta property=\"article:published_time\" content=\"2025-09-03T11:15:59+00:00\" \/>\n<meta property=\"article:modified_time\" content=\"2025-09-03T11:36:44+00:00\" \/>\n<meta property=\"og:image\" content=\"https:\/\/reveil-info.net\/wp-content\/uploads\/2025\/09\/68b73fdbe0224_12121.jpg\" \/>\n\t<meta property=\"og:image:width\" content=\"1024\" \/>\n\t<meta property=\"og:image:height\" content=\"819\" \/>\n\t<meta property=\"og:image:type\" content=\"image\/jpeg\" \/>\n<meta name=\"author\" content=\"R\u00e9veil info\" \/>\n<meta name=\"twitter:card\" content=\"summary_large_image\" \/>\n<meta name=\"twitter:label1\" content=\"\u00c9crit par\" \/>\n\t<meta name=\"twitter:data1\" content=\"R\u00e9veil info\" \/>\n\t<meta name=\"twitter:label2\" content=\"Dur\u00e9e de lecture estim\u00e9e\" \/>\n\t<meta name=\"twitter:data2\" content=\"5 minutes\" \/>\n<script type=\"application\/ld+json\" class=\"yoast-schema-graph\">{\"@context\":\"https:\\\/\\\/schema.org\",\"@graph\":[{\"@type\":\"Article\",\"@id\":\"https:\\\/\\\/reveil-info.net\\\/?p=30442#article\",\"isPartOf\":{\"@id\":\"https:\\\/\\\/reveil-info.net\\\/?p=30442\"},\"author\":{\"name\":\"R\u00e9veil info\",\"@id\":\"https:\\\/\\\/reveil-info.net\\\/#\\\/schema\\\/person\\\/ca0cc8e70088e0a2b5e92556c1ee60f5\"},\"headline\":\"Pr\u00e9sidentielle en C\u00f4te d&rsquo;Ivoire : Le parti de Gbagbo saisit le Conseil constitutionnel\",\"datePublished\":\"2025-09-03T11:15:59+00:00\",\"dateModified\":\"2025-09-03T11:36:44+00:00\",\"mainEntityOfPage\":{\"@id\":\"https:\\\/\\\/reveil-info.net\\\/?p=30442\"},\"wordCount\":892,\"commentCount\":0,\"publisher\":{\"@id\":\"https:\\\/\\\/reveil-info.net\\\/#organization\"},\"image\":{\"@id\":\"https:\\\/\\\/reveil-info.net\\\/?p=30442#primaryimage\"},\"thumbnailUrl\":\"https:\\\/\\\/reveil-info.net\\\/wp-content\\\/uploads\\\/2025\\\/09\\\/68b73fdbe0224_12121.jpg\",\"articleSection\":[\"Actualit\u00e9\",\"International\"],\"inLanguage\":\"fr-FR\",\"potentialAction\":[{\"@type\":\"CommentAction\",\"name\":\"Comment\",\"target\":[\"https:\\\/\\\/reveil-info.net\\\/?p=30442#respond\"]}]},{\"@type\":\"WebPage\",\"@id\":\"https:\\\/\\\/reveil-info.net\\\/?p=30442\",\"url\":\"https:\\\/\\\/reveil-info.net\\\/?p=30442\",\"name\":\"Pr\u00e9sidentielle en C\u00f4te d'Ivoire : Le parti de Gbagbo saisit le Conseil constitutionnel - R\u00e9veil Info\",\"isPartOf\":{\"@id\":\"https:\\\/\\\/reveil-info.net\\\/#website\"},\"primaryImageOfPage\":{\"@id\":\"https:\\\/\\\/reveil-info.net\\\/?p=30442#primaryimage\"},\"image\":{\"@id\":\"https:\\\/\\\/reveil-info.net\\\/?p=30442#primaryimage\"},\"thumbnailUrl\":\"https:\\\/\\\/reveil-info.net\\\/wp-content\\\/uploads\\\/2025\\\/09\\\/68b73fdbe0224_12121.jpg\",\"datePublished\":\"2025-09-03T11:15:59+00:00\",\"dateModified\":\"2025-09-03T11:36:44+00:00\",\"breadcrumb\":{\"@id\":\"https:\\\/\\\/reveil-info.net\\\/?p=30442#breadcrumb\"},\"inLanguage\":\"fr-FR\",\"potentialAction\":[{\"@type\":\"ReadAction\",\"target\":[\"https:\\\/\\\/reveil-info.net\\\/?p=30442\"]}]},{\"@type\":\"ImageObject\",\"inLanguage\":\"fr-FR\",\"@id\":\"https:\\\/\\\/reveil-info.net\\\/?p=30442#primaryimage\",\"url\":\"https:\\\/\\\/reveil-info.net\\\/wp-content\\\/uploads\\\/2025\\\/09\\\/68b73fdbe0224_12121.jpg\",\"contentUrl\":\"https:\\\/\\\/reveil-info.net\\\/wp-content\\\/uploads\\\/2025\\\/09\\\/68b73fdbe0224_12121.jpg\",\"width\":1024,\"height\":819},{\"@type\":\"BreadcrumbList\",\"@id\":\"https:\\\/\\\/reveil-info.net\\\/?p=30442#breadcrumb\",\"itemListElement\":[{\"@type\":\"ListItem\",\"position\":1,\"name\":\"Home\",\"item\":\"https:\\\/\\\/reveil-info.net\\\/\"},{\"@type\":\"ListItem\",\"position\":2,\"name\":\"Pr\u00e9sidentielle en C\u00f4te d&rsquo;Ivoire : Le parti de Gbagbo saisit le Conseil constitutionnel\"}]},{\"@type\":\"WebSite\",\"@id\":\"https:\\\/\\\/reveil-info.net\\\/#website\",\"url\":\"https:\\\/\\\/reveil-info.net\\\/\",\"name\":\"R\u00e9veil Info\",\"description\":\"Le devoir d&#039;informer!\",\"publisher\":{\"@id\":\"https:\\\/\\\/reveil-info.net\\\/#organization\"},\"potentialAction\":[{\"@type\":\"SearchAction\",\"target\":{\"@type\":\"EntryPoint\",\"urlTemplate\":\"https:\\\/\\\/reveil-info.net\\\/?s={search_term_string}\"},\"query-input\":{\"@type\":\"PropertyValueSpecification\",\"valueRequired\":true,\"valueName\":\"search_term_string\"}}],\"inLanguage\":\"fr-FR\"},{\"@type\":\"Organization\",\"@id\":\"https:\\\/\\\/reveil-info.net\\\/#organization\",\"name\":\"R\u00e9veil Info\",\"url\":\"https:\\\/\\\/reveil-info.net\\\/\",\"logo\":{\"@type\":\"ImageObject\",\"inLanguage\":\"fr-FR\",\"@id\":\"https:\\\/\\\/reveil-info.net\\\/#\\\/schema\\\/logo\\\/image\\\/\",\"url\":\"https:\\\/\\\/reveil-info.net\\\/wp-content\\\/uploads\\\/2024\\\/07\\\/bnddd1.jpg\",\"contentUrl\":\"https:\\\/\\\/reveil-info.net\\\/wp-content\\\/uploads\\\/2024\\\/07\\\/bnddd1.jpg\",\"width\":903,\"height\":125,\"caption\":\"R\u00e9veil Info\"},\"image\":{\"@id\":\"https:\\\/\\\/reveil-info.net\\\/#\\\/schema\\\/logo\\\/image\\\/\"}},{\"@type\":\"Person\",\"@id\":\"https:\\\/\\\/reveil-info.net\\\/#\\\/schema\\\/person\\\/ca0cc8e70088e0a2b5e92556c1ee60f5\",\"name\":\"R\u00e9veil info\",\"image\":{\"@type\":\"ImageObject\",\"inLanguage\":\"fr-FR\",\"@id\":\"https:\\\/\\\/secure.gravatar.com\\\/avatar\\\/e4ad5bb743c8b6cb174d9df6c7d30a8a16f6889731241345fc6444e6485f02af?s=96&d=mm&r=g\",\"url\":\"https:\\\/\\\/secure.gravatar.com\\\/avatar\\\/e4ad5bb743c8b6cb174d9df6c7d30a8a16f6889731241345fc6444e6485f02af?s=96&d=mm&r=g\",\"contentUrl\":\"https:\\\/\\\/secure.gravatar.com\\\/avatar\\\/e4ad5bb743c8b6cb174d9df6c7d30a8a16f6889731241345fc6444e6485f02af?s=96&d=mm&r=g\",\"caption\":\"R\u00e9veil info\"},\"sameAs\":[\"https:\\\/\\\/reveil-info.net\"],\"url\":\"https:\\\/\\\/reveil-info.net\\\/?author=1\"}]}<\/script>\n<!-- \/ Yoast SEO plugin. -->","yoast_head_json":{"title":"Pr\u00e9sidentielle en C\u00f4te d'Ivoire : Le parti de Gbagbo saisit le Conseil constitutionnel - R\u00e9veil Info","robots":{"index":"noindex","follow":"follow","max-snippet":"max-snippet:-1","max-image-preview":"max-image-preview:large","max-video-preview":"max-video-preview:-1"},"og_locale":"fr_FR","og_type":"article","og_title":"Pr\u00e9sidentielle en C\u00f4te d'Ivoire : Le parti de Gbagbo saisit le Conseil constitutionnel - R\u00e9veil Info","og_description":"Le PPA-CI, le parti de l\u2019ex-pr\u00e9sident ivoirien, Laurent Gbagbo, annonce avoir adress\u00e9 au Conseil constitutionnel","og_url":"https:\/\/reveil-info.net\/?p=30442","og_site_name":"R\u00e9veil Info","article_published_time":"2025-09-03T11:15:59+00:00","article_modified_time":"2025-09-03T11:36:44+00:00","og_image":[{"width":1024,"height":819,"url":"https:\/\/reveil-info.net\/wp-content\/uploads\/2025\/09\/68b73fdbe0224_12121.jpg","type":"image\/jpeg"}],"author":"R\u00e9veil info","twitter_card":"summary_large_image","twitter_misc":{"\u00c9crit par":"R\u00e9veil info","Dur\u00e9e de lecture estim\u00e9e":"5 minutes"},"schema":{"@context":"https:\/\/schema.org","@graph":[{"@type":"Article","@id":"https:\/\/reveil-info.net\/?p=30442#article","isPartOf":{"@id":"https:\/\/reveil-info.net\/?p=30442"},"author":{"name":"R\u00e9veil info","@id":"https:\/\/reveil-info.net\/#\/schema\/person\/ca0cc8e70088e0a2b5e92556c1ee60f5"},"headline":"Pr\u00e9sidentielle en C\u00f4te d&rsquo;Ivoire : Le parti de Gbagbo saisit le Conseil constitutionnel","datePublished":"2025-09-03T11:15:59+00:00","dateModified":"2025-09-03T11:36:44+00:00","mainEntityOfPage":{"@id":"https:\/\/reveil-info.net\/?p=30442"},"wordCount":892,"commentCount":0,"publisher":{"@id":"https:\/\/reveil-info.net\/#organization"},"image":{"@id":"https:\/\/reveil-info.net\/?p=30442#primaryimage"},"thumbnailUrl":"https:\/\/reveil-info.net\/wp-content\/uploads\/2025\/09\/68b73fdbe0224_12121.jpg","articleSection":["Actualit\u00e9","International"],"inLanguage":"fr-FR","potentialAction":[{"@type":"CommentAction","name":"Comment","target":["https:\/\/reveil-info.net\/?p=30442#respond"]}]},{"@type":"WebPage","@id":"https:\/\/reveil-info.net\/?p=30442","url":"https:\/\/reveil-info.net\/?p=30442","name":"Pr\u00e9sidentielle en C\u00f4te d'Ivoire : Le parti de Gbagbo saisit le Conseil constitutionnel - R\u00e9veil Info","isPartOf":{"@id":"https:\/\/reveil-info.net\/#website"},"primaryImageOfPage":{"@id":"https:\/\/reveil-info.net\/?p=30442#primaryimage"},"image":{"@id":"https:\/\/reveil-info.net\/?p=30442#primaryimage"},"thumbnailUrl":"https:\/\/reveil-info.net\/wp-content\/uploads\/2025\/09\/68b73fdbe0224_12121.jpg","datePublished":"2025-09-03T11:15:59+00:00","dateModified":"2025-09-03T11:36:44+00:00","breadcrumb":{"@id":"https:\/\/reveil-info.net\/?p=30442#breadcrumb"},"inLanguage":"fr-FR","potentialAction":[{"@type":"ReadAction","target":["https:\/\/reveil-info.net\/?p=30442"]}]},{"@type":"ImageObject","inLanguage":"fr-FR","@id":"https:\/\/reveil-info.net\/?p=30442#primaryimage","url":"https:\/\/reveil-info.net\/wp-content\/uploads\/2025\/09\/68b73fdbe0224_12121.jpg","contentUrl":"https:\/\/reveil-info.net\/wp-content\/uploads\/2025\/09\/68b73fdbe0224_12121.jpg","width":1024,"height":819},{"@type":"BreadcrumbList","@id":"https:\/\/reveil-info.net\/?p=30442#breadcrumb","itemListElement":[{"@type":"ListItem","position":1,"name":"Home","item":"https:\/\/reveil-info.net\/"},{"@type":"ListItem","position":2,"name":"Pr\u00e9sidentielle en C\u00f4te d&rsquo;Ivoire : Le parti de Gbagbo saisit le Conseil constitutionnel"}]},{"@type":"WebSite","@id":"https:\/\/reveil-info.net\/#website","url":"https:\/\/reveil-info.net\/","name":"R\u00e9veil Info","description":"Le devoir d&#039;informer!","publisher":{"@id":"https:\/\/reveil-info.net\/#organization"},"potentialAction":[{"@type":"SearchAction","target":{"@type":"EntryPoint","urlTemplate":"https:\/\/reveil-info.net\/?s={search_term_string}"},"query-input":{"@type":"PropertyValueSpecification","valueRequired":true,"valueName":"search_term_string"}}],"inLanguage":"fr-FR"},{"@type":"Organization","@id":"https:\/\/reveil-info.net\/#organization","name":"R\u00e9veil Info","url":"https:\/\/reveil-info.net\/","logo":{"@type":"ImageObject","inLanguage":"fr-FR","@id":"https:\/\/reveil-info.net\/#\/schema\/logo\/image\/","url":"https:\/\/reveil-info.net\/wp-content\/uploads\/2024\/07\/bnddd1.jpg","contentUrl":"https:\/\/reveil-info.net\/wp-content\/uploads\/2024\/07\/bnddd1.jpg","width":903,"height":125,"caption":"R\u00e9veil Info"},"image":{"@id":"https:\/\/reveil-info.net\/#\/schema\/logo\/image\/"}},{"@type":"Person","@id":"https:\/\/reveil-info.net\/#\/schema\/person\/ca0cc8e70088e0a2b5e92556c1ee60f5","name":"R\u00e9veil info","image":{"@type":"ImageObject","inLanguage":"fr-FR","@id":"https:\/\/secure.gravatar.com\/avatar\/e4ad5bb743c8b6cb174d9df6c7d30a8a16f6889731241345fc6444e6485f02af?s=96&d=mm&r=g","url":"https:\/\/secure.gravatar.com\/avatar\/e4ad5bb743c8b6cb174d9df6c7d30a8a16f6889731241345fc6444e6485f02af?s=96&d=mm&r=g","contentUrl":"https:\/\/secure.gravatar.com\/avatar\/e4ad5bb743c8b6cb174d9df6c7d30a8a16f6889731241345fc6444e6485f02af?s=96&d=mm&r=g","caption":"R\u00e9veil info"},"sameAs":["https:\/\/reveil-info.net"],"url":"https:\/\/reveil-info.net\/?author=1"}]}},"jetpack_featured_media_url":"https:\/\/reveil-info.net\/wp-content\/uploads\/2025\/09\/68b73fdbe0224_12121.jpg","featured_image_urls":{"full":["https:\/\/reveil-info.net\/wp-content\/uploads\/2025\/09\/68b73fdbe0224_12121.jpg",1024,819,false],"thumbnail":["https:\/\/reveil-info.net\/wp-content\/uploads\/2025\/09\/68b73fdbe0224_12121-150x150.jpg",150,150,true],"medium":["https:\/\/reveil-info.net\/wp-content\/uploads\/2025\/09\/68b73fdbe0224_12121-300x240.jpg",300,240,true],"medium_large":["https:\/\/reveil-info.net\/wp-content\/uploads\/2025\/09\/68b73fdbe0224_12121-768x614.jpg",640,512,true],"large":["https:\/\/reveil-info.net\/wp-content\/uploads\/2025\/09\/68b73fdbe0224_12121.jpg",640,512,false],"1536x1536":["https:\/\/reveil-info.net\/wp-content\/uploads\/2025\/09\/68b73fdbe0224_12121.jpg",1024,819,false],"2048x2048":["https:\/\/reveil-info.net\/wp-content\/uploads\/2025\/09\/68b73fdbe0224_12121.jpg",1024,819,false],"chromenews-featured":["https:\/\/reveil-info.net\/wp-content\/uploads\/2025\/09\/68b73fdbe0224_12121.jpg",1024,819,false],"chromenews-large":["https:\/\/reveil-info.net\/wp-content\/uploads\/2025\/09\/68b73fdbe0224_12121-825x575.jpg",825,575,true],"chromenews-medium":["https:\/\/reveil-info.net\/wp-content\/uploads\/2025\/09\/68b73fdbe0224_12121-590x410.jpg",590,410,true]},"author_info":{"display_name":"R\u00e9veil info","author_link":"https:\/\/reveil-info.net\/?author=1"},"category_info":"<a href=\"https:\/\/reveil-info.net\/?cat=2\" rel=\"category\">Actualit\u00e9<\/a> <a href=\"https:\/\/reveil-info.net\/?cat=8\" rel=\"category\">International<\/a>","tag_info":"International","comment_count":"0","_links":{"self":[{"href":"https:\/\/reveil-info.net\/index.php?rest_route=\/wp\/v2\/posts\/30442","targetHints":{"allow":["GET"]}}],"collection":[{"href":"https:\/\/reveil-info.net\/index.php?rest_route=\/wp\/v2\/posts"}],"about":[{"href":"https:\/\/reveil-info.net\/index.php?rest_route=\/wp\/v2\/types\/post"}],"author":[{"embeddable":true,"href":"https:\/\/reveil-info.net\/index.php?rest_route=\/wp\/v2\/users\/1"}],"replies":[{"embeddable":true,"href":"https:\/\/reveil-info.net\/index.php?rest_route=%2Fwp%2Fv2%2Fcomments&post=30442"}],"version-history":[{"count":7,"href":"https:\/\/reveil-info.net\/index.php?rest_route=\/wp\/v2\/posts\/30442\/revisions"}],"predecessor-version":[{"id":30450,"href":"https:\/\/reveil-info.net\/index.php?rest_route=\/wp\/v2\/posts\/30442\/revisions\/30450"}],"wp:featuredmedia":[{"embeddable":true,"href":"https:\/\/reveil-info.net\/index.php?rest_route=\/wp\/v2\/media\/30447"}],"wp:attachment":[{"href":"https:\/\/reveil-info.net\/index.php?rest_route=%2Fwp%2Fv2%2Fmedia&parent=30442"}],"wp:term":[{"taxonomy":"category","embeddable":true,"href":"https:\/\/reveil-info.net\/index.php?rest_route=%2Fwp%2Fv2%2Fcategories&post=30442"},{"taxonomy":"post_tag","embeddable":true,"href":"https:\/\/reveil-info.net\/index.php?rest_route=%2Fwp%2Fv2%2Ftags&post=30442"}],"curies":[{"name":"wp","href":"https:\/\/api.w.org\/{rel}","templated":true}]}}