{"id":30176,"date":"2025-08-30T14:17:27","date_gmt":"2025-08-30T14:17:27","guid":{"rendered":"https:\/\/reveil-info.net\/?p=30176"},"modified":"2025-08-30T14:20:59","modified_gmt":"2025-08-30T14:20:59","slug":"burkina-le-congres-americain-salut-lavancee-de-la-reconquete-du-territoire","status":"publish","type":"post","link":"https:\/\/reveil-info.net\/?p=30176","title":{"rendered":"Burkina : le Congr\u00e8s Am\u00e9ricain salue l&rsquo;avanc\u00e9e de la reconqu\u00eate du territoire"},"content":{"rendered":"<p>Ouagadougou, 30 ao\u00fbt 2025 (AIB)-Le Congr\u00e8s am\u00e9ricain a salu\u00e9 hier vendredi, l&rsquo;avanc\u00e9e de la reconqu\u00eate territoriale et les r\u00e9ussites de l&rsquo;offensive agricole.<\/p>\n<p>Le pr\u00e9sident de l\u2019Assembl\u00e9e l\u00e9gislative de transition (ALT), Dr Ousmane Bougouma, a re\u00e7u en audience, le vendredi 29 ao\u00fbt 2025, une d\u00e9l\u00e9gation du Congr\u00e8s am\u00e9ricain conduite par le s\u00e9nateur James Austin Scott.<\/p>\n<p><img loading=\"lazy\" decoding=\"async\" class=\"alignnone size-full wp-image-30181\" src=\"https:\/\/reveil-info.net\/wp-content\/uploads\/2025\/08\/FB_IMG_17565631960841889.jpg\" alt=\"\" width=\"720\" height=\"878\" srcset=\"https:\/\/reveil-info.net\/wp-content\/uploads\/2025\/08\/FB_IMG_17565631960841889.jpg 720w, https:\/\/reveil-info.net\/wp-content\/uploads\/2025\/08\/FB_IMG_17565631960841889-246x300.jpg 246w\" sizes=\"auto, (max-width: 720px) 100vw, 720px\" \/><\/p>\n<p>Les \u00e9changes ont port\u00e9 sur les enjeux de d\u00e9veloppement communs, notamment dans les domaines \u00e9conomique, agricole et s\u00e9curitaire.<\/p>\n<p>L\u2019Honorable Scott a salu\u00e9 les efforts du gouvernement burkinab\u00e8, en particulier le succ\u00e8s de l\u2019offensive agricole ainsi que les avanc\u00e9es enregistr\u00e9es dans la reconqu\u00eate du territoire national et le dynamisme du secteur \u00e9conomique.<\/p>\n<p><img loading=\"lazy\" decoding=\"async\" class=\"alignnone size-full wp-image-30182\" src=\"https:\/\/reveil-info.net\/wp-content\/uploads\/2025\/08\/FB_IMG_17565632030674140.jpg\" alt=\"\" width=\"720\" height=\"479\" srcset=\"https:\/\/reveil-info.net\/wp-content\/uploads\/2025\/08\/FB_IMG_17565632030674140.jpg 720w, https:\/\/reveil-info.net\/wp-content\/uploads\/2025\/08\/FB_IMG_17565632030674140-300x200.jpg 300w\" sizes=\"auto, (max-width: 720px) 100vw, 720px\" \/><\/p>\n<p>Pour sa part, Dr Ousmane Bougouma a exprim\u00e9 sa gratitude pour cette marque de consid\u00e9ration et de sympathie, soulignant que cette rencontre ouvre la voie \u00e0 un renforcement des liens de coop\u00e9ration et d\u2019amiti\u00e9 entre le Burkina Faso et les \u00c9tats-Unis d&rsquo;Am\u00e9rique.<br \/>\nAgence d\u2019Information du Burkina<br \/>\nSource : ALT<\/p>\n<p>Reveil-info<\/p>\n","protected":false},"excerpt":{"rendered":"<p>Ouagadougou, 30 ao\u00fbt 2025 (AIB)-Le Congr\u00e8s am\u00e9ricain a salu\u00e9 hier vendredi, l&rsquo;avanc\u00e9e de la reconqu\u00eate<\/p>\n","protected":false},"author":1,"featured_media":30179,"comment_status":"open","ping_status":"open","sticky":false,"template":"","format":"standard","meta":{"footnotes":""},"categories":[39,2],"tags":[],"class_list":["post-30176","post","type-post","status-publish","format-standard","has-post-thumbnail","hentry","category-une","category-actu"],"yoast_head":"<!-- This site is optimized with the Yoast SEO plugin v27.5 - https:\/\/yoast.com\/product\/yoast-seo-wordpress\/ -->\n<title>Burkina : le Congr\u00e8s Am\u00e9ricain salue l&#039;avanc\u00e9e de la reconqu\u00eate du territoire - R\u00e9veil Info<\/title>\n<meta name=\"robots\" content=\"noindex, follow, max-snippet:-1, max-image-preview:large, max-video-preview:-1\" \/>\n<meta property=\"og:locale\" content=\"fr_FR\" \/>\n<meta property=\"og:type\" content=\"article\" \/>\n<meta property=\"og:title\" content=\"Burkina : le Congr\u00e8s Am\u00e9ricain salue l&#039;avanc\u00e9e de la reconqu\u00eate du territoire - R\u00e9veil Info\" \/>\n<meta property=\"og:description\" content=\"Ouagadougou, 30 ao\u00fbt 2025 (AIB)-Le Congr\u00e8s am\u00e9ricain a salu\u00e9 hier vendredi, l&rsquo;avanc\u00e9e de la reconqu\u00eate\" \/>\n<meta property=\"og:url\" content=\"https:\/\/reveil-info.net\/?p=30176\" \/>\n<meta property=\"og:site_name\" content=\"R\u00e9veil Info\" \/>\n<meta property=\"article:published_time\" content=\"2025-08-30T14:17:27+00:00\" \/>\n<meta property=\"article:modified_time\" content=\"2025-08-30T14:20:59+00:00\" \/>\n<meta property=\"og:image\" content=\"https:\/\/reveil-info.net\/wp-content\/uploads\/2025\/08\/FB_IMG_17565631996944744.jpg\" \/>\n\t<meta property=\"og:image:width\" content=\"720\" \/>\n\t<meta property=\"og:image:height\" content=\"617\" \/>\n\t<meta property=\"og:image:type\" content=\"image\/jpeg\" \/>\n<meta name=\"author\" content=\"R\u00e9veil info\" \/>\n<meta name=\"twitter:card\" content=\"summary_large_image\" \/>\n<meta name=\"twitter:label1\" content=\"\u00c9crit par\" \/>\n\t<meta name=\"twitter:data1\" content=\"R\u00e9veil info\" \/>\n\t<meta name=\"twitter:label2\" content=\"Dur\u00e9e de lecture estim\u00e9e\" \/>\n\t<meta name=\"twitter:data2\" content=\"2 minutes\" \/>\n<script type=\"application\/ld+json\" class=\"yoast-schema-graph\">{\"@context\":\"https:\\\/\\\/schema.org\",\"@graph\":[{\"@type\":\"Article\",\"@id\":\"https:\\\/\\\/reveil-info.net\\\/?p=30176#article\",\"isPartOf\":{\"@id\":\"https:\\\/\\\/reveil-info.net\\\/?p=30176\"},\"author\":{\"name\":\"R\u00e9veil info\",\"@id\":\"https:\\\/\\\/reveil-info.net\\\/#\\\/schema\\\/person\\\/ca0cc8e70088e0a2b5e92556c1ee60f5\"},\"headline\":\"Burkina : le Congr\u00e8s Am\u00e9ricain salue l&rsquo;avanc\u00e9e de la reconqu\u00eate du territoire\",\"datePublished\":\"2025-08-30T14:17:27+00:00\",\"dateModified\":\"2025-08-30T14:20:59+00:00\",\"mainEntityOfPage\":{\"@id\":\"https:\\\/\\\/reveil-info.net\\\/?p=30176\"},\"wordCount\":199,\"commentCount\":0,\"publisher\":{\"@id\":\"https:\\\/\\\/reveil-info.net\\\/#organization\"},\"image\":{\"@id\":\"https:\\\/\\\/reveil-info.net\\\/?p=30176#primaryimage\"},\"thumbnailUrl\":\"https:\\\/\\\/reveil-info.net\\\/wp-content\\\/uploads\\\/2025\\\/08\\\/FB_IMG_17565631996944744.jpg\",\"articleSection\":[\"A la une\",\"Actualit\u00e9\"],\"inLanguage\":\"fr-FR\",\"potentialAction\":[{\"@type\":\"CommentAction\",\"name\":\"Comment\",\"target\":[\"https:\\\/\\\/reveil-info.net\\\/?p=30176#respond\"]}]},{\"@type\":\"WebPage\",\"@id\":\"https:\\\/\\\/reveil-info.net\\\/?p=30176\",\"url\":\"https:\\\/\\\/reveil-info.net\\\/?p=30176\",\"name\":\"Burkina : le Congr\u00e8s Am\u00e9ricain salue l'avanc\u00e9e de la reconqu\u00eate du territoire - R\u00e9veil Info\",\"isPartOf\":{\"@id\":\"https:\\\/\\\/reveil-info.net\\\/#website\"},\"primaryImageOfPage\":{\"@id\":\"https:\\\/\\\/reveil-info.net\\\/?p=30176#primaryimage\"},\"image\":{\"@id\":\"https:\\\/\\\/reveil-info.net\\\/?p=30176#primaryimage\"},\"thumbnailUrl\":\"https:\\\/\\\/reveil-info.net\\\/wp-content\\\/uploads\\\/2025\\\/08\\\/FB_IMG_17565631996944744.jpg\",\"datePublished\":\"2025-08-30T14:17:27+00:00\",\"dateModified\":\"2025-08-30T14:20:59+00:00\",\"breadcrumb\":{\"@id\":\"https:\\\/\\\/reveil-info.net\\\/?p=30176#breadcrumb\"},\"inLanguage\":\"fr-FR\",\"potentialAction\":[{\"@type\":\"ReadAction\",\"target\":[\"https:\\\/\\\/reveil-info.net\\\/?p=30176\"]}]},{\"@type\":\"ImageObject\",\"inLanguage\":\"fr-FR\",\"@id\":\"https:\\\/\\\/reveil-info.net\\\/?p=30176#primaryimage\",\"url\":\"https:\\\/\\\/reveil-info.net\\\/wp-content\\\/uploads\\\/2025\\\/08\\\/FB_IMG_17565631996944744.jpg\",\"contentUrl\":\"https:\\\/\\\/reveil-info.net\\\/wp-content\\\/uploads\\\/2025\\\/08\\\/FB_IMG_17565631996944744.jpg\",\"width\":720,\"height\":617},{\"@type\":\"BreadcrumbList\",\"@id\":\"https:\\\/\\\/reveil-info.net\\\/?p=30176#breadcrumb\",\"itemListElement\":[{\"@type\":\"ListItem\",\"position\":1,\"name\":\"Home\",\"item\":\"https:\\\/\\\/reveil-info.net\\\/\"},{\"@type\":\"ListItem\",\"position\":2,\"name\":\"Burkina : le Congr\u00e8s Am\u00e9ricain salue l&rsquo;avanc\u00e9e de la reconqu\u00eate du territoire\"}]},{\"@type\":\"WebSite\",\"@id\":\"https:\\\/\\\/reveil-info.net\\\/#website\",\"url\":\"https:\\\/\\\/reveil-info.net\\\/\",\"name\":\"R\u00e9veil Info\",\"description\":\"Le devoir d&#039;informer!\",\"publisher\":{\"@id\":\"https:\\\/\\\/reveil-info.net\\\/#organization\"},\"potentialAction\":[{\"@type\":\"SearchAction\",\"target\":{\"@type\":\"EntryPoint\",\"urlTemplate\":\"https:\\\/\\\/reveil-info.net\\\/?s={search_term_string}\"},\"query-input\":{\"@type\":\"PropertyValueSpecification\",\"valueRequired\":true,\"valueName\":\"search_term_string\"}}],\"inLanguage\":\"fr-FR\"},{\"@type\":\"Organization\",\"@id\":\"https:\\\/\\\/reveil-info.net\\\/#organization\",\"name\":\"R\u00e9veil Info\",\"url\":\"https:\\\/\\\/reveil-info.net\\\/\",\"logo\":{\"@type\":\"ImageObject\",\"inLanguage\":\"fr-FR\",\"@id\":\"https:\\\/\\\/reveil-info.net\\\/#\\\/schema\\\/logo\\\/image\\\/\",\"url\":\"https:\\\/\\\/reveil-info.net\\\/wp-content\\\/uploads\\\/2024\\\/07\\\/bnddd1.jpg\",\"contentUrl\":\"https:\\\/\\\/reveil-info.net\\\/wp-content\\\/uploads\\\/2024\\\/07\\\/bnddd1.jpg\",\"width\":903,\"height\":125,\"caption\":\"R\u00e9veil Info\"},\"image\":{\"@id\":\"https:\\\/\\\/reveil-info.net\\\/#\\\/schema\\\/logo\\\/image\\\/\"}},{\"@type\":\"Person\",\"@id\":\"https:\\\/\\\/reveil-info.net\\\/#\\\/schema\\\/person\\\/ca0cc8e70088e0a2b5e92556c1ee60f5\",\"name\":\"R\u00e9veil info\",\"image\":{\"@type\":\"ImageObject\",\"inLanguage\":\"fr-FR\",\"@id\":\"https:\\\/\\\/secure.gravatar.com\\\/avatar\\\/e4ad5bb743c8b6cb174d9df6c7d30a8a16f6889731241345fc6444e6485f02af?s=96&d=mm&r=g\",\"url\":\"https:\\\/\\\/secure.gravatar.com\\\/avatar\\\/e4ad5bb743c8b6cb174d9df6c7d30a8a16f6889731241345fc6444e6485f02af?s=96&d=mm&r=g\",\"contentUrl\":\"https:\\\/\\\/secure.gravatar.com\\\/avatar\\\/e4ad5bb743c8b6cb174d9df6c7d30a8a16f6889731241345fc6444e6485f02af?s=96&d=mm&r=g\",\"caption\":\"R\u00e9veil info\"},\"sameAs\":[\"https:\\\/\\\/reveil-info.net\"],\"url\":\"https:\\\/\\\/reveil-info.net\\\/?author=1\"}]}<\/script>\n<!-- \/ Yoast SEO plugin. -->","yoast_head_json":{"title":"Burkina : le Congr\u00e8s Am\u00e9ricain salue l'avanc\u00e9e de la reconqu\u00eate du territoire - R\u00e9veil Info","robots":{"index":"noindex","follow":"follow","max-snippet":"max-snippet:-1","max-image-preview":"max-image-preview:large","max-video-preview":"max-video-preview:-1"},"og_locale":"fr_FR","og_type":"article","og_title":"Burkina : le Congr\u00e8s Am\u00e9ricain salue l'avanc\u00e9e de la reconqu\u00eate du territoire - R\u00e9veil Info","og_description":"Ouagadougou, 30 ao\u00fbt 2025 (AIB)-Le Congr\u00e8s am\u00e9ricain a salu\u00e9 hier vendredi, l&rsquo;avanc\u00e9e de la reconqu\u00eate","og_url":"https:\/\/reveil-info.net\/?p=30176","og_site_name":"R\u00e9veil Info","article_published_time":"2025-08-30T14:17:27+00:00","article_modified_time":"2025-08-30T14:20:59+00:00","og_image":[{"width":720,"height":617,"url":"https:\/\/reveil-info.net\/wp-content\/uploads\/2025\/08\/FB_IMG_17565631996944744.jpg","type":"image\/jpeg"}],"author":"R\u00e9veil info","twitter_card":"summary_large_image","twitter_misc":{"\u00c9crit par":"R\u00e9veil info","Dur\u00e9e de lecture estim\u00e9e":"2 minutes"},"schema":{"@context":"https:\/\/schema.org","@graph":[{"@type":"Article","@id":"https:\/\/reveil-info.net\/?p=30176#article","isPartOf":{"@id":"https:\/\/reveil-info.net\/?p=30176"},"author":{"name":"R\u00e9veil info","@id":"https:\/\/reveil-info.net\/#\/schema\/person\/ca0cc8e70088e0a2b5e92556c1ee60f5"},"headline":"Burkina : le Congr\u00e8s Am\u00e9ricain salue l&rsquo;avanc\u00e9e de la reconqu\u00eate du territoire","datePublished":"2025-08-30T14:17:27+00:00","dateModified":"2025-08-30T14:20:59+00:00","mainEntityOfPage":{"@id":"https:\/\/reveil-info.net\/?p=30176"},"wordCount":199,"commentCount":0,"publisher":{"@id":"https:\/\/reveil-info.net\/#organization"},"image":{"@id":"https:\/\/reveil-info.net\/?p=30176#primaryimage"},"thumbnailUrl":"https:\/\/reveil-info.net\/wp-content\/uploads\/2025\/08\/FB_IMG_17565631996944744.jpg","articleSection":["A la une","Actualit\u00e9"],"inLanguage":"fr-FR","potentialAction":[{"@type":"CommentAction","name":"Comment","target":["https:\/\/reveil-info.net\/?p=30176#respond"]}]},{"@type":"WebPage","@id":"https:\/\/reveil-info.net\/?p=30176","url":"https:\/\/reveil-info.net\/?p=30176","name":"Burkina : le Congr\u00e8s Am\u00e9ricain salue l'avanc\u00e9e de la reconqu\u00eate du territoire - R\u00e9veil Info","isPartOf":{"@id":"https:\/\/reveil-info.net\/#website"},"primaryImageOfPage":{"@id":"https:\/\/reveil-info.net\/?p=30176#primaryimage"},"image":{"@id":"https:\/\/reveil-info.net\/?p=30176#primaryimage"},"thumbnailUrl":"https:\/\/reveil-info.net\/wp-content\/uploads\/2025\/08\/FB_IMG_17565631996944744.jpg","datePublished":"2025-08-30T14:17:27+00:00","dateModified":"2025-08-30T14:20:59+00:00","breadcrumb":{"@id":"https:\/\/reveil-info.net\/?p=30176#breadcrumb"},"inLanguage":"fr-FR","potentialAction":[{"@type":"ReadAction","target":["https:\/\/reveil-info.net\/?p=30176"]}]},{"@type":"ImageObject","inLanguage":"fr-FR","@id":"https:\/\/reveil-info.net\/?p=30176#primaryimage","url":"https:\/\/reveil-info.net\/wp-content\/uploads\/2025\/08\/FB_IMG_17565631996944744.jpg","contentUrl":"https:\/\/reveil-info.net\/wp-content\/uploads\/2025\/08\/FB_IMG_17565631996944744.jpg","width":720,"height":617},{"@type":"BreadcrumbList","@id":"https:\/\/reveil-info.net\/?p=30176#breadcrumb","itemListElement":[{"@type":"ListItem","position":1,"name":"Home","item":"https:\/\/reveil-info.net\/"},{"@type":"ListItem","position":2,"name":"Burkina : le Congr\u00e8s Am\u00e9ricain salue l&rsquo;avanc\u00e9e de la reconqu\u00eate du territoire"}]},{"@type":"WebSite","@id":"https:\/\/reveil-info.net\/#website","url":"https:\/\/reveil-info.net\/","name":"R\u00e9veil Info","description":"Le devoir d&#039;informer!","publisher":{"@id":"https:\/\/reveil-info.net\/#organization"},"potentialAction":[{"@type":"SearchAction","target":{"@type":"EntryPoint","urlTemplate":"https:\/\/reveil-info.net\/?s={search_term_string}"},"query-input":{"@type":"PropertyValueSpecification","valueRequired":true,"valueName":"search_term_string"}}],"inLanguage":"fr-FR"},{"@type":"Organization","@id":"https:\/\/reveil-info.net\/#organization","name":"R\u00e9veil Info","url":"https:\/\/reveil-info.net\/","logo":{"@type":"ImageObject","inLanguage":"fr-FR","@id":"https:\/\/reveil-info.net\/#\/schema\/logo\/image\/","url":"https:\/\/reveil-info.net\/wp-content\/uploads\/2024\/07\/bnddd1.jpg","contentUrl":"https:\/\/reveil-info.net\/wp-content\/uploads\/2024\/07\/bnddd1.jpg","width":903,"height":125,"caption":"R\u00e9veil Info"},"image":{"@id":"https:\/\/reveil-info.net\/#\/schema\/logo\/image\/"}},{"@type":"Person","@id":"https:\/\/reveil-info.net\/#\/schema\/person\/ca0cc8e70088e0a2b5e92556c1ee60f5","name":"R\u00e9veil info","image":{"@type":"ImageObject","inLanguage":"fr-FR","@id":"https:\/\/secure.gravatar.com\/avatar\/e4ad5bb743c8b6cb174d9df6c7d30a8a16f6889731241345fc6444e6485f02af?s=96&d=mm&r=g","url":"https:\/\/secure.gravatar.com\/avatar\/e4ad5bb743c8b6cb174d9df6c7d30a8a16f6889731241345fc6444e6485f02af?s=96&d=mm&r=g","contentUrl":"https:\/\/secure.gravatar.com\/avatar\/e4ad5bb743c8b6cb174d9df6c7d30a8a16f6889731241345fc6444e6485f02af?s=96&d=mm&r=g","caption":"R\u00e9veil info"},"sameAs":["https:\/\/reveil-info.net"],"url":"https:\/\/reveil-info.net\/?author=1"}]}},"jetpack_featured_media_url":"https:\/\/reveil-info.net\/wp-content\/uploads\/2025\/08\/FB_IMG_17565631996944744.jpg","featured_image_urls":{"full":["https:\/\/reveil-info.net\/wp-content\/uploads\/2025\/08\/FB_IMG_17565631996944744.jpg",720,617,false],"thumbnail":["https:\/\/reveil-info.net\/wp-content\/uploads\/2025\/08\/FB_IMG_17565631996944744-150x150.jpg",150,150,true],"medium":["https:\/\/reveil-info.net\/wp-content\/uploads\/2025\/08\/FB_IMG_17565631996944744-300x257.jpg",300,257,true],"medium_large":["https:\/\/reveil-info.net\/wp-content\/uploads\/2025\/08\/FB_IMG_17565631996944744.jpg",640,548,false],"large":["https:\/\/reveil-info.net\/wp-content\/uploads\/2025\/08\/FB_IMG_17565631996944744.jpg",640,548,false],"1536x1536":["https:\/\/reveil-info.net\/wp-content\/uploads\/2025\/08\/FB_IMG_17565631996944744.jpg",720,617,false],"2048x2048":["https:\/\/reveil-info.net\/wp-content\/uploads\/2025\/08\/FB_IMG_17565631996944744.jpg",720,617,false],"chromenews-featured":["https:\/\/reveil-info.net\/wp-content\/uploads\/2025\/08\/FB_IMG_17565631996944744.jpg",720,617,false],"chromenews-large":["https:\/\/reveil-info.net\/wp-content\/uploads\/2025\/08\/FB_IMG_17565631996944744-720x575.jpg",720,575,true],"chromenews-medium":["https:\/\/reveil-info.net\/wp-content\/uploads\/2025\/08\/FB_IMG_17565631996944744-590x410.jpg",590,410,true]},"author_info":{"display_name":"R\u00e9veil info","author_link":"https:\/\/reveil-info.net\/?author=1"},"category_info":"<a href=\"https:\/\/reveil-info.net\/?cat=39\" rel=\"category\">A la une<\/a> <a href=\"https:\/\/reveil-info.net\/?cat=2\" rel=\"category\">Actualit\u00e9<\/a>","tag_info":"Actualit\u00e9","comment_count":"0","_links":{"self":[{"href":"https:\/\/reveil-info.net\/index.php?rest_route=\/wp\/v2\/posts\/30176","targetHints":{"allow":["GET"]}}],"collection":[{"href":"https:\/\/reveil-info.net\/index.php?rest_route=\/wp\/v2\/posts"}],"about":[{"href":"https:\/\/reveil-info.net\/index.php?rest_route=\/wp\/v2\/types\/post"}],"author":[{"embeddable":true,"href":"https:\/\/reveil-info.net\/index.php?rest_route=\/wp\/v2\/users\/1"}],"replies":[{"embeddable":true,"href":"https:\/\/reveil-info.net\/index.php?rest_route=%2Fwp%2Fv2%2Fcomments&post=30176"}],"version-history":[{"count":6,"href":"https:\/\/reveil-info.net\/index.php?rest_route=\/wp\/v2\/posts\/30176\/revisions"}],"predecessor-version":[{"id":30185,"href":"https:\/\/reveil-info.net\/index.php?rest_route=\/wp\/v2\/posts\/30176\/revisions\/30185"}],"wp:featuredmedia":[{"embeddable":true,"href":"https:\/\/reveil-info.net\/index.php?rest_route=\/wp\/v2\/media\/30179"}],"wp:attachment":[{"href":"https:\/\/reveil-info.net\/index.php?rest_route=%2Fwp%2Fv2%2Fmedia&parent=30176"}],"wp:term":[{"taxonomy":"category","embeddable":true,"href":"https:\/\/reveil-info.net\/index.php?rest_route=%2Fwp%2Fv2%2Fcategories&post=30176"},{"taxonomy":"post_tag","embeddable":true,"href":"https:\/\/reveil-info.net\/index.php?rest_route=%2Fwp%2Fv2%2Ftags&post=30176"}],"curies":[{"name":"wp","href":"https:\/\/api.w.org\/{rel}","templated":true}]}}