{"id":30059,"date":"2025-08-28T16:16:16","date_gmt":"2025-08-28T16:16:16","guid":{"rendered":"https:\/\/reveil-info.net\/?p=30059"},"modified":"2025-08-28T16:16:16","modified_gmt":"2025-08-28T16:16:16","slug":"yann-vezilier-la-nouvelle-opposition-mali-france","status":"publish","type":"post","link":"https:\/\/reveil-info.net\/?p=30059","title":{"rendered":"Yann Vezilier : La nouvelle opposition Mali-France"},"content":{"rendered":"<p><strong>L\u2019arrestation de Yann Vezilier, ressortissant fran\u00e7ais et agent de la DGSE, a raviv\u00e9 les tensions d\u00e9j\u00e0 vives entre Paris et les autorit\u00e9s maliennes de Transition. Pr\u00e9sent\u00e9 par Bamako comme un acteur cl\u00e9 d\u2019un pr\u00e9sum\u00e9 complot contre les institutions, il se retrouve au c\u0153ur d\u2019un bras de fer \u00e0 fort relent.<\/strong><\/p>\n<p>&nbsp;<\/p>\n<p>Le 14 ao\u00fbt, Yann Vezilier est interpell\u00e9 lors d\u2019une vaste op\u00e9ration des services de s\u00e9curit\u00e9 maliens. Selon les autorit\u00e9s, il aurait orchestr\u00e9 une tentative de d\u00e9stabilisation impliquant des responsables politiques, des militaires dont les g\u00e9n\u00e9raux Abass Demb\u00e9l\u00e9 et Nema Sagara ainsi que des civils. Cette arrestation s\u2019inscrit dans une s\u00e9rie de purges visant une dizaine de personnes accus\u00e9es de fomenter un \u00ab\u00a0complot contre les institutions\u00a0\u00bb. Paris d\u00e9nonce une violation flagrante de la Convention de Vienne sur les relations diplomatiques. Le minist\u00e8re fran\u00e7ais des Affaires \u00e9trang\u00e8res affirme que Vezilier est un diplomate accr\u00e9dit\u00e9, b\u00e9n\u00e9ficiant de l\u2019immunit\u00e9, et exige sa lib\u00e9ration imm\u00e9diate. D\u2019abord prudente, la r\u00e9action fran\u00e7aise s\u2019est durcie le 16 ao\u00fbt. Le Quai d\u2019Orsay qualifie les accusations de \u00ab\u00a0sans fondement\u00a0\u00bb et appelle \u00e0 un dialogue pour \u00ab\u00a0dissiper tout malentendu\u00a0\u00bb. Mais derri\u00e8re ce ton mesur\u00e9, une crispation profonde s\u2019installe entre les deux capitales.<\/p>\n<p>Bamako, de son c\u00f4t\u00e9, reste inflexible. Le gouvernement de Transition affirme d\u00e9fendre la souverainet\u00e9 nationale face aux ing\u00e9rences \u00e9trang\u00e8res. Pour de nombreux observateurs, l\u2019arrestation de Vezilier d\u00e9passe le cadre d\u2019un incident diplomatique. Elle incarne une rupture assum\u00e9e entre deux \u00c9tats jadis li\u00e9s par une coop\u00e9ration militaire, s\u00e9curitaire et culturelle.<\/p>\n<p>\u00ab\u00a0Bamako ne cherche plus \u00e0 m\u00e9nager Paris. En arr\u00eatant un agent de la DGSE, les militaires au pouvoir red\u00e9finissent les r\u00e8gles du jeu, m\u00eame au m\u00e9pris du droit international \u00bb, commente un analyste. \u00ab\u00a0Ce n\u2019est pas seulement une affaire judiciaire : c\u2019est une guerre de r\u00e9cits, o\u00f9 chaque camp tente d\u2019imposer sa version\u00a0\u00bb, confie un ancien diplomate. Dans l\u2019opinion publique malienne, cette arrestation est per\u00e7ue comme le sympt\u00f4me d\u2019une recomposition g\u00e9opolitique. Elle marque la fin d\u2019une \u00e9poque, celle o\u00f9 Paris dictait les lignes rouges.<\/p>\n<p>\u00ab\u00a0Ce qui se joue ici d\u00e9passe le sort d\u2019un homme. C\u2019est une bataille pour la souverainet\u00e9, la narration, et l\u2019avenir des relations internationales en Afrique de l\u2019Ouest \u00ab\u00a0, estime un citoyen lambda.<\/p>\n<p><strong>Ousmane Mahamane<\/strong><\/p>\n<p><strong>Source : Mali Tribune<\/strong><\/p>\n<p><strong>www.reveil-info.net<\/strong><\/p>\n<p>&nbsp;<\/p>\n","protected":false},"excerpt":{"rendered":"<p>L\u2019arrestation de Yann Vezilier, ressortissant fran\u00e7ais et agent de la DGSE, a raviv\u00e9 les tensions<\/p>\n","protected":false},"author":1,"featured_media":30064,"comment_status":"open","ping_status":"open","sticky":false,"template":"","format":"standard","meta":{"footnotes":""},"categories":[2,47],"tags":[],"class_list":["post-30059","post","type-post","status-publish","format-standard","has-post-thumbnail","hentry","category-actu","category-aes"],"yoast_head":"<!-- This site is optimized with the Yoast SEO plugin v27.5 - https:\/\/yoast.com\/product\/yoast-seo-wordpress\/ -->\n<title>Yann Vezilier : La nouvelle opposition Mali-France - R\u00e9veil Info<\/title>\n<meta name=\"robots\" content=\"noindex, follow, max-snippet:-1, max-image-preview:large, max-video-preview:-1\" \/>\n<meta property=\"og:locale\" content=\"fr_FR\" \/>\n<meta property=\"og:type\" content=\"article\" \/>\n<meta property=\"og:title\" content=\"Yann Vezilier : La nouvelle opposition Mali-France - R\u00e9veil Info\" \/>\n<meta property=\"og:description\" content=\"L\u2019arrestation de Yann Vezilier, ressortissant fran\u00e7ais et agent de la DGSE, a raviv\u00e9 les tensions\" \/>\n<meta property=\"og:url\" content=\"https:\/\/reveil-info.net\/?p=30059\" \/>\n<meta property=\"og:site_name\" content=\"R\u00e9veil Info\" \/>\n<meta property=\"article:published_time\" content=\"2025-08-28T16:16:16+00:00\" \/>\n<meta property=\"og:image\" content=\"https:\/\/reveil-info.net\/wp-content\/uploads\/2025\/08\/68aea9c5a0d82_12121.jpg\" \/>\n\t<meta property=\"og:image:width\" content=\"2560\" \/>\n\t<meta property=\"og:image:height\" content=\"1439\" \/>\n\t<meta property=\"og:image:type\" content=\"image\/jpeg\" \/>\n<meta name=\"author\" content=\"R\u00e9veil info\" \/>\n<meta name=\"twitter:card\" content=\"summary_large_image\" \/>\n<meta name=\"twitter:label1\" content=\"\u00c9crit par\" \/>\n\t<meta name=\"twitter:data1\" content=\"R\u00e9veil info\" \/>\n\t<meta name=\"twitter:label2\" content=\"Dur\u00e9e de lecture estim\u00e9e\" \/>\n\t<meta name=\"twitter:data2\" content=\"3 minutes\" \/>\n<script type=\"application\/ld+json\" class=\"yoast-schema-graph\">{\"@context\":\"https:\\\/\\\/schema.org\",\"@graph\":[{\"@type\":\"Article\",\"@id\":\"https:\\\/\\\/reveil-info.net\\\/?p=30059#article\",\"isPartOf\":{\"@id\":\"https:\\\/\\\/reveil-info.net\\\/?p=30059\"},\"author\":{\"name\":\"R\u00e9veil info\",\"@id\":\"https:\\\/\\\/reveil-info.net\\\/#\\\/schema\\\/person\\\/ca0cc8e70088e0a2b5e92556c1ee60f5\"},\"headline\":\"Yann Vezilier : La nouvelle opposition Mali-France\",\"datePublished\":\"2025-08-28T16:16:16+00:00\",\"mainEntityOfPage\":{\"@id\":\"https:\\\/\\\/reveil-info.net\\\/?p=30059\"},\"wordCount\":435,\"commentCount\":0,\"publisher\":{\"@id\":\"https:\\\/\\\/reveil-info.net\\\/#organization\"},\"image\":{\"@id\":\"https:\\\/\\\/reveil-info.net\\\/?p=30059#primaryimage\"},\"thumbnailUrl\":\"https:\\\/\\\/reveil-info.net\\\/wp-content\\\/uploads\\\/2025\\\/08\\\/68aea9c5a0d82_12121.jpg\",\"articleSection\":[\"Actualit\u00e9\",\"AES\"],\"inLanguage\":\"fr-FR\",\"potentialAction\":[{\"@type\":\"CommentAction\",\"name\":\"Comment\",\"target\":[\"https:\\\/\\\/reveil-info.net\\\/?p=30059#respond\"]}]},{\"@type\":\"WebPage\",\"@id\":\"https:\\\/\\\/reveil-info.net\\\/?p=30059\",\"url\":\"https:\\\/\\\/reveil-info.net\\\/?p=30059\",\"name\":\"Yann Vezilier : La nouvelle opposition Mali-France - R\u00e9veil Info\",\"isPartOf\":{\"@id\":\"https:\\\/\\\/reveil-info.net\\\/#website\"},\"primaryImageOfPage\":{\"@id\":\"https:\\\/\\\/reveil-info.net\\\/?p=30059#primaryimage\"},\"image\":{\"@id\":\"https:\\\/\\\/reveil-info.net\\\/?p=30059#primaryimage\"},\"thumbnailUrl\":\"https:\\\/\\\/reveil-info.net\\\/wp-content\\\/uploads\\\/2025\\\/08\\\/68aea9c5a0d82_12121.jpg\",\"datePublished\":\"2025-08-28T16:16:16+00:00\",\"breadcrumb\":{\"@id\":\"https:\\\/\\\/reveil-info.net\\\/?p=30059#breadcrumb\"},\"inLanguage\":\"fr-FR\",\"potentialAction\":[{\"@type\":\"ReadAction\",\"target\":[\"https:\\\/\\\/reveil-info.net\\\/?p=30059\"]}]},{\"@type\":\"ImageObject\",\"inLanguage\":\"fr-FR\",\"@id\":\"https:\\\/\\\/reveil-info.net\\\/?p=30059#primaryimage\",\"url\":\"https:\\\/\\\/reveil-info.net\\\/wp-content\\\/uploads\\\/2025\\\/08\\\/68aea9c5a0d82_12121.jpg\",\"contentUrl\":\"https:\\\/\\\/reveil-info.net\\\/wp-content\\\/uploads\\\/2025\\\/08\\\/68aea9c5a0d82_12121.jpg\",\"width\":2560,\"height\":1439},{\"@type\":\"BreadcrumbList\",\"@id\":\"https:\\\/\\\/reveil-info.net\\\/?p=30059#breadcrumb\",\"itemListElement\":[{\"@type\":\"ListItem\",\"position\":1,\"name\":\"Home\",\"item\":\"https:\\\/\\\/reveil-info.net\\\/\"},{\"@type\":\"ListItem\",\"position\":2,\"name\":\"Yann Vezilier : La nouvelle opposition Mali-France\"}]},{\"@type\":\"WebSite\",\"@id\":\"https:\\\/\\\/reveil-info.net\\\/#website\",\"url\":\"https:\\\/\\\/reveil-info.net\\\/\",\"name\":\"R\u00e9veil Info\",\"description\":\"Le devoir d&#039;informer!\",\"publisher\":{\"@id\":\"https:\\\/\\\/reveil-info.net\\\/#organization\"},\"potentialAction\":[{\"@type\":\"SearchAction\",\"target\":{\"@type\":\"EntryPoint\",\"urlTemplate\":\"https:\\\/\\\/reveil-info.net\\\/?s={search_term_string}\"},\"query-input\":{\"@type\":\"PropertyValueSpecification\",\"valueRequired\":true,\"valueName\":\"search_term_string\"}}],\"inLanguage\":\"fr-FR\"},{\"@type\":\"Organization\",\"@id\":\"https:\\\/\\\/reveil-info.net\\\/#organization\",\"name\":\"R\u00e9veil Info\",\"url\":\"https:\\\/\\\/reveil-info.net\\\/\",\"logo\":{\"@type\":\"ImageObject\",\"inLanguage\":\"fr-FR\",\"@id\":\"https:\\\/\\\/reveil-info.net\\\/#\\\/schema\\\/logo\\\/image\\\/\",\"url\":\"https:\\\/\\\/reveil-info.net\\\/wp-content\\\/uploads\\\/2024\\\/07\\\/bnddd1.jpg\",\"contentUrl\":\"https:\\\/\\\/reveil-info.net\\\/wp-content\\\/uploads\\\/2024\\\/07\\\/bnddd1.jpg\",\"width\":903,\"height\":125,\"caption\":\"R\u00e9veil Info\"},\"image\":{\"@id\":\"https:\\\/\\\/reveil-info.net\\\/#\\\/schema\\\/logo\\\/image\\\/\"}},{\"@type\":\"Person\",\"@id\":\"https:\\\/\\\/reveil-info.net\\\/#\\\/schema\\\/person\\\/ca0cc8e70088e0a2b5e92556c1ee60f5\",\"name\":\"R\u00e9veil info\",\"image\":{\"@type\":\"ImageObject\",\"inLanguage\":\"fr-FR\",\"@id\":\"https:\\\/\\\/secure.gravatar.com\\\/avatar\\\/e4ad5bb743c8b6cb174d9df6c7d30a8a16f6889731241345fc6444e6485f02af?s=96&d=mm&r=g\",\"url\":\"https:\\\/\\\/secure.gravatar.com\\\/avatar\\\/e4ad5bb743c8b6cb174d9df6c7d30a8a16f6889731241345fc6444e6485f02af?s=96&d=mm&r=g\",\"contentUrl\":\"https:\\\/\\\/secure.gravatar.com\\\/avatar\\\/e4ad5bb743c8b6cb174d9df6c7d30a8a16f6889731241345fc6444e6485f02af?s=96&d=mm&r=g\",\"caption\":\"R\u00e9veil info\"},\"sameAs\":[\"https:\\\/\\\/reveil-info.net\"],\"url\":\"https:\\\/\\\/reveil-info.net\\\/?author=1\"}]}<\/script>\n<!-- \/ Yoast SEO plugin. -->","yoast_head_json":{"title":"Yann Vezilier : La nouvelle opposition Mali-France - R\u00e9veil Info","robots":{"index":"noindex","follow":"follow","max-snippet":"max-snippet:-1","max-image-preview":"max-image-preview:large","max-video-preview":"max-video-preview:-1"},"og_locale":"fr_FR","og_type":"article","og_title":"Yann Vezilier : La nouvelle opposition Mali-France - R\u00e9veil Info","og_description":"L\u2019arrestation de Yann Vezilier, ressortissant fran\u00e7ais et agent de la DGSE, a raviv\u00e9 les tensions","og_url":"https:\/\/reveil-info.net\/?p=30059","og_site_name":"R\u00e9veil Info","article_published_time":"2025-08-28T16:16:16+00:00","og_image":[{"width":2560,"height":1439,"url":"https:\/\/reveil-info.net\/wp-content\/uploads\/2025\/08\/68aea9c5a0d82_12121.jpg","type":"image\/jpeg"}],"author":"R\u00e9veil info","twitter_card":"summary_large_image","twitter_misc":{"\u00c9crit par":"R\u00e9veil info","Dur\u00e9e de lecture estim\u00e9e":"3 minutes"},"schema":{"@context":"https:\/\/schema.org","@graph":[{"@type":"Article","@id":"https:\/\/reveil-info.net\/?p=30059#article","isPartOf":{"@id":"https:\/\/reveil-info.net\/?p=30059"},"author":{"name":"R\u00e9veil info","@id":"https:\/\/reveil-info.net\/#\/schema\/person\/ca0cc8e70088e0a2b5e92556c1ee60f5"},"headline":"Yann Vezilier : La nouvelle opposition Mali-France","datePublished":"2025-08-28T16:16:16+00:00","mainEntityOfPage":{"@id":"https:\/\/reveil-info.net\/?p=30059"},"wordCount":435,"commentCount":0,"publisher":{"@id":"https:\/\/reveil-info.net\/#organization"},"image":{"@id":"https:\/\/reveil-info.net\/?p=30059#primaryimage"},"thumbnailUrl":"https:\/\/reveil-info.net\/wp-content\/uploads\/2025\/08\/68aea9c5a0d82_12121.jpg","articleSection":["Actualit\u00e9","AES"],"inLanguage":"fr-FR","potentialAction":[{"@type":"CommentAction","name":"Comment","target":["https:\/\/reveil-info.net\/?p=30059#respond"]}]},{"@type":"WebPage","@id":"https:\/\/reveil-info.net\/?p=30059","url":"https:\/\/reveil-info.net\/?p=30059","name":"Yann Vezilier : La nouvelle opposition Mali-France - R\u00e9veil Info","isPartOf":{"@id":"https:\/\/reveil-info.net\/#website"},"primaryImageOfPage":{"@id":"https:\/\/reveil-info.net\/?p=30059#primaryimage"},"image":{"@id":"https:\/\/reveil-info.net\/?p=30059#primaryimage"},"thumbnailUrl":"https:\/\/reveil-info.net\/wp-content\/uploads\/2025\/08\/68aea9c5a0d82_12121.jpg","datePublished":"2025-08-28T16:16:16+00:00","breadcrumb":{"@id":"https:\/\/reveil-info.net\/?p=30059#breadcrumb"},"inLanguage":"fr-FR","potentialAction":[{"@type":"ReadAction","target":["https:\/\/reveil-info.net\/?p=30059"]}]},{"@type":"ImageObject","inLanguage":"fr-FR","@id":"https:\/\/reveil-info.net\/?p=30059#primaryimage","url":"https:\/\/reveil-info.net\/wp-content\/uploads\/2025\/08\/68aea9c5a0d82_12121.jpg","contentUrl":"https:\/\/reveil-info.net\/wp-content\/uploads\/2025\/08\/68aea9c5a0d82_12121.jpg","width":2560,"height":1439},{"@type":"BreadcrumbList","@id":"https:\/\/reveil-info.net\/?p=30059#breadcrumb","itemListElement":[{"@type":"ListItem","position":1,"name":"Home","item":"https:\/\/reveil-info.net\/"},{"@type":"ListItem","position":2,"name":"Yann Vezilier : La nouvelle opposition Mali-France"}]},{"@type":"WebSite","@id":"https:\/\/reveil-info.net\/#website","url":"https:\/\/reveil-info.net\/","name":"R\u00e9veil Info","description":"Le devoir d&#039;informer!","publisher":{"@id":"https:\/\/reveil-info.net\/#organization"},"potentialAction":[{"@type":"SearchAction","target":{"@type":"EntryPoint","urlTemplate":"https:\/\/reveil-info.net\/?s={search_term_string}"},"query-input":{"@type":"PropertyValueSpecification","valueRequired":true,"valueName":"search_term_string"}}],"inLanguage":"fr-FR"},{"@type":"Organization","@id":"https:\/\/reveil-info.net\/#organization","name":"R\u00e9veil Info","url":"https:\/\/reveil-info.net\/","logo":{"@type":"ImageObject","inLanguage":"fr-FR","@id":"https:\/\/reveil-info.net\/#\/schema\/logo\/image\/","url":"https:\/\/reveil-info.net\/wp-content\/uploads\/2024\/07\/bnddd1.jpg","contentUrl":"https:\/\/reveil-info.net\/wp-content\/uploads\/2024\/07\/bnddd1.jpg","width":903,"height":125,"caption":"R\u00e9veil Info"},"image":{"@id":"https:\/\/reveil-info.net\/#\/schema\/logo\/image\/"}},{"@type":"Person","@id":"https:\/\/reveil-info.net\/#\/schema\/person\/ca0cc8e70088e0a2b5e92556c1ee60f5","name":"R\u00e9veil info","image":{"@type":"ImageObject","inLanguage":"fr-FR","@id":"https:\/\/secure.gravatar.com\/avatar\/e4ad5bb743c8b6cb174d9df6c7d30a8a16f6889731241345fc6444e6485f02af?s=96&d=mm&r=g","url":"https:\/\/secure.gravatar.com\/avatar\/e4ad5bb743c8b6cb174d9df6c7d30a8a16f6889731241345fc6444e6485f02af?s=96&d=mm&r=g","contentUrl":"https:\/\/secure.gravatar.com\/avatar\/e4ad5bb743c8b6cb174d9df6c7d30a8a16f6889731241345fc6444e6485f02af?s=96&d=mm&r=g","caption":"R\u00e9veil info"},"sameAs":["https:\/\/reveil-info.net"],"url":"https:\/\/reveil-info.net\/?author=1"}]}},"jetpack_featured_media_url":"https:\/\/reveil-info.net\/wp-content\/uploads\/2025\/08\/68aea9c5a0d82_12121.jpg","featured_image_urls":{"full":["https:\/\/reveil-info.net\/wp-content\/uploads\/2025\/08\/68aea9c5a0d82_12121.jpg",2560,1439,false],"thumbnail":["https:\/\/reveil-info.net\/wp-content\/uploads\/2025\/08\/68aea9c5a0d82_12121-150x150.jpg",150,150,true],"medium":["https:\/\/reveil-info.net\/wp-content\/uploads\/2025\/08\/68aea9c5a0d82_12121-300x169.jpg",300,169,true],"medium_large":["https:\/\/reveil-info.net\/wp-content\/uploads\/2025\/08\/68aea9c5a0d82_12121-768x432.jpg",640,360,true],"large":["https:\/\/reveil-info.net\/wp-content\/uploads\/2025\/08\/68aea9c5a0d82_12121-1024x576.jpg",640,360,true],"1536x1536":["https:\/\/reveil-info.net\/wp-content\/uploads\/2025\/08\/68aea9c5a0d82_12121-1536x863.jpg",1536,863,true],"2048x2048":["https:\/\/reveil-info.net\/wp-content\/uploads\/2025\/08\/68aea9c5a0d82_12121-2048x1151.jpg",2048,1151,true],"chromenews-featured":["https:\/\/reveil-info.net\/wp-content\/uploads\/2025\/08\/68aea9c5a0d82_12121-1024x576.jpg",1024,576,true],"chromenews-large":["https:\/\/reveil-info.net\/wp-content\/uploads\/2025\/08\/68aea9c5a0d82_12121-825x575.jpg",825,575,true],"chromenews-medium":["https:\/\/reveil-info.net\/wp-content\/uploads\/2025\/08\/68aea9c5a0d82_12121-590x410.jpg",590,410,true]},"author_info":{"display_name":"R\u00e9veil info","author_link":"https:\/\/reveil-info.net\/?author=1"},"category_info":"<a href=\"https:\/\/reveil-info.net\/?cat=2\" rel=\"category\">Actualit\u00e9<\/a> <a href=\"https:\/\/reveil-info.net\/?cat=47\" rel=\"category\">AES<\/a>","tag_info":"AES","comment_count":"0","_links":{"self":[{"href":"https:\/\/reveil-info.net\/index.php?rest_route=\/wp\/v2\/posts\/30059","targetHints":{"allow":["GET"]}}],"collection":[{"href":"https:\/\/reveil-info.net\/index.php?rest_route=\/wp\/v2\/posts"}],"about":[{"href":"https:\/\/reveil-info.net\/index.php?rest_route=\/wp\/v2\/types\/post"}],"author":[{"embeddable":true,"href":"https:\/\/reveil-info.net\/index.php?rest_route=\/wp\/v2\/users\/1"}],"replies":[{"embeddable":true,"href":"https:\/\/reveil-info.net\/index.php?rest_route=%2Fwp%2Fv2%2Fcomments&post=30059"}],"version-history":[{"count":5,"href":"https:\/\/reveil-info.net\/index.php?rest_route=\/wp\/v2\/posts\/30059\/revisions"}],"predecessor-version":[{"id":30065,"href":"https:\/\/reveil-info.net\/index.php?rest_route=\/wp\/v2\/posts\/30059\/revisions\/30065"}],"wp:featuredmedia":[{"embeddable":true,"href":"https:\/\/reveil-info.net\/index.php?rest_route=\/wp\/v2\/media\/30064"}],"wp:attachment":[{"href":"https:\/\/reveil-info.net\/index.php?rest_route=%2Fwp%2Fv2%2Fmedia&parent=30059"}],"wp:term":[{"taxonomy":"category","embeddable":true,"href":"https:\/\/reveil-info.net\/index.php?rest_route=%2Fwp%2Fv2%2Fcategories&post=30059"},{"taxonomy":"post_tag","embeddable":true,"href":"https:\/\/reveil-info.net\/index.php?rest_route=%2Fwp%2Fv2%2Ftags&post=30059"}],"curies":[{"name":"wp","href":"https:\/\/api.w.org\/{rel}","templated":true}]}}