{"id":30044,"date":"2025-08-28T15:53:40","date_gmt":"2025-08-28T15:53:40","guid":{"rendered":"https:\/\/reveil-info.net\/?p=30044"},"modified":"2025-08-28T15:53:40","modified_gmt":"2025-08-28T15:53:40","slug":"construction-dun-amphitheatre-a-libam-et-dun-centre-medical-communal-a-gampela-le-ministre-directeur-de-cabinet-du-president-du-faso-maintient-la-pression-sur-les-entrepr","status":"publish","type":"post","link":"https:\/\/reveil-info.net\/?p=30044","title":{"rendered":"Construction d\u2019un amphith\u00e9\u00e2tre \u00e0 l\u2019IBAM et d\u2019un Centre m\u00e9dical communal \u00e0 Gamp\u00e8la : le Ministre, Directeur de Cabinet du Pr\u00e9sident du Faso maintient la pression sur les entreprises"},"content":{"rendered":"<div class=\"xdj266r x14z9mp xat24cr x1lziwak x1vvkbs x126k92a\">\n<div dir=\"auto\"><strong>\u00a0Apr\u00e8s les chantiers de construction d\u2019infrastructures de Manga et de P\u00f4 dans la r\u00e9gion du Nazinon, le Ministre, Directeur de Cabinet du Pr\u00e9sident du Faso, le Capitaine Martha C\u00e9leste Anderson Dekomwin MEDAH est all\u00e9 ce mercredi constater l\u2019\u00e9volution des travaux de construction d\u2019un amphith\u00e9\u00e2tre de 500 places au sein de l\u2019Institut burkinab\u00e8 des arts et m\u00e9tiers (IBAM) et d\u2019un Centre m\u00e9dical communal \u00e0 Gamp\u00e8la dans la r\u00e9gion du Kadiogo<\/strong>.<\/div>\n<div dir=\"auto\"><img loading=\"lazy\" decoding=\"async\" class=\"alignnone size-full wp-image-30048\" src=\"https:\/\/reveil-info.net\/wp-content\/uploads\/2025\/08\/540274440_1259256956233317_7429719711457541087_n.jpg\" alt=\"\" width=\"1600\" height=\"1066\" srcset=\"https:\/\/reveil-info.net\/wp-content\/uploads\/2025\/08\/540274440_1259256956233317_7429719711457541087_n.jpg 1600w, https:\/\/reveil-info.net\/wp-content\/uploads\/2025\/08\/540274440_1259256956233317_7429719711457541087_n-300x200.jpg 300w, https:\/\/reveil-info.net\/wp-content\/uploads\/2025\/08\/540274440_1259256956233317_7429719711457541087_n-1024x682.jpg 1024w, https:\/\/reveil-info.net\/wp-content\/uploads\/2025\/08\/540274440_1259256956233317_7429719711457541087_n-768x512.jpg 768w, https:\/\/reveil-info.net\/wp-content\/uploads\/2025\/08\/540274440_1259256956233317_7429719711457541087_n-1536x1023.jpg 1536w\" sizes=\"auto, (max-width: 1600px) 100vw, 1600px\" \/><\/div>\n<div dir=\"auto\"><\/div>\n<\/div>\n<div class=\"x14z9mp xat24cr x1lziwak x1vvkbs xtlvy1s x126k92a\">\n<div dir=\"auto\">Ces travaux sont r\u00e9alis\u00e9s dans le cadre de la mise en \u0153uvre de l\u2019Initiative pr\u00e9sidentielle pour une \u00e9ducation de qualit\u00e9 pour tous (IPEQ) et de l\u2019Initiative pr\u00e9sidentielle pour la sant\u00e9 (IPS).<\/div>\n<\/div>\n<div class=\"x14z9mp xat24cr x1lziwak x1vvkbs xtlvy1s x126k92a\">\n<div dir=\"auto\">\u00c0 l\u2019IBAM, avant la visite du chantier, le Ministre Directeur de Cabinet du Pr\u00e9sident du Faso scrute d\u2019abord le planning des travaux pour mieux appr\u00e9cier l\u2019organisation mise en place pour une efficience dans l\u2019ex\u00e9cution des travaux. Il s\u2019agit du chantier de construction d\u2019un amphith\u00e9\u00e2tre avec un bloc administratif de R+2.<\/div>\n<\/div>\n<div class=\"x14z9mp xat24cr x1lziwak x1vvkbs xtlvy1s x126k92a\">\n<div dir=\"auto\">En d\u00e9pit du retard dans les d\u00e9buts des travaux, le niveau d\u2019ex\u00e9cution affiche un taux global de 40,02% \u00e0 la date du 19 ao\u00fbt 2025. Le Ministre, Directeur de cabinet invite la mission de contr\u00f4le \u00e0 maintenir la pression sur l\u2019entreprise pour des travaux de qualit\u00e9 dans les d\u00e9lais contractuels. Tout en encourageant l&rsquo;entreprise, il a ordonn\u00e9 la prise de dispositions pour rattraper le retard. A cette instruction, l\u2019entreprise a promis mettre tout en \u0153uvre pour achever les travaux dans le respect des d\u00e9lais.<\/div>\n<\/div>\n<div dir=\"auto\"><img loading=\"lazy\" decoding=\"async\" class=\"alignnone size-full wp-image-30050\" src=\"https:\/\/reveil-info.net\/wp-content\/uploads\/2025\/08\/540509985_1259257039566642_4268504960460222114_n.jpg\" alt=\"\" width=\"1600\" height=\"1066\" srcset=\"https:\/\/reveil-info.net\/wp-content\/uploads\/2025\/08\/540509985_1259257039566642_4268504960460222114_n.jpg 1600w, https:\/\/reveil-info.net\/wp-content\/uploads\/2025\/08\/540509985_1259257039566642_4268504960460222114_n-300x200.jpg 300w, https:\/\/reveil-info.net\/wp-content\/uploads\/2025\/08\/540509985_1259257039566642_4268504960460222114_n-1024x682.jpg 1024w, https:\/\/reveil-info.net\/wp-content\/uploads\/2025\/08\/540509985_1259257039566642_4268504960460222114_n-768x512.jpg 768w, https:\/\/reveil-info.net\/wp-content\/uploads\/2025\/08\/540509985_1259257039566642_4268504960460222114_n-1536x1023.jpg 1536w\" sizes=\"auto, (max-width: 1600px) 100vw, 1600px\" \/><\/div>\n<div class=\"x14z9mp xat24cr x1lziwak x1vvkbs xtlvy1s x126k92a\">\n<div dir=\"auto\">Au Centre de sant\u00e9 et de promotion sociale (CSPS) de Gamp\u00e8la, sur le chantier du Centre m\u00e9dical communal, le Ministre, Directeur de Cabinet du Pr\u00e9sident du Faso porte une attention particuli\u00e8re au planning des travaux. Il invite l\u2019entreprise en charge des travaux \u00e0 la discipline et \u00e0 plus d\u2019engagement pour achever les travaux. Il faut \u00ab renforcer vos capacit\u00e9s pour achever les travaux \u00e0 temps \u00bb, instruit le Capitaine Martha C\u00e9leste Anderson Dekomwin MEDAH.<\/div>\n<\/div>\n<div dir=\"auto\"><\/div>\n<div class=\"x14z9mp xat24cr x1lziwak x1vvkbs xtlvy1s x126k92a\">\n<div dir=\"auto\"><strong>Direction de la communication de la Pr\u00e9sidence du Faso<\/strong><\/div>\n<div dir=\"auto\"><strong>Reveil-info.net<\/strong><\/div>\n<\/div>\n","protected":false},"excerpt":{"rendered":"<p>\u00a0Apr\u00e8s les chantiers de construction d\u2019infrastructures de Manga et de P\u00f4 dans la r\u00e9gion du<\/p>\n","protected":false},"author":1,"featured_media":30047,"comment_status":"open","ping_status":"open","sticky":false,"template":"","format":"standard","meta":{"footnotes":""},"categories":[2],"tags":[],"class_list":["post-30044","post","type-post","status-publish","format-standard","has-post-thumbnail","hentry","category-actu"],"yoast_head":"<!-- This site is optimized with the Yoast SEO plugin v27.5 - https:\/\/yoast.com\/product\/yoast-seo-wordpress\/ -->\n<title>Construction d\u2019un amphith\u00e9\u00e2tre \u00e0 l\u2019IBAM et d\u2019un Centre m\u00e9dical communal \u00e0 Gamp\u00e8la : le Ministre, Directeur de Cabinet du Pr\u00e9sident du Faso maintient la pression sur les entreprises - R\u00e9veil Info<\/title>\n<meta name=\"robots\" content=\"noindex, follow, max-snippet:-1, max-image-preview:large, max-video-preview:-1\" \/>\n<meta property=\"og:locale\" content=\"fr_FR\" \/>\n<meta property=\"og:type\" content=\"article\" \/>\n<meta property=\"og:title\" content=\"Construction d\u2019un amphith\u00e9\u00e2tre \u00e0 l\u2019IBAM et d\u2019un Centre m\u00e9dical communal \u00e0 Gamp\u00e8la : le Ministre, Directeur de Cabinet du Pr\u00e9sident du Faso maintient la pression sur les entreprises - R\u00e9veil Info\" \/>\n<meta property=\"og:description\" content=\"\u00a0Apr\u00e8s les chantiers de construction d\u2019infrastructures de Manga et de P\u00f4 dans la r\u00e9gion du\" \/>\n<meta property=\"og:url\" content=\"https:\/\/reveil-info.net\/?p=30044\" \/>\n<meta property=\"og:site_name\" content=\"R\u00e9veil Info\" \/>\n<meta property=\"article:published_time\" content=\"2025-08-28T15:53:40+00:00\" \/>\n<meta property=\"og:image\" content=\"https:\/\/reveil-info.net\/wp-content\/uploads\/2025\/08\/540476482_1259257082899971_3831007332803105146_n.jpg\" \/>\n\t<meta property=\"og:image:width\" content=\"1600\" \/>\n\t<meta property=\"og:image:height\" content=\"1066\" \/>\n\t<meta property=\"og:image:type\" content=\"image\/jpeg\" \/>\n<meta name=\"author\" content=\"R\u00e9veil info\" \/>\n<meta name=\"twitter:card\" content=\"summary_large_image\" \/>\n<meta name=\"twitter:label1\" content=\"\u00c9crit par\" \/>\n\t<meta name=\"twitter:data1\" content=\"R\u00e9veil info\" \/>\n\t<meta name=\"twitter:label2\" content=\"Dur\u00e9e de lecture estim\u00e9e\" \/>\n\t<meta name=\"twitter:data2\" content=\"3 minutes\" \/>\n<script type=\"application\/ld+json\" class=\"yoast-schema-graph\">{\"@context\":\"https:\\\/\\\/schema.org\",\"@graph\":[{\"@type\":\"Article\",\"@id\":\"https:\\\/\\\/reveil-info.net\\\/?p=30044#article\",\"isPartOf\":{\"@id\":\"https:\\\/\\\/reveil-info.net\\\/?p=30044\"},\"author\":{\"name\":\"R\u00e9veil info\",\"@id\":\"https:\\\/\\\/reveil-info.net\\\/#\\\/schema\\\/person\\\/ca0cc8e70088e0a2b5e92556c1ee60f5\"},\"headline\":\"Construction d\u2019un amphith\u00e9\u00e2tre \u00e0 l\u2019IBAM et d\u2019un Centre m\u00e9dical communal \u00e0 Gamp\u00e8la : le Ministre, Directeur de Cabinet du Pr\u00e9sident du Faso maintient la pression sur les entreprises\",\"datePublished\":\"2025-08-28T15:53:40+00:00\",\"mainEntityOfPage\":{\"@id\":\"https:\\\/\\\/reveil-info.net\\\/?p=30044\"},\"wordCount\":388,\"commentCount\":0,\"publisher\":{\"@id\":\"https:\\\/\\\/reveil-info.net\\\/#organization\"},\"image\":{\"@id\":\"https:\\\/\\\/reveil-info.net\\\/?p=30044#primaryimage\"},\"thumbnailUrl\":\"https:\\\/\\\/reveil-info.net\\\/wp-content\\\/uploads\\\/2025\\\/08\\\/540476482_1259257082899971_3831007332803105146_n.jpg\",\"articleSection\":[\"Actualit\u00e9\"],\"inLanguage\":\"fr-FR\",\"potentialAction\":[{\"@type\":\"CommentAction\",\"name\":\"Comment\",\"target\":[\"https:\\\/\\\/reveil-info.net\\\/?p=30044#respond\"]}]},{\"@type\":\"WebPage\",\"@id\":\"https:\\\/\\\/reveil-info.net\\\/?p=30044\",\"url\":\"https:\\\/\\\/reveil-info.net\\\/?p=30044\",\"name\":\"Construction d\u2019un amphith\u00e9\u00e2tre \u00e0 l\u2019IBAM et d\u2019un Centre m\u00e9dical communal \u00e0 Gamp\u00e8la : le Ministre, Directeur de Cabinet du Pr\u00e9sident du Faso maintient la pression sur les entreprises - R\u00e9veil Info\",\"isPartOf\":{\"@id\":\"https:\\\/\\\/reveil-info.net\\\/#website\"},\"primaryImageOfPage\":{\"@id\":\"https:\\\/\\\/reveil-info.net\\\/?p=30044#primaryimage\"},\"image\":{\"@id\":\"https:\\\/\\\/reveil-info.net\\\/?p=30044#primaryimage\"},\"thumbnailUrl\":\"https:\\\/\\\/reveil-info.net\\\/wp-content\\\/uploads\\\/2025\\\/08\\\/540476482_1259257082899971_3831007332803105146_n.jpg\",\"datePublished\":\"2025-08-28T15:53:40+00:00\",\"breadcrumb\":{\"@id\":\"https:\\\/\\\/reveil-info.net\\\/?p=30044#breadcrumb\"},\"inLanguage\":\"fr-FR\",\"potentialAction\":[{\"@type\":\"ReadAction\",\"target\":[\"https:\\\/\\\/reveil-info.net\\\/?p=30044\"]}]},{\"@type\":\"ImageObject\",\"inLanguage\":\"fr-FR\",\"@id\":\"https:\\\/\\\/reveil-info.net\\\/?p=30044#primaryimage\",\"url\":\"https:\\\/\\\/reveil-info.net\\\/wp-content\\\/uploads\\\/2025\\\/08\\\/540476482_1259257082899971_3831007332803105146_n.jpg\",\"contentUrl\":\"https:\\\/\\\/reveil-info.net\\\/wp-content\\\/uploads\\\/2025\\\/08\\\/540476482_1259257082899971_3831007332803105146_n.jpg\",\"width\":1600,\"height\":1066},{\"@type\":\"BreadcrumbList\",\"@id\":\"https:\\\/\\\/reveil-info.net\\\/?p=30044#breadcrumb\",\"itemListElement\":[{\"@type\":\"ListItem\",\"position\":1,\"name\":\"Home\",\"item\":\"https:\\\/\\\/reveil-info.net\\\/\"},{\"@type\":\"ListItem\",\"position\":2,\"name\":\"Construction d\u2019un amphith\u00e9\u00e2tre \u00e0 l\u2019IBAM et d\u2019un Centre m\u00e9dical communal \u00e0 Gamp\u00e8la : le Ministre, Directeur de Cabinet du Pr\u00e9sident du Faso maintient la pression sur les entreprises\"}]},{\"@type\":\"WebSite\",\"@id\":\"https:\\\/\\\/reveil-info.net\\\/#website\",\"url\":\"https:\\\/\\\/reveil-info.net\\\/\",\"name\":\"R\u00e9veil Info\",\"description\":\"Le devoir d&#039;informer!\",\"publisher\":{\"@id\":\"https:\\\/\\\/reveil-info.net\\\/#organization\"},\"potentialAction\":[{\"@type\":\"SearchAction\",\"target\":{\"@type\":\"EntryPoint\",\"urlTemplate\":\"https:\\\/\\\/reveil-info.net\\\/?s={search_term_string}\"},\"query-input\":{\"@type\":\"PropertyValueSpecification\",\"valueRequired\":true,\"valueName\":\"search_term_string\"}}],\"inLanguage\":\"fr-FR\"},{\"@type\":\"Organization\",\"@id\":\"https:\\\/\\\/reveil-info.net\\\/#organization\",\"name\":\"R\u00e9veil Info\",\"url\":\"https:\\\/\\\/reveil-info.net\\\/\",\"logo\":{\"@type\":\"ImageObject\",\"inLanguage\":\"fr-FR\",\"@id\":\"https:\\\/\\\/reveil-info.net\\\/#\\\/schema\\\/logo\\\/image\\\/\",\"url\":\"https:\\\/\\\/reveil-info.net\\\/wp-content\\\/uploads\\\/2024\\\/07\\\/bnddd1.jpg\",\"contentUrl\":\"https:\\\/\\\/reveil-info.net\\\/wp-content\\\/uploads\\\/2024\\\/07\\\/bnddd1.jpg\",\"width\":903,\"height\":125,\"caption\":\"R\u00e9veil Info\"},\"image\":{\"@id\":\"https:\\\/\\\/reveil-info.net\\\/#\\\/schema\\\/logo\\\/image\\\/\"}},{\"@type\":\"Person\",\"@id\":\"https:\\\/\\\/reveil-info.net\\\/#\\\/schema\\\/person\\\/ca0cc8e70088e0a2b5e92556c1ee60f5\",\"name\":\"R\u00e9veil info\",\"image\":{\"@type\":\"ImageObject\",\"inLanguage\":\"fr-FR\",\"@id\":\"https:\\\/\\\/secure.gravatar.com\\\/avatar\\\/e4ad5bb743c8b6cb174d9df6c7d30a8a16f6889731241345fc6444e6485f02af?s=96&d=mm&r=g\",\"url\":\"https:\\\/\\\/secure.gravatar.com\\\/avatar\\\/e4ad5bb743c8b6cb174d9df6c7d30a8a16f6889731241345fc6444e6485f02af?s=96&d=mm&r=g\",\"contentUrl\":\"https:\\\/\\\/secure.gravatar.com\\\/avatar\\\/e4ad5bb743c8b6cb174d9df6c7d30a8a16f6889731241345fc6444e6485f02af?s=96&d=mm&r=g\",\"caption\":\"R\u00e9veil info\"},\"sameAs\":[\"https:\\\/\\\/reveil-info.net\"],\"url\":\"https:\\\/\\\/reveil-info.net\\\/?author=1\"}]}<\/script>\n<!-- \/ Yoast SEO plugin. -->","yoast_head_json":{"title":"Construction d\u2019un amphith\u00e9\u00e2tre \u00e0 l\u2019IBAM et d\u2019un Centre m\u00e9dical communal \u00e0 Gamp\u00e8la : le Ministre, Directeur de Cabinet du Pr\u00e9sident du Faso maintient la pression sur les entreprises - R\u00e9veil Info","robots":{"index":"noindex","follow":"follow","max-snippet":"max-snippet:-1","max-image-preview":"max-image-preview:large","max-video-preview":"max-video-preview:-1"},"og_locale":"fr_FR","og_type":"article","og_title":"Construction d\u2019un amphith\u00e9\u00e2tre \u00e0 l\u2019IBAM et d\u2019un Centre m\u00e9dical communal \u00e0 Gamp\u00e8la : le Ministre, Directeur de Cabinet du Pr\u00e9sident du Faso maintient la pression sur les entreprises - R\u00e9veil Info","og_description":"\u00a0Apr\u00e8s les chantiers de construction d\u2019infrastructures de Manga et de P\u00f4 dans la r\u00e9gion du","og_url":"https:\/\/reveil-info.net\/?p=30044","og_site_name":"R\u00e9veil Info","article_published_time":"2025-08-28T15:53:40+00:00","og_image":[{"width":1600,"height":1066,"url":"https:\/\/reveil-info.net\/wp-content\/uploads\/2025\/08\/540476482_1259257082899971_3831007332803105146_n.jpg","type":"image\/jpeg"}],"author":"R\u00e9veil info","twitter_card":"summary_large_image","twitter_misc":{"\u00c9crit par":"R\u00e9veil info","Dur\u00e9e de lecture estim\u00e9e":"3 minutes"},"schema":{"@context":"https:\/\/schema.org","@graph":[{"@type":"Article","@id":"https:\/\/reveil-info.net\/?p=30044#article","isPartOf":{"@id":"https:\/\/reveil-info.net\/?p=30044"},"author":{"name":"R\u00e9veil info","@id":"https:\/\/reveil-info.net\/#\/schema\/person\/ca0cc8e70088e0a2b5e92556c1ee60f5"},"headline":"Construction d\u2019un amphith\u00e9\u00e2tre \u00e0 l\u2019IBAM et d\u2019un Centre m\u00e9dical communal \u00e0 Gamp\u00e8la : le Ministre, Directeur de Cabinet du Pr\u00e9sident du Faso maintient la pression sur les entreprises","datePublished":"2025-08-28T15:53:40+00:00","mainEntityOfPage":{"@id":"https:\/\/reveil-info.net\/?p=30044"},"wordCount":388,"commentCount":0,"publisher":{"@id":"https:\/\/reveil-info.net\/#organization"},"image":{"@id":"https:\/\/reveil-info.net\/?p=30044#primaryimage"},"thumbnailUrl":"https:\/\/reveil-info.net\/wp-content\/uploads\/2025\/08\/540476482_1259257082899971_3831007332803105146_n.jpg","articleSection":["Actualit\u00e9"],"inLanguage":"fr-FR","potentialAction":[{"@type":"CommentAction","name":"Comment","target":["https:\/\/reveil-info.net\/?p=30044#respond"]}]},{"@type":"WebPage","@id":"https:\/\/reveil-info.net\/?p=30044","url":"https:\/\/reveil-info.net\/?p=30044","name":"Construction d\u2019un amphith\u00e9\u00e2tre \u00e0 l\u2019IBAM et d\u2019un Centre m\u00e9dical communal \u00e0 Gamp\u00e8la : le Ministre, Directeur de Cabinet du Pr\u00e9sident du Faso maintient la pression sur les entreprises - R\u00e9veil Info","isPartOf":{"@id":"https:\/\/reveil-info.net\/#website"},"primaryImageOfPage":{"@id":"https:\/\/reveil-info.net\/?p=30044#primaryimage"},"image":{"@id":"https:\/\/reveil-info.net\/?p=30044#primaryimage"},"thumbnailUrl":"https:\/\/reveil-info.net\/wp-content\/uploads\/2025\/08\/540476482_1259257082899971_3831007332803105146_n.jpg","datePublished":"2025-08-28T15:53:40+00:00","breadcrumb":{"@id":"https:\/\/reveil-info.net\/?p=30044#breadcrumb"},"inLanguage":"fr-FR","potentialAction":[{"@type":"ReadAction","target":["https:\/\/reveil-info.net\/?p=30044"]}]},{"@type":"ImageObject","inLanguage":"fr-FR","@id":"https:\/\/reveil-info.net\/?p=30044#primaryimage","url":"https:\/\/reveil-info.net\/wp-content\/uploads\/2025\/08\/540476482_1259257082899971_3831007332803105146_n.jpg","contentUrl":"https:\/\/reveil-info.net\/wp-content\/uploads\/2025\/08\/540476482_1259257082899971_3831007332803105146_n.jpg","width":1600,"height":1066},{"@type":"BreadcrumbList","@id":"https:\/\/reveil-info.net\/?p=30044#breadcrumb","itemListElement":[{"@type":"ListItem","position":1,"name":"Home","item":"https:\/\/reveil-info.net\/"},{"@type":"ListItem","position":2,"name":"Construction d\u2019un amphith\u00e9\u00e2tre \u00e0 l\u2019IBAM et d\u2019un Centre m\u00e9dical communal \u00e0 Gamp\u00e8la : le Ministre, Directeur de Cabinet du Pr\u00e9sident du Faso maintient la pression sur les entreprises"}]},{"@type":"WebSite","@id":"https:\/\/reveil-info.net\/#website","url":"https:\/\/reveil-info.net\/","name":"R\u00e9veil Info","description":"Le devoir d&#039;informer!","publisher":{"@id":"https:\/\/reveil-info.net\/#organization"},"potentialAction":[{"@type":"SearchAction","target":{"@type":"EntryPoint","urlTemplate":"https:\/\/reveil-info.net\/?s={search_term_string}"},"query-input":{"@type":"PropertyValueSpecification","valueRequired":true,"valueName":"search_term_string"}}],"inLanguage":"fr-FR"},{"@type":"Organization","@id":"https:\/\/reveil-info.net\/#organization","name":"R\u00e9veil Info","url":"https:\/\/reveil-info.net\/","logo":{"@type":"ImageObject","inLanguage":"fr-FR","@id":"https:\/\/reveil-info.net\/#\/schema\/logo\/image\/","url":"https:\/\/reveil-info.net\/wp-content\/uploads\/2024\/07\/bnddd1.jpg","contentUrl":"https:\/\/reveil-info.net\/wp-content\/uploads\/2024\/07\/bnddd1.jpg","width":903,"height":125,"caption":"R\u00e9veil Info"},"image":{"@id":"https:\/\/reveil-info.net\/#\/schema\/logo\/image\/"}},{"@type":"Person","@id":"https:\/\/reveil-info.net\/#\/schema\/person\/ca0cc8e70088e0a2b5e92556c1ee60f5","name":"R\u00e9veil info","image":{"@type":"ImageObject","inLanguage":"fr-FR","@id":"https:\/\/secure.gravatar.com\/avatar\/e4ad5bb743c8b6cb174d9df6c7d30a8a16f6889731241345fc6444e6485f02af?s=96&d=mm&r=g","url":"https:\/\/secure.gravatar.com\/avatar\/e4ad5bb743c8b6cb174d9df6c7d30a8a16f6889731241345fc6444e6485f02af?s=96&d=mm&r=g","contentUrl":"https:\/\/secure.gravatar.com\/avatar\/e4ad5bb743c8b6cb174d9df6c7d30a8a16f6889731241345fc6444e6485f02af?s=96&d=mm&r=g","caption":"R\u00e9veil info"},"sameAs":["https:\/\/reveil-info.net"],"url":"https:\/\/reveil-info.net\/?author=1"}]}},"jetpack_featured_media_url":"https:\/\/reveil-info.net\/wp-content\/uploads\/2025\/08\/540476482_1259257082899971_3831007332803105146_n.jpg","featured_image_urls":{"full":["https:\/\/reveil-info.net\/wp-content\/uploads\/2025\/08\/540476482_1259257082899971_3831007332803105146_n.jpg",1600,1066,false],"thumbnail":["https:\/\/reveil-info.net\/wp-content\/uploads\/2025\/08\/540476482_1259257082899971_3831007332803105146_n-150x150.jpg",150,150,true],"medium":["https:\/\/reveil-info.net\/wp-content\/uploads\/2025\/08\/540476482_1259257082899971_3831007332803105146_n-300x200.jpg",300,200,true],"medium_large":["https:\/\/reveil-info.net\/wp-content\/uploads\/2025\/08\/540476482_1259257082899971_3831007332803105146_n-768x512.jpg",640,427,true],"large":["https:\/\/reveil-info.net\/wp-content\/uploads\/2025\/08\/540476482_1259257082899971_3831007332803105146_n-1024x682.jpg",640,426,true],"1536x1536":["https:\/\/reveil-info.net\/wp-content\/uploads\/2025\/08\/540476482_1259257082899971_3831007332803105146_n-1536x1023.jpg",1536,1023,true],"2048x2048":["https:\/\/reveil-info.net\/wp-content\/uploads\/2025\/08\/540476482_1259257082899971_3831007332803105146_n.jpg",1600,1066,false],"chromenews-featured":["https:\/\/reveil-info.net\/wp-content\/uploads\/2025\/08\/540476482_1259257082899971_3831007332803105146_n-1024x682.jpg",1024,682,true],"chromenews-large":["https:\/\/reveil-info.net\/wp-content\/uploads\/2025\/08\/540476482_1259257082899971_3831007332803105146_n-825x575.jpg",825,575,true],"chromenews-medium":["https:\/\/reveil-info.net\/wp-content\/uploads\/2025\/08\/540476482_1259257082899971_3831007332803105146_n-590x410.jpg",590,410,true]},"author_info":{"display_name":"R\u00e9veil info","author_link":"https:\/\/reveil-info.net\/?author=1"},"category_info":"<a href=\"https:\/\/reveil-info.net\/?cat=2\" rel=\"category\">Actualit\u00e9<\/a>","tag_info":"Actualit\u00e9","comment_count":"0","_links":{"self":[{"href":"https:\/\/reveil-info.net\/index.php?rest_route=\/wp\/v2\/posts\/30044","targetHints":{"allow":["GET"]}}],"collection":[{"href":"https:\/\/reveil-info.net\/index.php?rest_route=\/wp\/v2\/posts"}],"about":[{"href":"https:\/\/reveil-info.net\/index.php?rest_route=\/wp\/v2\/types\/post"}],"author":[{"embeddable":true,"href":"https:\/\/reveil-info.net\/index.php?rest_route=\/wp\/v2\/users\/1"}],"replies":[{"embeddable":true,"href":"https:\/\/reveil-info.net\/index.php?rest_route=%2Fwp%2Fv2%2Fcomments&post=30044"}],"version-history":[{"count":4,"href":"https:\/\/reveil-info.net\/index.php?rest_route=\/wp\/v2\/posts\/30044\/revisions"}],"predecessor-version":[{"id":30051,"href":"https:\/\/reveil-info.net\/index.php?rest_route=\/wp\/v2\/posts\/30044\/revisions\/30051"}],"wp:featuredmedia":[{"embeddable":true,"href":"https:\/\/reveil-info.net\/index.php?rest_route=\/wp\/v2\/media\/30047"}],"wp:attachment":[{"href":"https:\/\/reveil-info.net\/index.php?rest_route=%2Fwp%2Fv2%2Fmedia&parent=30044"}],"wp:term":[{"taxonomy":"category","embeddable":true,"href":"https:\/\/reveil-info.net\/index.php?rest_route=%2Fwp%2Fv2%2Fcategories&post=30044"},{"taxonomy":"post_tag","embeddable":true,"href":"https:\/\/reveil-info.net\/index.php?rest_route=%2Fwp%2Fv2%2Ftags&post=30044"}],"curies":[{"name":"wp","href":"https:\/\/api.w.org\/{rel}","templated":true}]}}