{"id":30036,"date":"2025-08-28T14:35:37","date_gmt":"2025-08-28T14:35:37","guid":{"rendered":"https:\/\/reveil-info.net\/?p=30036"},"modified":"2025-08-28T14:35:37","modified_gmt":"2025-08-28T14:35:37","slug":"prix-des-motosfrais-de-scolarite-denree-alimentaire-declaration-de-la-ligue-des-consommateurs","status":"publish","type":"post","link":"https:\/\/reveil-info.net\/?p=30036","title":{"rendered":"Prix des motos,frais de scolarit\u00e9, denr\u00e9e alimentaire&#8230;: D\u00e9claration de la Ligue des consommateurs"},"content":{"rendered":"<p>D\u00e9claration liminaire du Pr\u00e9sident de la Ligue des Consommateurs du Burkina (LCB) \u00e0 l\u2019occasion de la conf\u00e9rence de presse<\/p>\n<p>&#8211; Mesdames et Messieurs,<br \/>\n&#8211; Chers partenaires de la presse,<br \/>\n&#8211; Citoyennes et citoyens engag\u00e9s pour la d\u00e9fense des Consommateurs,<\/p>\n<p>Une fois de plus, la ligue des consommateurs vous dit merci d\u2019\u00eatre l\u00e0, merci pour votre accompagnement constant pour que triomphe le droit du consommateur. Au-del\u00e0 d\u2019un exercice de communication, cette conf\u00e9rence de presse est une tribune pour dire haut et fort que les droits des consommateurs ne sont pas n\u00e9gociables, que la transparence \u00e9conomique est une exigence, et que la redevabilit\u00e9 doit \u00eatre une pratique quotidienne.<\/p>\n<p>D\u2019entr\u00e9e, nous tenons \u00e0 saluer les efforts du Gouvernement burkinab\u00e8 qui, ces derniers mois, a engag\u00e9 des actions courageuses et largement salu\u00e9es par les populations. Au nombre de ces actions salutaires nous retenons essentiellement ces faits :<br \/>\n\u2022 Le renforcement des contr\u00f4les sur les prix et la qualit\u00e9 des produits de grande consommation,<br \/>\n\u2022 La vente de ma\u00efs et de riz \u00e0 prix social via la SONAGESS,<br \/>\n\u2022 Les op\u00e9rations de salubrit\u00e9 dans les quartiers par la Police municipale et la Brigade de l\u2019hygi\u00e8ne publique,<br \/>\n\u2022 L\u2019offensive agrosylvopastorale et halieutique,<br \/>\n\u2022 L\u2019extension progressive de l\u2019assurance maladie universelle,<br \/>\n\u2022 Les r\u00e9formes institutionnelles et la lutte contre la corruption,<br \/>\n\u2022 Les actions visibles de Faso-Mebo,<br \/>\n\u2022 L\u2019augmentation de l\u2019effectif du parc de SOTRACO ;<br \/>\n\u2022 Les programmes en faveur de la jeunesse, des femmes, et les investissements dans les infrastructures sociales.<\/p>\n<p>Ces actions, non exhaustives, traduisent une gouvernance plus proche des r\u00e9alit\u00e9s du terrain. La LCB les salue et encourage le Gouvernement \u00e0 poursuivre dans cette voie, avec pour seul cap : le bien-\u00eatre des populations.<\/p>\n<p>Mesdames et Messieurs les journalistes,<\/p>\n<p>Vous avez \u00e9t\u00e9 t\u00e9moins, comme nous, de la flamb\u00e9e injustifi\u00e9e des prix des motos et motocyclettes. Une sp\u00e9culation inacceptable depuis des ann\u00e9es, qui frappe de plein fouet les jeunes et les familles modestes. Face \u00e0 cette situation, la LCB n\u2019a pas crois\u00e9 les bras. En effet nous avons engag\u00e9 des d\u00e9marches aupr\u00e8s du Syndicat Burkinab\u00e8 des importateurs et Vendeurs de Motos et Motocyclettes, de la Direction G\u00e9n\u00e9rale des Douanes et de la Brigade Mobile de Contr\u00f4le et R\u00e9pression des Fraudes (BMCRF). Nous avons soutenu l\u2019op\u00e9ration \u00ab Journ\u00e9e sans piti\u00e9 \u00bb du 14 juillet 2025 initi\u00e9e par le Gouvernement et avons applaudi la date buttoir du 16 ao\u00fbt 2025 qui avait \u00e9t\u00e9 donn\u00e9e aux vendeurs de motos de se conformer \u00e0 la r\u00e9glementation. Apr\u00e8s le 16 ao\u00fbt 2025 force est de constater que malheureusement les prix restent inchang\u00e9s et nombreux sont les vendeurs qui n\u2019affichent m\u00eame pas les prix des motos et ne sont nullement inqui\u00e9t\u00e9s etc. Face au silence de l\u2019Etat devons-nous croire \u00e0 un aveu d\u2019impuissance face aux multinationales tapis derri\u00e8re ces vendeurs ?<\/p>\n<p>C\u2019est pourquoi la LCB interpelle le Pr\u00e9sident du Faso, Son Excellence le Capitaine Ibrahim TRAORE \u00e0 s\u2019investir personnellement afin de faire la lumi\u00e8re sur la vente des motos et par cons\u00e9quent permettre la r\u00e9duction v\u00e9ritable de leurs prix au b\u00e9n\u00e9fice des millions de consommateurs Burkinab\u00e8 longtemps spoli\u00e9s par les acteurs de cette fili\u00e8re.<\/p>\n<p>Car dans notre d\u00e9claration du 18 juillet dernier nous avons fait des propositions pour un assainissement du milieu qui sont rest\u00e9es sans suite et que nous rappelons :<br \/>\n1. La suspension pure et simple de tous les agr\u00e9ments octroy\u00e9s pour la commercialisation des motos au Burkina ;<br \/>\n2. La red\u00e9finition des crit\u00e8res d\u2019octroi des agr\u00e9ments ;<br \/>\n3. La mise en place d\u2019une commission nationale charg\u00e9e de faire la structuration des prix des motos ainsi que des propositions durables au gouvernement ;<br \/>\n4. Une acc\u00e9l\u00e9ration de la mise en place des boutiques t\u00e9moins.<\/p>\n<p>Chers amis de la presse,<\/p>\n<p>Notre rencontre se tient \u00e0 la veille de la rentr\u00e9e scolaire 2025- 2026. La LCB tient \u00e0 f\u00e9liciter les acteurs du syst\u00e8me \u00e9ducatif burkinab\u00e8, pour le bon d\u00e9roulement de l\u2019ann\u00e9e 2024\u20132025 et les r\u00e9sultats globalement satisfaisants en d\u00e9pit d\u2019un contexte assez particulier que nous d\u00e9plorons tous. Mais nous devons rester vigilants. De nombreux parents nous ont alert\u00e9s sur des pratiques pr\u00e9occupantes en ce moment :<br \/>\n&#8211; Des frais de scolarit\u00e9 excessifs dans certains \u00e9tablissements,<br \/>\n&#8211; Des publicit\u00e9s trompeuses sur les offres \u00e9ducatives,<br \/>\n&#8211; Des fournitures scolaires de qualit\u00e9 douteuse \u00e0 des prix \u00e9lev\u00e9s,<br \/>\n&#8211; Des frais annexes sous l\u2019appellation de cotisations APE, assurance, sport, feuilles de devoir, activit\u00e9s culturelles\u2026 qui parfois injustifi\u00e9s et non encadr\u00e9s.<br \/>\nCes pratiques nourrissent un sentiment d\u2019injustice, surtout dans les milieux vuln\u00e9rables. La LCB exige une r\u00e9gulation urgente pour garantir un acc\u00e8s \u00e9quitable \u00e0 l\u2019\u00e9ducation pour tous les enfants du Burkina Faso et un contr\u00f4le syst\u00e9matique des frais de fournitures d\u2019\u00e9quipements.<\/p>\n<p>Hommes et femmes des M\u00e9dias, Mesdames et Messieurs,<\/p>\n<p>La consommation alimentaire durable est au c\u0153ur de notre engagement. Gr\u00e2ce \u00e0 notre partenariat avec l\u2019ONG Humundi, nous avons men\u00e9 des actions concr\u00e8tes dont l\u2019op\u00e9rationnalisation du num\u00e9ro vert 80 00 11 71, accessible gratuitement via le r\u00e9seau Telmob.<br \/>\nCe dispositif, baptis\u00e9 ALERTE CONSOMMATEUR, est un outil citoyen. Il permet \u00e0 chaque Burkinab\u00e8 de signaler un produit dangereux, une pratique commerciale douteuse, un abus sur les prix et la qualit\u00e9.<br \/>\n&#8211; Alors Consommateur, ne nous taisons plus.<br \/>\n&#8211; Appelons ! D\u00e9non\u00e7ons en toute s\u00e9curit\u00e9 !<br \/>\n&#8211; Chaque appel est un signal fort.<br \/>\n&#8211; Chaque t\u00e9moignage est un pas vers la justice \u00e9conomique.<br \/>\n&#8211; Chaque action est un geste pour un Burkina Faso plus sain, plus juste, plus responsable.<\/p>\n<p>La LCB appelle chaque consommateur \u00e0 rester vigilants, \u00e0 faire entendre sa voix. Le silence face \u00e0 l\u2019injustice n\u2019est pas une option. Nous restons d\u00e9termin\u00e9s \u00e0 agir sans concession, dans l\u2019int\u00e9r\u00eat g\u00e9n\u00e9ral, pour une consommation \u00e9quitable, responsable et respectueuse des droits humains.<\/p>\n<p>Tr\u00e8s chers journalistes,<\/p>\n<p>Nous ne saurions clore cette d\u00e9claration sans vous exprimer notre profonde gratitude pour votre accompagnement constant. Votre r\u00f4le est essentiel dans la construction d\u2019une soci\u00e9t\u00e9 plus juste, plus inform\u00e9e, plus engag\u00e9e.<\/p>\n<p>LCB \u2013 Consommons encore mieux !<\/p>\n<p>Je vous remercie.<\/p>\n<p>Ouagadougou, le 28 Ao\u00fbt 2025<\/p>\n<p>Dasman\u00e9 TRAORE<br \/>\nChevalier de l\u2019Ordre du l\u2019Etalon<\/p>\n","protected":false},"excerpt":{"rendered":"<p>D\u00e9claration liminaire du Pr\u00e9sident de la Ligue des Consommateurs du Burkina (LCB) \u00e0 l\u2019occasion de<\/p>\n","protected":false},"author":1,"featured_media":30038,"comment_status":"open","ping_status":"open","sticky":false,"template":"","format":"standard","meta":{"footnotes":""},"categories":[2,16],"tags":[],"class_list":["post-30036","post","type-post","status-publish","format-standard","has-post-thumbnail","hentry","category-actu","category-societe"],"yoast_head":"<!-- This site is optimized with the Yoast SEO plugin v27.5 - https:\/\/yoast.com\/product\/yoast-seo-wordpress\/ -->\n<title>Prix des motos,frais de scolarit\u00e9, denr\u00e9e alimentaire...: D\u00e9claration de la Ligue des consommateurs - R\u00e9veil Info<\/title>\n<meta name=\"robots\" content=\"noindex, follow, max-snippet:-1, max-image-preview:large, max-video-preview:-1\" \/>\n<meta property=\"og:locale\" content=\"fr_FR\" \/>\n<meta property=\"og:type\" content=\"article\" \/>\n<meta property=\"og:title\" content=\"Prix des motos,frais de scolarit\u00e9, denr\u00e9e alimentaire...: D\u00e9claration de la Ligue des consommateurs - R\u00e9veil Info\" \/>\n<meta property=\"og:description\" content=\"D\u00e9claration liminaire du Pr\u00e9sident de la Ligue des Consommateurs du Burkina (LCB) \u00e0 l\u2019occasion de\" \/>\n<meta property=\"og:url\" content=\"https:\/\/reveil-info.net\/?p=30036\" \/>\n<meta property=\"og:site_name\" content=\"R\u00e9veil Info\" \/>\n<meta property=\"article:published_time\" content=\"2025-08-28T14:35:37+00:00\" \/>\n<meta property=\"og:image\" content=\"https:\/\/reveil-info.net\/wp-content\/uploads\/2025\/08\/FB_IMG_17563913039897452.jpg\" \/>\n\t<meta property=\"og:image:width\" content=\"720\" \/>\n\t<meta property=\"og:image:height\" content=\"324\" \/>\n\t<meta property=\"og:image:type\" content=\"image\/jpeg\" \/>\n<meta name=\"author\" content=\"R\u00e9veil info\" \/>\n<meta name=\"twitter:card\" content=\"summary_large_image\" \/>\n<meta name=\"twitter:label1\" content=\"\u00c9crit par\" \/>\n\t<meta name=\"twitter:data1\" content=\"R\u00e9veil info\" \/>\n\t<meta name=\"twitter:label2\" content=\"Dur\u00e9e de lecture estim\u00e9e\" \/>\n\t<meta name=\"twitter:data2\" content=\"6 minutes\" \/>\n<script type=\"application\/ld+json\" class=\"yoast-schema-graph\">{\"@context\":\"https:\\\/\\\/schema.org\",\"@graph\":[{\"@type\":\"Article\",\"@id\":\"https:\\\/\\\/reveil-info.net\\\/?p=30036#article\",\"isPartOf\":{\"@id\":\"https:\\\/\\\/reveil-info.net\\\/?p=30036\"},\"author\":{\"name\":\"R\u00e9veil info\",\"@id\":\"https:\\\/\\\/reveil-info.net\\\/#\\\/schema\\\/person\\\/ca0cc8e70088e0a2b5e92556c1ee60f5\"},\"headline\":\"Prix des motos,frais de scolarit\u00e9, denr\u00e9e alimentaire&#8230;: D\u00e9claration de la Ligue des consommateurs\",\"datePublished\":\"2025-08-28T14:35:37+00:00\",\"mainEntityOfPage\":{\"@id\":\"https:\\\/\\\/reveil-info.net\\\/?p=30036\"},\"wordCount\":1080,\"commentCount\":0,\"publisher\":{\"@id\":\"https:\\\/\\\/reveil-info.net\\\/#organization\"},\"image\":{\"@id\":\"https:\\\/\\\/reveil-info.net\\\/?p=30036#primaryimage\"},\"thumbnailUrl\":\"https:\\\/\\\/reveil-info.net\\\/wp-content\\\/uploads\\\/2025\\\/08\\\/FB_IMG_17563913039897452.jpg\",\"articleSection\":[\"Actualit\u00e9\",\"Soci\u00e9t\u00e9\"],\"inLanguage\":\"fr-FR\",\"potentialAction\":[{\"@type\":\"CommentAction\",\"name\":\"Comment\",\"target\":[\"https:\\\/\\\/reveil-info.net\\\/?p=30036#respond\"]}]},{\"@type\":\"WebPage\",\"@id\":\"https:\\\/\\\/reveil-info.net\\\/?p=30036\",\"url\":\"https:\\\/\\\/reveil-info.net\\\/?p=30036\",\"name\":\"Prix des motos,frais de scolarit\u00e9, denr\u00e9e alimentaire...: D\u00e9claration de la Ligue des consommateurs - R\u00e9veil Info\",\"isPartOf\":{\"@id\":\"https:\\\/\\\/reveil-info.net\\\/#website\"},\"primaryImageOfPage\":{\"@id\":\"https:\\\/\\\/reveil-info.net\\\/?p=30036#primaryimage\"},\"image\":{\"@id\":\"https:\\\/\\\/reveil-info.net\\\/?p=30036#primaryimage\"},\"thumbnailUrl\":\"https:\\\/\\\/reveil-info.net\\\/wp-content\\\/uploads\\\/2025\\\/08\\\/FB_IMG_17563913039897452.jpg\",\"datePublished\":\"2025-08-28T14:35:37+00:00\",\"breadcrumb\":{\"@id\":\"https:\\\/\\\/reveil-info.net\\\/?p=30036#breadcrumb\"},\"inLanguage\":\"fr-FR\",\"potentialAction\":[{\"@type\":\"ReadAction\",\"target\":[\"https:\\\/\\\/reveil-info.net\\\/?p=30036\"]}]},{\"@type\":\"ImageObject\",\"inLanguage\":\"fr-FR\",\"@id\":\"https:\\\/\\\/reveil-info.net\\\/?p=30036#primaryimage\",\"url\":\"https:\\\/\\\/reveil-info.net\\\/wp-content\\\/uploads\\\/2025\\\/08\\\/FB_IMG_17563913039897452.jpg\",\"contentUrl\":\"https:\\\/\\\/reveil-info.net\\\/wp-content\\\/uploads\\\/2025\\\/08\\\/FB_IMG_17563913039897452.jpg\",\"width\":720,\"height\":324},{\"@type\":\"BreadcrumbList\",\"@id\":\"https:\\\/\\\/reveil-info.net\\\/?p=30036#breadcrumb\",\"itemListElement\":[{\"@type\":\"ListItem\",\"position\":1,\"name\":\"Home\",\"item\":\"https:\\\/\\\/reveil-info.net\\\/\"},{\"@type\":\"ListItem\",\"position\":2,\"name\":\"Prix des motos,frais de scolarit\u00e9, denr\u00e9e alimentaire&#8230;: D\u00e9claration de la Ligue des consommateurs\"}]},{\"@type\":\"WebSite\",\"@id\":\"https:\\\/\\\/reveil-info.net\\\/#website\",\"url\":\"https:\\\/\\\/reveil-info.net\\\/\",\"name\":\"R\u00e9veil Info\",\"description\":\"Le devoir d&#039;informer!\",\"publisher\":{\"@id\":\"https:\\\/\\\/reveil-info.net\\\/#organization\"},\"potentialAction\":[{\"@type\":\"SearchAction\",\"target\":{\"@type\":\"EntryPoint\",\"urlTemplate\":\"https:\\\/\\\/reveil-info.net\\\/?s={search_term_string}\"},\"query-input\":{\"@type\":\"PropertyValueSpecification\",\"valueRequired\":true,\"valueName\":\"search_term_string\"}}],\"inLanguage\":\"fr-FR\"},{\"@type\":\"Organization\",\"@id\":\"https:\\\/\\\/reveil-info.net\\\/#organization\",\"name\":\"R\u00e9veil Info\",\"url\":\"https:\\\/\\\/reveil-info.net\\\/\",\"logo\":{\"@type\":\"ImageObject\",\"inLanguage\":\"fr-FR\",\"@id\":\"https:\\\/\\\/reveil-info.net\\\/#\\\/schema\\\/logo\\\/image\\\/\",\"url\":\"https:\\\/\\\/reveil-info.net\\\/wp-content\\\/uploads\\\/2024\\\/07\\\/bnddd1.jpg\",\"contentUrl\":\"https:\\\/\\\/reveil-info.net\\\/wp-content\\\/uploads\\\/2024\\\/07\\\/bnddd1.jpg\",\"width\":903,\"height\":125,\"caption\":\"R\u00e9veil Info\"},\"image\":{\"@id\":\"https:\\\/\\\/reveil-info.net\\\/#\\\/schema\\\/logo\\\/image\\\/\"}},{\"@type\":\"Person\",\"@id\":\"https:\\\/\\\/reveil-info.net\\\/#\\\/schema\\\/person\\\/ca0cc8e70088e0a2b5e92556c1ee60f5\",\"name\":\"R\u00e9veil info\",\"image\":{\"@type\":\"ImageObject\",\"inLanguage\":\"fr-FR\",\"@id\":\"https:\\\/\\\/secure.gravatar.com\\\/avatar\\\/e4ad5bb743c8b6cb174d9df6c7d30a8a16f6889731241345fc6444e6485f02af?s=96&d=mm&r=g\",\"url\":\"https:\\\/\\\/secure.gravatar.com\\\/avatar\\\/e4ad5bb743c8b6cb174d9df6c7d30a8a16f6889731241345fc6444e6485f02af?s=96&d=mm&r=g\",\"contentUrl\":\"https:\\\/\\\/secure.gravatar.com\\\/avatar\\\/e4ad5bb743c8b6cb174d9df6c7d30a8a16f6889731241345fc6444e6485f02af?s=96&d=mm&r=g\",\"caption\":\"R\u00e9veil info\"},\"sameAs\":[\"https:\\\/\\\/reveil-info.net\"],\"url\":\"https:\\\/\\\/reveil-info.net\\\/?author=1\"}]}<\/script>\n<!-- \/ Yoast SEO plugin. -->","yoast_head_json":{"title":"Prix des motos,frais de scolarit\u00e9, denr\u00e9e alimentaire...: D\u00e9claration de la Ligue des consommateurs - R\u00e9veil Info","robots":{"index":"noindex","follow":"follow","max-snippet":"max-snippet:-1","max-image-preview":"max-image-preview:large","max-video-preview":"max-video-preview:-1"},"og_locale":"fr_FR","og_type":"article","og_title":"Prix des motos,frais de scolarit\u00e9, denr\u00e9e alimentaire...: D\u00e9claration de la Ligue des consommateurs - R\u00e9veil Info","og_description":"D\u00e9claration liminaire du Pr\u00e9sident de la Ligue des Consommateurs du Burkina (LCB) \u00e0 l\u2019occasion de","og_url":"https:\/\/reveil-info.net\/?p=30036","og_site_name":"R\u00e9veil Info","article_published_time":"2025-08-28T14:35:37+00:00","og_image":[{"width":720,"height":324,"url":"https:\/\/reveil-info.net\/wp-content\/uploads\/2025\/08\/FB_IMG_17563913039897452.jpg","type":"image\/jpeg"}],"author":"R\u00e9veil info","twitter_card":"summary_large_image","twitter_misc":{"\u00c9crit par":"R\u00e9veil info","Dur\u00e9e de lecture estim\u00e9e":"6 minutes"},"schema":{"@context":"https:\/\/schema.org","@graph":[{"@type":"Article","@id":"https:\/\/reveil-info.net\/?p=30036#article","isPartOf":{"@id":"https:\/\/reveil-info.net\/?p=30036"},"author":{"name":"R\u00e9veil info","@id":"https:\/\/reveil-info.net\/#\/schema\/person\/ca0cc8e70088e0a2b5e92556c1ee60f5"},"headline":"Prix des motos,frais de scolarit\u00e9, denr\u00e9e alimentaire&#8230;: D\u00e9claration de la Ligue des consommateurs","datePublished":"2025-08-28T14:35:37+00:00","mainEntityOfPage":{"@id":"https:\/\/reveil-info.net\/?p=30036"},"wordCount":1080,"commentCount":0,"publisher":{"@id":"https:\/\/reveil-info.net\/#organization"},"image":{"@id":"https:\/\/reveil-info.net\/?p=30036#primaryimage"},"thumbnailUrl":"https:\/\/reveil-info.net\/wp-content\/uploads\/2025\/08\/FB_IMG_17563913039897452.jpg","articleSection":["Actualit\u00e9","Soci\u00e9t\u00e9"],"inLanguage":"fr-FR","potentialAction":[{"@type":"CommentAction","name":"Comment","target":["https:\/\/reveil-info.net\/?p=30036#respond"]}]},{"@type":"WebPage","@id":"https:\/\/reveil-info.net\/?p=30036","url":"https:\/\/reveil-info.net\/?p=30036","name":"Prix des motos,frais de scolarit\u00e9, denr\u00e9e alimentaire...: D\u00e9claration de la Ligue des consommateurs - R\u00e9veil Info","isPartOf":{"@id":"https:\/\/reveil-info.net\/#website"},"primaryImageOfPage":{"@id":"https:\/\/reveil-info.net\/?p=30036#primaryimage"},"image":{"@id":"https:\/\/reveil-info.net\/?p=30036#primaryimage"},"thumbnailUrl":"https:\/\/reveil-info.net\/wp-content\/uploads\/2025\/08\/FB_IMG_17563913039897452.jpg","datePublished":"2025-08-28T14:35:37+00:00","breadcrumb":{"@id":"https:\/\/reveil-info.net\/?p=30036#breadcrumb"},"inLanguage":"fr-FR","potentialAction":[{"@type":"ReadAction","target":["https:\/\/reveil-info.net\/?p=30036"]}]},{"@type":"ImageObject","inLanguage":"fr-FR","@id":"https:\/\/reveil-info.net\/?p=30036#primaryimage","url":"https:\/\/reveil-info.net\/wp-content\/uploads\/2025\/08\/FB_IMG_17563913039897452.jpg","contentUrl":"https:\/\/reveil-info.net\/wp-content\/uploads\/2025\/08\/FB_IMG_17563913039897452.jpg","width":720,"height":324},{"@type":"BreadcrumbList","@id":"https:\/\/reveil-info.net\/?p=30036#breadcrumb","itemListElement":[{"@type":"ListItem","position":1,"name":"Home","item":"https:\/\/reveil-info.net\/"},{"@type":"ListItem","position":2,"name":"Prix des motos,frais de scolarit\u00e9, denr\u00e9e alimentaire&#8230;: D\u00e9claration de la Ligue des consommateurs"}]},{"@type":"WebSite","@id":"https:\/\/reveil-info.net\/#website","url":"https:\/\/reveil-info.net\/","name":"R\u00e9veil Info","description":"Le devoir d&#039;informer!","publisher":{"@id":"https:\/\/reveil-info.net\/#organization"},"potentialAction":[{"@type":"SearchAction","target":{"@type":"EntryPoint","urlTemplate":"https:\/\/reveil-info.net\/?s={search_term_string}"},"query-input":{"@type":"PropertyValueSpecification","valueRequired":true,"valueName":"search_term_string"}}],"inLanguage":"fr-FR"},{"@type":"Organization","@id":"https:\/\/reveil-info.net\/#organization","name":"R\u00e9veil Info","url":"https:\/\/reveil-info.net\/","logo":{"@type":"ImageObject","inLanguage":"fr-FR","@id":"https:\/\/reveil-info.net\/#\/schema\/logo\/image\/","url":"https:\/\/reveil-info.net\/wp-content\/uploads\/2024\/07\/bnddd1.jpg","contentUrl":"https:\/\/reveil-info.net\/wp-content\/uploads\/2024\/07\/bnddd1.jpg","width":903,"height":125,"caption":"R\u00e9veil Info"},"image":{"@id":"https:\/\/reveil-info.net\/#\/schema\/logo\/image\/"}},{"@type":"Person","@id":"https:\/\/reveil-info.net\/#\/schema\/person\/ca0cc8e70088e0a2b5e92556c1ee60f5","name":"R\u00e9veil info","image":{"@type":"ImageObject","inLanguage":"fr-FR","@id":"https:\/\/secure.gravatar.com\/avatar\/e4ad5bb743c8b6cb174d9df6c7d30a8a16f6889731241345fc6444e6485f02af?s=96&d=mm&r=g","url":"https:\/\/secure.gravatar.com\/avatar\/e4ad5bb743c8b6cb174d9df6c7d30a8a16f6889731241345fc6444e6485f02af?s=96&d=mm&r=g","contentUrl":"https:\/\/secure.gravatar.com\/avatar\/e4ad5bb743c8b6cb174d9df6c7d30a8a16f6889731241345fc6444e6485f02af?s=96&d=mm&r=g","caption":"R\u00e9veil info"},"sameAs":["https:\/\/reveil-info.net"],"url":"https:\/\/reveil-info.net\/?author=1"}]}},"jetpack_featured_media_url":"https:\/\/reveil-info.net\/wp-content\/uploads\/2025\/08\/FB_IMG_17563913039897452.jpg","featured_image_urls":{"full":["https:\/\/reveil-info.net\/wp-content\/uploads\/2025\/08\/FB_IMG_17563913039897452.jpg",720,324,false],"thumbnail":["https:\/\/reveil-info.net\/wp-content\/uploads\/2025\/08\/FB_IMG_17563913039897452-150x150.jpg",150,150,true],"medium":["https:\/\/reveil-info.net\/wp-content\/uploads\/2025\/08\/FB_IMG_17563913039897452-300x135.jpg",300,135,true],"medium_large":["https:\/\/reveil-info.net\/wp-content\/uploads\/2025\/08\/FB_IMG_17563913039897452.jpg",640,288,false],"large":["https:\/\/reveil-info.net\/wp-content\/uploads\/2025\/08\/FB_IMG_17563913039897452.jpg",640,288,false],"1536x1536":["https:\/\/reveil-info.net\/wp-content\/uploads\/2025\/08\/FB_IMG_17563913039897452.jpg",720,324,false],"2048x2048":["https:\/\/reveil-info.net\/wp-content\/uploads\/2025\/08\/FB_IMG_17563913039897452.jpg",720,324,false],"chromenews-featured":["https:\/\/reveil-info.net\/wp-content\/uploads\/2025\/08\/FB_IMG_17563913039897452.jpg",720,324,false],"chromenews-large":["https:\/\/reveil-info.net\/wp-content\/uploads\/2025\/08\/FB_IMG_17563913039897452.jpg",720,324,false],"chromenews-medium":["https:\/\/reveil-info.net\/wp-content\/uploads\/2025\/08\/FB_IMG_17563913039897452-590x324.jpg",590,324,true]},"author_info":{"display_name":"R\u00e9veil info","author_link":"https:\/\/reveil-info.net\/?author=1"},"category_info":"<a href=\"https:\/\/reveil-info.net\/?cat=2\" rel=\"category\">Actualit\u00e9<\/a> <a href=\"https:\/\/reveil-info.net\/?cat=16\" rel=\"category\">Soci\u00e9t\u00e9<\/a>","tag_info":"Soci\u00e9t\u00e9","comment_count":"0","_links":{"self":[{"href":"https:\/\/reveil-info.net\/index.php?rest_route=\/wp\/v2\/posts\/30036","targetHints":{"allow":["GET"]}}],"collection":[{"href":"https:\/\/reveil-info.net\/index.php?rest_route=\/wp\/v2\/posts"}],"about":[{"href":"https:\/\/reveil-info.net\/index.php?rest_route=\/wp\/v2\/types\/post"}],"author":[{"embeddable":true,"href":"https:\/\/reveil-info.net\/index.php?rest_route=\/wp\/v2\/users\/1"}],"replies":[{"embeddable":true,"href":"https:\/\/reveil-info.net\/index.php?rest_route=%2Fwp%2Fv2%2Fcomments&post=30036"}],"version-history":[{"count":3,"href":"https:\/\/reveil-info.net\/index.php?rest_route=\/wp\/v2\/posts\/30036\/revisions"}],"predecessor-version":[{"id":30040,"href":"https:\/\/reveil-info.net\/index.php?rest_route=\/wp\/v2\/posts\/30036\/revisions\/30040"}],"wp:featuredmedia":[{"embeddable":true,"href":"https:\/\/reveil-info.net\/index.php?rest_route=\/wp\/v2\/media\/30038"}],"wp:attachment":[{"href":"https:\/\/reveil-info.net\/index.php?rest_route=%2Fwp%2Fv2%2Fmedia&parent=30036"}],"wp:term":[{"taxonomy":"category","embeddable":true,"href":"https:\/\/reveil-info.net\/index.php?rest_route=%2Fwp%2Fv2%2Fcategories&post=30036"},{"taxonomy":"post_tag","embeddable":true,"href":"https:\/\/reveil-info.net\/index.php?rest_route=%2Fwp%2Fv2%2Ftags&post=30036"}],"curies":[{"name":"wp","href":"https:\/\/api.w.org\/{rel}","templated":true}]}}