{"id":29902,"date":"2025-08-26T12:41:16","date_gmt":"2025-08-26T12:41:16","guid":{"rendered":"https:\/\/reveil-info.net\/?p=29902"},"modified":"2025-08-26T12:43:01","modified_gmt":"2025-08-26T12:43:01","slug":"attaque-terroriste-au-nord-de-la-cote-divoire-frontiere-burkina","status":"publish","type":"post","link":"https:\/\/reveil-info.net\/?p=29902","title":{"rendered":"Attaque terroriste au nord de la C\u00f4te d&rsquo;Ivoire (fronti\u00e8re Burkina): Communiqu\u00e9 de l&rsquo;arm\u00e9e ivoirienne"},"content":{"rendered":"","protected":false},"excerpt":{"rendered":"","protected":false},"author":1,"featured_media":29904,"comment_status":"open","ping_status":"open","sticky":false,"template":"","format":"standard","meta":{"footnotes":""},"categories":[3,8],"tags":[],"class_list":["post-29902","post","type-post","status-publish","format-standard","has-post-thumbnail","hentry","category-annonces-communiques","category-international"],"yoast_head":"<!-- This site is optimized with the Yoast SEO plugin v27.5 - https:\/\/yoast.com\/product\/yoast-seo-wordpress\/ -->\n<title>Attaque terroriste au nord de la C\u00f4te d&#039;Ivoire (fronti\u00e8re Burkina): Communiqu\u00e9 de l&#039;arm\u00e9e ivoirienne - R\u00e9veil Info<\/title>\n<meta name=\"robots\" content=\"noindex, follow, max-snippet:-1, max-image-preview:large, max-video-preview:-1\" \/>\n<meta property=\"og:locale\" content=\"fr_FR\" \/>\n<meta property=\"og:type\" content=\"article\" \/>\n<meta property=\"og:title\" content=\"Attaque terroriste au nord de la C\u00f4te d&#039;Ivoire (fronti\u00e8re Burkina): Communiqu\u00e9 de l&#039;arm\u00e9e ivoirienne - R\u00e9veil Info\" \/>\n<meta property=\"og:url\" content=\"https:\/\/reveil-info.net\/?p=29902\" \/>\n<meta property=\"og:site_name\" content=\"R\u00e9veil Info\" \/>\n<meta property=\"article:published_time\" content=\"2025-08-26T12:41:16+00:00\" \/>\n<meta property=\"article:modified_time\" content=\"2025-08-26T12:43:01+00:00\" \/>\n<meta property=\"og:image\" content=\"https:\/\/reveil-info.net\/wp-content\/uploads\/2025\/08\/FB_IMG_17562118492132162.jpg\" \/>\n\t<meta property=\"og:image:width\" content=\"698\" \/>\n\t<meta property=\"og:image:height\" content=\"900\" \/>\n\t<meta property=\"og:image:type\" content=\"image\/jpeg\" \/>\n<meta name=\"author\" content=\"R\u00e9veil info\" \/>\n<meta name=\"twitter:card\" content=\"summary_large_image\" \/>\n<meta name=\"twitter:label1\" content=\"\u00c9crit par\" \/>\n\t<meta name=\"twitter:data1\" content=\"R\u00e9veil info\" \/>\n\t<meta name=\"twitter:label2\" content=\"Dur\u00e9e de lecture estim\u00e9e\" \/>\n\t<meta name=\"twitter:data2\" content=\"1 minute\" \/>\n<script type=\"application\/ld+json\" class=\"yoast-schema-graph\">{\"@context\":\"https:\\\/\\\/schema.org\",\"@graph\":[{\"@type\":\"Article\",\"@id\":\"https:\\\/\\\/reveil-info.net\\\/?p=29902#article\",\"isPartOf\":{\"@id\":\"https:\\\/\\\/reveil-info.net\\\/?p=29902\"},\"author\":{\"name\":\"R\u00e9veil info\",\"@id\":\"https:\\\/\\\/reveil-info.net\\\/#\\\/schema\\\/person\\\/ca0cc8e70088e0a2b5e92556c1ee60f5\"},\"headline\":\"Attaque terroriste au nord de la C\u00f4te d&rsquo;Ivoire (fronti\u00e8re Burkina): Communiqu\u00e9 de l&rsquo;arm\u00e9e ivoirienne\",\"datePublished\":\"2025-08-26T12:41:16+00:00\",\"dateModified\":\"2025-08-26T12:43:01+00:00\",\"mainEntityOfPage\":{\"@id\":\"https:\\\/\\\/reveil-info.net\\\/?p=29902\"},\"wordCount\":19,\"commentCount\":0,\"publisher\":{\"@id\":\"https:\\\/\\\/reveil-info.net\\\/#organization\"},\"image\":{\"@id\":\"https:\\\/\\\/reveil-info.net\\\/?p=29902#primaryimage\"},\"thumbnailUrl\":\"https:\\\/\\\/reveil-info.net\\\/wp-content\\\/uploads\\\/2025\\\/08\\\/FB_IMG_17562118492132162.jpg\",\"articleSection\":[\"Annonces-Communiqu\u00e9s\",\"International\"],\"inLanguage\":\"fr-FR\",\"potentialAction\":[{\"@type\":\"CommentAction\",\"name\":\"Comment\",\"target\":[\"https:\\\/\\\/reveil-info.net\\\/?p=29902#respond\"]}]},{\"@type\":\"WebPage\",\"@id\":\"https:\\\/\\\/reveil-info.net\\\/?p=29902\",\"url\":\"https:\\\/\\\/reveil-info.net\\\/?p=29902\",\"name\":\"Attaque terroriste au nord de la C\u00f4te d'Ivoire (fronti\u00e8re Burkina): Communiqu\u00e9 de l'arm\u00e9e ivoirienne - R\u00e9veil Info\",\"isPartOf\":{\"@id\":\"https:\\\/\\\/reveil-info.net\\\/#website\"},\"primaryImageOfPage\":{\"@id\":\"https:\\\/\\\/reveil-info.net\\\/?p=29902#primaryimage\"},\"image\":{\"@id\":\"https:\\\/\\\/reveil-info.net\\\/?p=29902#primaryimage\"},\"thumbnailUrl\":\"https:\\\/\\\/reveil-info.net\\\/wp-content\\\/uploads\\\/2025\\\/08\\\/FB_IMG_17562118492132162.jpg\",\"datePublished\":\"2025-08-26T12:41:16+00:00\",\"dateModified\":\"2025-08-26T12:43:01+00:00\",\"breadcrumb\":{\"@id\":\"https:\\\/\\\/reveil-info.net\\\/?p=29902#breadcrumb\"},\"inLanguage\":\"fr-FR\",\"potentialAction\":[{\"@type\":\"ReadAction\",\"target\":[\"https:\\\/\\\/reveil-info.net\\\/?p=29902\"]}]},{\"@type\":\"ImageObject\",\"inLanguage\":\"fr-FR\",\"@id\":\"https:\\\/\\\/reveil-info.net\\\/?p=29902#primaryimage\",\"url\":\"https:\\\/\\\/reveil-info.net\\\/wp-content\\\/uploads\\\/2025\\\/08\\\/FB_IMG_17562118492132162.jpg\",\"contentUrl\":\"https:\\\/\\\/reveil-info.net\\\/wp-content\\\/uploads\\\/2025\\\/08\\\/FB_IMG_17562118492132162.jpg\",\"width\":698,\"height\":900},{\"@type\":\"BreadcrumbList\",\"@id\":\"https:\\\/\\\/reveil-info.net\\\/?p=29902#breadcrumb\",\"itemListElement\":[{\"@type\":\"ListItem\",\"position\":1,\"name\":\"Home\",\"item\":\"https:\\\/\\\/reveil-info.net\\\/\"},{\"@type\":\"ListItem\",\"position\":2,\"name\":\"Attaque terroriste au nord de la C\u00f4te d&rsquo;Ivoire (fronti\u00e8re Burkina): Communiqu\u00e9 de l&rsquo;arm\u00e9e ivoirienne\"}]},{\"@type\":\"WebSite\",\"@id\":\"https:\\\/\\\/reveil-info.net\\\/#website\",\"url\":\"https:\\\/\\\/reveil-info.net\\\/\",\"name\":\"R\u00e9veil Info\",\"description\":\"Le devoir d&#039;informer!\",\"publisher\":{\"@id\":\"https:\\\/\\\/reveil-info.net\\\/#organization\"},\"potentialAction\":[{\"@type\":\"SearchAction\",\"target\":{\"@type\":\"EntryPoint\",\"urlTemplate\":\"https:\\\/\\\/reveil-info.net\\\/?s={search_term_string}\"},\"query-input\":{\"@type\":\"PropertyValueSpecification\",\"valueRequired\":true,\"valueName\":\"search_term_string\"}}],\"inLanguage\":\"fr-FR\"},{\"@type\":\"Organization\",\"@id\":\"https:\\\/\\\/reveil-info.net\\\/#organization\",\"name\":\"R\u00e9veil Info\",\"url\":\"https:\\\/\\\/reveil-info.net\\\/\",\"logo\":{\"@type\":\"ImageObject\",\"inLanguage\":\"fr-FR\",\"@id\":\"https:\\\/\\\/reveil-info.net\\\/#\\\/schema\\\/logo\\\/image\\\/\",\"url\":\"https:\\\/\\\/reveil-info.net\\\/wp-content\\\/uploads\\\/2024\\\/07\\\/bnddd1.jpg\",\"contentUrl\":\"https:\\\/\\\/reveil-info.net\\\/wp-content\\\/uploads\\\/2024\\\/07\\\/bnddd1.jpg\",\"width\":903,\"height\":125,\"caption\":\"R\u00e9veil Info\"},\"image\":{\"@id\":\"https:\\\/\\\/reveil-info.net\\\/#\\\/schema\\\/logo\\\/image\\\/\"}},{\"@type\":\"Person\",\"@id\":\"https:\\\/\\\/reveil-info.net\\\/#\\\/schema\\\/person\\\/ca0cc8e70088e0a2b5e92556c1ee60f5\",\"name\":\"R\u00e9veil info\",\"image\":{\"@type\":\"ImageObject\",\"inLanguage\":\"fr-FR\",\"@id\":\"https:\\\/\\\/secure.gravatar.com\\\/avatar\\\/e4ad5bb743c8b6cb174d9df6c7d30a8a16f6889731241345fc6444e6485f02af?s=96&d=mm&r=g\",\"url\":\"https:\\\/\\\/secure.gravatar.com\\\/avatar\\\/e4ad5bb743c8b6cb174d9df6c7d30a8a16f6889731241345fc6444e6485f02af?s=96&d=mm&r=g\",\"contentUrl\":\"https:\\\/\\\/secure.gravatar.com\\\/avatar\\\/e4ad5bb743c8b6cb174d9df6c7d30a8a16f6889731241345fc6444e6485f02af?s=96&d=mm&r=g\",\"caption\":\"R\u00e9veil info\"},\"sameAs\":[\"https:\\\/\\\/reveil-info.net\"],\"url\":\"https:\\\/\\\/reveil-info.net\\\/?author=1\"}]}<\/script>\n<!-- \/ Yoast SEO plugin. -->","yoast_head_json":{"title":"Attaque terroriste au nord de la C\u00f4te d'Ivoire (fronti\u00e8re Burkina): Communiqu\u00e9 de l'arm\u00e9e ivoirienne - R\u00e9veil Info","robots":{"index":"noindex","follow":"follow","max-snippet":"max-snippet:-1","max-image-preview":"max-image-preview:large","max-video-preview":"max-video-preview:-1"},"og_locale":"fr_FR","og_type":"article","og_title":"Attaque terroriste au nord de la C\u00f4te d'Ivoire (fronti\u00e8re Burkina): Communiqu\u00e9 de l'arm\u00e9e ivoirienne - R\u00e9veil Info","og_url":"https:\/\/reveil-info.net\/?p=29902","og_site_name":"R\u00e9veil Info","article_published_time":"2025-08-26T12:41:16+00:00","article_modified_time":"2025-08-26T12:43:01+00:00","og_image":[{"width":698,"height":900,"url":"https:\/\/reveil-info.net\/wp-content\/uploads\/2025\/08\/FB_IMG_17562118492132162.jpg","type":"image\/jpeg"}],"author":"R\u00e9veil info","twitter_card":"summary_large_image","twitter_misc":{"\u00c9crit par":"R\u00e9veil info","Dur\u00e9e de lecture estim\u00e9e":"1 minute"},"schema":{"@context":"https:\/\/schema.org","@graph":[{"@type":"Article","@id":"https:\/\/reveil-info.net\/?p=29902#article","isPartOf":{"@id":"https:\/\/reveil-info.net\/?p=29902"},"author":{"name":"R\u00e9veil info","@id":"https:\/\/reveil-info.net\/#\/schema\/person\/ca0cc8e70088e0a2b5e92556c1ee60f5"},"headline":"Attaque terroriste au nord de la C\u00f4te d&rsquo;Ivoire (fronti\u00e8re Burkina): Communiqu\u00e9 de l&rsquo;arm\u00e9e ivoirienne","datePublished":"2025-08-26T12:41:16+00:00","dateModified":"2025-08-26T12:43:01+00:00","mainEntityOfPage":{"@id":"https:\/\/reveil-info.net\/?p=29902"},"wordCount":19,"commentCount":0,"publisher":{"@id":"https:\/\/reveil-info.net\/#organization"},"image":{"@id":"https:\/\/reveil-info.net\/?p=29902#primaryimage"},"thumbnailUrl":"https:\/\/reveil-info.net\/wp-content\/uploads\/2025\/08\/FB_IMG_17562118492132162.jpg","articleSection":["Annonces-Communiqu\u00e9s","International"],"inLanguage":"fr-FR","potentialAction":[{"@type":"CommentAction","name":"Comment","target":["https:\/\/reveil-info.net\/?p=29902#respond"]}]},{"@type":"WebPage","@id":"https:\/\/reveil-info.net\/?p=29902","url":"https:\/\/reveil-info.net\/?p=29902","name":"Attaque terroriste au nord de la C\u00f4te d'Ivoire (fronti\u00e8re Burkina): Communiqu\u00e9 de l'arm\u00e9e ivoirienne - R\u00e9veil Info","isPartOf":{"@id":"https:\/\/reveil-info.net\/#website"},"primaryImageOfPage":{"@id":"https:\/\/reveil-info.net\/?p=29902#primaryimage"},"image":{"@id":"https:\/\/reveil-info.net\/?p=29902#primaryimage"},"thumbnailUrl":"https:\/\/reveil-info.net\/wp-content\/uploads\/2025\/08\/FB_IMG_17562118492132162.jpg","datePublished":"2025-08-26T12:41:16+00:00","dateModified":"2025-08-26T12:43:01+00:00","breadcrumb":{"@id":"https:\/\/reveil-info.net\/?p=29902#breadcrumb"},"inLanguage":"fr-FR","potentialAction":[{"@type":"ReadAction","target":["https:\/\/reveil-info.net\/?p=29902"]}]},{"@type":"ImageObject","inLanguage":"fr-FR","@id":"https:\/\/reveil-info.net\/?p=29902#primaryimage","url":"https:\/\/reveil-info.net\/wp-content\/uploads\/2025\/08\/FB_IMG_17562118492132162.jpg","contentUrl":"https:\/\/reveil-info.net\/wp-content\/uploads\/2025\/08\/FB_IMG_17562118492132162.jpg","width":698,"height":900},{"@type":"BreadcrumbList","@id":"https:\/\/reveil-info.net\/?p=29902#breadcrumb","itemListElement":[{"@type":"ListItem","position":1,"name":"Home","item":"https:\/\/reveil-info.net\/"},{"@type":"ListItem","position":2,"name":"Attaque terroriste au nord de la C\u00f4te d&rsquo;Ivoire (fronti\u00e8re Burkina): Communiqu\u00e9 de l&rsquo;arm\u00e9e ivoirienne"}]},{"@type":"WebSite","@id":"https:\/\/reveil-info.net\/#website","url":"https:\/\/reveil-info.net\/","name":"R\u00e9veil Info","description":"Le devoir d&#039;informer!","publisher":{"@id":"https:\/\/reveil-info.net\/#organization"},"potentialAction":[{"@type":"SearchAction","target":{"@type":"EntryPoint","urlTemplate":"https:\/\/reveil-info.net\/?s={search_term_string}"},"query-input":{"@type":"PropertyValueSpecification","valueRequired":true,"valueName":"search_term_string"}}],"inLanguage":"fr-FR"},{"@type":"Organization","@id":"https:\/\/reveil-info.net\/#organization","name":"R\u00e9veil Info","url":"https:\/\/reveil-info.net\/","logo":{"@type":"ImageObject","inLanguage":"fr-FR","@id":"https:\/\/reveil-info.net\/#\/schema\/logo\/image\/","url":"https:\/\/reveil-info.net\/wp-content\/uploads\/2024\/07\/bnddd1.jpg","contentUrl":"https:\/\/reveil-info.net\/wp-content\/uploads\/2024\/07\/bnddd1.jpg","width":903,"height":125,"caption":"R\u00e9veil Info"},"image":{"@id":"https:\/\/reveil-info.net\/#\/schema\/logo\/image\/"}},{"@type":"Person","@id":"https:\/\/reveil-info.net\/#\/schema\/person\/ca0cc8e70088e0a2b5e92556c1ee60f5","name":"R\u00e9veil info","image":{"@type":"ImageObject","inLanguage":"fr-FR","@id":"https:\/\/secure.gravatar.com\/avatar\/e4ad5bb743c8b6cb174d9df6c7d30a8a16f6889731241345fc6444e6485f02af?s=96&d=mm&r=g","url":"https:\/\/secure.gravatar.com\/avatar\/e4ad5bb743c8b6cb174d9df6c7d30a8a16f6889731241345fc6444e6485f02af?s=96&d=mm&r=g","contentUrl":"https:\/\/secure.gravatar.com\/avatar\/e4ad5bb743c8b6cb174d9df6c7d30a8a16f6889731241345fc6444e6485f02af?s=96&d=mm&r=g","caption":"R\u00e9veil info"},"sameAs":["https:\/\/reveil-info.net"],"url":"https:\/\/reveil-info.net\/?author=1"}]}},"jetpack_featured_media_url":"https:\/\/reveil-info.net\/wp-content\/uploads\/2025\/08\/FB_IMG_17562118492132162.jpg","featured_image_urls":{"full":["https:\/\/reveil-info.net\/wp-content\/uploads\/2025\/08\/FB_IMG_17562118492132162.jpg",698,900,false],"thumbnail":["https:\/\/reveil-info.net\/wp-content\/uploads\/2025\/08\/FB_IMG_17562118492132162-150x150.jpg",150,150,true],"medium":["https:\/\/reveil-info.net\/wp-content\/uploads\/2025\/08\/FB_IMG_17562118492132162-233x300.jpg",233,300,true],"medium_large":["https:\/\/reveil-info.net\/wp-content\/uploads\/2025\/08\/FB_IMG_17562118492132162.jpg",640,825,false],"large":["https:\/\/reveil-info.net\/wp-content\/uploads\/2025\/08\/FB_IMG_17562118492132162.jpg",640,825,false],"1536x1536":["https:\/\/reveil-info.net\/wp-content\/uploads\/2025\/08\/FB_IMG_17562118492132162.jpg",698,900,false],"2048x2048":["https:\/\/reveil-info.net\/wp-content\/uploads\/2025\/08\/FB_IMG_17562118492132162.jpg",698,900,false],"chromenews-featured":["https:\/\/reveil-info.net\/wp-content\/uploads\/2025\/08\/FB_IMG_17562118492132162.jpg",698,900,false],"chromenews-large":["https:\/\/reveil-info.net\/wp-content\/uploads\/2025\/08\/FB_IMG_17562118492132162-698x575.jpg",698,575,true],"chromenews-medium":["https:\/\/reveil-info.net\/wp-content\/uploads\/2025\/08\/FB_IMG_17562118492132162-590x410.jpg",590,410,true]},"author_info":{"display_name":"R\u00e9veil info","author_link":"https:\/\/reveil-info.net\/?author=1"},"category_info":"<a href=\"https:\/\/reveil-info.net\/?cat=3\" rel=\"category\">Annonces-Communiqu\u00e9s<\/a> <a href=\"https:\/\/reveil-info.net\/?cat=8\" rel=\"category\">International<\/a>","tag_info":"International","comment_count":"0","_links":{"self":[{"href":"https:\/\/reveil-info.net\/index.php?rest_route=\/wp\/v2\/posts\/29902","targetHints":{"allow":["GET"]}}],"collection":[{"href":"https:\/\/reveil-info.net\/index.php?rest_route=\/wp\/v2\/posts"}],"about":[{"href":"https:\/\/reveil-info.net\/index.php?rest_route=\/wp\/v2\/types\/post"}],"author":[{"embeddable":true,"href":"https:\/\/reveil-info.net\/index.php?rest_route=\/wp\/v2\/users\/1"}],"replies":[{"embeddable":true,"href":"https:\/\/reveil-info.net\/index.php?rest_route=%2Fwp%2Fv2%2Fcomments&post=29902"}],"version-history":[{"count":4,"href":"https:\/\/reveil-info.net\/index.php?rest_route=\/wp\/v2\/posts\/29902\/revisions"}],"predecessor-version":[{"id":29907,"href":"https:\/\/reveil-info.net\/index.php?rest_route=\/wp\/v2\/posts\/29902\/revisions\/29907"}],"wp:featuredmedia":[{"embeddable":true,"href":"https:\/\/reveil-info.net\/index.php?rest_route=\/wp\/v2\/media\/29904"}],"wp:attachment":[{"href":"https:\/\/reveil-info.net\/index.php?rest_route=%2Fwp%2Fv2%2Fmedia&parent=29902"}],"wp:term":[{"taxonomy":"category","embeddable":true,"href":"https:\/\/reveil-info.net\/index.php?rest_route=%2Fwp%2Fv2%2Fcategories&post=29902"},{"taxonomy":"post_tag","embeddable":true,"href":"https:\/\/reveil-info.net\/index.php?rest_route=%2Fwp%2Fv2%2Ftags&post=29902"}],"curies":[{"name":"wp","href":"https:\/\/api.w.org\/{rel}","templated":true}]}}