{"id":2944,"date":"2024-07-22T11:43:34","date_gmt":"2024-07-22T11:43:34","guid":{"rendered":"https:\/\/reveil-info.net\/test\/?p=2944"},"modified":"2024-07-22T11:43:34","modified_gmt":"2024-07-22T11:43:34","slug":"senegal-a-29-ans-jean-michel-sene-pour-relever-le-defi-de-lelectrification-rurale","status":"publish","type":"post","link":"https:\/\/reveil-info.net\/?p=2944","title":{"rendered":"S\u00e9n\u00e9gal : A 29 ans, Jean Michel S\u00e8ne pour relever le d\u00e9fi de l\u2019\u00e9lectrification rurale"},"content":{"rendered":"<h2 style=\"text-align: justify;\"><b>La valeur n&rsquo;attend point le nombre des ann\u00e9es! \u00c2g\u00e9 de seulement 29 ans, Jean Michel S\u00e8ne est le plus jeune directeur g\u00e9n\u00e9ral d\u2019une structure \u00e9tatique de l&rsquo;histoire du S\u00e9n\u00e9gal. Port\u00e9 le 5 juin dernier dernier, \u00e0 la t\u00eate de l\u2019Agence s\u00e9n\u00e9galaise d\u2019\u00e9lectrification rurale (Aser), il a pris fonction le mardi 10 juillet 2024.<\/b>Originaire de Nianing, village situ\u00e9 sur la Petite-C\u00f4te au sud de la capitale s\u00e9n\u00e9galaise, Jean Michel S\u00e9ne est proche du leader du Pastef Ousmane Sonko. M. S\u00e9ne a \u00e9galement eu des charges au sein du parti puisqu\u2019il est le vice-coordinateur national de la jeunesse patriotique du parti.<\/h2>\n<div style=\"text-align: justify;\"><span style=\"font-size: x-large;\"><b>Un Parcours Professionnel tr\u00e8s riche\u00a0<\/b><\/span><\/div>\n<div style=\"text-align: justify;\"><span style=\"font-size: x-large;\">Ing\u00e9nieur \u00e9lectronicien et \u00e9nerg\u00e9ticien sp\u00e9cialis\u00e9 en instrumentation nucl\u00e9aire, Jean Michel S\u00e9ne a termin\u00e9 son parcours professionnel \u00e0 l\u2019Institut de Radioprotection et de S\u00fbret\u00e9 Nucl\u00e9aire (IRSN) le vendredi 28 juin.\u00a0 <\/span><span style=\"font-size: x-large;\">Apr\u00e8s plusieurs ann\u00e9es pass\u00e9es en France, il est revenu au S\u00e9n\u00e9gal pour r\u00e9pondre une seconde fois \u00e0 \u00ab l\u2019appel aux patriotes \u00bb et contribuer \u00e0 la construction de son pays. <\/span><span style=\"font-size: x-large;\">De 2017 \u00e0 2020, il a travaill\u00e9 en alternance en tant qu&rsquo;apprenti ing\u00e9nieur, se chargeant de l&rsquo;\u00e9talonnage des instruments \u00e9lectroniques de mesure du radon, un gaz radioactif issu de la cha\u00eene de d\u00e9sint\u00e9gration de l&rsquo;uranium. <\/span><span style=\"font-size: x-large;\">Ces trois ann\u00e9es lui ont permis d&rsquo;allier \u00e9lectronique, m\u00e9trologie du radon et gestion de projets, qu&rsquo;il pr\u00e9sentait annuellement \u00e0 Polytech Paris Sud.<\/span><span style=\"font-size: x-large;\">\u00c0 la suite de cette exp\u00e9rience, il devient responsable des m\u00e9thodes et moyens de mesure neutron \u00e0 l&rsquo;IRSN.<\/span><span style=\"font-size: x-large;\">Dans ce r\u00f4le, il d\u00e9veloppe et met en \u0153uvre des m\u00e9thodes applicatives pour l&rsquo;exploitation de syst\u00e8mes dosim\u00e9triques \u00e0 lecture diff\u00e9r\u00e9e. <\/span><span style=\"font-size: x-large;\">Ainsi, il organisait et r\u00e9alisait des essais, en assurant la m\u00e9trologie des \u00e9quipements associ\u00e9s \u00e0 la dosim\u00e9trie neutron, garantissant la fiabilit\u00e9 des r\u00e9sultats de mesure pour cette technique.\u00a0 <\/span><span style=\"font-size: x-large;\">Jean Michel S\u00e8ne a ensuite rejoint Bertin Technologie en tant que Project Manager et ing\u00e9nieur d&rsquo;applications. Il collabore avec de grandes entreprises de l&rsquo;industrie nucl\u00e9aire, telles que le CEA (Commissariat \u00e0 l&rsquo;\u00c9nergie Atomique), EDF (\u00c9lectricit\u00e9 de France), la DGA (Direction G\u00e9n\u00e9rale de l&rsquo;Armement), et Orano, tout en formant de nombreux collaborateurs. <\/span><span style=\"font-size: x-large;\">Sur sollicitation du chef de service et de son ancien manager, il retourne \u00e0 l&rsquo;IRSN comme ing\u00e9nieur responsable de l&rsquo;activit\u00e9 anthroporadiom\u00e9trie et adjoint chef du Laboratoire LBMA. Il coordonne alors l&rsquo;ensemble des campagnes ATP mobile de l&rsquo;IRSN dans plusieurs services de m\u00e9decine nucl\u00e9aire en France. Apr\u00e8s ces ann\u00e9es enrichissantes en apprentissages, exp\u00e9riences, r\u00e9alisations, relations humaines et voyages, Jean Michel S\u00e8ne d\u00e9cide de servir concr\u00e8tement son pays en tant que Directeur G\u00e9n\u00e9ral de l&rsquo;ASER (Agence S\u00e9n\u00e9galaise d&rsquo;\u00c9lectrification Rurale). <\/span><span style=\"font-size: x-large;\">Dipl\u00f4m\u00e9 en ing\u00e9nierie \u00e9lectronique, \u00e9nergie et syst\u00e8mes, Jean Michel a int\u00e9gr\u00e9 l\u2019IRSN en 2017, apr\u00e8s une ann\u00e9e en tant qu&rsquo;apprenti \u00e9lectricien et automaticien chez le Groupe PSA.\u00a0<\/span><\/div>\n<div style=\"text-align: justify;\"><strong>www.seneweb.com<\/strong><\/div>\n","protected":false},"excerpt":{"rendered":"<p>La valeur n&rsquo;attend point le nombre des ann\u00e9es! \u00c2g\u00e9 de seulement 29 ans, Jean Michel<\/p>\n","protected":false},"author":1,"featured_media":2952,"comment_status":"open","ping_status":"open","sticky":false,"template":"","format":"standard","meta":{"footnotes":""},"categories":[39,5,8],"tags":[],"class_list":["post-2944","post","type-post","status-publish","format-standard","has-post-thumbnail","hentry","category-une","category-developpement","category-international"],"yoast_head":"<!-- This site is optimized with the Yoast SEO plugin v27.5 - https:\/\/yoast.com\/product\/yoast-seo-wordpress\/ -->\n<title>S\u00e9n\u00e9gal : A 29 ans, Jean Michel S\u00e8ne pour relever le d\u00e9fi de l\u2019\u00e9lectrification rurale - R\u00e9veil Info<\/title>\n<meta name=\"robots\" content=\"noindex, follow, max-snippet:-1, max-image-preview:large, max-video-preview:-1\" \/>\n<meta property=\"og:locale\" content=\"fr_FR\" \/>\n<meta property=\"og:type\" content=\"article\" \/>\n<meta property=\"og:title\" content=\"S\u00e9n\u00e9gal : A 29 ans, Jean Michel S\u00e8ne pour relever le d\u00e9fi de l\u2019\u00e9lectrification rurale - R\u00e9veil Info\" \/>\n<meta property=\"og:description\" content=\"La valeur n&rsquo;attend point le nombre des ann\u00e9es! \u00c2g\u00e9 de seulement 29 ans, Jean Michel\" \/>\n<meta property=\"og:url\" content=\"https:\/\/reveil-info.net\/?p=2944\" \/>\n<meta property=\"og:site_name\" content=\"R\u00e9veil Info\" \/>\n<meta property=\"article:published_time\" content=\"2024-07-22T11:43:34+00:00\" \/>\n<meta property=\"og:image\" content=\"https:\/\/reveil-info.net\/wp-content\/uploads\/2024\/07\/telechargement.jpeg\" \/>\n\t<meta property=\"og:image:width\" content=\"271\" \/>\n\t<meta property=\"og:image:height\" content=\"186\" \/>\n\t<meta property=\"og:image:type\" content=\"image\/jpeg\" \/>\n<meta name=\"author\" content=\"R\u00e9veil info\" \/>\n<meta name=\"twitter:card\" content=\"summary_large_image\" \/>\n<meta name=\"twitter:label1\" content=\"\u00c9crit par\" \/>\n\t<meta name=\"twitter:data1\" content=\"R\u00e9veil info\" \/>\n\t<meta name=\"twitter:label2\" content=\"Dur\u00e9e de lecture estim\u00e9e\" \/>\n\t<meta name=\"twitter:data2\" content=\"3 minutes\" \/>\n<script type=\"application\/ld+json\" class=\"yoast-schema-graph\">{\"@context\":\"https:\\\/\\\/schema.org\",\"@graph\":[{\"@type\":\"Article\",\"@id\":\"https:\\\/\\\/reveil-info.net\\\/?p=2944#article\",\"isPartOf\":{\"@id\":\"https:\\\/\\\/reveil-info.net\\\/?p=2944\"},\"author\":{\"name\":\"R\u00e9veil info\",\"@id\":\"https:\\\/\\\/reveil-info.net\\\/#\\\/schema\\\/person\\\/ca0cc8e70088e0a2b5e92556c1ee60f5\"},\"headline\":\"S\u00e9n\u00e9gal : A 29 ans, Jean Michel S\u00e8ne pour relever le d\u00e9fi de l\u2019\u00e9lectrification rurale\",\"datePublished\":\"2024-07-22T11:43:34+00:00\",\"mainEntityOfPage\":{\"@id\":\"https:\\\/\\\/reveil-info.net\\\/?p=2944\"},\"wordCount\":543,\"commentCount\":0,\"publisher\":{\"@id\":\"https:\\\/\\\/reveil-info.net\\\/#organization\"},\"image\":{\"@id\":\"https:\\\/\\\/reveil-info.net\\\/?p=2944#primaryimage\"},\"thumbnailUrl\":\"https:\\\/\\\/reveil-info.net\\\/wp-content\\\/uploads\\\/2024\\\/07\\\/telechargement.jpeg\",\"articleSection\":[\"A la une\",\"D\u00e9veloppement\",\"International\"],\"inLanguage\":\"fr-FR\",\"potentialAction\":[{\"@type\":\"CommentAction\",\"name\":\"Comment\",\"target\":[\"https:\\\/\\\/reveil-info.net\\\/?p=2944#respond\"]}]},{\"@type\":\"WebPage\",\"@id\":\"https:\\\/\\\/reveil-info.net\\\/?p=2944\",\"url\":\"https:\\\/\\\/reveil-info.net\\\/?p=2944\",\"name\":\"S\u00e9n\u00e9gal : A 29 ans, Jean Michel S\u00e8ne pour relever le d\u00e9fi de l\u2019\u00e9lectrification rurale - R\u00e9veil Info\",\"isPartOf\":{\"@id\":\"https:\\\/\\\/reveil-info.net\\\/#website\"},\"primaryImageOfPage\":{\"@id\":\"https:\\\/\\\/reveil-info.net\\\/?p=2944#primaryimage\"},\"image\":{\"@id\":\"https:\\\/\\\/reveil-info.net\\\/?p=2944#primaryimage\"},\"thumbnailUrl\":\"https:\\\/\\\/reveil-info.net\\\/wp-content\\\/uploads\\\/2024\\\/07\\\/telechargement.jpeg\",\"datePublished\":\"2024-07-22T11:43:34+00:00\",\"breadcrumb\":{\"@id\":\"https:\\\/\\\/reveil-info.net\\\/?p=2944#breadcrumb\"},\"inLanguage\":\"fr-FR\",\"potentialAction\":[{\"@type\":\"ReadAction\",\"target\":[\"https:\\\/\\\/reveil-info.net\\\/?p=2944\"]}]},{\"@type\":\"ImageObject\",\"inLanguage\":\"fr-FR\",\"@id\":\"https:\\\/\\\/reveil-info.net\\\/?p=2944#primaryimage\",\"url\":\"https:\\\/\\\/reveil-info.net\\\/wp-content\\\/uploads\\\/2024\\\/07\\\/telechargement.jpeg\",\"contentUrl\":\"https:\\\/\\\/reveil-info.net\\\/wp-content\\\/uploads\\\/2024\\\/07\\\/telechargement.jpeg\",\"width\":271,\"height\":186},{\"@type\":\"BreadcrumbList\",\"@id\":\"https:\\\/\\\/reveil-info.net\\\/?p=2944#breadcrumb\",\"itemListElement\":[{\"@type\":\"ListItem\",\"position\":1,\"name\":\"Home\",\"item\":\"https:\\\/\\\/reveil-info.net\\\/\"},{\"@type\":\"ListItem\",\"position\":2,\"name\":\"S\u00e9n\u00e9gal : A 29 ans, Jean Michel S\u00e8ne pour relever le d\u00e9fi de l\u2019\u00e9lectrification rurale\"}]},{\"@type\":\"WebSite\",\"@id\":\"https:\\\/\\\/reveil-info.net\\\/#website\",\"url\":\"https:\\\/\\\/reveil-info.net\\\/\",\"name\":\"R\u00e9veil Info\",\"description\":\"Le devoir d&#039;informer!\",\"publisher\":{\"@id\":\"https:\\\/\\\/reveil-info.net\\\/#organization\"},\"potentialAction\":[{\"@type\":\"SearchAction\",\"target\":{\"@type\":\"EntryPoint\",\"urlTemplate\":\"https:\\\/\\\/reveil-info.net\\\/?s={search_term_string}\"},\"query-input\":{\"@type\":\"PropertyValueSpecification\",\"valueRequired\":true,\"valueName\":\"search_term_string\"}}],\"inLanguage\":\"fr-FR\"},{\"@type\":\"Organization\",\"@id\":\"https:\\\/\\\/reveil-info.net\\\/#organization\",\"name\":\"R\u00e9veil Info\",\"url\":\"https:\\\/\\\/reveil-info.net\\\/\",\"logo\":{\"@type\":\"ImageObject\",\"inLanguage\":\"fr-FR\",\"@id\":\"https:\\\/\\\/reveil-info.net\\\/#\\\/schema\\\/logo\\\/image\\\/\",\"url\":\"https:\\\/\\\/reveil-info.net\\\/wp-content\\\/uploads\\\/2024\\\/07\\\/bnddd1.jpg\",\"contentUrl\":\"https:\\\/\\\/reveil-info.net\\\/wp-content\\\/uploads\\\/2024\\\/07\\\/bnddd1.jpg\",\"width\":903,\"height\":125,\"caption\":\"R\u00e9veil Info\"},\"image\":{\"@id\":\"https:\\\/\\\/reveil-info.net\\\/#\\\/schema\\\/logo\\\/image\\\/\"}},{\"@type\":\"Person\",\"@id\":\"https:\\\/\\\/reveil-info.net\\\/#\\\/schema\\\/person\\\/ca0cc8e70088e0a2b5e92556c1ee60f5\",\"name\":\"R\u00e9veil info\",\"image\":{\"@type\":\"ImageObject\",\"inLanguage\":\"fr-FR\",\"@id\":\"https:\\\/\\\/secure.gravatar.com\\\/avatar\\\/e4ad5bb743c8b6cb174d9df6c7d30a8a16f6889731241345fc6444e6485f02af?s=96&d=mm&r=g\",\"url\":\"https:\\\/\\\/secure.gravatar.com\\\/avatar\\\/e4ad5bb743c8b6cb174d9df6c7d30a8a16f6889731241345fc6444e6485f02af?s=96&d=mm&r=g\",\"contentUrl\":\"https:\\\/\\\/secure.gravatar.com\\\/avatar\\\/e4ad5bb743c8b6cb174d9df6c7d30a8a16f6889731241345fc6444e6485f02af?s=96&d=mm&r=g\",\"caption\":\"R\u00e9veil info\"},\"sameAs\":[\"https:\\\/\\\/reveil-info.net\"],\"url\":\"https:\\\/\\\/reveil-info.net\\\/?author=1\"}]}<\/script>\n<!-- \/ Yoast SEO plugin. -->","yoast_head_json":{"title":"S\u00e9n\u00e9gal : A 29 ans, Jean Michel S\u00e8ne pour relever le d\u00e9fi de l\u2019\u00e9lectrification rurale - R\u00e9veil Info","robots":{"index":"noindex","follow":"follow","max-snippet":"max-snippet:-1","max-image-preview":"max-image-preview:large","max-video-preview":"max-video-preview:-1"},"og_locale":"fr_FR","og_type":"article","og_title":"S\u00e9n\u00e9gal : A 29 ans, Jean Michel S\u00e8ne pour relever le d\u00e9fi de l\u2019\u00e9lectrification rurale - R\u00e9veil Info","og_description":"La valeur n&rsquo;attend point le nombre des ann\u00e9es! \u00c2g\u00e9 de seulement 29 ans, Jean Michel","og_url":"https:\/\/reveil-info.net\/?p=2944","og_site_name":"R\u00e9veil Info","article_published_time":"2024-07-22T11:43:34+00:00","og_image":[{"width":271,"height":186,"url":"https:\/\/reveil-info.net\/wp-content\/uploads\/2024\/07\/telechargement.jpeg","type":"image\/jpeg"}],"author":"R\u00e9veil info","twitter_card":"summary_large_image","twitter_misc":{"\u00c9crit par":"R\u00e9veil info","Dur\u00e9e de lecture estim\u00e9e":"3 minutes"},"schema":{"@context":"https:\/\/schema.org","@graph":[{"@type":"Article","@id":"https:\/\/reveil-info.net\/?p=2944#article","isPartOf":{"@id":"https:\/\/reveil-info.net\/?p=2944"},"author":{"name":"R\u00e9veil info","@id":"https:\/\/reveil-info.net\/#\/schema\/person\/ca0cc8e70088e0a2b5e92556c1ee60f5"},"headline":"S\u00e9n\u00e9gal : A 29 ans, Jean Michel S\u00e8ne pour relever le d\u00e9fi de l\u2019\u00e9lectrification rurale","datePublished":"2024-07-22T11:43:34+00:00","mainEntityOfPage":{"@id":"https:\/\/reveil-info.net\/?p=2944"},"wordCount":543,"commentCount":0,"publisher":{"@id":"https:\/\/reveil-info.net\/#organization"},"image":{"@id":"https:\/\/reveil-info.net\/?p=2944#primaryimage"},"thumbnailUrl":"https:\/\/reveil-info.net\/wp-content\/uploads\/2024\/07\/telechargement.jpeg","articleSection":["A la une","D\u00e9veloppement","International"],"inLanguage":"fr-FR","potentialAction":[{"@type":"CommentAction","name":"Comment","target":["https:\/\/reveil-info.net\/?p=2944#respond"]}]},{"@type":"WebPage","@id":"https:\/\/reveil-info.net\/?p=2944","url":"https:\/\/reveil-info.net\/?p=2944","name":"S\u00e9n\u00e9gal : A 29 ans, Jean Michel S\u00e8ne pour relever le d\u00e9fi de l\u2019\u00e9lectrification rurale - R\u00e9veil Info","isPartOf":{"@id":"https:\/\/reveil-info.net\/#website"},"primaryImageOfPage":{"@id":"https:\/\/reveil-info.net\/?p=2944#primaryimage"},"image":{"@id":"https:\/\/reveil-info.net\/?p=2944#primaryimage"},"thumbnailUrl":"https:\/\/reveil-info.net\/wp-content\/uploads\/2024\/07\/telechargement.jpeg","datePublished":"2024-07-22T11:43:34+00:00","breadcrumb":{"@id":"https:\/\/reveil-info.net\/?p=2944#breadcrumb"},"inLanguage":"fr-FR","potentialAction":[{"@type":"ReadAction","target":["https:\/\/reveil-info.net\/?p=2944"]}]},{"@type":"ImageObject","inLanguage":"fr-FR","@id":"https:\/\/reveil-info.net\/?p=2944#primaryimage","url":"https:\/\/reveil-info.net\/wp-content\/uploads\/2024\/07\/telechargement.jpeg","contentUrl":"https:\/\/reveil-info.net\/wp-content\/uploads\/2024\/07\/telechargement.jpeg","width":271,"height":186},{"@type":"BreadcrumbList","@id":"https:\/\/reveil-info.net\/?p=2944#breadcrumb","itemListElement":[{"@type":"ListItem","position":1,"name":"Home","item":"https:\/\/reveil-info.net\/"},{"@type":"ListItem","position":2,"name":"S\u00e9n\u00e9gal : A 29 ans, Jean Michel S\u00e8ne pour relever le d\u00e9fi de l\u2019\u00e9lectrification rurale"}]},{"@type":"WebSite","@id":"https:\/\/reveil-info.net\/#website","url":"https:\/\/reveil-info.net\/","name":"R\u00e9veil Info","description":"Le devoir d&#039;informer!","publisher":{"@id":"https:\/\/reveil-info.net\/#organization"},"potentialAction":[{"@type":"SearchAction","target":{"@type":"EntryPoint","urlTemplate":"https:\/\/reveil-info.net\/?s={search_term_string}"},"query-input":{"@type":"PropertyValueSpecification","valueRequired":true,"valueName":"search_term_string"}}],"inLanguage":"fr-FR"},{"@type":"Organization","@id":"https:\/\/reveil-info.net\/#organization","name":"R\u00e9veil Info","url":"https:\/\/reveil-info.net\/","logo":{"@type":"ImageObject","inLanguage":"fr-FR","@id":"https:\/\/reveil-info.net\/#\/schema\/logo\/image\/","url":"https:\/\/reveil-info.net\/wp-content\/uploads\/2024\/07\/bnddd1.jpg","contentUrl":"https:\/\/reveil-info.net\/wp-content\/uploads\/2024\/07\/bnddd1.jpg","width":903,"height":125,"caption":"R\u00e9veil Info"},"image":{"@id":"https:\/\/reveil-info.net\/#\/schema\/logo\/image\/"}},{"@type":"Person","@id":"https:\/\/reveil-info.net\/#\/schema\/person\/ca0cc8e70088e0a2b5e92556c1ee60f5","name":"R\u00e9veil info","image":{"@type":"ImageObject","inLanguage":"fr-FR","@id":"https:\/\/secure.gravatar.com\/avatar\/e4ad5bb743c8b6cb174d9df6c7d30a8a16f6889731241345fc6444e6485f02af?s=96&d=mm&r=g","url":"https:\/\/secure.gravatar.com\/avatar\/e4ad5bb743c8b6cb174d9df6c7d30a8a16f6889731241345fc6444e6485f02af?s=96&d=mm&r=g","contentUrl":"https:\/\/secure.gravatar.com\/avatar\/e4ad5bb743c8b6cb174d9df6c7d30a8a16f6889731241345fc6444e6485f02af?s=96&d=mm&r=g","caption":"R\u00e9veil info"},"sameAs":["https:\/\/reveil-info.net"],"url":"https:\/\/reveil-info.net\/?author=1"}]}},"jetpack_featured_media_url":"https:\/\/reveil-info.net\/wp-content\/uploads\/2024\/07\/telechargement.jpeg","featured_image_urls":{"full":["https:\/\/reveil-info.net\/wp-content\/uploads\/2024\/07\/telechargement.jpeg",271,186,false],"thumbnail":["https:\/\/reveil-info.net\/wp-content\/uploads\/2024\/07\/telechargement-150x150.jpeg",150,150,true],"medium":["https:\/\/reveil-info.net\/wp-content\/uploads\/2024\/07\/telechargement.jpeg",271,186,false],"medium_large":["https:\/\/reveil-info.net\/wp-content\/uploads\/2024\/07\/telechargement.jpeg",271,186,false],"large":["https:\/\/reveil-info.net\/wp-content\/uploads\/2024\/07\/telechargement.jpeg",271,186,false],"1536x1536":["https:\/\/reveil-info.net\/wp-content\/uploads\/2024\/07\/telechargement.jpeg",271,186,false],"2048x2048":["https:\/\/reveil-info.net\/wp-content\/uploads\/2024\/07\/telechargement.jpeg",271,186,false],"chromenews-featured":["https:\/\/reveil-info.net\/wp-content\/uploads\/2024\/07\/telechargement.jpeg",271,186,false],"chromenews-large":["https:\/\/reveil-info.net\/wp-content\/uploads\/2024\/07\/telechargement.jpeg",271,186,false],"chromenews-medium":["https:\/\/reveil-info.net\/wp-content\/uploads\/2024\/07\/telechargement.jpeg",271,186,false]},"author_info":{"display_name":"R\u00e9veil info","author_link":"https:\/\/reveil-info.net\/?author=1"},"category_info":"<a href=\"https:\/\/reveil-info.net\/?cat=39\" rel=\"category\">A la une<\/a> <a href=\"https:\/\/reveil-info.net\/?cat=5\" rel=\"category\">D\u00e9veloppement<\/a> <a href=\"https:\/\/reveil-info.net\/?cat=8\" rel=\"category\">International<\/a>","tag_info":"International","comment_count":"0","_links":{"self":[{"href":"https:\/\/reveil-info.net\/index.php?rest_route=\/wp\/v2\/posts\/2944","targetHints":{"allow":["GET"]}}],"collection":[{"href":"https:\/\/reveil-info.net\/index.php?rest_route=\/wp\/v2\/posts"}],"about":[{"href":"https:\/\/reveil-info.net\/index.php?rest_route=\/wp\/v2\/types\/post"}],"author":[{"embeddable":true,"href":"https:\/\/reveil-info.net\/index.php?rest_route=\/wp\/v2\/users\/1"}],"replies":[{"embeddable":true,"href":"https:\/\/reveil-info.net\/index.php?rest_route=%2Fwp%2Fv2%2Fcomments&post=2944"}],"version-history":[{"count":9,"href":"https:\/\/reveil-info.net\/index.php?rest_route=\/wp\/v2\/posts\/2944\/revisions"}],"predecessor-version":[{"id":2955,"href":"https:\/\/reveil-info.net\/index.php?rest_route=\/wp\/v2\/posts\/2944\/revisions\/2955"}],"wp:featuredmedia":[{"embeddable":true,"href":"https:\/\/reveil-info.net\/index.php?rest_route=\/wp\/v2\/media\/2952"}],"wp:attachment":[{"href":"https:\/\/reveil-info.net\/index.php?rest_route=%2Fwp%2Fv2%2Fmedia&parent=2944"}],"wp:term":[{"taxonomy":"category","embeddable":true,"href":"https:\/\/reveil-info.net\/index.php?rest_route=%2Fwp%2Fv2%2Fcategories&post=2944"},{"taxonomy":"post_tag","embeddable":true,"href":"https:\/\/reveil-info.net\/index.php?rest_route=%2Fwp%2Fv2%2Ftags&post=2944"}],"curies":[{"name":"wp","href":"https:\/\/api.w.org\/{rel}","templated":true}]}}