{"id":29347,"date":"2025-08-14T16:18:46","date_gmt":"2025-08-14T16:18:46","guid":{"rendered":"https:\/\/reveil-info.net\/?p=29347"},"modified":"2025-08-14T16:18:46","modified_gmt":"2025-08-14T16:18:46","slug":"justice-au-niger-lordre-des-avocats-denonce-la-dissolution-des-syndicats-et-annonce-une-greve-symbolique-les-14-et-15-aout","status":"publish","type":"post","link":"https:\/\/reveil-info.net\/?p=29347","title":{"rendered":"Justice au Niger : l\u2019Ordre des Avocats d\u00e9nonce la dissolution des syndicats et annonce une gr\u00e8ve symbolique les 14 et 15 ao\u00fbt"},"content":{"rendered":"<p><strong>La col\u00e8re gagne le pr\u00e9toire. L&rsquo;Ordre des Avocats du Niger a annonc\u00e9 le mardi 12 ao\u00fbt 2025, une gr\u00e8ve symbolique les 14 et 15 ao\u00fbt en r\u00e9ponse \u00e0 la dissolution controvers\u00e9e de plusieurs syndicats du secteur judiciaire. Une mesure radicale pour d\u00e9noncer ce qu&rsquo;ils qualifient de \u00ab\u00a0mise \u00e0 mort programm\u00e9e de l&rsquo;\u00c9tat de droit\u00a0\u00bb. <\/strong><strong>Cette d\u00e9cision fait suite \u00e0 l&rsquo;assembl\u00e9e g\u00e9n\u00e9rale extraordinaire tenue ce m\u00eame jour, au cours de laquelle les robes noires ont r\u00e9agi avec fermet\u00e9 \u00e0 la dissolution, jug\u00e9e ill\u00e9gale<\/strong>.<\/p>\n<p>D\u00e8s le lundi 11 ao\u00fbt 2025, Transparency International Niger avait tir\u00e9 la sonnette d\u2019alarme, d\u00e9non\u00e7ant dans un communiqu\u00e9 \u00ab\u00a0<em><strong>une violation grave de l\u2019\u00c9tat de droit et des engagements internationaux du pays<\/strong><\/em>\u00a0\u00bb. L\u2019ONG appelait \u00e0 l\u2019annulation imm\u00e9diate des arr\u00eat\u00e9s, \u00e0 la protection des libert\u00e9s syndicales des magistrats et \u00e0 la mobilisation de la communaut\u00e9 internationale contre ce qu\u2019elle d\u00e9crit comme un \u00ab<em><strong>\u00a0d\u00e9mant\u00e8lement de l\u2019\u00c9tat de droit<\/strong><\/em>\u00a0\u00bb.<\/p>\n<p>Le 7 ao\u00fbt, le minist\u00e8re de l\u2019int\u00e9rieur avait act\u00e9 la dissolution des syndicats, d\u00e9cision jug\u00e9e ill\u00e9gale par le Barreau. Le 8 ao\u00fbt, le ministre de la Justice a tent\u00e9 de justifier ces arr\u00eat\u00e9s lors d\u2019un point de presse, sans fournir de motivation \u00e9crite. Ses d\u00e9clarations, teint\u00e9es de \u00ab\u00a0<strong><em>condescendance<\/em>\u00a0<\/strong>\u00bb selon les avocats, visaient \u00e0 \u00ab\u00a0<strong><em>jeter \u00e0 la vindicte populaire<\/em><\/strong>\u00a0\u00bb les magistrats et greffiers concern\u00e9s, tout en mena\u00e7ant leurs responsables de poursuites.<\/p>\n<p>R\u00e9unis ce 12 ao\u00fbt en assembl\u00e9e g\u00e9n\u00e9rale extraordinaire \u00e0 Niamey, les robes noires ont dress\u00e9 un constat accablant : interpellations ill\u00e9gales, d\u00e9tentions extrajudiciaires dans les locaux de la DGDSE, entraves \u00e0 l\u2019ex\u00e9cution de d\u00e9cisions de justice, sanctions d\u00e9guis\u00e9es contre des magistrats en violation du principe d\u2019inamovibilit\u00e9\u2026 Autant de pratiques qui, selon eux, \u00ab<strong><em>\u00a0ravivent les r\u00e9flexes arbitraires d\u2019un pass\u00e9 que le peuple nig\u00e9rien croyait r\u00e9volu<\/em>\u00a0<\/strong>\u00bb.<\/p>\n<p>Le Barreau d\u00e9nonce \u00e9galement une justice \u00ab\u00a0<strong><em>\u00e0 deux vitesses<\/em><\/strong>\u00a0\u00bb : prompte \u00e0 sanctionner les plus vuln\u00e9rables mais lente \u00e0 agir contre les crimes \u00e9conomiques majeurs. Pour les avocats, la dissolution des syndicats n\u2019est rien d\u2019autre qu\u2019une tentative de r\u00e9duire au silence ceux qui d\u00e9fendent l\u2019ind\u00e9pendance judiciaire.<\/p>\n<p>S\u2019appuyant sur la Charte de la Refondation, les conventions 87 et 98 de l\u2019OIT et la Charte africaine des droits de l\u2019Homme, l\u2019Ordre des avocats exige le r\u00e9tablissement imm\u00e9diat des syndicats, la fin des ing\u00e9rences politiques et l\u2019arr\u00eat de toutes violations des libert\u00e9s fondamentales.<\/p>\n<p>En signe de protestation, les robes noires ont annonc\u00e9 une gr\u00e8ve symbolique les 14 et 15 ao\u00fbt. \u00ab\u00a0<strong><em>Le dialogue social, et non la r\u00e9pression, est la voie pour r\u00e9soudre les maux qui minent la justice nig\u00e9rienne<\/em><\/strong>\u00a0\u00bb, a martel\u00e9 le b\u00e2tonnier, Me Oumarou Sanda Kadri.<\/p>\n<p><strong>Ibrahim Issa\u00a0(<a href=\"https:\/\/www.actuniger.com\/\" target=\"_blank\" rel=\"noopener\">actuniger.com<\/a>)<\/strong><\/p>\n<p><strong>Reveil-info<\/strong><\/p>\n","protected":false},"excerpt":{"rendered":"<p>La col\u00e8re gagne le pr\u00e9toire. L&rsquo;Ordre des Avocats du Niger a annonc\u00e9 le mardi 12<\/p>\n","protected":false},"author":1,"featured_media":29351,"comment_status":"open","ping_status":"open","sticky":false,"template":"","format":"standard","meta":{"footnotes":""},"categories":[2,47],"tags":[],"class_list":["post-29347","post","type-post","status-publish","format-standard","has-post-thumbnail","hentry","category-actu","category-aes"],"yoast_head":"<!-- This site is optimized with the Yoast SEO plugin v27.5 - https:\/\/yoast.com\/product\/yoast-seo-wordpress\/ -->\n<title>Justice au Niger : l\u2019Ordre des Avocats d\u00e9nonce la dissolution des syndicats et annonce une gr\u00e8ve symbolique les 14 et 15 ao\u00fbt - R\u00e9veil Info<\/title>\n<meta name=\"robots\" content=\"noindex, follow, max-snippet:-1, max-image-preview:large, max-video-preview:-1\" \/>\n<meta property=\"og:locale\" content=\"fr_FR\" \/>\n<meta property=\"og:type\" content=\"article\" \/>\n<meta property=\"og:title\" content=\"Justice au Niger : l\u2019Ordre des Avocats d\u00e9nonce la dissolution des syndicats et annonce une gr\u00e8ve symbolique les 14 et 15 ao\u00fbt - R\u00e9veil Info\" \/>\n<meta property=\"og:description\" content=\"La col\u00e8re gagne le pr\u00e9toire. L&rsquo;Ordre des Avocats du Niger a annonc\u00e9 le mardi 12\" \/>\n<meta property=\"og:url\" content=\"https:\/\/reveil-info.net\/?p=29347\" \/>\n<meta property=\"og:site_name\" content=\"R\u00e9veil Info\" \/>\n<meta property=\"article:published_time\" content=\"2025-08-14T16:18:46+00:00\" \/>\n<meta property=\"og:image\" content=\"https:\/\/reveil-info.net\/wp-content\/uploads\/2025\/08\/ordre_avocats_Niger_12_08_2025_BIS.jpg\" \/>\n\t<meta property=\"og:image:width\" content=\"800\" \/>\n\t<meta property=\"og:image:height\" content=\"779\" \/>\n\t<meta property=\"og:image:type\" content=\"image\/jpeg\" \/>\n<meta name=\"author\" content=\"R\u00e9veil info\" \/>\n<meta name=\"twitter:card\" content=\"summary_large_image\" \/>\n<meta name=\"twitter:label1\" content=\"\u00c9crit par\" \/>\n\t<meta name=\"twitter:data1\" content=\"R\u00e9veil info\" \/>\n\t<meta name=\"twitter:label2\" content=\"Dur\u00e9e de lecture estim\u00e9e\" \/>\n\t<meta name=\"twitter:data2\" content=\"3 minutes\" \/>\n<script type=\"application\/ld+json\" class=\"yoast-schema-graph\">{\"@context\":\"https:\\\/\\\/schema.org\",\"@graph\":[{\"@type\":\"Article\",\"@id\":\"https:\\\/\\\/reveil-info.net\\\/?p=29347#article\",\"isPartOf\":{\"@id\":\"https:\\\/\\\/reveil-info.net\\\/?p=29347\"},\"author\":{\"name\":\"R\u00e9veil info\",\"@id\":\"https:\\\/\\\/reveil-info.net\\\/#\\\/schema\\\/person\\\/ca0cc8e70088e0a2b5e92556c1ee60f5\"},\"headline\":\"Justice au Niger : l\u2019Ordre des Avocats d\u00e9nonce la dissolution des syndicats et annonce une gr\u00e8ve symbolique les 14 et 15 ao\u00fbt\",\"datePublished\":\"2025-08-14T16:18:46+00:00\",\"mainEntityOfPage\":{\"@id\":\"https:\\\/\\\/reveil-info.net\\\/?p=29347\"},\"wordCount\":509,\"commentCount\":0,\"publisher\":{\"@id\":\"https:\\\/\\\/reveil-info.net\\\/#organization\"},\"image\":{\"@id\":\"https:\\\/\\\/reveil-info.net\\\/?p=29347#primaryimage\"},\"thumbnailUrl\":\"https:\\\/\\\/reveil-info.net\\\/wp-content\\\/uploads\\\/2025\\\/08\\\/ordre_avocats_Niger_12_08_2025_BIS.jpg\",\"articleSection\":[\"Actualit\u00e9\",\"AES\"],\"inLanguage\":\"fr-FR\",\"potentialAction\":[{\"@type\":\"CommentAction\",\"name\":\"Comment\",\"target\":[\"https:\\\/\\\/reveil-info.net\\\/?p=29347#respond\"]}]},{\"@type\":\"WebPage\",\"@id\":\"https:\\\/\\\/reveil-info.net\\\/?p=29347\",\"url\":\"https:\\\/\\\/reveil-info.net\\\/?p=29347\",\"name\":\"Justice au Niger : l\u2019Ordre des Avocats d\u00e9nonce la dissolution des syndicats et annonce une gr\u00e8ve symbolique les 14 et 15 ao\u00fbt - R\u00e9veil Info\",\"isPartOf\":{\"@id\":\"https:\\\/\\\/reveil-info.net\\\/#website\"},\"primaryImageOfPage\":{\"@id\":\"https:\\\/\\\/reveil-info.net\\\/?p=29347#primaryimage\"},\"image\":{\"@id\":\"https:\\\/\\\/reveil-info.net\\\/?p=29347#primaryimage\"},\"thumbnailUrl\":\"https:\\\/\\\/reveil-info.net\\\/wp-content\\\/uploads\\\/2025\\\/08\\\/ordre_avocats_Niger_12_08_2025_BIS.jpg\",\"datePublished\":\"2025-08-14T16:18:46+00:00\",\"breadcrumb\":{\"@id\":\"https:\\\/\\\/reveil-info.net\\\/?p=29347#breadcrumb\"},\"inLanguage\":\"fr-FR\",\"potentialAction\":[{\"@type\":\"ReadAction\",\"target\":[\"https:\\\/\\\/reveil-info.net\\\/?p=29347\"]}]},{\"@type\":\"ImageObject\",\"inLanguage\":\"fr-FR\",\"@id\":\"https:\\\/\\\/reveil-info.net\\\/?p=29347#primaryimage\",\"url\":\"https:\\\/\\\/reveil-info.net\\\/wp-content\\\/uploads\\\/2025\\\/08\\\/ordre_avocats_Niger_12_08_2025_BIS.jpg\",\"contentUrl\":\"https:\\\/\\\/reveil-info.net\\\/wp-content\\\/uploads\\\/2025\\\/08\\\/ordre_avocats_Niger_12_08_2025_BIS.jpg\",\"width\":800,\"height\":779},{\"@type\":\"BreadcrumbList\",\"@id\":\"https:\\\/\\\/reveil-info.net\\\/?p=29347#breadcrumb\",\"itemListElement\":[{\"@type\":\"ListItem\",\"position\":1,\"name\":\"Home\",\"item\":\"https:\\\/\\\/reveil-info.net\\\/\"},{\"@type\":\"ListItem\",\"position\":2,\"name\":\"Justice au Niger : l\u2019Ordre des Avocats d\u00e9nonce la dissolution des syndicats et annonce une gr\u00e8ve symbolique les 14 et 15 ao\u00fbt\"}]},{\"@type\":\"WebSite\",\"@id\":\"https:\\\/\\\/reveil-info.net\\\/#website\",\"url\":\"https:\\\/\\\/reveil-info.net\\\/\",\"name\":\"R\u00e9veil Info\",\"description\":\"Le devoir d&#039;informer!\",\"publisher\":{\"@id\":\"https:\\\/\\\/reveil-info.net\\\/#organization\"},\"potentialAction\":[{\"@type\":\"SearchAction\",\"target\":{\"@type\":\"EntryPoint\",\"urlTemplate\":\"https:\\\/\\\/reveil-info.net\\\/?s={search_term_string}\"},\"query-input\":{\"@type\":\"PropertyValueSpecification\",\"valueRequired\":true,\"valueName\":\"search_term_string\"}}],\"inLanguage\":\"fr-FR\"},{\"@type\":\"Organization\",\"@id\":\"https:\\\/\\\/reveil-info.net\\\/#organization\",\"name\":\"R\u00e9veil Info\",\"url\":\"https:\\\/\\\/reveil-info.net\\\/\",\"logo\":{\"@type\":\"ImageObject\",\"inLanguage\":\"fr-FR\",\"@id\":\"https:\\\/\\\/reveil-info.net\\\/#\\\/schema\\\/logo\\\/image\\\/\",\"url\":\"https:\\\/\\\/reveil-info.net\\\/wp-content\\\/uploads\\\/2024\\\/07\\\/bnddd1.jpg\",\"contentUrl\":\"https:\\\/\\\/reveil-info.net\\\/wp-content\\\/uploads\\\/2024\\\/07\\\/bnddd1.jpg\",\"width\":903,\"height\":125,\"caption\":\"R\u00e9veil Info\"},\"image\":{\"@id\":\"https:\\\/\\\/reveil-info.net\\\/#\\\/schema\\\/logo\\\/image\\\/\"}},{\"@type\":\"Person\",\"@id\":\"https:\\\/\\\/reveil-info.net\\\/#\\\/schema\\\/person\\\/ca0cc8e70088e0a2b5e92556c1ee60f5\",\"name\":\"R\u00e9veil info\",\"image\":{\"@type\":\"ImageObject\",\"inLanguage\":\"fr-FR\",\"@id\":\"https:\\\/\\\/secure.gravatar.com\\\/avatar\\\/e4ad5bb743c8b6cb174d9df6c7d30a8a16f6889731241345fc6444e6485f02af?s=96&d=mm&r=g\",\"url\":\"https:\\\/\\\/secure.gravatar.com\\\/avatar\\\/e4ad5bb743c8b6cb174d9df6c7d30a8a16f6889731241345fc6444e6485f02af?s=96&d=mm&r=g\",\"contentUrl\":\"https:\\\/\\\/secure.gravatar.com\\\/avatar\\\/e4ad5bb743c8b6cb174d9df6c7d30a8a16f6889731241345fc6444e6485f02af?s=96&d=mm&r=g\",\"caption\":\"R\u00e9veil info\"},\"sameAs\":[\"https:\\\/\\\/reveil-info.net\"],\"url\":\"https:\\\/\\\/reveil-info.net\\\/?author=1\"}]}<\/script>\n<!-- \/ Yoast SEO plugin. -->","yoast_head_json":{"title":"Justice au Niger : l\u2019Ordre des Avocats d\u00e9nonce la dissolution des syndicats et annonce une gr\u00e8ve symbolique les 14 et 15 ao\u00fbt - R\u00e9veil Info","robots":{"index":"noindex","follow":"follow","max-snippet":"max-snippet:-1","max-image-preview":"max-image-preview:large","max-video-preview":"max-video-preview:-1"},"og_locale":"fr_FR","og_type":"article","og_title":"Justice au Niger : l\u2019Ordre des Avocats d\u00e9nonce la dissolution des syndicats et annonce une gr\u00e8ve symbolique les 14 et 15 ao\u00fbt - R\u00e9veil Info","og_description":"La col\u00e8re gagne le pr\u00e9toire. L&rsquo;Ordre des Avocats du Niger a annonc\u00e9 le mardi 12","og_url":"https:\/\/reveil-info.net\/?p=29347","og_site_name":"R\u00e9veil Info","article_published_time":"2025-08-14T16:18:46+00:00","og_image":[{"width":800,"height":779,"url":"https:\/\/reveil-info.net\/wp-content\/uploads\/2025\/08\/ordre_avocats_Niger_12_08_2025_BIS.jpg","type":"image\/jpeg"}],"author":"R\u00e9veil info","twitter_card":"summary_large_image","twitter_misc":{"\u00c9crit par":"R\u00e9veil info","Dur\u00e9e de lecture estim\u00e9e":"3 minutes"},"schema":{"@context":"https:\/\/schema.org","@graph":[{"@type":"Article","@id":"https:\/\/reveil-info.net\/?p=29347#article","isPartOf":{"@id":"https:\/\/reveil-info.net\/?p=29347"},"author":{"name":"R\u00e9veil info","@id":"https:\/\/reveil-info.net\/#\/schema\/person\/ca0cc8e70088e0a2b5e92556c1ee60f5"},"headline":"Justice au Niger : l\u2019Ordre des Avocats d\u00e9nonce la dissolution des syndicats et annonce une gr\u00e8ve symbolique les 14 et 15 ao\u00fbt","datePublished":"2025-08-14T16:18:46+00:00","mainEntityOfPage":{"@id":"https:\/\/reveil-info.net\/?p=29347"},"wordCount":509,"commentCount":0,"publisher":{"@id":"https:\/\/reveil-info.net\/#organization"},"image":{"@id":"https:\/\/reveil-info.net\/?p=29347#primaryimage"},"thumbnailUrl":"https:\/\/reveil-info.net\/wp-content\/uploads\/2025\/08\/ordre_avocats_Niger_12_08_2025_BIS.jpg","articleSection":["Actualit\u00e9","AES"],"inLanguage":"fr-FR","potentialAction":[{"@type":"CommentAction","name":"Comment","target":["https:\/\/reveil-info.net\/?p=29347#respond"]}]},{"@type":"WebPage","@id":"https:\/\/reveil-info.net\/?p=29347","url":"https:\/\/reveil-info.net\/?p=29347","name":"Justice au Niger : l\u2019Ordre des Avocats d\u00e9nonce la dissolution des syndicats et annonce une gr\u00e8ve symbolique les 14 et 15 ao\u00fbt - R\u00e9veil Info","isPartOf":{"@id":"https:\/\/reveil-info.net\/#website"},"primaryImageOfPage":{"@id":"https:\/\/reveil-info.net\/?p=29347#primaryimage"},"image":{"@id":"https:\/\/reveil-info.net\/?p=29347#primaryimage"},"thumbnailUrl":"https:\/\/reveil-info.net\/wp-content\/uploads\/2025\/08\/ordre_avocats_Niger_12_08_2025_BIS.jpg","datePublished":"2025-08-14T16:18:46+00:00","breadcrumb":{"@id":"https:\/\/reveil-info.net\/?p=29347#breadcrumb"},"inLanguage":"fr-FR","potentialAction":[{"@type":"ReadAction","target":["https:\/\/reveil-info.net\/?p=29347"]}]},{"@type":"ImageObject","inLanguage":"fr-FR","@id":"https:\/\/reveil-info.net\/?p=29347#primaryimage","url":"https:\/\/reveil-info.net\/wp-content\/uploads\/2025\/08\/ordre_avocats_Niger_12_08_2025_BIS.jpg","contentUrl":"https:\/\/reveil-info.net\/wp-content\/uploads\/2025\/08\/ordre_avocats_Niger_12_08_2025_BIS.jpg","width":800,"height":779},{"@type":"BreadcrumbList","@id":"https:\/\/reveil-info.net\/?p=29347#breadcrumb","itemListElement":[{"@type":"ListItem","position":1,"name":"Home","item":"https:\/\/reveil-info.net\/"},{"@type":"ListItem","position":2,"name":"Justice au Niger : l\u2019Ordre des Avocats d\u00e9nonce la dissolution des syndicats et annonce une gr\u00e8ve symbolique les 14 et 15 ao\u00fbt"}]},{"@type":"WebSite","@id":"https:\/\/reveil-info.net\/#website","url":"https:\/\/reveil-info.net\/","name":"R\u00e9veil Info","description":"Le devoir d&#039;informer!","publisher":{"@id":"https:\/\/reveil-info.net\/#organization"},"potentialAction":[{"@type":"SearchAction","target":{"@type":"EntryPoint","urlTemplate":"https:\/\/reveil-info.net\/?s={search_term_string}"},"query-input":{"@type":"PropertyValueSpecification","valueRequired":true,"valueName":"search_term_string"}}],"inLanguage":"fr-FR"},{"@type":"Organization","@id":"https:\/\/reveil-info.net\/#organization","name":"R\u00e9veil Info","url":"https:\/\/reveil-info.net\/","logo":{"@type":"ImageObject","inLanguage":"fr-FR","@id":"https:\/\/reveil-info.net\/#\/schema\/logo\/image\/","url":"https:\/\/reveil-info.net\/wp-content\/uploads\/2024\/07\/bnddd1.jpg","contentUrl":"https:\/\/reveil-info.net\/wp-content\/uploads\/2024\/07\/bnddd1.jpg","width":903,"height":125,"caption":"R\u00e9veil Info"},"image":{"@id":"https:\/\/reveil-info.net\/#\/schema\/logo\/image\/"}},{"@type":"Person","@id":"https:\/\/reveil-info.net\/#\/schema\/person\/ca0cc8e70088e0a2b5e92556c1ee60f5","name":"R\u00e9veil info","image":{"@type":"ImageObject","inLanguage":"fr-FR","@id":"https:\/\/secure.gravatar.com\/avatar\/e4ad5bb743c8b6cb174d9df6c7d30a8a16f6889731241345fc6444e6485f02af?s=96&d=mm&r=g","url":"https:\/\/secure.gravatar.com\/avatar\/e4ad5bb743c8b6cb174d9df6c7d30a8a16f6889731241345fc6444e6485f02af?s=96&d=mm&r=g","contentUrl":"https:\/\/secure.gravatar.com\/avatar\/e4ad5bb743c8b6cb174d9df6c7d30a8a16f6889731241345fc6444e6485f02af?s=96&d=mm&r=g","caption":"R\u00e9veil info"},"sameAs":["https:\/\/reveil-info.net"],"url":"https:\/\/reveil-info.net\/?author=1"}]}},"jetpack_featured_media_url":"https:\/\/reveil-info.net\/wp-content\/uploads\/2025\/08\/ordre_avocats_Niger_12_08_2025_BIS.jpg","featured_image_urls":{"full":["https:\/\/reveil-info.net\/wp-content\/uploads\/2025\/08\/ordre_avocats_Niger_12_08_2025_BIS.jpg",800,779,false],"thumbnail":["https:\/\/reveil-info.net\/wp-content\/uploads\/2025\/08\/ordre_avocats_Niger_12_08_2025_BIS-150x150.jpg",150,150,true],"medium":["https:\/\/reveil-info.net\/wp-content\/uploads\/2025\/08\/ordre_avocats_Niger_12_08_2025_BIS-300x292.jpg",300,292,true],"medium_large":["https:\/\/reveil-info.net\/wp-content\/uploads\/2025\/08\/ordre_avocats_Niger_12_08_2025_BIS-768x748.jpg",640,623,true],"large":["https:\/\/reveil-info.net\/wp-content\/uploads\/2025\/08\/ordre_avocats_Niger_12_08_2025_BIS.jpg",640,623,false],"1536x1536":["https:\/\/reveil-info.net\/wp-content\/uploads\/2025\/08\/ordre_avocats_Niger_12_08_2025_BIS.jpg",800,779,false],"2048x2048":["https:\/\/reveil-info.net\/wp-content\/uploads\/2025\/08\/ordre_avocats_Niger_12_08_2025_BIS.jpg",800,779,false],"chromenews-featured":["https:\/\/reveil-info.net\/wp-content\/uploads\/2025\/08\/ordre_avocats_Niger_12_08_2025_BIS.jpg",800,779,false],"chromenews-large":["https:\/\/reveil-info.net\/wp-content\/uploads\/2025\/08\/ordre_avocats_Niger_12_08_2025_BIS-800x575.jpg",800,575,true],"chromenews-medium":["https:\/\/reveil-info.net\/wp-content\/uploads\/2025\/08\/ordre_avocats_Niger_12_08_2025_BIS-590x410.jpg",590,410,true]},"author_info":{"display_name":"R\u00e9veil info","author_link":"https:\/\/reveil-info.net\/?author=1"},"category_info":"<a href=\"https:\/\/reveil-info.net\/?cat=2\" rel=\"category\">Actualit\u00e9<\/a> <a href=\"https:\/\/reveil-info.net\/?cat=47\" rel=\"category\">AES<\/a>","tag_info":"AES","comment_count":"0","_links":{"self":[{"href":"https:\/\/reveil-info.net\/index.php?rest_route=\/wp\/v2\/posts\/29347","targetHints":{"allow":["GET"]}}],"collection":[{"href":"https:\/\/reveil-info.net\/index.php?rest_route=\/wp\/v2\/posts"}],"about":[{"href":"https:\/\/reveil-info.net\/index.php?rest_route=\/wp\/v2\/types\/post"}],"author":[{"embeddable":true,"href":"https:\/\/reveil-info.net\/index.php?rest_route=\/wp\/v2\/users\/1"}],"replies":[{"embeddable":true,"href":"https:\/\/reveil-info.net\/index.php?rest_route=%2Fwp%2Fv2%2Fcomments&post=29347"}],"version-history":[{"count":4,"href":"https:\/\/reveil-info.net\/index.php?rest_route=\/wp\/v2\/posts\/29347\/revisions"}],"predecessor-version":[{"id":29352,"href":"https:\/\/reveil-info.net\/index.php?rest_route=\/wp\/v2\/posts\/29347\/revisions\/29352"}],"wp:featuredmedia":[{"embeddable":true,"href":"https:\/\/reveil-info.net\/index.php?rest_route=\/wp\/v2\/media\/29351"}],"wp:attachment":[{"href":"https:\/\/reveil-info.net\/index.php?rest_route=%2Fwp%2Fv2%2Fmedia&parent=29347"}],"wp:term":[{"taxonomy":"category","embeddable":true,"href":"https:\/\/reveil-info.net\/index.php?rest_route=%2Fwp%2Fv2%2Fcategories&post=29347"},{"taxonomy":"post_tag","embeddable":true,"href":"https:\/\/reveil-info.net\/index.php?rest_route=%2Fwp%2Fv2%2Ftags&post=29347"}],"curies":[{"name":"wp","href":"https:\/\/api.w.org\/{rel}","templated":true}]}}