{"id":28733,"date":"2025-08-07T15:58:17","date_gmt":"2025-08-07T15:58:17","guid":{"rendered":"https:\/\/reveil-info.net\/?p=28733"},"modified":"2025-08-07T15:58:17","modified_gmt":"2025-08-07T15:58:17","slug":"paris-pres-de-230-personnes-sans-abri-ont-passe-la-nuit-devant-lhotel-de-ville-pour-demander-a-letat-dagir","status":"publish","type":"post","link":"https:\/\/reveil-info.net\/?p=28733","title":{"rendered":"Paris : pr\u00e8s de 230 personnes sans-abri ont pass\u00e9 la nuit devant l&rsquo;h\u00f4tel de ville pour demander \u00e0 l&rsquo;\u00c9tat d&rsquo;agir"},"content":{"rendered":"<p><strong>Pr\u00e8s de 230 personnes sans-abri ont pass\u00e9 la nuit de mardi \u00e0 mercredi devant la mairie de Paris et comptent y rester jusqu&rsquo;\u00e0 ce que l&rsquo;\u00c9tat propose des solutions d&rsquo;h\u00e9bergement d&rsquo;urgence, a appris l&rsquo;agence Radio France aupr\u00e8s d&rsquo;Utopia 56 ce mercredi.<\/strong><\/p>\n<p>La rue comme seul domicile. Environ 230 personnes, des familles, des mamans solo, et leurs enfants, ont pass\u00e9 la nuit de mardi \u00e0 mercredi devant la mairie de Paris. Avec l&rsquo;association Utopia 56, elles r\u00e9clament des places d&rsquo;h\u00e9bergement d&rsquo;urgence p\u00e9rennes en \u00cele-de-France, et comptent rester sur place tant qu&rsquo;une solution n&rsquo;a pas \u00e9t\u00e9 trouv\u00e9e. Nathan Lequeux, coordinateur Utopia56, pr\u00e9cise sur ICI Paris \u00cele-de-France que \u00ab\u00a0la moiti\u00e9 de notre zone d&rsquo;h\u00e9bergement solidaire est constitu\u00e9e d&rsquo;h\u00e9bergeurs citoyens et c&rsquo;est la m\u00eame chose que pour les b\u00e9n\u00e9voles, ils s&rsquo;absentent et partent en vacances. R\u00e9sultat : on perd environ 60 places d&rsquo;h\u00e9bergements chaque soir\u00a0\u00bb.<\/p>\n<p>Adams, jeune maman \u00e0 la rue depuis deux mois, explique sur\u00a0<strong>ICI Paris \u00cele-de-France<\/strong>\u00a0avoir \u00ab\u00a0<em>un petit gar\u00e7on d&rsquo;un an qui est malade. Il revient de l&rsquo;h\u00f4pital. Depuis qu&rsquo;il est dehors, il attrape des maladies un peu bizarres. C&rsquo;est compliqu\u00e9<\/em>\u00ab\u00a0. Elle dort parfois au centre d&rsquo;accueil d&rsquo;Utopia 56 \u00e0 Bagnolet qui peut h\u00e9berger 130 personnes. Malgr\u00e9 le renfort des h\u00e9bergeurs solidaires, il arrive que les familles dorment sous des tentes quand il n&rsquo;y a pas assez de place.\u00a0L&rsquo;association d&rsquo;aide aux \u00e9trangers pr\u00e9cise que\u00a0<strong>les personnes mobilis\u00e9es sont uniquement des familles<\/strong>. Il y a des femmes enceintes et environ 80 enfants\u00a0: 17 d&rsquo;entre eux ont moins de 3 ans, et il y a une quinzaine de filles mineures.<\/p>\n<div id=\"card_img_jt\" class=\"card-header\">\n<div class=\"consent-notice svelte-1xjaeh2\" data-check-didomi-vendor=\"c:twitter-rNGnjKz6\">\n<div class=\"embed-layout svelte-1xjaeh2\">\n<div class=\"embed-container\">\u00ab\u00a0<em><strong>Il n&rsquo;y a pas que des exil\u00e9s ou des primo-arrivants sans-papiers,<\/strong>\u00a0il y a aussi des personnes qui ont la nationalit\u00e9 fran\u00e7aise ou des titres de s\u00e9jour, mais qui ont bascul\u00e9 dans la mis\u00e8re et qui n&rsquo;ont plus la possibilit\u00e9 de se procurer un logement<\/em>\u00ab\u00a0, souligne Yann Manzi, d\u00e9l\u00e9gu\u00e9 g\u00e9n\u00e9ral d&rsquo;Utopia 56, \u00e0 l&rsquo;agence Radio France. Concernant la nuit de ce mardi, \u00ab\u00a0<em>la\u00a0police est rest\u00e9e en faction, il n&rsquo;y a eu aucune violence<\/em>\u00ab\u00a0, relate Yann Manzi, qui a, lui aussi, camp\u00e9 sur le parvis de l&rsquo;H\u00f4tel de ville de Paris. Il ajoute que \u00ab\u00a0<em>la\u00a0mairie de Paris est pass\u00e9e nous voir hier soir, on attend des nouvelles de leur part<\/em>\u00ab\u00a0.Mais c&rsquo;est surtout de l&rsquo;\u00c9tat qu&rsquo;Utopia 56 attend des solutions d&rsquo;h\u00e9bergement d&rsquo;urgence. Elle esp\u00e8re la visite d&rsquo;un repr\u00e9sentant de la pr\u00e9fecture d&rsquo;\u00cele-de-France. L&rsquo;association s&rsquo;inqui\u00e8te pour la suite, dans le\u00a0<strong>contexte de la suppression pr\u00e9vue dans le budget 2025<\/strong>, de 6.500 places d&rsquo;h\u00e9bergements pour les demandeurs d&rsquo;asile.<\/p>\n<p>&nbsp;<\/p>\n<\/div>\n<\/div>\n<\/div>\n<p><strong>Source : France Bleu<\/strong><\/p>\n<p><strong>Reveil-info<\/strong><\/p>\n<\/div>\n","protected":false},"excerpt":{"rendered":"<p>Pr\u00e8s de 230 personnes sans-abri ont pass\u00e9 la nuit de mardi \u00e0 mercredi devant la<\/p>\n","protected":false},"author":1,"featured_media":28737,"comment_status":"open","ping_status":"open","sticky":false,"template":"","format":"standard","meta":{"footnotes":""},"categories":[8,16],"tags":[],"class_list":["post-28733","post","type-post","status-publish","format-standard","has-post-thumbnail","hentry","category-international","category-societe"],"yoast_head":"<!-- This site is optimized with the Yoast SEO plugin v27.5 - https:\/\/yoast.com\/product\/yoast-seo-wordpress\/ -->\n<title>Paris : pr\u00e8s de 230 personnes sans-abri ont pass\u00e9 la nuit devant l&#039;h\u00f4tel de ville pour demander \u00e0 l&#039;\u00c9tat d&#039;agir - R\u00e9veil Info<\/title>\n<meta name=\"robots\" content=\"noindex, follow, max-snippet:-1, max-image-preview:large, max-video-preview:-1\" \/>\n<meta property=\"og:locale\" content=\"fr_FR\" \/>\n<meta property=\"og:type\" content=\"article\" \/>\n<meta property=\"og:title\" content=\"Paris : pr\u00e8s de 230 personnes sans-abri ont pass\u00e9 la nuit devant l&#039;h\u00f4tel de ville pour demander \u00e0 l&#039;\u00c9tat d&#039;agir - R\u00e9veil Info\" \/>\n<meta property=\"og:description\" content=\"Pr\u00e8s de 230 personnes sans-abri ont pass\u00e9 la nuit de mardi \u00e0 mercredi devant la\" \/>\n<meta property=\"og:url\" content=\"https:\/\/reveil-info.net\/?p=28733\" \/>\n<meta property=\"og:site_name\" content=\"R\u00e9veil Info\" \/>\n<meta property=\"article:published_time\" content=\"2025-08-07T15:58:17+00:00\" \/>\n<meta property=\"og:image\" content=\"https:\/\/reveil-info.net\/wp-content\/uploads\/2025\/08\/paris.webp\" \/>\n\t<meta property=\"og:image:width\" content=\"1200\" \/>\n\t<meta property=\"og:image:height\" content=\"680\" \/>\n\t<meta property=\"og:image:type\" content=\"image\/webp\" \/>\n<meta name=\"author\" content=\"R\u00e9veil info\" \/>\n<meta name=\"twitter:card\" content=\"summary_large_image\" \/>\n<meta name=\"twitter:label1\" content=\"\u00c9crit par\" \/>\n\t<meta name=\"twitter:data1\" content=\"R\u00e9veil info\" \/>\n\t<meta name=\"twitter:label2\" content=\"Dur\u00e9e de lecture estim\u00e9e\" \/>\n\t<meta name=\"twitter:data2\" content=\"3 minutes\" \/>\n<script type=\"application\/ld+json\" class=\"yoast-schema-graph\">{\"@context\":\"https:\\\/\\\/schema.org\",\"@graph\":[{\"@type\":\"Article\",\"@id\":\"https:\\\/\\\/reveil-info.net\\\/?p=28733#article\",\"isPartOf\":{\"@id\":\"https:\\\/\\\/reveil-info.net\\\/?p=28733\"},\"author\":{\"name\":\"R\u00e9veil info\",\"@id\":\"https:\\\/\\\/reveil-info.net\\\/#\\\/schema\\\/person\\\/ca0cc8e70088e0a2b5e92556c1ee60f5\"},\"headline\":\"Paris : pr\u00e8s de 230 personnes sans-abri ont pass\u00e9 la nuit devant l&rsquo;h\u00f4tel de ville pour demander \u00e0 l&rsquo;\u00c9tat d&rsquo;agir\",\"datePublished\":\"2025-08-07T15:58:17+00:00\",\"mainEntityOfPage\":{\"@id\":\"https:\\\/\\\/reveil-info.net\\\/?p=28733\"},\"wordCount\":505,\"commentCount\":0,\"publisher\":{\"@id\":\"https:\\\/\\\/reveil-info.net\\\/#organization\"},\"image\":{\"@id\":\"https:\\\/\\\/reveil-info.net\\\/?p=28733#primaryimage\"},\"thumbnailUrl\":\"https:\\\/\\\/reveil-info.net\\\/wp-content\\\/uploads\\\/2025\\\/08\\\/paris.webp\",\"articleSection\":[\"International\",\"Soci\u00e9t\u00e9\"],\"inLanguage\":\"fr-FR\",\"potentialAction\":[{\"@type\":\"CommentAction\",\"name\":\"Comment\",\"target\":[\"https:\\\/\\\/reveil-info.net\\\/?p=28733#respond\"]}]},{\"@type\":\"WebPage\",\"@id\":\"https:\\\/\\\/reveil-info.net\\\/?p=28733\",\"url\":\"https:\\\/\\\/reveil-info.net\\\/?p=28733\",\"name\":\"Paris : pr\u00e8s de 230 personnes sans-abri ont pass\u00e9 la nuit devant l'h\u00f4tel de ville pour demander \u00e0 l'\u00c9tat d'agir - R\u00e9veil Info\",\"isPartOf\":{\"@id\":\"https:\\\/\\\/reveil-info.net\\\/#website\"},\"primaryImageOfPage\":{\"@id\":\"https:\\\/\\\/reveil-info.net\\\/?p=28733#primaryimage\"},\"image\":{\"@id\":\"https:\\\/\\\/reveil-info.net\\\/?p=28733#primaryimage\"},\"thumbnailUrl\":\"https:\\\/\\\/reveil-info.net\\\/wp-content\\\/uploads\\\/2025\\\/08\\\/paris.webp\",\"datePublished\":\"2025-08-07T15:58:17+00:00\",\"breadcrumb\":{\"@id\":\"https:\\\/\\\/reveil-info.net\\\/?p=28733#breadcrumb\"},\"inLanguage\":\"fr-FR\",\"potentialAction\":[{\"@type\":\"ReadAction\",\"target\":[\"https:\\\/\\\/reveil-info.net\\\/?p=28733\"]}]},{\"@type\":\"ImageObject\",\"inLanguage\":\"fr-FR\",\"@id\":\"https:\\\/\\\/reveil-info.net\\\/?p=28733#primaryimage\",\"url\":\"https:\\\/\\\/reveil-info.net\\\/wp-content\\\/uploads\\\/2025\\\/08\\\/paris.webp\",\"contentUrl\":\"https:\\\/\\\/reveil-info.net\\\/wp-content\\\/uploads\\\/2025\\\/08\\\/paris.webp\",\"width\":1200,\"height\":680},{\"@type\":\"BreadcrumbList\",\"@id\":\"https:\\\/\\\/reveil-info.net\\\/?p=28733#breadcrumb\",\"itemListElement\":[{\"@type\":\"ListItem\",\"position\":1,\"name\":\"Home\",\"item\":\"https:\\\/\\\/reveil-info.net\\\/\"},{\"@type\":\"ListItem\",\"position\":2,\"name\":\"Paris : pr\u00e8s de 230 personnes sans-abri ont pass\u00e9 la nuit devant l&#8217;h\u00f4tel de ville pour demander \u00e0 l&#8217;\u00c9tat d&#8217;agir\"}]},{\"@type\":\"WebSite\",\"@id\":\"https:\\\/\\\/reveil-info.net\\\/#website\",\"url\":\"https:\\\/\\\/reveil-info.net\\\/\",\"name\":\"R\u00e9veil Info\",\"description\":\"Le devoir d&#039;informer!\",\"publisher\":{\"@id\":\"https:\\\/\\\/reveil-info.net\\\/#organization\"},\"potentialAction\":[{\"@type\":\"SearchAction\",\"target\":{\"@type\":\"EntryPoint\",\"urlTemplate\":\"https:\\\/\\\/reveil-info.net\\\/?s={search_term_string}\"},\"query-input\":{\"@type\":\"PropertyValueSpecification\",\"valueRequired\":true,\"valueName\":\"search_term_string\"}}],\"inLanguage\":\"fr-FR\"},{\"@type\":\"Organization\",\"@id\":\"https:\\\/\\\/reveil-info.net\\\/#organization\",\"name\":\"R\u00e9veil Info\",\"url\":\"https:\\\/\\\/reveil-info.net\\\/\",\"logo\":{\"@type\":\"ImageObject\",\"inLanguage\":\"fr-FR\",\"@id\":\"https:\\\/\\\/reveil-info.net\\\/#\\\/schema\\\/logo\\\/image\\\/\",\"url\":\"https:\\\/\\\/reveil-info.net\\\/wp-content\\\/uploads\\\/2024\\\/07\\\/bnddd1.jpg\",\"contentUrl\":\"https:\\\/\\\/reveil-info.net\\\/wp-content\\\/uploads\\\/2024\\\/07\\\/bnddd1.jpg\",\"width\":903,\"height\":125,\"caption\":\"R\u00e9veil Info\"},\"image\":{\"@id\":\"https:\\\/\\\/reveil-info.net\\\/#\\\/schema\\\/logo\\\/image\\\/\"}},{\"@type\":\"Person\",\"@id\":\"https:\\\/\\\/reveil-info.net\\\/#\\\/schema\\\/person\\\/ca0cc8e70088e0a2b5e92556c1ee60f5\",\"name\":\"R\u00e9veil info\",\"image\":{\"@type\":\"ImageObject\",\"inLanguage\":\"fr-FR\",\"@id\":\"https:\\\/\\\/secure.gravatar.com\\\/avatar\\\/e4ad5bb743c8b6cb174d9df6c7d30a8a16f6889731241345fc6444e6485f02af?s=96&d=mm&r=g\",\"url\":\"https:\\\/\\\/secure.gravatar.com\\\/avatar\\\/e4ad5bb743c8b6cb174d9df6c7d30a8a16f6889731241345fc6444e6485f02af?s=96&d=mm&r=g\",\"contentUrl\":\"https:\\\/\\\/secure.gravatar.com\\\/avatar\\\/e4ad5bb743c8b6cb174d9df6c7d30a8a16f6889731241345fc6444e6485f02af?s=96&d=mm&r=g\",\"caption\":\"R\u00e9veil info\"},\"sameAs\":[\"https:\\\/\\\/reveil-info.net\"],\"url\":\"https:\\\/\\\/reveil-info.net\\\/?author=1\"}]}<\/script>\n<!-- \/ Yoast SEO plugin. -->","yoast_head_json":{"title":"Paris : pr\u00e8s de 230 personnes sans-abri ont pass\u00e9 la nuit devant l'h\u00f4tel de ville pour demander \u00e0 l'\u00c9tat d'agir - R\u00e9veil Info","robots":{"index":"noindex","follow":"follow","max-snippet":"max-snippet:-1","max-image-preview":"max-image-preview:large","max-video-preview":"max-video-preview:-1"},"og_locale":"fr_FR","og_type":"article","og_title":"Paris : pr\u00e8s de 230 personnes sans-abri ont pass\u00e9 la nuit devant l'h\u00f4tel de ville pour demander \u00e0 l'\u00c9tat d'agir - R\u00e9veil Info","og_description":"Pr\u00e8s de 230 personnes sans-abri ont pass\u00e9 la nuit de mardi \u00e0 mercredi devant la","og_url":"https:\/\/reveil-info.net\/?p=28733","og_site_name":"R\u00e9veil Info","article_published_time":"2025-08-07T15:58:17+00:00","og_image":[{"width":1200,"height":680,"url":"https:\/\/reveil-info.net\/wp-content\/uploads\/2025\/08\/paris.webp","type":"image\/webp"}],"author":"R\u00e9veil info","twitter_card":"summary_large_image","twitter_misc":{"\u00c9crit par":"R\u00e9veil info","Dur\u00e9e de lecture estim\u00e9e":"3 minutes"},"schema":{"@context":"https:\/\/schema.org","@graph":[{"@type":"Article","@id":"https:\/\/reveil-info.net\/?p=28733#article","isPartOf":{"@id":"https:\/\/reveil-info.net\/?p=28733"},"author":{"name":"R\u00e9veil info","@id":"https:\/\/reveil-info.net\/#\/schema\/person\/ca0cc8e70088e0a2b5e92556c1ee60f5"},"headline":"Paris : pr\u00e8s de 230 personnes sans-abri ont pass\u00e9 la nuit devant l&rsquo;h\u00f4tel de ville pour demander \u00e0 l&rsquo;\u00c9tat d&rsquo;agir","datePublished":"2025-08-07T15:58:17+00:00","mainEntityOfPage":{"@id":"https:\/\/reveil-info.net\/?p=28733"},"wordCount":505,"commentCount":0,"publisher":{"@id":"https:\/\/reveil-info.net\/#organization"},"image":{"@id":"https:\/\/reveil-info.net\/?p=28733#primaryimage"},"thumbnailUrl":"https:\/\/reveil-info.net\/wp-content\/uploads\/2025\/08\/paris.webp","articleSection":["International","Soci\u00e9t\u00e9"],"inLanguage":"fr-FR","potentialAction":[{"@type":"CommentAction","name":"Comment","target":["https:\/\/reveil-info.net\/?p=28733#respond"]}]},{"@type":"WebPage","@id":"https:\/\/reveil-info.net\/?p=28733","url":"https:\/\/reveil-info.net\/?p=28733","name":"Paris : pr\u00e8s de 230 personnes sans-abri ont pass\u00e9 la nuit devant l'h\u00f4tel de ville pour demander \u00e0 l'\u00c9tat d'agir - R\u00e9veil Info","isPartOf":{"@id":"https:\/\/reveil-info.net\/#website"},"primaryImageOfPage":{"@id":"https:\/\/reveil-info.net\/?p=28733#primaryimage"},"image":{"@id":"https:\/\/reveil-info.net\/?p=28733#primaryimage"},"thumbnailUrl":"https:\/\/reveil-info.net\/wp-content\/uploads\/2025\/08\/paris.webp","datePublished":"2025-08-07T15:58:17+00:00","breadcrumb":{"@id":"https:\/\/reveil-info.net\/?p=28733#breadcrumb"},"inLanguage":"fr-FR","potentialAction":[{"@type":"ReadAction","target":["https:\/\/reveil-info.net\/?p=28733"]}]},{"@type":"ImageObject","inLanguage":"fr-FR","@id":"https:\/\/reveil-info.net\/?p=28733#primaryimage","url":"https:\/\/reveil-info.net\/wp-content\/uploads\/2025\/08\/paris.webp","contentUrl":"https:\/\/reveil-info.net\/wp-content\/uploads\/2025\/08\/paris.webp","width":1200,"height":680},{"@type":"BreadcrumbList","@id":"https:\/\/reveil-info.net\/?p=28733#breadcrumb","itemListElement":[{"@type":"ListItem","position":1,"name":"Home","item":"https:\/\/reveil-info.net\/"},{"@type":"ListItem","position":2,"name":"Paris : pr\u00e8s de 230 personnes sans-abri ont pass\u00e9 la nuit devant l&#8217;h\u00f4tel de ville pour demander \u00e0 l&#8217;\u00c9tat d&#8217;agir"}]},{"@type":"WebSite","@id":"https:\/\/reveil-info.net\/#website","url":"https:\/\/reveil-info.net\/","name":"R\u00e9veil Info","description":"Le devoir d&#039;informer!","publisher":{"@id":"https:\/\/reveil-info.net\/#organization"},"potentialAction":[{"@type":"SearchAction","target":{"@type":"EntryPoint","urlTemplate":"https:\/\/reveil-info.net\/?s={search_term_string}"},"query-input":{"@type":"PropertyValueSpecification","valueRequired":true,"valueName":"search_term_string"}}],"inLanguage":"fr-FR"},{"@type":"Organization","@id":"https:\/\/reveil-info.net\/#organization","name":"R\u00e9veil Info","url":"https:\/\/reveil-info.net\/","logo":{"@type":"ImageObject","inLanguage":"fr-FR","@id":"https:\/\/reveil-info.net\/#\/schema\/logo\/image\/","url":"https:\/\/reveil-info.net\/wp-content\/uploads\/2024\/07\/bnddd1.jpg","contentUrl":"https:\/\/reveil-info.net\/wp-content\/uploads\/2024\/07\/bnddd1.jpg","width":903,"height":125,"caption":"R\u00e9veil Info"},"image":{"@id":"https:\/\/reveil-info.net\/#\/schema\/logo\/image\/"}},{"@type":"Person","@id":"https:\/\/reveil-info.net\/#\/schema\/person\/ca0cc8e70088e0a2b5e92556c1ee60f5","name":"R\u00e9veil info","image":{"@type":"ImageObject","inLanguage":"fr-FR","@id":"https:\/\/secure.gravatar.com\/avatar\/e4ad5bb743c8b6cb174d9df6c7d30a8a16f6889731241345fc6444e6485f02af?s=96&d=mm&r=g","url":"https:\/\/secure.gravatar.com\/avatar\/e4ad5bb743c8b6cb174d9df6c7d30a8a16f6889731241345fc6444e6485f02af?s=96&d=mm&r=g","contentUrl":"https:\/\/secure.gravatar.com\/avatar\/e4ad5bb743c8b6cb174d9df6c7d30a8a16f6889731241345fc6444e6485f02af?s=96&d=mm&r=g","caption":"R\u00e9veil info"},"sameAs":["https:\/\/reveil-info.net"],"url":"https:\/\/reveil-info.net\/?author=1"}]}},"jetpack_featured_media_url":"https:\/\/reveil-info.net\/wp-content\/uploads\/2025\/08\/paris.webp","featured_image_urls":{"full":["https:\/\/reveil-info.net\/wp-content\/uploads\/2025\/08\/paris.webp",1200,680,false],"thumbnail":["https:\/\/reveil-info.net\/wp-content\/uploads\/2025\/08\/paris-150x150.webp",150,150,true],"medium":["https:\/\/reveil-info.net\/wp-content\/uploads\/2025\/08\/paris-300x170.webp",300,170,true],"medium_large":["https:\/\/reveil-info.net\/wp-content\/uploads\/2025\/08\/paris-768x435.webp",640,363,true],"large":["https:\/\/reveil-info.net\/wp-content\/uploads\/2025\/08\/paris-1024x580.webp",640,363,true],"1536x1536":["https:\/\/reveil-info.net\/wp-content\/uploads\/2025\/08\/paris.webp",1200,680,false],"2048x2048":["https:\/\/reveil-info.net\/wp-content\/uploads\/2025\/08\/paris.webp",1200,680,false],"chromenews-featured":["https:\/\/reveil-info.net\/wp-content\/uploads\/2025\/08\/paris-1024x580.webp",1024,580,true],"chromenews-large":["https:\/\/reveil-info.net\/wp-content\/uploads\/2025\/08\/paris-825x575.webp",825,575,true],"chromenews-medium":["https:\/\/reveil-info.net\/wp-content\/uploads\/2025\/08\/paris-590x410.webp",590,410,true]},"author_info":{"display_name":"R\u00e9veil info","author_link":"https:\/\/reveil-info.net\/?author=1"},"category_info":"<a href=\"https:\/\/reveil-info.net\/?cat=8\" rel=\"category\">International<\/a> <a href=\"https:\/\/reveil-info.net\/?cat=16\" rel=\"category\">Soci\u00e9t\u00e9<\/a>","tag_info":"Soci\u00e9t\u00e9","comment_count":"0","_links":{"self":[{"href":"https:\/\/reveil-info.net\/index.php?rest_route=\/wp\/v2\/posts\/28733","targetHints":{"allow":["GET"]}}],"collection":[{"href":"https:\/\/reveil-info.net\/index.php?rest_route=\/wp\/v2\/posts"}],"about":[{"href":"https:\/\/reveil-info.net\/index.php?rest_route=\/wp\/v2\/types\/post"}],"author":[{"embeddable":true,"href":"https:\/\/reveil-info.net\/index.php?rest_route=\/wp\/v2\/users\/1"}],"replies":[{"embeddable":true,"href":"https:\/\/reveil-info.net\/index.php?rest_route=%2Fwp%2Fv2%2Fcomments&post=28733"}],"version-history":[{"count":4,"href":"https:\/\/reveil-info.net\/index.php?rest_route=\/wp\/v2\/posts\/28733\/revisions"}],"predecessor-version":[{"id":28738,"href":"https:\/\/reveil-info.net\/index.php?rest_route=\/wp\/v2\/posts\/28733\/revisions\/28738"}],"wp:featuredmedia":[{"embeddable":true,"href":"https:\/\/reveil-info.net\/index.php?rest_route=\/wp\/v2\/media\/28737"}],"wp:attachment":[{"href":"https:\/\/reveil-info.net\/index.php?rest_route=%2Fwp%2Fv2%2Fmedia&parent=28733"}],"wp:term":[{"taxonomy":"category","embeddable":true,"href":"https:\/\/reveil-info.net\/index.php?rest_route=%2Fwp%2Fv2%2Fcategories&post=28733"},{"taxonomy":"post_tag","embeddable":true,"href":"https:\/\/reveil-info.net\/index.php?rest_route=%2Fwp%2Fv2%2Ftags&post=28733"}],"curies":[{"name":"wp","href":"https:\/\/api.w.org\/{rel}","templated":true}]}}