{"id":28348,"date":"2025-08-03T13:14:02","date_gmt":"2025-08-03T13:14:02","guid":{"rendered":"https:\/\/reveil-info.net\/?p=28348"},"modified":"2025-08-03T13:14:58","modified_gmt":"2025-08-03T13:14:58","slug":"patrick-g-ilboudo-le-pere-de-lhymne-national","status":"publish","type":"post","link":"https:\/\/reveil-info.net\/?p=28348","title":{"rendered":"Patrick G. Ilboudo : le p\u00e8re de l&rsquo;hymne national"},"content":{"rendered":"<p>Patrick G. Ilboudo le p\u00e8re de notre hymne national.<\/p>\n<p>N\u00e9 le 18 f\u00e9vrier 1951 \u00e0 Bilbalgo \u00e0 Ouagadougou, Patrick Gomdaogo Ilboudo a \u00e9t\u00e9 un \u00e9crivain qui, a su, par ses nombreux \u00e9crits monter au firmament de la litt\u00e9rature burkinab\u00e9 . Ce qui lui a valu l&rsquo;obtention de nombreux prix au plan national et international. Apr\u00e8s avoir fr\u00e9quent\u00e9 l&rsquo;\u00e9cole primaire publique de Baoghin puis le coll\u00e8ge priv\u00e9 Laurent Gilhat (actuel Lyc\u00e9e Saint-Joseph), Patrick G. Ilboudo dut interrompre ses \u00e9tudes secondaires apr\u00e8s le BEPC pour travailler afin de payer les classes suivantes qu&rsquo;il acheva au Coll\u00e8ge priv\u00e9 Volta (actuel Groupe scolaire le Plateau) par l&rsquo;obtention de son baccalaur\u00e9at en 1975. Il s&rsquo;inscrit ainsi \u00e0 l&rsquo;Universit\u00e9 de Ouagadougou au d\u00e9partement de Lettres modernes d&rsquo;o\u00f9 il obtient sa licence en 1978, puis une ma\u00eetrise en 1979 avant de rejoindre \u00ab\u00a0l&rsquo;Institut fran\u00e7ais de presse\u00a0\u00bb (IFP) de Paris qu&rsquo;il fr\u00e9quente pendant l&rsquo;ann\u00e9e universitaire 1979-1980.<\/p>\n<p>En 1983, Patrick G. Ilboudo soutient sa th\u00e8se de doctorat du 3e cycle en Sciences de l&rsquo;information et de la communication \u00e0 l&rsquo;Universit\u00e9 Panth\u00e9on-Asas avec pour th\u00e8me \u00ab\u00a0La politique fran\u00e7aise vue par les journaux africains \u00e0 partir de Ehuzu, Fraternit\u00e9 matin, L&rsquo;Observateur Paalga et Jeune Afrique\u00a0\u00bb.<br \/>\nApr\u00e8s avoir connu une vie scolaire et universitaire tr\u00e8s mouvement\u00e9e, il a d\u00fb interrompre pour travailler en tant que manutentionnaire et percepteur.<\/p>\n<p>Malgr\u00e9 tout, il ne s&rsquo;est jamais retrouv\u00e9 au bout de ses forces. Apr\u00e8s sa th\u00e8se de doctorat, Patrick G. Ilboudo a \u00e9t\u00e9 sollicit\u00e9 par l&rsquo;hebdomadaire international\u00a0\u00bb Jeune Afrique\u00a0\u00bb mais il a pr\u00e9f\u00e9r\u00e9 rentrer au Burkina Faso pour faire valoir ses connaissances. Apr\u00e8s beaucoup de p\u00e9rip\u00e9ties, il a \u00e9t\u00e9 ainsi nomm\u00e9 en 1983 comme assistant \u00e0 l&rsquo;Institut africain d&rsquo;\u00e9tudes cin\u00e9matographiques (INAFEC) \u00e0 l&rsquo;Universit\u00e9 de Ouagadougou. Il enseigna \u00e0 l&rsquo;INAFEC jusqu&rsquo;en juillet 1985 date \u00e0 laquelle il est nomm\u00e9 \u00e0 la repr\u00e9sentation de l&rsquo;UNICEF \u00e0 Ouagadougou comme charg\u00e9 \u00e0 l&rsquo;information.<br \/>\nTr\u00e8s t\u00f4t sensibilis\u00e9 aux probl\u00e8mes de la soci\u00e9t\u00e9 \u00e0 travers sa propre exp\u00e9rience, Patrick G. Ilboudo a voulu se mettre au service de l&rsquo;homme. C&rsquo;est ainsi qu&rsquo;en 1983, il cr\u00e9a le Mouvement volta\u00efque contre le racisme et pour l&rsquo;amiti\u00e9 entre les peuples (MOVRAP).<\/p>\n<p>En 1984, le MOVRAP devient MOBRAP lorsque la Haute-Volta devenait Burkina Faso. Le MOBRAP a \u00e9t\u00e9 le premier mouvement associatif \u00e0 caract\u00e8re humanitaire international au Burkina.<\/p>\n<p>En tant qu&rsquo;homme de lettres, Patrick Ilboudo est venu naturellement dans l&rsquo;\u00e9criture. En effet, outre sa formation universitaire, les probl\u00e8mes de la soci\u00e9t\u00e9 burkinab\u00e9 lui ont servi de sources d&rsquo;inspiration. Ces probl\u00e8mes tournaient autour de l&rsquo;injustice, de la corruption de la pourriture. Patrick Ilboudo fut de ceux l\u00e0 pour qui il faudrait faire un \u00ab\u00a0toilettage\u00a0\u00bb de la soci\u00e9t\u00e9. Ce terme sera repris dans son roman \u00ab\u00a0Les carnets secrets d&rsquo;une fille de joie\u00a0\u00bb publi\u00e9 en 1988.<\/p>\n<p>En 1990, Patrick Ilboudo a initi\u00e9 la cr\u00e9ation au Burkina Faso, de la Mutuelle pour l&rsquo;union et la solidarit\u00e9 des \u00e9crivains en abr\u00e9g\u00e9 (MUSE) et ce, avec d&rsquo;autres \u00e9crivains notamment Norbert Zongo, Ignace A. Hien&#8230; Avec comme pr\u00e9sident-fondateur Patrick Ilboudo, la MUSE avait pour objectif principal de r\u00e9gler l&rsquo;\u00e9pineux probl\u00e8me d&rsquo;\u00e9dition des \u0153uvres.<\/p>\n<p>Auteur de l&rsquo;hymne national du Burkina Faso, Patrick G. Ilboudo \u00e0 tir\u00e9 sa r\u00e9v\u00e9rence le 28 f\u00e9vrier 1994 \u00e0 l&rsquo;\u00e2ge de 43 ans.<br \/>\nIl fallait \u00eatre un grand homme pour pouvoir s&rsquo;accorder avec SANKARA sur un texte de cette extr\u00eame importance !<br \/>\nIl est aussi l&rsquo;auteur de \u00ab\u00a0carnet secret d&rsquo;une fille de joie\u00a0\u00bb, \u00ab\u00a0Le h\u00e9ros t\u00eatu\u00a0\u00bb.<\/p>\n<p>Les buissons cachent la perdrix mais ne peuvent pas insonoris\u00e9s ces cris, la mort englouti l&rsquo;homme mais n\u2019engloutit pas son nom et sa r\u00e9putation. L&rsquo;homme doit apprendre \u00e0 \u00e9riger des ouvrages qui tutoie avec \u00e9loquence le poids des \u00e2ges. Et Patrick Gomdaogo Ilboudo en un une belle illustration.<\/p>\n<p>Martial Rigobert Tiendrebeogo<\/p>\n<p>Reveil-info<\/p>\n","protected":false},"excerpt":{"rendered":"<p>Patrick G. Ilboudo le p\u00e8re de notre hymne national. N\u00e9 le 18 f\u00e9vrier 1951 \u00e0<\/p>\n","protected":false},"author":1,"featured_media":28352,"comment_status":"open","ping_status":"open","sticky":false,"template":"","format":"standard","meta":{"footnotes":""},"categories":[38],"tags":[],"class_list":["post-28348","post","type-post","status-publish","format-standard","has-post-thumbnail","hentry","category-retour-sur-le-passe"],"yoast_head":"<!-- This site is optimized with the Yoast SEO plugin v27.5 - https:\/\/yoast.com\/product\/yoast-seo-wordpress\/ -->\n<title>Patrick G. Ilboudo : le p\u00e8re de l&#039;hymne national - R\u00e9veil Info<\/title>\n<meta name=\"robots\" content=\"noindex, follow, max-snippet:-1, max-image-preview:large, max-video-preview:-1\" \/>\n<meta property=\"og:locale\" content=\"fr_FR\" \/>\n<meta property=\"og:type\" content=\"article\" \/>\n<meta property=\"og:title\" content=\"Patrick G. Ilboudo : le p\u00e8re de l&#039;hymne national - R\u00e9veil Info\" \/>\n<meta property=\"og:description\" content=\"Patrick G. Ilboudo le p\u00e8re de notre hymne national. N\u00e9 le 18 f\u00e9vrier 1951 \u00e0\" \/>\n<meta property=\"og:url\" content=\"https:\/\/reveil-info.net\/?p=28348\" \/>\n<meta property=\"og:site_name\" content=\"R\u00e9veil Info\" \/>\n<meta property=\"article:published_time\" content=\"2025-08-03T13:14:02+00:00\" \/>\n<meta property=\"article:modified_time\" content=\"2025-08-03T13:14:58+00:00\" \/>\n<meta property=\"og:image\" content=\"https:\/\/reveil-info.net\/wp-content\/uploads\/2025\/08\/FB_IMG_17542266352111023.jpg\" \/>\n\t<meta property=\"og:image:width\" content=\"720\" \/>\n\t<meta property=\"og:image:height\" content=\"658\" \/>\n\t<meta property=\"og:image:type\" content=\"image\/jpeg\" \/>\n<meta name=\"author\" content=\"R\u00e9veil info\" \/>\n<meta name=\"twitter:card\" content=\"summary_large_image\" \/>\n<meta name=\"twitter:label1\" content=\"\u00c9crit par\" \/>\n\t<meta name=\"twitter:data1\" content=\"R\u00e9veil info\" \/>\n\t<meta name=\"twitter:label2\" content=\"Dur\u00e9e de lecture estim\u00e9e\" \/>\n\t<meta name=\"twitter:data2\" content=\"4 minutes\" \/>\n<script type=\"application\/ld+json\" class=\"yoast-schema-graph\">{\"@context\":\"https:\\\/\\\/schema.org\",\"@graph\":[{\"@type\":\"Article\",\"@id\":\"https:\\\/\\\/reveil-info.net\\\/?p=28348#article\",\"isPartOf\":{\"@id\":\"https:\\\/\\\/reveil-info.net\\\/?p=28348\"},\"author\":{\"name\":\"R\u00e9veil info\",\"@id\":\"https:\\\/\\\/reveil-info.net\\\/#\\\/schema\\\/person\\\/ca0cc8e70088e0a2b5e92556c1ee60f5\"},\"headline\":\"Patrick G. Ilboudo : le p\u00e8re de l&rsquo;hymne national\",\"datePublished\":\"2025-08-03T13:14:02+00:00\",\"dateModified\":\"2025-08-03T13:14:58+00:00\",\"mainEntityOfPage\":{\"@id\":\"https:\\\/\\\/reveil-info.net\\\/?p=28348\"},\"wordCount\":684,\"commentCount\":0,\"publisher\":{\"@id\":\"https:\\\/\\\/reveil-info.net\\\/#organization\"},\"image\":{\"@id\":\"https:\\\/\\\/reveil-info.net\\\/?p=28348#primaryimage\"},\"thumbnailUrl\":\"https:\\\/\\\/reveil-info.net\\\/wp-content\\\/uploads\\\/2025\\\/08\\\/FB_IMG_17542266352111023.jpg\",\"articleSection\":[\"Retour sur le Pass\u00e9\"],\"inLanguage\":\"fr-FR\",\"potentialAction\":[{\"@type\":\"CommentAction\",\"name\":\"Comment\",\"target\":[\"https:\\\/\\\/reveil-info.net\\\/?p=28348#respond\"]}]},{\"@type\":\"WebPage\",\"@id\":\"https:\\\/\\\/reveil-info.net\\\/?p=28348\",\"url\":\"https:\\\/\\\/reveil-info.net\\\/?p=28348\",\"name\":\"Patrick G. Ilboudo : le p\u00e8re de l'hymne national - R\u00e9veil Info\",\"isPartOf\":{\"@id\":\"https:\\\/\\\/reveil-info.net\\\/#website\"},\"primaryImageOfPage\":{\"@id\":\"https:\\\/\\\/reveil-info.net\\\/?p=28348#primaryimage\"},\"image\":{\"@id\":\"https:\\\/\\\/reveil-info.net\\\/?p=28348#primaryimage\"},\"thumbnailUrl\":\"https:\\\/\\\/reveil-info.net\\\/wp-content\\\/uploads\\\/2025\\\/08\\\/FB_IMG_17542266352111023.jpg\",\"datePublished\":\"2025-08-03T13:14:02+00:00\",\"dateModified\":\"2025-08-03T13:14:58+00:00\",\"breadcrumb\":{\"@id\":\"https:\\\/\\\/reveil-info.net\\\/?p=28348#breadcrumb\"},\"inLanguage\":\"fr-FR\",\"potentialAction\":[{\"@type\":\"ReadAction\",\"target\":[\"https:\\\/\\\/reveil-info.net\\\/?p=28348\"]}]},{\"@type\":\"ImageObject\",\"inLanguage\":\"fr-FR\",\"@id\":\"https:\\\/\\\/reveil-info.net\\\/?p=28348#primaryimage\",\"url\":\"https:\\\/\\\/reveil-info.net\\\/wp-content\\\/uploads\\\/2025\\\/08\\\/FB_IMG_17542266352111023.jpg\",\"contentUrl\":\"https:\\\/\\\/reveil-info.net\\\/wp-content\\\/uploads\\\/2025\\\/08\\\/FB_IMG_17542266352111023.jpg\",\"width\":720,\"height\":658},{\"@type\":\"BreadcrumbList\",\"@id\":\"https:\\\/\\\/reveil-info.net\\\/?p=28348#breadcrumb\",\"itemListElement\":[{\"@type\":\"ListItem\",\"position\":1,\"name\":\"Home\",\"item\":\"https:\\\/\\\/reveil-info.net\\\/\"},{\"@type\":\"ListItem\",\"position\":2,\"name\":\"Patrick G. Ilboudo : le p\u00e8re de l&#8217;hymne national\"}]},{\"@type\":\"WebSite\",\"@id\":\"https:\\\/\\\/reveil-info.net\\\/#website\",\"url\":\"https:\\\/\\\/reveil-info.net\\\/\",\"name\":\"R\u00e9veil Info\",\"description\":\"Le devoir d&#039;informer!\",\"publisher\":{\"@id\":\"https:\\\/\\\/reveil-info.net\\\/#organization\"},\"potentialAction\":[{\"@type\":\"SearchAction\",\"target\":{\"@type\":\"EntryPoint\",\"urlTemplate\":\"https:\\\/\\\/reveil-info.net\\\/?s={search_term_string}\"},\"query-input\":{\"@type\":\"PropertyValueSpecification\",\"valueRequired\":true,\"valueName\":\"search_term_string\"}}],\"inLanguage\":\"fr-FR\"},{\"@type\":\"Organization\",\"@id\":\"https:\\\/\\\/reveil-info.net\\\/#organization\",\"name\":\"R\u00e9veil Info\",\"url\":\"https:\\\/\\\/reveil-info.net\\\/\",\"logo\":{\"@type\":\"ImageObject\",\"inLanguage\":\"fr-FR\",\"@id\":\"https:\\\/\\\/reveil-info.net\\\/#\\\/schema\\\/logo\\\/image\\\/\",\"url\":\"https:\\\/\\\/reveil-info.net\\\/wp-content\\\/uploads\\\/2024\\\/07\\\/bnddd1.jpg\",\"contentUrl\":\"https:\\\/\\\/reveil-info.net\\\/wp-content\\\/uploads\\\/2024\\\/07\\\/bnddd1.jpg\",\"width\":903,\"height\":125,\"caption\":\"R\u00e9veil Info\"},\"image\":{\"@id\":\"https:\\\/\\\/reveil-info.net\\\/#\\\/schema\\\/logo\\\/image\\\/\"}},{\"@type\":\"Person\",\"@id\":\"https:\\\/\\\/reveil-info.net\\\/#\\\/schema\\\/person\\\/ca0cc8e70088e0a2b5e92556c1ee60f5\",\"name\":\"R\u00e9veil info\",\"image\":{\"@type\":\"ImageObject\",\"inLanguage\":\"fr-FR\",\"@id\":\"https:\\\/\\\/secure.gravatar.com\\\/avatar\\\/e4ad5bb743c8b6cb174d9df6c7d30a8a16f6889731241345fc6444e6485f02af?s=96&d=mm&r=g\",\"url\":\"https:\\\/\\\/secure.gravatar.com\\\/avatar\\\/e4ad5bb743c8b6cb174d9df6c7d30a8a16f6889731241345fc6444e6485f02af?s=96&d=mm&r=g\",\"contentUrl\":\"https:\\\/\\\/secure.gravatar.com\\\/avatar\\\/e4ad5bb743c8b6cb174d9df6c7d30a8a16f6889731241345fc6444e6485f02af?s=96&d=mm&r=g\",\"caption\":\"R\u00e9veil info\"},\"sameAs\":[\"https:\\\/\\\/reveil-info.net\"],\"url\":\"https:\\\/\\\/reveil-info.net\\\/?author=1\"}]}<\/script>\n<!-- \/ Yoast SEO plugin. -->","yoast_head_json":{"title":"Patrick G. Ilboudo : le p\u00e8re de l'hymne national - R\u00e9veil Info","robots":{"index":"noindex","follow":"follow","max-snippet":"max-snippet:-1","max-image-preview":"max-image-preview:large","max-video-preview":"max-video-preview:-1"},"og_locale":"fr_FR","og_type":"article","og_title":"Patrick G. Ilboudo : le p\u00e8re de l'hymne national - R\u00e9veil Info","og_description":"Patrick G. Ilboudo le p\u00e8re de notre hymne national. N\u00e9 le 18 f\u00e9vrier 1951 \u00e0","og_url":"https:\/\/reveil-info.net\/?p=28348","og_site_name":"R\u00e9veil Info","article_published_time":"2025-08-03T13:14:02+00:00","article_modified_time":"2025-08-03T13:14:58+00:00","og_image":[{"width":720,"height":658,"url":"https:\/\/reveil-info.net\/wp-content\/uploads\/2025\/08\/FB_IMG_17542266352111023.jpg","type":"image\/jpeg"}],"author":"R\u00e9veil info","twitter_card":"summary_large_image","twitter_misc":{"\u00c9crit par":"R\u00e9veil info","Dur\u00e9e de lecture estim\u00e9e":"4 minutes"},"schema":{"@context":"https:\/\/schema.org","@graph":[{"@type":"Article","@id":"https:\/\/reveil-info.net\/?p=28348#article","isPartOf":{"@id":"https:\/\/reveil-info.net\/?p=28348"},"author":{"name":"R\u00e9veil info","@id":"https:\/\/reveil-info.net\/#\/schema\/person\/ca0cc8e70088e0a2b5e92556c1ee60f5"},"headline":"Patrick G. Ilboudo : le p\u00e8re de l&rsquo;hymne national","datePublished":"2025-08-03T13:14:02+00:00","dateModified":"2025-08-03T13:14:58+00:00","mainEntityOfPage":{"@id":"https:\/\/reveil-info.net\/?p=28348"},"wordCount":684,"commentCount":0,"publisher":{"@id":"https:\/\/reveil-info.net\/#organization"},"image":{"@id":"https:\/\/reveil-info.net\/?p=28348#primaryimage"},"thumbnailUrl":"https:\/\/reveil-info.net\/wp-content\/uploads\/2025\/08\/FB_IMG_17542266352111023.jpg","articleSection":["Retour sur le Pass\u00e9"],"inLanguage":"fr-FR","potentialAction":[{"@type":"CommentAction","name":"Comment","target":["https:\/\/reveil-info.net\/?p=28348#respond"]}]},{"@type":"WebPage","@id":"https:\/\/reveil-info.net\/?p=28348","url":"https:\/\/reveil-info.net\/?p=28348","name":"Patrick G. Ilboudo : le p\u00e8re de l'hymne national - R\u00e9veil Info","isPartOf":{"@id":"https:\/\/reveil-info.net\/#website"},"primaryImageOfPage":{"@id":"https:\/\/reveil-info.net\/?p=28348#primaryimage"},"image":{"@id":"https:\/\/reveil-info.net\/?p=28348#primaryimage"},"thumbnailUrl":"https:\/\/reveil-info.net\/wp-content\/uploads\/2025\/08\/FB_IMG_17542266352111023.jpg","datePublished":"2025-08-03T13:14:02+00:00","dateModified":"2025-08-03T13:14:58+00:00","breadcrumb":{"@id":"https:\/\/reveil-info.net\/?p=28348#breadcrumb"},"inLanguage":"fr-FR","potentialAction":[{"@type":"ReadAction","target":["https:\/\/reveil-info.net\/?p=28348"]}]},{"@type":"ImageObject","inLanguage":"fr-FR","@id":"https:\/\/reveil-info.net\/?p=28348#primaryimage","url":"https:\/\/reveil-info.net\/wp-content\/uploads\/2025\/08\/FB_IMG_17542266352111023.jpg","contentUrl":"https:\/\/reveil-info.net\/wp-content\/uploads\/2025\/08\/FB_IMG_17542266352111023.jpg","width":720,"height":658},{"@type":"BreadcrumbList","@id":"https:\/\/reveil-info.net\/?p=28348#breadcrumb","itemListElement":[{"@type":"ListItem","position":1,"name":"Home","item":"https:\/\/reveil-info.net\/"},{"@type":"ListItem","position":2,"name":"Patrick G. Ilboudo : le p\u00e8re de l&#8217;hymne national"}]},{"@type":"WebSite","@id":"https:\/\/reveil-info.net\/#website","url":"https:\/\/reveil-info.net\/","name":"R\u00e9veil Info","description":"Le devoir d&#039;informer!","publisher":{"@id":"https:\/\/reveil-info.net\/#organization"},"potentialAction":[{"@type":"SearchAction","target":{"@type":"EntryPoint","urlTemplate":"https:\/\/reveil-info.net\/?s={search_term_string}"},"query-input":{"@type":"PropertyValueSpecification","valueRequired":true,"valueName":"search_term_string"}}],"inLanguage":"fr-FR"},{"@type":"Organization","@id":"https:\/\/reveil-info.net\/#organization","name":"R\u00e9veil Info","url":"https:\/\/reveil-info.net\/","logo":{"@type":"ImageObject","inLanguage":"fr-FR","@id":"https:\/\/reveil-info.net\/#\/schema\/logo\/image\/","url":"https:\/\/reveil-info.net\/wp-content\/uploads\/2024\/07\/bnddd1.jpg","contentUrl":"https:\/\/reveil-info.net\/wp-content\/uploads\/2024\/07\/bnddd1.jpg","width":903,"height":125,"caption":"R\u00e9veil Info"},"image":{"@id":"https:\/\/reveil-info.net\/#\/schema\/logo\/image\/"}},{"@type":"Person","@id":"https:\/\/reveil-info.net\/#\/schema\/person\/ca0cc8e70088e0a2b5e92556c1ee60f5","name":"R\u00e9veil info","image":{"@type":"ImageObject","inLanguage":"fr-FR","@id":"https:\/\/secure.gravatar.com\/avatar\/e4ad5bb743c8b6cb174d9df6c7d30a8a16f6889731241345fc6444e6485f02af?s=96&d=mm&r=g","url":"https:\/\/secure.gravatar.com\/avatar\/e4ad5bb743c8b6cb174d9df6c7d30a8a16f6889731241345fc6444e6485f02af?s=96&d=mm&r=g","contentUrl":"https:\/\/secure.gravatar.com\/avatar\/e4ad5bb743c8b6cb174d9df6c7d30a8a16f6889731241345fc6444e6485f02af?s=96&d=mm&r=g","caption":"R\u00e9veil info"},"sameAs":["https:\/\/reveil-info.net"],"url":"https:\/\/reveil-info.net\/?author=1"}]}},"jetpack_featured_media_url":"https:\/\/reveil-info.net\/wp-content\/uploads\/2025\/08\/FB_IMG_17542266352111023.jpg","featured_image_urls":{"full":["https:\/\/reveil-info.net\/wp-content\/uploads\/2025\/08\/FB_IMG_17542266352111023.jpg",720,658,false],"thumbnail":["https:\/\/reveil-info.net\/wp-content\/uploads\/2025\/08\/FB_IMG_17542266352111023-150x150.jpg",150,150,true],"medium":["https:\/\/reveil-info.net\/wp-content\/uploads\/2025\/08\/FB_IMG_17542266352111023-300x274.jpg",300,274,true],"medium_large":["https:\/\/reveil-info.net\/wp-content\/uploads\/2025\/08\/FB_IMG_17542266352111023.jpg",640,585,false],"large":["https:\/\/reveil-info.net\/wp-content\/uploads\/2025\/08\/FB_IMG_17542266352111023.jpg",640,585,false],"1536x1536":["https:\/\/reveil-info.net\/wp-content\/uploads\/2025\/08\/FB_IMG_17542266352111023.jpg",720,658,false],"2048x2048":["https:\/\/reveil-info.net\/wp-content\/uploads\/2025\/08\/FB_IMG_17542266352111023.jpg",720,658,false],"chromenews-featured":["https:\/\/reveil-info.net\/wp-content\/uploads\/2025\/08\/FB_IMG_17542266352111023.jpg",720,658,false],"chromenews-large":["https:\/\/reveil-info.net\/wp-content\/uploads\/2025\/08\/FB_IMG_17542266352111023-720x575.jpg",720,575,true],"chromenews-medium":["https:\/\/reveil-info.net\/wp-content\/uploads\/2025\/08\/FB_IMG_17542266352111023-590x410.jpg",590,410,true]},"author_info":{"display_name":"R\u00e9veil info","author_link":"https:\/\/reveil-info.net\/?author=1"},"category_info":"<a href=\"https:\/\/reveil-info.net\/?cat=38\" rel=\"category\">Retour sur le Pass\u00e9<\/a>","tag_info":"Retour sur le Pass\u00e9","comment_count":"0","_links":{"self":[{"href":"https:\/\/reveil-info.net\/index.php?rest_route=\/wp\/v2\/posts\/28348","targetHints":{"allow":["GET"]}}],"collection":[{"href":"https:\/\/reveil-info.net\/index.php?rest_route=\/wp\/v2\/posts"}],"about":[{"href":"https:\/\/reveil-info.net\/index.php?rest_route=\/wp\/v2\/types\/post"}],"author":[{"embeddable":true,"href":"https:\/\/reveil-info.net\/index.php?rest_route=\/wp\/v2\/users\/1"}],"replies":[{"embeddable":true,"href":"https:\/\/reveil-info.net\/index.php?rest_route=%2Fwp%2Fv2%2Fcomments&post=28348"}],"version-history":[{"count":3,"href":"https:\/\/reveil-info.net\/index.php?rest_route=\/wp\/v2\/posts\/28348\/revisions"}],"predecessor-version":[{"id":28351,"href":"https:\/\/reveil-info.net\/index.php?rest_route=\/wp\/v2\/posts\/28348\/revisions\/28351"}],"wp:featuredmedia":[{"embeddable":true,"href":"https:\/\/reveil-info.net\/index.php?rest_route=\/wp\/v2\/media\/28352"}],"wp:attachment":[{"href":"https:\/\/reveil-info.net\/index.php?rest_route=%2Fwp%2Fv2%2Fmedia&parent=28348"}],"wp:term":[{"taxonomy":"category","embeddable":true,"href":"https:\/\/reveil-info.net\/index.php?rest_route=%2Fwp%2Fv2%2Fcategories&post=28348"},{"taxonomy":"post_tag","embeddable":true,"href":"https:\/\/reveil-info.net\/index.php?rest_route=%2Fwp%2Fv2%2Ftags&post=28348"}],"curies":[{"name":"wp","href":"https:\/\/api.w.org\/{rel}","templated":true}]}}