{"id":2808,"date":"2024-07-19T19:28:49","date_gmt":"2024-07-19T19:28:49","guid":{"rendered":"https:\/\/reveil-info.net\/test\/?p=2808"},"modified":"2024-07-19T19:30:29","modified_gmt":"2024-07-19T19:30:29","slug":"cooperation-les-verites-du-pm-au-nouveau-ambassadeur-de-lallemagne","status":"publish","type":"post","link":"https:\/\/reveil-info.net\/?p=2808","title":{"rendered":"Coop\u00e9ration: les v\u00e9rit\u00e9s du PM au nouvel ambassadeur de l&rsquo;Allemagne"},"content":{"rendered":"<blockquote><p>&nbsp;<\/p><\/blockquote>\n<p>Le Premier ministre, Dr Apollinaire Joachimson Ky\u00e9lem de Tamb\u00e8la, a re\u00e7u, en audience, le nouvel ambassadeur de la R\u00e9publique f\u00e9d\u00e9rale d&rsquo;Allemagne au Burkina Faso, Dietrich Becker, ce vendredi 19 juillet 2024, \u00e0 Ouagadougou. Au cours de cette rencontre de prise de contact, les deux personnalit\u00e9s ont abord\u00e9 les domaines de coop\u00e9ration qui lient les deux pays et les perspectives, mais \u00e9galement des questions d&rsquo;actualit\u00e9.<\/p>\n<p>C&rsquo;est dans un langage franc et amical que s&rsquo;est d\u00e9roul\u00e9e la premi\u00e8re rencontre entre le Premier ministre, Dr Apollinaire Joachimson Ky\u00e9lem de Tamb\u00e8la, et le nouvel ambassadeur de la R\u00e9publique f\u00e9d\u00e9rale d&rsquo;Allemagne, au Burkina Faso, Dietrich Becker.<\/p>\n<p>Durant cette prise de contact qui a permis aux deux personnalit\u00e9s de faire connaissance, plusieurs sujets ont \u00e9t\u00e9 abord\u00e9s.<\/p>\n<p>Dans le cadre des relations bilat\u00e9rales, le diplomate a fait savoir que l&rsquo;Allemagne intervient dans le domaine de la formation professionnelle o\u00f9 plusieurs jeunes burkinab\u00e8 sont form\u00e9s.<\/p>\n<p>Pour ce qui est de l&rsquo;\u00e9nergie solaire, le diplomate a mentionn\u00e9 qu&rsquo;il faut un engagement dans ce domaine car il offre beaucoup de possibilit\u00e9s.<\/p>\n<p>En ce qui concerne la culture, le Chef du Gouvernement a esp\u00e9r\u00e9 voir l&rsquo;Allemagne accompagner des manifestations comme la SNC, le FESPACO, le SIAO, etc.<\/p>\n<p>Au cours des \u00e9changes, la question s\u00e9curitaire a \u00e9t\u00e9 aussi abord\u00e9e, et le diplomate a questionn\u00e9 la pr\u00e9sence russe sur le sol burkinab\u00e8.<\/p>\n<p>A cela, le Premier ministre a r\u00e9pondu que le soutien de la Russie et d&rsquo;autres partenaires tient au fait que les pays Occidentaux ont refus\u00e9 d&rsquo;aider le Burkina Faso.<\/p>\n<p>\u00ab\u00a0A notre arriv\u00e9e au pouvoir, nous avons demand\u00e9 d&rsquo;avoir des armes aupr\u00e8s de nos partenaires traditionnels, mais ceux-ci ont refus\u00e9 de nous accompagner. L&rsquo;Allemagne a refus\u00e9 de nous soutenir au niveau de la formation militaire. La France a fait un blocus sur l&rsquo;achat de nos armes. Seuls les Russes, les Chinois, les Turcs&#8230;ont accept\u00e9 de nous aider. C&rsquo;est dans les difficult\u00e9s qu&rsquo;on reconna\u00eet ses vrais amis. Quand on ach\u00e8te des armes avec la Russie, on a n\u00e9cessairement besoin des instructeurs russes pour nous apprendre \u00e0 les utiliser, d&rsquo;o\u00f9 la raison de leur pr\u00e9sence. Il n&rsquo;y a pas que les Russes, il y a aussi les Chinois, les Turcs, etc. Ils travaillent dans des domaines sp\u00e9cifiques. Nous prenons dans chaque partenaire ce que nous voyons de bon\u00a0\u00bb, a-t-il soutenu.<\/p>\n<p>Pour le nouvel ambassadeur, la r\u00e9ticence de l&rsquo;Allemagne a vendre des armes a une explication historique.<\/p>\n<p>\u00ab\u00a0Apr\u00e8s la deuxi\u00e8me guerre mondiale, on a d\u00e9cid\u00e9 de ne plus envoyer des soldats allemands sur les th\u00e9\u00e2tres d&rsquo;op\u00e9ration, sauf dans le cadre de l&rsquo;OTAN. Il nous est difficile d&rsquo;envoyer l&rsquo;arm\u00e9e allemande en Afrique ou de vendre des armes. L&rsquo;opinion allemande ne le comprendrait pas. Ce n&rsquo;est pas \u00e0 nous de faire la guerre en Afrique \u00ab\u00a0, a-t-il expliqu\u00e9.<\/p>\n<p>A une remarque de l&rsquo;ambassadeur Dietrich Becker concernant l&rsquo;utilisation des armes russes par les terroristes, le Premier ministre a \u00e9t\u00e9 cat\u00e9gorique en pointant du doigt l&rsquo;implication de la France.<\/p>\n<p>\u00ab\u00a0Les Fran\u00e7ais, par interm\u00e9diaire, peuvent acheter les armes russes et les revendre aux terroristes pour d\u00e9tourner l&rsquo;attention. La France livre les armes qu&rsquo;elle ne fabrique pas pour faire croire qu&rsquo;elle n&rsquo;est pas impliqu\u00e9e. Nous avons mis du temps pour voir le r\u00f4le direct de la France dans cette crise\u00a0\u00bb, a-t-il ajout\u00e9.<\/p>\n<p>Selon l&rsquo;ambassadeur de l&rsquo;Allemagne, les Occidentaux ont commis beaucoup de fautes tout au long de l&rsquo;histoire.<\/p>\n<p>\u00ab\u00a0C&rsquo;est un peu tragique. Nous savons que le colonialisme a un impact trop grand et qu&rsquo;il faut changer cela\u00a0\u00bb, a-t-il affirm\u00e9.<\/p>\n<p>Il a, en outre invit\u00e9 le Burkina Faso \u00e0 r\u00e9gler son rapport avec la CEDEAO.<\/p>\n<p>A cette requ\u00eate, le Premier ministre a \u00e9t\u00e9 on ne peut plus clair \u00ab\u00a0Nous avons quitt\u00e9 la CEDEAO. Nous sommes d\u00e9sormais engag\u00e9s dans la conf\u00e9d\u00e9ration de l&rsquo;AES qui constitue un grand march\u00e9. Nous esp\u00e9rons que l&rsquo;Allemagne sera un partenaire fiable pour l&rsquo;AES. Nous appr\u00e9cions votre politique de non ing\u00e9rence dans les politiques int\u00e9rieures des pays\u00a0\u00bb, a d\u00e9clar\u00e9 Dr Ky\u00e9lem de Tamb\u00e8la.<\/p>\n<p>En retour, le diplomate a pris acte de la volont\u00e9 des pays de l&rsquo;AES de s&rsquo;organiser en conf\u00e9d\u00e9ration.<\/p>\n<p>\u00ab\u00a0La souverainet\u00e9 du Burkina Faso est sacr\u00e9e pour l&rsquo;Allemagne. C&rsquo;est la base de notre partenariat. Nous respectons la volont\u00e9 de souverainet\u00e9 du Burkina Faso. Nous avons int\u00e9r\u00eat \u00e0 ce que le Burkina Faso soit stable\u00a0\u00bb, a dit le nouvel ambassadeur de la R\u00e9publique f\u00e9d\u00e9rale d&rsquo;Allemagne au Burkina Faso, Dietrich Becker.<\/p>\n<p>DCRP\/Primature<\/p>\n","protected":false},"excerpt":{"rendered":"<p>&nbsp; Le Premier ministre, Dr Apollinaire Joachimson Ky\u00e9lem de Tamb\u00e8la, a re\u00e7u, en audience, le<\/p>\n","protected":false},"author":1,"featured_media":2811,"comment_status":"open","ping_status":"open","sticky":false,"template":"","format":"standard","meta":{"footnotes":""},"categories":[39,12],"tags":[],"class_list":["post-2808","post","type-post","status-publish","format-standard","has-post-thumbnail","hentry","category-une","category-politique"],"yoast_head":"<!-- This site is optimized with the Yoast SEO plugin v27.5 - https:\/\/yoast.com\/product\/yoast-seo-wordpress\/ -->\n<title>Coop\u00e9ration: les v\u00e9rit\u00e9s du PM au nouvel ambassadeur de l&#039;Allemagne - R\u00e9veil Info<\/title>\n<meta name=\"robots\" content=\"noindex, follow, max-snippet:-1, max-image-preview:large, max-video-preview:-1\" \/>\n<meta property=\"og:locale\" content=\"fr_FR\" \/>\n<meta property=\"og:type\" content=\"article\" \/>\n<meta property=\"og:title\" content=\"Coop\u00e9ration: les v\u00e9rit\u00e9s du PM au nouvel ambassadeur de l&#039;Allemagne - R\u00e9veil Info\" \/>\n<meta property=\"og:description\" content=\"&nbsp; Le Premier ministre, Dr Apollinaire Joachimson Ky\u00e9lem de Tamb\u00e8la, a re\u00e7u, en audience, le\" \/>\n<meta property=\"og:url\" content=\"https:\/\/reveil-info.net\/?p=2808\" \/>\n<meta property=\"og:site_name\" content=\"R\u00e9veil Info\" \/>\n<meta property=\"article:published_time\" content=\"2024-07-19T19:28:49+00:00\" \/>\n<meta property=\"article:modified_time\" content=\"2024-07-19T19:30:29+00:00\" \/>\n<meta property=\"og:image\" content=\"https:\/\/reveil-info.net\/wp-content\/uploads\/2024\/07\/FB_IMG_17214170724823504.jpg\" \/>\n\t<meta property=\"og:image:width\" content=\"720\" \/>\n\t<meta property=\"og:image:height\" content=\"458\" \/>\n\t<meta property=\"og:image:type\" content=\"image\/jpeg\" \/>\n<meta name=\"author\" content=\"R\u00e9veil info\" \/>\n<meta name=\"twitter:card\" content=\"summary_large_image\" \/>\n<meta name=\"twitter:label1\" content=\"\u00c9crit par\" \/>\n\t<meta name=\"twitter:data1\" content=\"R\u00e9veil info\" \/>\n\t<meta name=\"twitter:label2\" content=\"Dur\u00e9e de lecture estim\u00e9e\" \/>\n\t<meta name=\"twitter:data2\" content=\"4 minutes\" \/>\n<script type=\"application\/ld+json\" class=\"yoast-schema-graph\">{\"@context\":\"https:\\\/\\\/schema.org\",\"@graph\":[{\"@type\":\"Article\",\"@id\":\"https:\\\/\\\/reveil-info.net\\\/?p=2808#article\",\"isPartOf\":{\"@id\":\"https:\\\/\\\/reveil-info.net\\\/?p=2808\"},\"author\":{\"name\":\"R\u00e9veil info\",\"@id\":\"https:\\\/\\\/reveil-info.net\\\/#\\\/schema\\\/person\\\/ca0cc8e70088e0a2b5e92556c1ee60f5\"},\"headline\":\"Coop\u00e9ration: les v\u00e9rit\u00e9s du PM au nouvel ambassadeur de l&rsquo;Allemagne\",\"datePublished\":\"2024-07-19T19:28:49+00:00\",\"dateModified\":\"2024-07-19T19:30:29+00:00\",\"mainEntityOfPage\":{\"@id\":\"https:\\\/\\\/reveil-info.net\\\/?p=2808\"},\"wordCount\":835,\"commentCount\":0,\"publisher\":{\"@id\":\"https:\\\/\\\/reveil-info.net\\\/#organization\"},\"image\":{\"@id\":\"https:\\\/\\\/reveil-info.net\\\/?p=2808#primaryimage\"},\"thumbnailUrl\":\"https:\\\/\\\/reveil-info.net\\\/wp-content\\\/uploads\\\/2024\\\/07\\\/FB_IMG_17214170724823504.jpg\",\"articleSection\":[\"A la une\",\"Politique\"],\"inLanguage\":\"fr-FR\",\"potentialAction\":[{\"@type\":\"CommentAction\",\"name\":\"Comment\",\"target\":[\"https:\\\/\\\/reveil-info.net\\\/?p=2808#respond\"]}]},{\"@type\":\"WebPage\",\"@id\":\"https:\\\/\\\/reveil-info.net\\\/?p=2808\",\"url\":\"https:\\\/\\\/reveil-info.net\\\/?p=2808\",\"name\":\"Coop\u00e9ration: les v\u00e9rit\u00e9s du PM au nouvel ambassadeur de l'Allemagne - R\u00e9veil Info\",\"isPartOf\":{\"@id\":\"https:\\\/\\\/reveil-info.net\\\/#website\"},\"primaryImageOfPage\":{\"@id\":\"https:\\\/\\\/reveil-info.net\\\/?p=2808#primaryimage\"},\"image\":{\"@id\":\"https:\\\/\\\/reveil-info.net\\\/?p=2808#primaryimage\"},\"thumbnailUrl\":\"https:\\\/\\\/reveil-info.net\\\/wp-content\\\/uploads\\\/2024\\\/07\\\/FB_IMG_17214170724823504.jpg\",\"datePublished\":\"2024-07-19T19:28:49+00:00\",\"dateModified\":\"2024-07-19T19:30:29+00:00\",\"breadcrumb\":{\"@id\":\"https:\\\/\\\/reveil-info.net\\\/?p=2808#breadcrumb\"},\"inLanguage\":\"fr-FR\",\"potentialAction\":[{\"@type\":\"ReadAction\",\"target\":[\"https:\\\/\\\/reveil-info.net\\\/?p=2808\"]}]},{\"@type\":\"ImageObject\",\"inLanguage\":\"fr-FR\",\"@id\":\"https:\\\/\\\/reveil-info.net\\\/?p=2808#primaryimage\",\"url\":\"https:\\\/\\\/reveil-info.net\\\/wp-content\\\/uploads\\\/2024\\\/07\\\/FB_IMG_17214170724823504.jpg\",\"contentUrl\":\"https:\\\/\\\/reveil-info.net\\\/wp-content\\\/uploads\\\/2024\\\/07\\\/FB_IMG_17214170724823504.jpg\",\"width\":720,\"height\":458},{\"@type\":\"BreadcrumbList\",\"@id\":\"https:\\\/\\\/reveil-info.net\\\/?p=2808#breadcrumb\",\"itemListElement\":[{\"@type\":\"ListItem\",\"position\":1,\"name\":\"Home\",\"item\":\"https:\\\/\\\/reveil-info.net\\\/\"},{\"@type\":\"ListItem\",\"position\":2,\"name\":\"Coop\u00e9ration: les v\u00e9rit\u00e9s du PM au nouvel ambassadeur de l&#8217;Allemagne\"}]},{\"@type\":\"WebSite\",\"@id\":\"https:\\\/\\\/reveil-info.net\\\/#website\",\"url\":\"https:\\\/\\\/reveil-info.net\\\/\",\"name\":\"R\u00e9veil Info\",\"description\":\"Le devoir d&#039;informer!\",\"publisher\":{\"@id\":\"https:\\\/\\\/reveil-info.net\\\/#organization\"},\"potentialAction\":[{\"@type\":\"SearchAction\",\"target\":{\"@type\":\"EntryPoint\",\"urlTemplate\":\"https:\\\/\\\/reveil-info.net\\\/?s={search_term_string}\"},\"query-input\":{\"@type\":\"PropertyValueSpecification\",\"valueRequired\":true,\"valueName\":\"search_term_string\"}}],\"inLanguage\":\"fr-FR\"},{\"@type\":\"Organization\",\"@id\":\"https:\\\/\\\/reveil-info.net\\\/#organization\",\"name\":\"R\u00e9veil Info\",\"url\":\"https:\\\/\\\/reveil-info.net\\\/\",\"logo\":{\"@type\":\"ImageObject\",\"inLanguage\":\"fr-FR\",\"@id\":\"https:\\\/\\\/reveil-info.net\\\/#\\\/schema\\\/logo\\\/image\\\/\",\"url\":\"https:\\\/\\\/reveil-info.net\\\/wp-content\\\/uploads\\\/2024\\\/07\\\/bnddd1.jpg\",\"contentUrl\":\"https:\\\/\\\/reveil-info.net\\\/wp-content\\\/uploads\\\/2024\\\/07\\\/bnddd1.jpg\",\"width\":903,\"height\":125,\"caption\":\"R\u00e9veil Info\"},\"image\":{\"@id\":\"https:\\\/\\\/reveil-info.net\\\/#\\\/schema\\\/logo\\\/image\\\/\"}},{\"@type\":\"Person\",\"@id\":\"https:\\\/\\\/reveil-info.net\\\/#\\\/schema\\\/person\\\/ca0cc8e70088e0a2b5e92556c1ee60f5\",\"name\":\"R\u00e9veil info\",\"image\":{\"@type\":\"ImageObject\",\"inLanguage\":\"fr-FR\",\"@id\":\"https:\\\/\\\/secure.gravatar.com\\\/avatar\\\/e4ad5bb743c8b6cb174d9df6c7d30a8a16f6889731241345fc6444e6485f02af?s=96&d=mm&r=g\",\"url\":\"https:\\\/\\\/secure.gravatar.com\\\/avatar\\\/e4ad5bb743c8b6cb174d9df6c7d30a8a16f6889731241345fc6444e6485f02af?s=96&d=mm&r=g\",\"contentUrl\":\"https:\\\/\\\/secure.gravatar.com\\\/avatar\\\/e4ad5bb743c8b6cb174d9df6c7d30a8a16f6889731241345fc6444e6485f02af?s=96&d=mm&r=g\",\"caption\":\"R\u00e9veil info\"},\"sameAs\":[\"https:\\\/\\\/reveil-info.net\"],\"url\":\"https:\\\/\\\/reveil-info.net\\\/?author=1\"}]}<\/script>\n<!-- \/ Yoast SEO plugin. -->","yoast_head_json":{"title":"Coop\u00e9ration: les v\u00e9rit\u00e9s du PM au nouvel ambassadeur de l'Allemagne - R\u00e9veil Info","robots":{"index":"noindex","follow":"follow","max-snippet":"max-snippet:-1","max-image-preview":"max-image-preview:large","max-video-preview":"max-video-preview:-1"},"og_locale":"fr_FR","og_type":"article","og_title":"Coop\u00e9ration: les v\u00e9rit\u00e9s du PM au nouvel ambassadeur de l'Allemagne - R\u00e9veil Info","og_description":"&nbsp; Le Premier ministre, Dr Apollinaire Joachimson Ky\u00e9lem de Tamb\u00e8la, a re\u00e7u, en audience, le","og_url":"https:\/\/reveil-info.net\/?p=2808","og_site_name":"R\u00e9veil Info","article_published_time":"2024-07-19T19:28:49+00:00","article_modified_time":"2024-07-19T19:30:29+00:00","og_image":[{"width":720,"height":458,"url":"https:\/\/reveil-info.net\/wp-content\/uploads\/2024\/07\/FB_IMG_17214170724823504.jpg","type":"image\/jpeg"}],"author":"R\u00e9veil info","twitter_card":"summary_large_image","twitter_misc":{"\u00c9crit par":"R\u00e9veil info","Dur\u00e9e de lecture estim\u00e9e":"4 minutes"},"schema":{"@context":"https:\/\/schema.org","@graph":[{"@type":"Article","@id":"https:\/\/reveil-info.net\/?p=2808#article","isPartOf":{"@id":"https:\/\/reveil-info.net\/?p=2808"},"author":{"name":"R\u00e9veil info","@id":"https:\/\/reveil-info.net\/#\/schema\/person\/ca0cc8e70088e0a2b5e92556c1ee60f5"},"headline":"Coop\u00e9ration: les v\u00e9rit\u00e9s du PM au nouvel ambassadeur de l&rsquo;Allemagne","datePublished":"2024-07-19T19:28:49+00:00","dateModified":"2024-07-19T19:30:29+00:00","mainEntityOfPage":{"@id":"https:\/\/reveil-info.net\/?p=2808"},"wordCount":835,"commentCount":0,"publisher":{"@id":"https:\/\/reveil-info.net\/#organization"},"image":{"@id":"https:\/\/reveil-info.net\/?p=2808#primaryimage"},"thumbnailUrl":"https:\/\/reveil-info.net\/wp-content\/uploads\/2024\/07\/FB_IMG_17214170724823504.jpg","articleSection":["A la une","Politique"],"inLanguage":"fr-FR","potentialAction":[{"@type":"CommentAction","name":"Comment","target":["https:\/\/reveil-info.net\/?p=2808#respond"]}]},{"@type":"WebPage","@id":"https:\/\/reveil-info.net\/?p=2808","url":"https:\/\/reveil-info.net\/?p=2808","name":"Coop\u00e9ration: les v\u00e9rit\u00e9s du PM au nouvel ambassadeur de l'Allemagne - R\u00e9veil Info","isPartOf":{"@id":"https:\/\/reveil-info.net\/#website"},"primaryImageOfPage":{"@id":"https:\/\/reveil-info.net\/?p=2808#primaryimage"},"image":{"@id":"https:\/\/reveil-info.net\/?p=2808#primaryimage"},"thumbnailUrl":"https:\/\/reveil-info.net\/wp-content\/uploads\/2024\/07\/FB_IMG_17214170724823504.jpg","datePublished":"2024-07-19T19:28:49+00:00","dateModified":"2024-07-19T19:30:29+00:00","breadcrumb":{"@id":"https:\/\/reveil-info.net\/?p=2808#breadcrumb"},"inLanguage":"fr-FR","potentialAction":[{"@type":"ReadAction","target":["https:\/\/reveil-info.net\/?p=2808"]}]},{"@type":"ImageObject","inLanguage":"fr-FR","@id":"https:\/\/reveil-info.net\/?p=2808#primaryimage","url":"https:\/\/reveil-info.net\/wp-content\/uploads\/2024\/07\/FB_IMG_17214170724823504.jpg","contentUrl":"https:\/\/reveil-info.net\/wp-content\/uploads\/2024\/07\/FB_IMG_17214170724823504.jpg","width":720,"height":458},{"@type":"BreadcrumbList","@id":"https:\/\/reveil-info.net\/?p=2808#breadcrumb","itemListElement":[{"@type":"ListItem","position":1,"name":"Home","item":"https:\/\/reveil-info.net\/"},{"@type":"ListItem","position":2,"name":"Coop\u00e9ration: les v\u00e9rit\u00e9s du PM au nouvel ambassadeur de l&#8217;Allemagne"}]},{"@type":"WebSite","@id":"https:\/\/reveil-info.net\/#website","url":"https:\/\/reveil-info.net\/","name":"R\u00e9veil Info","description":"Le devoir d&#039;informer!","publisher":{"@id":"https:\/\/reveil-info.net\/#organization"},"potentialAction":[{"@type":"SearchAction","target":{"@type":"EntryPoint","urlTemplate":"https:\/\/reveil-info.net\/?s={search_term_string}"},"query-input":{"@type":"PropertyValueSpecification","valueRequired":true,"valueName":"search_term_string"}}],"inLanguage":"fr-FR"},{"@type":"Organization","@id":"https:\/\/reveil-info.net\/#organization","name":"R\u00e9veil Info","url":"https:\/\/reveil-info.net\/","logo":{"@type":"ImageObject","inLanguage":"fr-FR","@id":"https:\/\/reveil-info.net\/#\/schema\/logo\/image\/","url":"https:\/\/reveil-info.net\/wp-content\/uploads\/2024\/07\/bnddd1.jpg","contentUrl":"https:\/\/reveil-info.net\/wp-content\/uploads\/2024\/07\/bnddd1.jpg","width":903,"height":125,"caption":"R\u00e9veil Info"},"image":{"@id":"https:\/\/reveil-info.net\/#\/schema\/logo\/image\/"}},{"@type":"Person","@id":"https:\/\/reveil-info.net\/#\/schema\/person\/ca0cc8e70088e0a2b5e92556c1ee60f5","name":"R\u00e9veil info","image":{"@type":"ImageObject","inLanguage":"fr-FR","@id":"https:\/\/secure.gravatar.com\/avatar\/e4ad5bb743c8b6cb174d9df6c7d30a8a16f6889731241345fc6444e6485f02af?s=96&d=mm&r=g","url":"https:\/\/secure.gravatar.com\/avatar\/e4ad5bb743c8b6cb174d9df6c7d30a8a16f6889731241345fc6444e6485f02af?s=96&d=mm&r=g","contentUrl":"https:\/\/secure.gravatar.com\/avatar\/e4ad5bb743c8b6cb174d9df6c7d30a8a16f6889731241345fc6444e6485f02af?s=96&d=mm&r=g","caption":"R\u00e9veil info"},"sameAs":["https:\/\/reveil-info.net"],"url":"https:\/\/reveil-info.net\/?author=1"}]}},"jetpack_featured_media_url":"https:\/\/reveil-info.net\/wp-content\/uploads\/2024\/07\/FB_IMG_17214170724823504.jpg","featured_image_urls":{"full":["https:\/\/reveil-info.net\/wp-content\/uploads\/2024\/07\/FB_IMG_17214170724823504.jpg",720,458,false],"thumbnail":["https:\/\/reveil-info.net\/wp-content\/uploads\/2024\/07\/FB_IMG_17214170724823504-150x150.jpg",150,150,true],"medium":["https:\/\/reveil-info.net\/wp-content\/uploads\/2024\/07\/FB_IMG_17214170724823504-300x191.jpg",300,191,true],"medium_large":["https:\/\/reveil-info.net\/wp-content\/uploads\/2024\/07\/FB_IMG_17214170724823504.jpg",640,407,false],"large":["https:\/\/reveil-info.net\/wp-content\/uploads\/2024\/07\/FB_IMG_17214170724823504.jpg",640,407,false],"1536x1536":["https:\/\/reveil-info.net\/wp-content\/uploads\/2024\/07\/FB_IMG_17214170724823504.jpg",720,458,false],"2048x2048":["https:\/\/reveil-info.net\/wp-content\/uploads\/2024\/07\/FB_IMG_17214170724823504.jpg",720,458,false],"chromenews-featured":["https:\/\/reveil-info.net\/wp-content\/uploads\/2024\/07\/FB_IMG_17214170724823504.jpg",720,458,false],"chromenews-large":["https:\/\/reveil-info.net\/wp-content\/uploads\/2024\/07\/FB_IMG_17214170724823504.jpg",720,458,false],"chromenews-medium":["https:\/\/reveil-info.net\/wp-content\/uploads\/2024\/07\/FB_IMG_17214170724823504-590x410.jpg",590,410,true]},"author_info":{"display_name":"R\u00e9veil info","author_link":"https:\/\/reveil-info.net\/?author=1"},"category_info":"<a href=\"https:\/\/reveil-info.net\/?cat=39\" rel=\"category\">A la une<\/a> <a href=\"https:\/\/reveil-info.net\/?cat=12\" rel=\"category\">Politique<\/a>","tag_info":"Politique","comment_count":"0","_links":{"self":[{"href":"https:\/\/reveil-info.net\/index.php?rest_route=\/wp\/v2\/posts\/2808","targetHints":{"allow":["GET"]}}],"collection":[{"href":"https:\/\/reveil-info.net\/index.php?rest_route=\/wp\/v2\/posts"}],"about":[{"href":"https:\/\/reveil-info.net\/index.php?rest_route=\/wp\/v2\/types\/post"}],"author":[{"embeddable":true,"href":"https:\/\/reveil-info.net\/index.php?rest_route=\/wp\/v2\/users\/1"}],"replies":[{"embeddable":true,"href":"https:\/\/reveil-info.net\/index.php?rest_route=%2Fwp%2Fv2%2Fcomments&post=2808"}],"version-history":[{"count":4,"href":"https:\/\/reveil-info.net\/index.php?rest_route=\/wp\/v2\/posts\/2808\/revisions"}],"predecessor-version":[{"id":2813,"href":"https:\/\/reveil-info.net\/index.php?rest_route=\/wp\/v2\/posts\/2808\/revisions\/2813"}],"wp:featuredmedia":[{"embeddable":true,"href":"https:\/\/reveil-info.net\/index.php?rest_route=\/wp\/v2\/media\/2811"}],"wp:attachment":[{"href":"https:\/\/reveil-info.net\/index.php?rest_route=%2Fwp%2Fv2%2Fmedia&parent=2808"}],"wp:term":[{"taxonomy":"category","embeddable":true,"href":"https:\/\/reveil-info.net\/index.php?rest_route=%2Fwp%2Fv2%2Fcategories&post=2808"},{"taxonomy":"post_tag","embeddable":true,"href":"https:\/\/reveil-info.net\/index.php?rest_route=%2Fwp%2Fv2%2Ftags&post=2808"}],"curies":[{"name":"wp","href":"https:\/\/api.w.org\/{rel}","templated":true}]}}