{"id":2801,"date":"2024-07-19T18:41:29","date_gmt":"2024-07-19T18:41:29","guid":{"rendered":"https:\/\/reveil-info.net\/test\/?p=2801"},"modified":"2024-07-19T18:43:05","modified_gmt":"2024-07-19T18:43:05","slug":"mali-le-pm-denonce-une-campagne-mediatique-contre-laes","status":"publish","type":"post","link":"https:\/\/reveil-info.net\/?p=2801","title":{"rendered":"Mali: le PM d\u00e9nonce une campagne m\u00e9diatique contre l&rsquo;AES&#8230;"},"content":{"rendered":"<p>&nbsp;<\/p>\n<p>Le\u00a0 Premier ministre malien Choguel Kokalla Ma\u00efga a d\u00e9nonc\u00e9 jeudi, une campagne m\u00e9diatique internationale en cours contre l\u2019enracinement de l\u2019Alliance des Etats du Sahel (AES).<\/p>\n<p>\u00ab Il y a une campagne m\u00e9diatique internationale pour semer le trouble dans l&rsquo;esprit des Africains de l&rsquo;Alliance des Etats du Sahel (AES) \u00bb, a d\u00e9clar\u00e9 jeudi, le Premier ministre Choguel Kokalla Ma\u00efga, lors de l\u2019ouverture des Etats g\u00e9n\u00e9raux du notariat du Mali, relay\u00e9e par sa chaine Youtube.<\/p>\n<p>Le Premier ministre Ma\u00efga dit \u00eatre arriv\u00e9 \u00e0 cette conclusion, en \u00e9coutant tous les matins les radios internationales sur lesquelles des gens racontent n\u2019importe quoi, \u00e0 propos de la Conf\u00e9d\u00e9ration des Etats du Sahel, fond\u00e9e en d\u00e9but juillet par le Burkina Faso, le Mali et le Niger.<\/p>\n<p>Selon le chef du gouvernement malien, les hommes d\u00e9termin\u00e9s et qui ont un sens de l\u2019histoire, ont toujours su prendre des importantes d\u00e9cisions pour leurs peuples, sans chercher le consensus total.\u00ab Les dirigeants de l&rsquo;AES ont fait un choix au nom de leurs peuples. Notre r\u00f4le c&rsquo;est de l&rsquo;expliquer \u00e0 nos peuples, les convaincre de la justesse de notre choix et esp\u00e9rer que l&rsquo;histoire nous donne raison. Et je suis s\u00fbr qu&rsquo;on aura raison. Si l&rsquo;histoire nous montre le contraire, les peuples tireront les conclusions \u00bb, a expliqu\u00e9 Choguel Kokalla Ma\u00efga.<\/p>\n<p>Agence d\u2019information du Burkina<\/p>\n<blockquote><p>&nbsp;<\/p><\/blockquote>\n","protected":false},"excerpt":{"rendered":"<p>&nbsp; Le\u00a0 Premier ministre malien Choguel Kokalla Ma\u00efga a d\u00e9nonc\u00e9 jeudi, une campagne m\u00e9diatique internationale<\/p>\n","protected":false},"author":1,"featured_media":2804,"comment_status":"open","ping_status":"open","sticky":false,"template":"","format":"standard","meta":{"footnotes":""},"categories":[39,12],"tags":[],"class_list":["post-2801","post","type-post","status-publish","format-standard","has-post-thumbnail","hentry","category-une","category-politique"],"yoast_head":"<!-- This site is optimized with the Yoast SEO plugin v27.5 - https:\/\/yoast.com\/product\/yoast-seo-wordpress\/ -->\n<title>Mali: le PM d\u00e9nonce une campagne m\u00e9diatique contre l&#039;AES... - R\u00e9veil Info<\/title>\n<meta name=\"robots\" content=\"noindex, follow, max-snippet:-1, max-image-preview:large, max-video-preview:-1\" \/>\n<meta property=\"og:locale\" content=\"fr_FR\" \/>\n<meta property=\"og:type\" content=\"article\" \/>\n<meta property=\"og:title\" content=\"Mali: le PM d\u00e9nonce une campagne m\u00e9diatique contre l&#039;AES... - R\u00e9veil Info\" \/>\n<meta property=\"og:description\" content=\"&nbsp; Le\u00a0 Premier ministre malien Choguel Kokalla Ma\u00efga a d\u00e9nonc\u00e9 jeudi, une campagne m\u00e9diatique internationale\" \/>\n<meta property=\"og:url\" content=\"https:\/\/reveil-info.net\/?p=2801\" \/>\n<meta property=\"og:site_name\" content=\"R\u00e9veil Info\" \/>\n<meta property=\"article:published_time\" content=\"2024-07-19T18:41:29+00:00\" \/>\n<meta property=\"article:modified_time\" content=\"2024-07-19T18:43:05+00:00\" \/>\n<meta property=\"og:image\" content=\"https:\/\/reveil-info.net\/wp-content\/uploads\/2024\/07\/FB_IMG_17214142038446417.jpg\" \/>\n\t<meta property=\"og:image:width\" content=\"720\" \/>\n\t<meta property=\"og:image:height\" content=\"405\" \/>\n\t<meta property=\"og:image:type\" content=\"image\/jpeg\" \/>\n<meta name=\"author\" content=\"R\u00e9veil info\" \/>\n<meta name=\"twitter:card\" content=\"summary_large_image\" \/>\n<meta name=\"twitter:label1\" content=\"\u00c9crit par\" \/>\n\t<meta name=\"twitter:data1\" content=\"R\u00e9veil info\" \/>\n\t<meta name=\"twitter:label2\" content=\"Dur\u00e9e de lecture estim\u00e9e\" \/>\n\t<meta name=\"twitter:data2\" content=\"2 minutes\" \/>\n<script type=\"application\/ld+json\" class=\"yoast-schema-graph\">{\"@context\":\"https:\\\/\\\/schema.org\",\"@graph\":[{\"@type\":\"Article\",\"@id\":\"https:\\\/\\\/reveil-info.net\\\/?p=2801#article\",\"isPartOf\":{\"@id\":\"https:\\\/\\\/reveil-info.net\\\/?p=2801\"},\"author\":{\"name\":\"R\u00e9veil info\",\"@id\":\"https:\\\/\\\/reveil-info.net\\\/#\\\/schema\\\/person\\\/ca0cc8e70088e0a2b5e92556c1ee60f5\"},\"headline\":\"Mali: le PM d\u00e9nonce une campagne m\u00e9diatique contre l&rsquo;AES&#8230;\",\"datePublished\":\"2024-07-19T18:41:29+00:00\",\"dateModified\":\"2024-07-19T18:43:05+00:00\",\"mainEntityOfPage\":{\"@id\":\"https:\\\/\\\/reveil-info.net\\\/?p=2801\"},\"wordCount\":258,\"commentCount\":0,\"publisher\":{\"@id\":\"https:\\\/\\\/reveil-info.net\\\/#organization\"},\"image\":{\"@id\":\"https:\\\/\\\/reveil-info.net\\\/?p=2801#primaryimage\"},\"thumbnailUrl\":\"https:\\\/\\\/reveil-info.net\\\/wp-content\\\/uploads\\\/2024\\\/07\\\/FB_IMG_17214142038446417.jpg\",\"articleSection\":[\"A la une\",\"Politique\"],\"inLanguage\":\"fr-FR\",\"potentialAction\":[{\"@type\":\"CommentAction\",\"name\":\"Comment\",\"target\":[\"https:\\\/\\\/reveil-info.net\\\/?p=2801#respond\"]}]},{\"@type\":\"WebPage\",\"@id\":\"https:\\\/\\\/reveil-info.net\\\/?p=2801\",\"url\":\"https:\\\/\\\/reveil-info.net\\\/?p=2801\",\"name\":\"Mali: le PM d\u00e9nonce une campagne m\u00e9diatique contre l'AES... - R\u00e9veil Info\",\"isPartOf\":{\"@id\":\"https:\\\/\\\/reveil-info.net\\\/#website\"},\"primaryImageOfPage\":{\"@id\":\"https:\\\/\\\/reveil-info.net\\\/?p=2801#primaryimage\"},\"image\":{\"@id\":\"https:\\\/\\\/reveil-info.net\\\/?p=2801#primaryimage\"},\"thumbnailUrl\":\"https:\\\/\\\/reveil-info.net\\\/wp-content\\\/uploads\\\/2024\\\/07\\\/FB_IMG_17214142038446417.jpg\",\"datePublished\":\"2024-07-19T18:41:29+00:00\",\"dateModified\":\"2024-07-19T18:43:05+00:00\",\"breadcrumb\":{\"@id\":\"https:\\\/\\\/reveil-info.net\\\/?p=2801#breadcrumb\"},\"inLanguage\":\"fr-FR\",\"potentialAction\":[{\"@type\":\"ReadAction\",\"target\":[\"https:\\\/\\\/reveil-info.net\\\/?p=2801\"]}]},{\"@type\":\"ImageObject\",\"inLanguage\":\"fr-FR\",\"@id\":\"https:\\\/\\\/reveil-info.net\\\/?p=2801#primaryimage\",\"url\":\"https:\\\/\\\/reveil-info.net\\\/wp-content\\\/uploads\\\/2024\\\/07\\\/FB_IMG_17214142038446417.jpg\",\"contentUrl\":\"https:\\\/\\\/reveil-info.net\\\/wp-content\\\/uploads\\\/2024\\\/07\\\/FB_IMG_17214142038446417.jpg\",\"width\":720,\"height\":405},{\"@type\":\"BreadcrumbList\",\"@id\":\"https:\\\/\\\/reveil-info.net\\\/?p=2801#breadcrumb\",\"itemListElement\":[{\"@type\":\"ListItem\",\"position\":1,\"name\":\"Home\",\"item\":\"https:\\\/\\\/reveil-info.net\\\/\"},{\"@type\":\"ListItem\",\"position\":2,\"name\":\"Mali: le PM d\u00e9nonce une campagne m\u00e9diatique contre l&#8217;AES&#8230;\"}]},{\"@type\":\"WebSite\",\"@id\":\"https:\\\/\\\/reveil-info.net\\\/#website\",\"url\":\"https:\\\/\\\/reveil-info.net\\\/\",\"name\":\"R\u00e9veil Info\",\"description\":\"Le devoir d&#039;informer!\",\"publisher\":{\"@id\":\"https:\\\/\\\/reveil-info.net\\\/#organization\"},\"potentialAction\":[{\"@type\":\"SearchAction\",\"target\":{\"@type\":\"EntryPoint\",\"urlTemplate\":\"https:\\\/\\\/reveil-info.net\\\/?s={search_term_string}\"},\"query-input\":{\"@type\":\"PropertyValueSpecification\",\"valueRequired\":true,\"valueName\":\"search_term_string\"}}],\"inLanguage\":\"fr-FR\"},{\"@type\":\"Organization\",\"@id\":\"https:\\\/\\\/reveil-info.net\\\/#organization\",\"name\":\"R\u00e9veil Info\",\"url\":\"https:\\\/\\\/reveil-info.net\\\/\",\"logo\":{\"@type\":\"ImageObject\",\"inLanguage\":\"fr-FR\",\"@id\":\"https:\\\/\\\/reveil-info.net\\\/#\\\/schema\\\/logo\\\/image\\\/\",\"url\":\"https:\\\/\\\/reveil-info.net\\\/wp-content\\\/uploads\\\/2024\\\/07\\\/bnddd1.jpg\",\"contentUrl\":\"https:\\\/\\\/reveil-info.net\\\/wp-content\\\/uploads\\\/2024\\\/07\\\/bnddd1.jpg\",\"width\":903,\"height\":125,\"caption\":\"R\u00e9veil Info\"},\"image\":{\"@id\":\"https:\\\/\\\/reveil-info.net\\\/#\\\/schema\\\/logo\\\/image\\\/\"}},{\"@type\":\"Person\",\"@id\":\"https:\\\/\\\/reveil-info.net\\\/#\\\/schema\\\/person\\\/ca0cc8e70088e0a2b5e92556c1ee60f5\",\"name\":\"R\u00e9veil info\",\"image\":{\"@type\":\"ImageObject\",\"inLanguage\":\"fr-FR\",\"@id\":\"https:\\\/\\\/secure.gravatar.com\\\/avatar\\\/e4ad5bb743c8b6cb174d9df6c7d30a8a16f6889731241345fc6444e6485f02af?s=96&d=mm&r=g\",\"url\":\"https:\\\/\\\/secure.gravatar.com\\\/avatar\\\/e4ad5bb743c8b6cb174d9df6c7d30a8a16f6889731241345fc6444e6485f02af?s=96&d=mm&r=g\",\"contentUrl\":\"https:\\\/\\\/secure.gravatar.com\\\/avatar\\\/e4ad5bb743c8b6cb174d9df6c7d30a8a16f6889731241345fc6444e6485f02af?s=96&d=mm&r=g\",\"caption\":\"R\u00e9veil info\"},\"sameAs\":[\"https:\\\/\\\/reveil-info.net\"],\"url\":\"https:\\\/\\\/reveil-info.net\\\/?author=1\"}]}<\/script>\n<!-- \/ Yoast SEO plugin. -->","yoast_head_json":{"title":"Mali: le PM d\u00e9nonce une campagne m\u00e9diatique contre l'AES... - R\u00e9veil Info","robots":{"index":"noindex","follow":"follow","max-snippet":"max-snippet:-1","max-image-preview":"max-image-preview:large","max-video-preview":"max-video-preview:-1"},"og_locale":"fr_FR","og_type":"article","og_title":"Mali: le PM d\u00e9nonce une campagne m\u00e9diatique contre l'AES... - R\u00e9veil Info","og_description":"&nbsp; Le\u00a0 Premier ministre malien Choguel Kokalla Ma\u00efga a d\u00e9nonc\u00e9 jeudi, une campagne m\u00e9diatique internationale","og_url":"https:\/\/reveil-info.net\/?p=2801","og_site_name":"R\u00e9veil Info","article_published_time":"2024-07-19T18:41:29+00:00","article_modified_time":"2024-07-19T18:43:05+00:00","og_image":[{"width":720,"height":405,"url":"https:\/\/reveil-info.net\/wp-content\/uploads\/2024\/07\/FB_IMG_17214142038446417.jpg","type":"image\/jpeg"}],"author":"R\u00e9veil info","twitter_card":"summary_large_image","twitter_misc":{"\u00c9crit par":"R\u00e9veil info","Dur\u00e9e de lecture estim\u00e9e":"2 minutes"},"schema":{"@context":"https:\/\/schema.org","@graph":[{"@type":"Article","@id":"https:\/\/reveil-info.net\/?p=2801#article","isPartOf":{"@id":"https:\/\/reveil-info.net\/?p=2801"},"author":{"name":"R\u00e9veil info","@id":"https:\/\/reveil-info.net\/#\/schema\/person\/ca0cc8e70088e0a2b5e92556c1ee60f5"},"headline":"Mali: le PM d\u00e9nonce une campagne m\u00e9diatique contre l&rsquo;AES&#8230;","datePublished":"2024-07-19T18:41:29+00:00","dateModified":"2024-07-19T18:43:05+00:00","mainEntityOfPage":{"@id":"https:\/\/reveil-info.net\/?p=2801"},"wordCount":258,"commentCount":0,"publisher":{"@id":"https:\/\/reveil-info.net\/#organization"},"image":{"@id":"https:\/\/reveil-info.net\/?p=2801#primaryimage"},"thumbnailUrl":"https:\/\/reveil-info.net\/wp-content\/uploads\/2024\/07\/FB_IMG_17214142038446417.jpg","articleSection":["A la une","Politique"],"inLanguage":"fr-FR","potentialAction":[{"@type":"CommentAction","name":"Comment","target":["https:\/\/reveil-info.net\/?p=2801#respond"]}]},{"@type":"WebPage","@id":"https:\/\/reveil-info.net\/?p=2801","url":"https:\/\/reveil-info.net\/?p=2801","name":"Mali: le PM d\u00e9nonce une campagne m\u00e9diatique contre l'AES... - R\u00e9veil Info","isPartOf":{"@id":"https:\/\/reveil-info.net\/#website"},"primaryImageOfPage":{"@id":"https:\/\/reveil-info.net\/?p=2801#primaryimage"},"image":{"@id":"https:\/\/reveil-info.net\/?p=2801#primaryimage"},"thumbnailUrl":"https:\/\/reveil-info.net\/wp-content\/uploads\/2024\/07\/FB_IMG_17214142038446417.jpg","datePublished":"2024-07-19T18:41:29+00:00","dateModified":"2024-07-19T18:43:05+00:00","breadcrumb":{"@id":"https:\/\/reveil-info.net\/?p=2801#breadcrumb"},"inLanguage":"fr-FR","potentialAction":[{"@type":"ReadAction","target":["https:\/\/reveil-info.net\/?p=2801"]}]},{"@type":"ImageObject","inLanguage":"fr-FR","@id":"https:\/\/reveil-info.net\/?p=2801#primaryimage","url":"https:\/\/reveil-info.net\/wp-content\/uploads\/2024\/07\/FB_IMG_17214142038446417.jpg","contentUrl":"https:\/\/reveil-info.net\/wp-content\/uploads\/2024\/07\/FB_IMG_17214142038446417.jpg","width":720,"height":405},{"@type":"BreadcrumbList","@id":"https:\/\/reveil-info.net\/?p=2801#breadcrumb","itemListElement":[{"@type":"ListItem","position":1,"name":"Home","item":"https:\/\/reveil-info.net\/"},{"@type":"ListItem","position":2,"name":"Mali: le PM d\u00e9nonce une campagne m\u00e9diatique contre l&#8217;AES&#8230;"}]},{"@type":"WebSite","@id":"https:\/\/reveil-info.net\/#website","url":"https:\/\/reveil-info.net\/","name":"R\u00e9veil Info","description":"Le devoir d&#039;informer!","publisher":{"@id":"https:\/\/reveil-info.net\/#organization"},"potentialAction":[{"@type":"SearchAction","target":{"@type":"EntryPoint","urlTemplate":"https:\/\/reveil-info.net\/?s={search_term_string}"},"query-input":{"@type":"PropertyValueSpecification","valueRequired":true,"valueName":"search_term_string"}}],"inLanguage":"fr-FR"},{"@type":"Organization","@id":"https:\/\/reveil-info.net\/#organization","name":"R\u00e9veil Info","url":"https:\/\/reveil-info.net\/","logo":{"@type":"ImageObject","inLanguage":"fr-FR","@id":"https:\/\/reveil-info.net\/#\/schema\/logo\/image\/","url":"https:\/\/reveil-info.net\/wp-content\/uploads\/2024\/07\/bnddd1.jpg","contentUrl":"https:\/\/reveil-info.net\/wp-content\/uploads\/2024\/07\/bnddd1.jpg","width":903,"height":125,"caption":"R\u00e9veil Info"},"image":{"@id":"https:\/\/reveil-info.net\/#\/schema\/logo\/image\/"}},{"@type":"Person","@id":"https:\/\/reveil-info.net\/#\/schema\/person\/ca0cc8e70088e0a2b5e92556c1ee60f5","name":"R\u00e9veil info","image":{"@type":"ImageObject","inLanguage":"fr-FR","@id":"https:\/\/secure.gravatar.com\/avatar\/e4ad5bb743c8b6cb174d9df6c7d30a8a16f6889731241345fc6444e6485f02af?s=96&d=mm&r=g","url":"https:\/\/secure.gravatar.com\/avatar\/e4ad5bb743c8b6cb174d9df6c7d30a8a16f6889731241345fc6444e6485f02af?s=96&d=mm&r=g","contentUrl":"https:\/\/secure.gravatar.com\/avatar\/e4ad5bb743c8b6cb174d9df6c7d30a8a16f6889731241345fc6444e6485f02af?s=96&d=mm&r=g","caption":"R\u00e9veil info"},"sameAs":["https:\/\/reveil-info.net"],"url":"https:\/\/reveil-info.net\/?author=1"}]}},"jetpack_featured_media_url":"https:\/\/reveil-info.net\/wp-content\/uploads\/2024\/07\/FB_IMG_17214142038446417.jpg","featured_image_urls":{"full":["https:\/\/reveil-info.net\/wp-content\/uploads\/2024\/07\/FB_IMG_17214142038446417.jpg",720,405,false],"thumbnail":["https:\/\/reveil-info.net\/wp-content\/uploads\/2024\/07\/FB_IMG_17214142038446417-150x150.jpg",150,150,true],"medium":["https:\/\/reveil-info.net\/wp-content\/uploads\/2024\/07\/FB_IMG_17214142038446417-300x169.jpg",300,169,true],"medium_large":["https:\/\/reveil-info.net\/wp-content\/uploads\/2024\/07\/FB_IMG_17214142038446417.jpg",640,360,false],"large":["https:\/\/reveil-info.net\/wp-content\/uploads\/2024\/07\/FB_IMG_17214142038446417.jpg",640,360,false],"1536x1536":["https:\/\/reveil-info.net\/wp-content\/uploads\/2024\/07\/FB_IMG_17214142038446417.jpg",720,405,false],"2048x2048":["https:\/\/reveil-info.net\/wp-content\/uploads\/2024\/07\/FB_IMG_17214142038446417.jpg",720,405,false],"chromenews-featured":["https:\/\/reveil-info.net\/wp-content\/uploads\/2024\/07\/FB_IMG_17214142038446417.jpg",720,405,false],"chromenews-large":["https:\/\/reveil-info.net\/wp-content\/uploads\/2024\/07\/FB_IMG_17214142038446417.jpg",720,405,false],"chromenews-medium":["https:\/\/reveil-info.net\/wp-content\/uploads\/2024\/07\/FB_IMG_17214142038446417-590x405.jpg",590,405,true]},"author_info":{"display_name":"R\u00e9veil info","author_link":"https:\/\/reveil-info.net\/?author=1"},"category_info":"<a href=\"https:\/\/reveil-info.net\/?cat=39\" rel=\"category\">A la une<\/a> <a href=\"https:\/\/reveil-info.net\/?cat=12\" rel=\"category\">Politique<\/a>","tag_info":"Politique","comment_count":"0","_links":{"self":[{"href":"https:\/\/reveil-info.net\/index.php?rest_route=\/wp\/v2\/posts\/2801","targetHints":{"allow":["GET"]}}],"collection":[{"href":"https:\/\/reveil-info.net\/index.php?rest_route=\/wp\/v2\/posts"}],"about":[{"href":"https:\/\/reveil-info.net\/index.php?rest_route=\/wp\/v2\/types\/post"}],"author":[{"embeddable":true,"href":"https:\/\/reveil-info.net\/index.php?rest_route=\/wp\/v2\/users\/1"}],"replies":[{"embeddable":true,"href":"https:\/\/reveil-info.net\/index.php?rest_route=%2Fwp%2Fv2%2Fcomments&post=2801"}],"version-history":[{"count":5,"href":"https:\/\/reveil-info.net\/index.php?rest_route=\/wp\/v2\/posts\/2801\/revisions"}],"predecessor-version":[{"id":2807,"href":"https:\/\/reveil-info.net\/index.php?rest_route=\/wp\/v2\/posts\/2801\/revisions\/2807"}],"wp:featuredmedia":[{"embeddable":true,"href":"https:\/\/reveil-info.net\/index.php?rest_route=\/wp\/v2\/media\/2804"}],"wp:attachment":[{"href":"https:\/\/reveil-info.net\/index.php?rest_route=%2Fwp%2Fv2%2Fmedia&parent=2801"}],"wp:term":[{"taxonomy":"category","embeddable":true,"href":"https:\/\/reveil-info.net\/index.php?rest_route=%2Fwp%2Fv2%2Fcategories&post=2801"},{"taxonomy":"post_tag","embeddable":true,"href":"https:\/\/reveil-info.net\/index.php?rest_route=%2Fwp%2Fv2%2Ftags&post=2801"}],"curies":[{"name":"wp","href":"https:\/\/api.w.org\/{rel}","templated":true}]}}