{"id":2782,"date":"2024-07-19T13:15:58","date_gmt":"2024-07-19T13:15:58","guid":{"rendered":"https:\/\/reveil-info.net\/test\/?p=2782"},"modified":"2024-07-19T13:15:58","modified_gmt":"2024-07-19T13:15:58","slug":"le-pm-a-lambassadeur-de-belgique-en-fin-de-mission","status":"publish","type":"post","link":"https:\/\/reveil-info.net\/?p=2782","title":{"rendered":"Le PM \u00e0 l&rsquo;ambassadeur de Belgique en fin de mission"},"content":{"rendered":"<p>Le Premier ministre \u00e0 l&rsquo;ambassadeur de la Belgique, en fin de mission : \u00ab\u00a0Nous sommes fatigu\u00e9s de la condescendance des Occidentaux\u00a0\u00bb<\/p>\n<p>Le Premier ministre, Dr Apollinaire Joachimson Ky\u00e9lem de Tamb\u00e8la, a re\u00e7u en audience, ce jeudi 18 juillet 2024, \u00e0 Ouagadougou, l&rsquo;ambassadeur de la Belgique au Burkina Faso, Jean Jacques Quairiat, en fin de mission.<\/p>\n<p>Pr\u00e9sent au Burkina Faso depuis 46 mois, Jean Jacques Quairiat, ambassadeur de la Belgique au Burkina Faso, en fin de mission, \u00e0 fait ses adieux au Premier ministre Dr Apollinaire Joachimson Ky\u00e9lem de Tamb\u00e8la.<\/p>\n<p>Il a aussi profit\u00e9 de cette entrevue avec le Chef du Gouvernement burkinab\u00e8 pour passer en revue la coop\u00e9ration entre les deux pays.<\/p>\n<p>\u00ab \u00c0 quelques jours de mon d\u00e9part d\u00e9finitif, je suis venu discuter de diff\u00e9rents sujets, en toute franchise. Cela a \u00e9t\u00e9 tr\u00e8s instructif et tr\u00e8s int\u00e9ressant. Nous avons abord\u00e9 notre cadre de coop\u00e9ration, de la politique int\u00e9rieure, des \u00e9changes sur nos pr\u00e9occupations mutuelles. C\u2019\u00e9tait un moment d\u2019\u00e9changes extr\u00eamement serein et franc et tr\u00e8s appr\u00e9ci\u00e9 \u00bb, a indiqu\u00e9 l\u2019ambassadeur, \u00e0 sa sortie d\u2019audience.<\/p>\n<p>Pour ce qui est de la coop\u00e9ration entre les deux pays, le diplomate a soulign\u00e9 que pour le moment, elle est \u00ab\u00a0excellente et il n\u2019y a pas de raison que cela change\u00a0\u00bb.<\/p>\n<p>\u00ab Nous avons sign\u00e9, fin octobre de l\u2019ann\u00e9e pass\u00e9e, un nouveau programme pluriannuel 2023-2027, apr\u00e8s celui de 2019-2023 et de 2017-2018. On travaille avec les autorit\u00e9s locales et cela a \u00e9t\u00e9 le cas d\u2019ailleurs du programme actuel qui s\u2019imbrique totalement. Tout se passe parfaitement, on a d\u2019excellentes relations \u00bb, a-t-il dit.<\/p>\n<p>Le Burkina Faso, a-t-il fait savoir, est l\u2019un des 14 pays prioritaires de notre coop\u00e9ration et celui qui affichait en fin du programme pr\u00e9c\u00e9dent le 2e plus haut taux d\u2019ex\u00e9cution.<\/p>\n<p>\u00ab\u00a0C\u2019est pour dire que les relations op\u00e9rationnelles se d\u00e9roulent bien et dans les diff\u00e9rentes zones d\u2019intervention, on a pu r\u00e9aliser l\u2019essentiel de ce qui a \u00e9t\u00e9 programm\u00e9\u00a0\u00bb, a-t-il pr\u00e9cis\u00e9.<\/p>\n<p>Et d\u2019ajouter : \u00ab En terme de coop\u00e9ration au d\u00e9veloppement, je vous disais au d\u00e9but que le but est qu\u2019on ait d\u00e9fini des objectifs ensemble et que finalement, on ait pu les r\u00e9aliser ensemble. C\u2019est certainement une satisfaction. Ce sont aussi des secteurs d\u2019activit\u00e9s comme l\u2019entrepreneuriat qui ont \u00e9t\u00e9 impact\u00e9s. On a cr\u00e9\u00e9 des centres qui ont permis \u00e0 certaines petites entreprises de se cr\u00e9er \u00bb.<\/p>\n<p>Le diplomate belge a souhait\u00e9 que le Burkina Faso laisse les canaux de la diplomatie ouverts.<\/p>\n<p>Il a \u00e9galement questionn\u00e9 le Chef du Gouvernement sur les libert\u00e9s au Burkina Faso.<\/p>\n<p>Pour le Premier ministre, on ne doit pas travailler en fonction des dirigeants du moment.<\/p>\n<p>Il a insist\u00e9 sur la n\u00e9cessit\u00e9 que les relations soient au profit des peuples et non en fonction des personnes que les Occidentaux veulent d\u00e9signer pour \u00eatre au pouvoir.<\/p>\n<p>\u00ab Le Burkina Faso ne s\u2019ing\u00e8re pas dans les affaires des autres pays, donc le Burkina Faso souhaite \u00e0 son tour que les autres pays ne s\u2019ing\u00e8rent pas dans ses affaires internes\u00bb, a-t-il martel\u00e9.<\/p>\n<p>Pour lui, \u00ab Quand vous parlez de dialogue, il y a des situations dans lesquelles le dialogue n\u2019a pas sa place. Surtout quand le partenaire n&rsquo;est pas de bonne foi. Nous ne voulons que des rapports sains et de bonne foi \u00bb.<\/p>\n<p>En ce qui concerne les libert\u00e9s, le Chef du Gouvernement a soulign\u00e9 qu\u2019il n\u2019est pas question de se laisser distraire par certaines personnes qui ne voient que leurs propres int\u00e9r\u00eats et non l\u2019int\u00e9r\u00eat du peuple.<\/p>\n<p>\u00ab Il y a des personnes de mauvaise foi qui rapportent des contrev\u00e9rit\u00e9s sur les combats qui se m\u00e8nent sur le terrain de la lutte contre le terrorisme. Nous les amenons sur le front pour qu\u2019ils s\u2019impr\u00e8gnent des vraies r\u00e9alit\u00e9s du terrain. Nous sommes fatigu\u00e9s de la condescendance des Occidentaux vis-\u00e0-vis des pays africains \u00bb, a-t-il expliqu\u00e9.<\/p>\n<p>Du reste, le Chef du Gouvernement a indiqu\u00e9 que le Burkina Faso est un pays ouvert o\u00f9 il y a de nombreuses opportunit\u00e9s d\u2019affaires et il a invit\u00e9 par ailleurs la Belgique \u00e0 investir, par exemple, dans le domaine de l\u2019aviation.<\/p>\n<p>\u00ab L\u00e0 o\u00f9 nous sommes maintenant, nous sommes orient\u00e9s vers ce qu\u2019on appelle le d\u00e9veloppement endog\u00e8ne, c\u2019est-\u00e0-dire faire en sorte que l\u2019apport ext\u00e9rieur nous soit accessoire. Moins il y a d\u2019apport ext\u00e9rieur, plus cela va nous amener \u00e0 travailler davantage \u00bb, a-t-il conclu.<\/p>\n<p>DCRP\/Primature<\/p>\n","protected":false},"excerpt":{"rendered":"<p>Le Premier ministre \u00e0 l&rsquo;ambassadeur de la Belgique, en fin de mission : \u00ab\u00a0Nous sommes<\/p>\n","protected":false},"author":1,"featured_media":2785,"comment_status":"open","ping_status":"open","sticky":false,"template":"","format":"standard","meta":{"footnotes":""},"categories":[39,12],"tags":[],"class_list":["post-2782","post","type-post","status-publish","format-standard","has-post-thumbnail","hentry","category-une","category-politique"],"yoast_head":"<!-- This site is optimized with the Yoast SEO plugin v27.5 - https:\/\/yoast.com\/product\/yoast-seo-wordpress\/ -->\n<title>Le PM \u00e0 l&#039;ambassadeur de Belgique en fin de mission - R\u00e9veil Info<\/title>\n<meta name=\"robots\" content=\"noindex, follow, max-snippet:-1, max-image-preview:large, max-video-preview:-1\" \/>\n<meta property=\"og:locale\" content=\"fr_FR\" \/>\n<meta property=\"og:type\" content=\"article\" \/>\n<meta property=\"og:title\" content=\"Le PM \u00e0 l&#039;ambassadeur de Belgique en fin de mission - R\u00e9veil Info\" \/>\n<meta property=\"og:description\" content=\"Le Premier ministre \u00e0 l&rsquo;ambassadeur de la Belgique, en fin de mission : \u00ab\u00a0Nous sommes\" \/>\n<meta property=\"og:url\" content=\"https:\/\/reveil-info.net\/?p=2782\" \/>\n<meta property=\"og:site_name\" content=\"R\u00e9veil Info\" \/>\n<meta property=\"article:published_time\" content=\"2024-07-19T13:15:58+00:00\" \/>\n<meta property=\"og:image\" content=\"https:\/\/reveil-info.net\/wp-content\/uploads\/2024\/07\/FB_IMG_17213947796449893.jpg\" \/>\n\t<meta property=\"og:image:width\" content=\"720\" \/>\n\t<meta property=\"og:image:height\" content=\"455\" \/>\n\t<meta property=\"og:image:type\" content=\"image\/jpeg\" \/>\n<meta name=\"author\" content=\"R\u00e9veil info\" \/>\n<meta name=\"twitter:card\" content=\"summary_large_image\" \/>\n<meta name=\"twitter:label1\" content=\"\u00c9crit par\" \/>\n\t<meta name=\"twitter:data1\" content=\"R\u00e9veil info\" \/>\n\t<meta name=\"twitter:label2\" content=\"Dur\u00e9e de lecture estim\u00e9e\" \/>\n\t<meta name=\"twitter:data2\" content=\"4 minutes\" \/>\n<script type=\"application\/ld+json\" class=\"yoast-schema-graph\">{\"@context\":\"https:\\\/\\\/schema.org\",\"@graph\":[{\"@type\":\"Article\",\"@id\":\"https:\\\/\\\/reveil-info.net\\\/?p=2782#article\",\"isPartOf\":{\"@id\":\"https:\\\/\\\/reveil-info.net\\\/?p=2782\"},\"author\":{\"name\":\"R\u00e9veil info\",\"@id\":\"https:\\\/\\\/reveil-info.net\\\/#\\\/schema\\\/person\\\/ca0cc8e70088e0a2b5e92556c1ee60f5\"},\"headline\":\"Le PM \u00e0 l&rsquo;ambassadeur de Belgique en fin de mission\",\"datePublished\":\"2024-07-19T13:15:58+00:00\",\"mainEntityOfPage\":{\"@id\":\"https:\\\/\\\/reveil-info.net\\\/?p=2782\"},\"wordCount\":795,\"commentCount\":0,\"publisher\":{\"@id\":\"https:\\\/\\\/reveil-info.net\\\/#organization\"},\"image\":{\"@id\":\"https:\\\/\\\/reveil-info.net\\\/?p=2782#primaryimage\"},\"thumbnailUrl\":\"https:\\\/\\\/reveil-info.net\\\/wp-content\\\/uploads\\\/2024\\\/07\\\/FB_IMG_17213947796449893.jpg\",\"articleSection\":[\"A la une\",\"Politique\"],\"inLanguage\":\"fr-FR\",\"potentialAction\":[{\"@type\":\"CommentAction\",\"name\":\"Comment\",\"target\":[\"https:\\\/\\\/reveil-info.net\\\/?p=2782#respond\"]}]},{\"@type\":\"WebPage\",\"@id\":\"https:\\\/\\\/reveil-info.net\\\/?p=2782\",\"url\":\"https:\\\/\\\/reveil-info.net\\\/?p=2782\",\"name\":\"Le PM \u00e0 l'ambassadeur de Belgique en fin de mission - R\u00e9veil Info\",\"isPartOf\":{\"@id\":\"https:\\\/\\\/reveil-info.net\\\/#website\"},\"primaryImageOfPage\":{\"@id\":\"https:\\\/\\\/reveil-info.net\\\/?p=2782#primaryimage\"},\"image\":{\"@id\":\"https:\\\/\\\/reveil-info.net\\\/?p=2782#primaryimage\"},\"thumbnailUrl\":\"https:\\\/\\\/reveil-info.net\\\/wp-content\\\/uploads\\\/2024\\\/07\\\/FB_IMG_17213947796449893.jpg\",\"datePublished\":\"2024-07-19T13:15:58+00:00\",\"breadcrumb\":{\"@id\":\"https:\\\/\\\/reveil-info.net\\\/?p=2782#breadcrumb\"},\"inLanguage\":\"fr-FR\",\"potentialAction\":[{\"@type\":\"ReadAction\",\"target\":[\"https:\\\/\\\/reveil-info.net\\\/?p=2782\"]}]},{\"@type\":\"ImageObject\",\"inLanguage\":\"fr-FR\",\"@id\":\"https:\\\/\\\/reveil-info.net\\\/?p=2782#primaryimage\",\"url\":\"https:\\\/\\\/reveil-info.net\\\/wp-content\\\/uploads\\\/2024\\\/07\\\/FB_IMG_17213947796449893.jpg\",\"contentUrl\":\"https:\\\/\\\/reveil-info.net\\\/wp-content\\\/uploads\\\/2024\\\/07\\\/FB_IMG_17213947796449893.jpg\",\"width\":720,\"height\":455},{\"@type\":\"BreadcrumbList\",\"@id\":\"https:\\\/\\\/reveil-info.net\\\/?p=2782#breadcrumb\",\"itemListElement\":[{\"@type\":\"ListItem\",\"position\":1,\"name\":\"Home\",\"item\":\"https:\\\/\\\/reveil-info.net\\\/\"},{\"@type\":\"ListItem\",\"position\":2,\"name\":\"Le PM \u00e0 l&#8217;ambassadeur de Belgique en fin de mission\"}]},{\"@type\":\"WebSite\",\"@id\":\"https:\\\/\\\/reveil-info.net\\\/#website\",\"url\":\"https:\\\/\\\/reveil-info.net\\\/\",\"name\":\"R\u00e9veil Info\",\"description\":\"Le devoir d&#039;informer!\",\"publisher\":{\"@id\":\"https:\\\/\\\/reveil-info.net\\\/#organization\"},\"potentialAction\":[{\"@type\":\"SearchAction\",\"target\":{\"@type\":\"EntryPoint\",\"urlTemplate\":\"https:\\\/\\\/reveil-info.net\\\/?s={search_term_string}\"},\"query-input\":{\"@type\":\"PropertyValueSpecification\",\"valueRequired\":true,\"valueName\":\"search_term_string\"}}],\"inLanguage\":\"fr-FR\"},{\"@type\":\"Organization\",\"@id\":\"https:\\\/\\\/reveil-info.net\\\/#organization\",\"name\":\"R\u00e9veil Info\",\"url\":\"https:\\\/\\\/reveil-info.net\\\/\",\"logo\":{\"@type\":\"ImageObject\",\"inLanguage\":\"fr-FR\",\"@id\":\"https:\\\/\\\/reveil-info.net\\\/#\\\/schema\\\/logo\\\/image\\\/\",\"url\":\"https:\\\/\\\/reveil-info.net\\\/wp-content\\\/uploads\\\/2024\\\/07\\\/bnddd1.jpg\",\"contentUrl\":\"https:\\\/\\\/reveil-info.net\\\/wp-content\\\/uploads\\\/2024\\\/07\\\/bnddd1.jpg\",\"width\":903,\"height\":125,\"caption\":\"R\u00e9veil Info\"},\"image\":{\"@id\":\"https:\\\/\\\/reveil-info.net\\\/#\\\/schema\\\/logo\\\/image\\\/\"}},{\"@type\":\"Person\",\"@id\":\"https:\\\/\\\/reveil-info.net\\\/#\\\/schema\\\/person\\\/ca0cc8e70088e0a2b5e92556c1ee60f5\",\"name\":\"R\u00e9veil info\",\"image\":{\"@type\":\"ImageObject\",\"inLanguage\":\"fr-FR\",\"@id\":\"https:\\\/\\\/secure.gravatar.com\\\/avatar\\\/e4ad5bb743c8b6cb174d9df6c7d30a8a16f6889731241345fc6444e6485f02af?s=96&d=mm&r=g\",\"url\":\"https:\\\/\\\/secure.gravatar.com\\\/avatar\\\/e4ad5bb743c8b6cb174d9df6c7d30a8a16f6889731241345fc6444e6485f02af?s=96&d=mm&r=g\",\"contentUrl\":\"https:\\\/\\\/secure.gravatar.com\\\/avatar\\\/e4ad5bb743c8b6cb174d9df6c7d30a8a16f6889731241345fc6444e6485f02af?s=96&d=mm&r=g\",\"caption\":\"R\u00e9veil info\"},\"sameAs\":[\"https:\\\/\\\/reveil-info.net\"],\"url\":\"https:\\\/\\\/reveil-info.net\\\/?author=1\"}]}<\/script>\n<!-- \/ Yoast SEO plugin. -->","yoast_head_json":{"title":"Le PM \u00e0 l'ambassadeur de Belgique en fin de mission - R\u00e9veil Info","robots":{"index":"noindex","follow":"follow","max-snippet":"max-snippet:-1","max-image-preview":"max-image-preview:large","max-video-preview":"max-video-preview:-1"},"og_locale":"fr_FR","og_type":"article","og_title":"Le PM \u00e0 l'ambassadeur de Belgique en fin de mission - R\u00e9veil Info","og_description":"Le Premier ministre \u00e0 l&rsquo;ambassadeur de la Belgique, en fin de mission : \u00ab\u00a0Nous sommes","og_url":"https:\/\/reveil-info.net\/?p=2782","og_site_name":"R\u00e9veil Info","article_published_time":"2024-07-19T13:15:58+00:00","og_image":[{"width":720,"height":455,"url":"https:\/\/reveil-info.net\/wp-content\/uploads\/2024\/07\/FB_IMG_17213947796449893.jpg","type":"image\/jpeg"}],"author":"R\u00e9veil info","twitter_card":"summary_large_image","twitter_misc":{"\u00c9crit par":"R\u00e9veil info","Dur\u00e9e de lecture estim\u00e9e":"4 minutes"},"schema":{"@context":"https:\/\/schema.org","@graph":[{"@type":"Article","@id":"https:\/\/reveil-info.net\/?p=2782#article","isPartOf":{"@id":"https:\/\/reveil-info.net\/?p=2782"},"author":{"name":"R\u00e9veil info","@id":"https:\/\/reveil-info.net\/#\/schema\/person\/ca0cc8e70088e0a2b5e92556c1ee60f5"},"headline":"Le PM \u00e0 l&rsquo;ambassadeur de Belgique en fin de mission","datePublished":"2024-07-19T13:15:58+00:00","mainEntityOfPage":{"@id":"https:\/\/reveil-info.net\/?p=2782"},"wordCount":795,"commentCount":0,"publisher":{"@id":"https:\/\/reveil-info.net\/#organization"},"image":{"@id":"https:\/\/reveil-info.net\/?p=2782#primaryimage"},"thumbnailUrl":"https:\/\/reveil-info.net\/wp-content\/uploads\/2024\/07\/FB_IMG_17213947796449893.jpg","articleSection":["A la une","Politique"],"inLanguage":"fr-FR","potentialAction":[{"@type":"CommentAction","name":"Comment","target":["https:\/\/reveil-info.net\/?p=2782#respond"]}]},{"@type":"WebPage","@id":"https:\/\/reveil-info.net\/?p=2782","url":"https:\/\/reveil-info.net\/?p=2782","name":"Le PM \u00e0 l'ambassadeur de Belgique en fin de mission - R\u00e9veil Info","isPartOf":{"@id":"https:\/\/reveil-info.net\/#website"},"primaryImageOfPage":{"@id":"https:\/\/reveil-info.net\/?p=2782#primaryimage"},"image":{"@id":"https:\/\/reveil-info.net\/?p=2782#primaryimage"},"thumbnailUrl":"https:\/\/reveil-info.net\/wp-content\/uploads\/2024\/07\/FB_IMG_17213947796449893.jpg","datePublished":"2024-07-19T13:15:58+00:00","breadcrumb":{"@id":"https:\/\/reveil-info.net\/?p=2782#breadcrumb"},"inLanguage":"fr-FR","potentialAction":[{"@type":"ReadAction","target":["https:\/\/reveil-info.net\/?p=2782"]}]},{"@type":"ImageObject","inLanguage":"fr-FR","@id":"https:\/\/reveil-info.net\/?p=2782#primaryimage","url":"https:\/\/reveil-info.net\/wp-content\/uploads\/2024\/07\/FB_IMG_17213947796449893.jpg","contentUrl":"https:\/\/reveil-info.net\/wp-content\/uploads\/2024\/07\/FB_IMG_17213947796449893.jpg","width":720,"height":455},{"@type":"BreadcrumbList","@id":"https:\/\/reveil-info.net\/?p=2782#breadcrumb","itemListElement":[{"@type":"ListItem","position":1,"name":"Home","item":"https:\/\/reveil-info.net\/"},{"@type":"ListItem","position":2,"name":"Le PM \u00e0 l&#8217;ambassadeur de Belgique en fin de mission"}]},{"@type":"WebSite","@id":"https:\/\/reveil-info.net\/#website","url":"https:\/\/reveil-info.net\/","name":"R\u00e9veil Info","description":"Le devoir d&#039;informer!","publisher":{"@id":"https:\/\/reveil-info.net\/#organization"},"potentialAction":[{"@type":"SearchAction","target":{"@type":"EntryPoint","urlTemplate":"https:\/\/reveil-info.net\/?s={search_term_string}"},"query-input":{"@type":"PropertyValueSpecification","valueRequired":true,"valueName":"search_term_string"}}],"inLanguage":"fr-FR"},{"@type":"Organization","@id":"https:\/\/reveil-info.net\/#organization","name":"R\u00e9veil Info","url":"https:\/\/reveil-info.net\/","logo":{"@type":"ImageObject","inLanguage":"fr-FR","@id":"https:\/\/reveil-info.net\/#\/schema\/logo\/image\/","url":"https:\/\/reveil-info.net\/wp-content\/uploads\/2024\/07\/bnddd1.jpg","contentUrl":"https:\/\/reveil-info.net\/wp-content\/uploads\/2024\/07\/bnddd1.jpg","width":903,"height":125,"caption":"R\u00e9veil Info"},"image":{"@id":"https:\/\/reveil-info.net\/#\/schema\/logo\/image\/"}},{"@type":"Person","@id":"https:\/\/reveil-info.net\/#\/schema\/person\/ca0cc8e70088e0a2b5e92556c1ee60f5","name":"R\u00e9veil info","image":{"@type":"ImageObject","inLanguage":"fr-FR","@id":"https:\/\/secure.gravatar.com\/avatar\/e4ad5bb743c8b6cb174d9df6c7d30a8a16f6889731241345fc6444e6485f02af?s=96&d=mm&r=g","url":"https:\/\/secure.gravatar.com\/avatar\/e4ad5bb743c8b6cb174d9df6c7d30a8a16f6889731241345fc6444e6485f02af?s=96&d=mm&r=g","contentUrl":"https:\/\/secure.gravatar.com\/avatar\/e4ad5bb743c8b6cb174d9df6c7d30a8a16f6889731241345fc6444e6485f02af?s=96&d=mm&r=g","caption":"R\u00e9veil info"},"sameAs":["https:\/\/reveil-info.net"],"url":"https:\/\/reveil-info.net\/?author=1"}]}},"jetpack_featured_media_url":"https:\/\/reveil-info.net\/wp-content\/uploads\/2024\/07\/FB_IMG_17213947796449893.jpg","featured_image_urls":{"full":["https:\/\/reveil-info.net\/wp-content\/uploads\/2024\/07\/FB_IMG_17213947796449893.jpg",720,455,false],"thumbnail":["https:\/\/reveil-info.net\/wp-content\/uploads\/2024\/07\/FB_IMG_17213947796449893-150x150.jpg",150,150,true],"medium":["https:\/\/reveil-info.net\/wp-content\/uploads\/2024\/07\/FB_IMG_17213947796449893-300x190.jpg",300,190,true],"medium_large":["https:\/\/reveil-info.net\/wp-content\/uploads\/2024\/07\/FB_IMG_17213947796449893.jpg",640,404,false],"large":["https:\/\/reveil-info.net\/wp-content\/uploads\/2024\/07\/FB_IMG_17213947796449893.jpg",640,404,false],"1536x1536":["https:\/\/reveil-info.net\/wp-content\/uploads\/2024\/07\/FB_IMG_17213947796449893.jpg",720,455,false],"2048x2048":["https:\/\/reveil-info.net\/wp-content\/uploads\/2024\/07\/FB_IMG_17213947796449893.jpg",720,455,false],"chromenews-featured":["https:\/\/reveil-info.net\/wp-content\/uploads\/2024\/07\/FB_IMG_17213947796449893.jpg",720,455,false],"chromenews-large":["https:\/\/reveil-info.net\/wp-content\/uploads\/2024\/07\/FB_IMG_17213947796449893.jpg",720,455,false],"chromenews-medium":["https:\/\/reveil-info.net\/wp-content\/uploads\/2024\/07\/FB_IMG_17213947796449893-590x410.jpg",590,410,true]},"author_info":{"display_name":"R\u00e9veil info","author_link":"https:\/\/reveil-info.net\/?author=1"},"category_info":"<a href=\"https:\/\/reveil-info.net\/?cat=39\" rel=\"category\">A la une<\/a> <a href=\"https:\/\/reveil-info.net\/?cat=12\" rel=\"category\">Politique<\/a>","tag_info":"Politique","comment_count":"0","_links":{"self":[{"href":"https:\/\/reveil-info.net\/index.php?rest_route=\/wp\/v2\/posts\/2782","targetHints":{"allow":["GET"]}}],"collection":[{"href":"https:\/\/reveil-info.net\/index.php?rest_route=\/wp\/v2\/posts"}],"about":[{"href":"https:\/\/reveil-info.net\/index.php?rest_route=\/wp\/v2\/types\/post"}],"author":[{"embeddable":true,"href":"https:\/\/reveil-info.net\/index.php?rest_route=\/wp\/v2\/users\/1"}],"replies":[{"embeddable":true,"href":"https:\/\/reveil-info.net\/index.php?rest_route=%2Fwp%2Fv2%2Fcomments&post=2782"}],"version-history":[{"count":3,"href":"https:\/\/reveil-info.net\/index.php?rest_route=\/wp\/v2\/posts\/2782\/revisions"}],"predecessor-version":[{"id":2786,"href":"https:\/\/reveil-info.net\/index.php?rest_route=\/wp\/v2\/posts\/2782\/revisions\/2786"}],"wp:featuredmedia":[{"embeddable":true,"href":"https:\/\/reveil-info.net\/index.php?rest_route=\/wp\/v2\/media\/2785"}],"wp:attachment":[{"href":"https:\/\/reveil-info.net\/index.php?rest_route=%2Fwp%2Fv2%2Fmedia&parent=2782"}],"wp:term":[{"taxonomy":"category","embeddable":true,"href":"https:\/\/reveil-info.net\/index.php?rest_route=%2Fwp%2Fv2%2Fcategories&post=2782"},{"taxonomy":"post_tag","embeddable":true,"href":"https:\/\/reveil-info.net\/index.php?rest_route=%2Fwp%2Fv2%2Ftags&post=2782"}],"curies":[{"name":"wp","href":"https:\/\/api.w.org\/{rel}","templated":true}]}}