{"id":2561,"date":"2024-07-16T16:48:59","date_gmt":"2024-07-16T16:48:59","guid":{"rendered":"https:\/\/reveil-info.net\/test\/?p=2561"},"modified":"2024-07-16T16:48:59","modified_gmt":"2024-07-16T16:48:59","slug":"le-burkina-faso-a-entame-en-fevrier-2024-la-vaccination-des-enfants-contre-le-paludisme","status":"publish","type":"post","link":"https:\/\/reveil-info.net\/?p=2561","title":{"rendered":"Le Burkina Faso a entam\u00e9 en f\u00e9vrier 2024 la vaccination des enfants contre le paludisme"},"content":{"rendered":"<p>Deux semaines apr\u00e8s le Cameroun, le Burkina Faso a introduit d\u00e9but f\u00e9vrier 2024, le vaccin antipaludique RTS,S dans son programme \u00e9largi de vaccination (PEV). Il est le second pays \u00e0 le faire en dehors du programme pilote de vaccination antipaludique men\u00e9 au Ghana, au Kenya et au Malawi.<\/p>\n<p>Le vaccin est d\u00e9ploy\u00e9 dans 27 districts sanitaires jug\u00e9s prioritaires par les autorit\u00e9s sanitaires nationales du fait du taux \u00e9lev\u00e9 de cas et de d\u00e9c\u00e8s li\u00e9s au de paludisme. Ce lancement intervient apr\u00e8s que le Burkina Faso ait re\u00e7u 658 500 doses de vaccins en d\u00e9cembre 2023. Le Gouvernement du Burkina Faso s\u2019est engag\u00e9 \u00e0 trouver des financements pour combler le Gap qui permettra de couvrir les 33 districts sanitaires restants du pays. Pour \u00eatre prot\u00e9g\u00e9s de la maladie, les enfants devront recevoir quatre doses de vaccin, soit la premi\u00e8re dose \u00e0 cinq mois, la seconde \u00e0 six mois, la troisi\u00e8me \u00e0 sept mois et la quatri\u00e8me dose \u00e0 quinze mois.<\/p>\n<p>\u00ab Grande est ma joie \u00e0 cet instant o\u00f9 je prends la parole, \u00e0 l\u2019occasion de l\u2019introduction du vaccin antipaludique RTS,S dans le Programme Elargi de Vaccination du Burkina Faso \u00bb a d\u00e9clar\u00e9 le Dr Robert Lucien Kargougou, ministre de la Sant\u00e9 et de l\u2019Hygi\u00e8ne Publique du Burkina Faso qui pr\u00e9sidait la c\u00e9r\u00e9monie de lancement. \u00ab Le paludisme est un fl\u00e9au qui endeuille chaque jour nos familles, le plus lourd tribut \u00e9tant pay\u00e9 par les enfants de moins de cinq ans. La bonne nouvelle est que le RTS,S est l\u2019un des deux vaccins s\u00fbrs et efficaces homologu\u00e9s par l\u2019OMS et par les instances nationales. \u00bb<\/p>\n<p>Il faut noter que le Burkina Faso est le seul pays francophone d\u2019Afrique de l\u2019Ouest ayant particip\u00e9 \u00e0 ce projet historique qui date d\u2019une trentaine d\u2019ann\u00e9es. \u00ab Le Burkina Faso, \u00e0 travers ses diff\u00e9rentes institutions de recherche participe depuis bient\u00f4t 20 ans \u00e0 diff\u00e9rents essais cliniques afin de soutenir les efforts de la lutte contre le paludisme \u00bb, a expliqu\u00e9 Dr Emmanuel Nanema, le Directeur g\u00e9n\u00e9ral du Centre National de la Recherche Scientifique et Technologique (CNRST). Ce centre abrite l\u2019Unit\u00e9 de Recherche Clinique de Nanoro dirig\u00e9e par le Pr Halidou Tinto, un chercheur burkinab\u00e8 impliqu\u00e9 dans la recherche et les essais sur les deux vaccins.<\/p>\n<p>Pour pr\u00e9parer cette introduction, l&rsquo;Organisation mondiale de la Sant\u00e9 (OMS) et d&rsquo;autres partenaires, dont Gavi, l&rsquo;Alliance du vaccin, l&rsquo;UNICEF, USAID, CDC, PATH, et Jhpiego ont aid\u00e9 les autorit\u00e9s sanitaires nationales \u00e0 mettre en \u0153uvre le plan d\u2019introduction du vaccin \u00e9labor\u00e9 \u00e0 cet effet.<\/p>\n<p>\u00ab Ce jour solennel marquant l\u2019introduction du vaccin RTS,S contre le paludisme dans le programme \u00e9largi de vaccination du Burkina Faso ouvre une nouvelle \u00e8re dans la lutte contre cette maladie \u00bb, a d\u00e9clar\u00e9 le Dr Coulibaly Seydou Ouaritio, Repr\u00e9sentant par int\u00e9rim de l&rsquo;OMS au Burkina Faso. \u00ab Soyez rassur\u00e9s de la disponibilit\u00e9 et de l\u2019engagement de l\u2019OMS \u00e0 rester aux c\u00f4t\u00e9s du Burkina Faso pour renforcer les actions de lutte contre le paludisme \u00bb, a-t-il ajout\u00e9. Le Burkina Faso fait partie des 10 pays les plus touch\u00e9s par le paludisme dans le monde. Cette maladie est l\u2019une des principales causes de consultation dans les formations sanitaires du pays, soit 43 % des consultations. Avec le soutien des partenaires, les efforts de contr\u00f4le et de pr\u00e9vention du paludisme au fil des ans ont permis de r\u00e9duire progressivement le fardeau de la maladie dans le pays.<\/p>\n<p>Depuis 2019, le Ghana, le Kenya et le Malawi administrent le vaccin RTS,S selon un calendrier de quatre doses aux enfants \u00e0 partir de l&rsquo;\u00e2ge de 5 mois environ dans des districts s\u00e9lectionn\u00e9s dans le cadre du programme pilote, connu sous le nom de Programme de mise en \u0153uvre du vaccin antipaludique (MVIP). Plus de 2 millions d&rsquo;enfants ont \u00e9t\u00e9 vaccin\u00e9s contre le paludisme dans les trois pays africains dans le cadre du MVIP, avec plus de 8 millions de doses administr\u00e9es, ce qui a entra\u00een\u00e9 une baisse remarquable de 13 % de la mortalit\u00e9 toutes causes confondues chez les enfants en \u00e2ge de recevoir le vaccin, ainsi qu&rsquo;une r\u00e9duction consid\u00e9rable des cas de paludisme graves et des hospitalisations.<\/p>\n<p>Neuf pays africains sont sur le point de lancer la vaccination contre le paludisme cette ann\u00e9e. En plus du Cameroun, qui a d\u00e9ploy\u00e9 les vaccins en janvier 2024, le B\u00e9nin, et le Liberia ont \u00e9galement re\u00e7u le vaccin et sont en train de finaliser les plans de d\u00e9ploiement du vaccin.<\/p>\n<p>L&rsquo;OMS, Gavi, l&rsquo;Alliance du vaccin, l&rsquo;UNICEF et d&rsquo;autres partenaires travaillent en \u00e9troite collaboration avec les pays africains qui introduisent le vaccin antipaludique afin d&rsquo;en assurer la livraison et la r\u00e9ussite.<\/p>\n<p>Selon le dernier rapport mondial contre le paludisme, le fardeau du paludisme est le plus lourd en Afrique, qui repr\u00e9sentait environ 94 % des cas de paludisme dans le monde et 95 % des d\u00e9c\u00e8s li\u00e9s \u00e0 cette maladie en 2022. Au cours de la m\u00eame ann\u00e9e, 249 millions de cas de paludisme ont \u00e9t\u00e9 recens\u00e9s dans le monde, entra\u00eenant 608 000 d\u00e9c\u00e8s. Parmi ces d\u00e9c\u00e8s, 77 % concernaient des enfants de moins de 5 ans, principalement en Afrique.<\/p>\n<p>Source: OMS<\/p>\n","protected":false},"excerpt":{"rendered":"<p>Deux semaines apr\u00e8s le Cameroun, le Burkina Faso a introduit d\u00e9but f\u00e9vrier 2024, le vaccin<\/p>\n","protected":false},"author":1,"featured_media":2565,"comment_status":"open","ping_status":"open","sticky":false,"template":"","format":"standard","meta":{"footnotes":""},"categories":[35],"tags":[],"class_list":["post-2561","post","type-post","status-publish","format-standard","has-post-thumbnail","hentry","category-sante-2"],"yoast_head":"<!-- This site is optimized with the Yoast SEO plugin v27.5 - https:\/\/yoast.com\/product\/yoast-seo-wordpress\/ -->\n<title>Le Burkina Faso a entam\u00e9 en f\u00e9vrier 2024 la vaccination des enfants contre le paludisme - R\u00e9veil Info<\/title>\n<meta name=\"robots\" content=\"noindex, follow, max-snippet:-1, max-image-preview:large, max-video-preview:-1\" \/>\n<meta property=\"og:locale\" content=\"fr_FR\" \/>\n<meta property=\"og:type\" content=\"article\" \/>\n<meta property=\"og:title\" content=\"Le Burkina Faso a entam\u00e9 en f\u00e9vrier 2024 la vaccination des enfants contre le paludisme - R\u00e9veil Info\" \/>\n<meta property=\"og:description\" content=\"Deux semaines apr\u00e8s le Cameroun, le Burkina Faso a introduit d\u00e9but f\u00e9vrier 2024, le vaccin\" \/>\n<meta property=\"og:url\" content=\"https:\/\/reveil-info.net\/?p=2561\" \/>\n<meta property=\"og:site_name\" content=\"R\u00e9veil Info\" \/>\n<meta property=\"article:published_time\" content=\"2024-07-16T16:48:59+00:00\" \/>\n<meta property=\"og:image\" content=\"https:\/\/reveil-info.net\/wp-content\/uploads\/2024\/07\/GFlYTrbXQAAmFDr.jpeg\" \/>\n\t<meta property=\"og:image:width\" content=\"1780\" \/>\n\t<meta property=\"og:image:height\" content=\"890\" \/>\n\t<meta property=\"og:image:type\" content=\"image\/jpeg\" \/>\n<meta name=\"author\" content=\"R\u00e9veil info\" \/>\n<meta name=\"twitter:card\" content=\"summary_large_image\" \/>\n<meta name=\"twitter:label1\" content=\"\u00c9crit par\" \/>\n\t<meta name=\"twitter:data1\" content=\"R\u00e9veil info\" \/>\n\t<meta name=\"twitter:label2\" content=\"Dur\u00e9e de lecture estim\u00e9e\" \/>\n\t<meta name=\"twitter:data2\" content=\"5 minutes\" \/>\n<script type=\"application\/ld+json\" class=\"yoast-schema-graph\">{\"@context\":\"https:\\\/\\\/schema.org\",\"@graph\":[{\"@type\":\"Article\",\"@id\":\"https:\\\/\\\/reveil-info.net\\\/?p=2561#article\",\"isPartOf\":{\"@id\":\"https:\\\/\\\/reveil-info.net\\\/?p=2561\"},\"author\":{\"name\":\"R\u00e9veil info\",\"@id\":\"https:\\\/\\\/reveil-info.net\\\/#\\\/schema\\\/person\\\/ca0cc8e70088e0a2b5e92556c1ee60f5\"},\"headline\":\"Le Burkina Faso a entam\u00e9 en f\u00e9vrier 2024 la vaccination des enfants contre le paludisme\",\"datePublished\":\"2024-07-16T16:48:59+00:00\",\"mainEntityOfPage\":{\"@id\":\"https:\\\/\\\/reveil-info.net\\\/?p=2561\"},\"wordCount\":901,\"commentCount\":0,\"publisher\":{\"@id\":\"https:\\\/\\\/reveil-info.net\\\/#organization\"},\"image\":{\"@id\":\"https:\\\/\\\/reveil-info.net\\\/?p=2561#primaryimage\"},\"thumbnailUrl\":\"https:\\\/\\\/reveil-info.net\\\/wp-content\\\/uploads\\\/2024\\\/07\\\/GFlYTrbXQAAmFDr.jpeg\",\"articleSection\":[\"SANTE\"],\"inLanguage\":\"fr-FR\",\"potentialAction\":[{\"@type\":\"CommentAction\",\"name\":\"Comment\",\"target\":[\"https:\\\/\\\/reveil-info.net\\\/?p=2561#respond\"]}]},{\"@type\":\"WebPage\",\"@id\":\"https:\\\/\\\/reveil-info.net\\\/?p=2561\",\"url\":\"https:\\\/\\\/reveil-info.net\\\/?p=2561\",\"name\":\"Le Burkina Faso a entam\u00e9 en f\u00e9vrier 2024 la vaccination des enfants contre le paludisme - R\u00e9veil Info\",\"isPartOf\":{\"@id\":\"https:\\\/\\\/reveil-info.net\\\/#website\"},\"primaryImageOfPage\":{\"@id\":\"https:\\\/\\\/reveil-info.net\\\/?p=2561#primaryimage\"},\"image\":{\"@id\":\"https:\\\/\\\/reveil-info.net\\\/?p=2561#primaryimage\"},\"thumbnailUrl\":\"https:\\\/\\\/reveil-info.net\\\/wp-content\\\/uploads\\\/2024\\\/07\\\/GFlYTrbXQAAmFDr.jpeg\",\"datePublished\":\"2024-07-16T16:48:59+00:00\",\"breadcrumb\":{\"@id\":\"https:\\\/\\\/reveil-info.net\\\/?p=2561#breadcrumb\"},\"inLanguage\":\"fr-FR\",\"potentialAction\":[{\"@type\":\"ReadAction\",\"target\":[\"https:\\\/\\\/reveil-info.net\\\/?p=2561\"]}]},{\"@type\":\"ImageObject\",\"inLanguage\":\"fr-FR\",\"@id\":\"https:\\\/\\\/reveil-info.net\\\/?p=2561#primaryimage\",\"url\":\"https:\\\/\\\/reveil-info.net\\\/wp-content\\\/uploads\\\/2024\\\/07\\\/GFlYTrbXQAAmFDr.jpeg\",\"contentUrl\":\"https:\\\/\\\/reveil-info.net\\\/wp-content\\\/uploads\\\/2024\\\/07\\\/GFlYTrbXQAAmFDr.jpeg\",\"width\":1780,\"height\":890},{\"@type\":\"BreadcrumbList\",\"@id\":\"https:\\\/\\\/reveil-info.net\\\/?p=2561#breadcrumb\",\"itemListElement\":[{\"@type\":\"ListItem\",\"position\":1,\"name\":\"Home\",\"item\":\"https:\\\/\\\/reveil-info.net\\\/\"},{\"@type\":\"ListItem\",\"position\":2,\"name\":\"Le Burkina Faso a entam\u00e9 en f\u00e9vrier 2024 la vaccination des enfants contre le paludisme\"}]},{\"@type\":\"WebSite\",\"@id\":\"https:\\\/\\\/reveil-info.net\\\/#website\",\"url\":\"https:\\\/\\\/reveil-info.net\\\/\",\"name\":\"R\u00e9veil Info\",\"description\":\"Le devoir d&#039;informer!\",\"publisher\":{\"@id\":\"https:\\\/\\\/reveil-info.net\\\/#organization\"},\"potentialAction\":[{\"@type\":\"SearchAction\",\"target\":{\"@type\":\"EntryPoint\",\"urlTemplate\":\"https:\\\/\\\/reveil-info.net\\\/?s={search_term_string}\"},\"query-input\":{\"@type\":\"PropertyValueSpecification\",\"valueRequired\":true,\"valueName\":\"search_term_string\"}}],\"inLanguage\":\"fr-FR\"},{\"@type\":\"Organization\",\"@id\":\"https:\\\/\\\/reveil-info.net\\\/#organization\",\"name\":\"R\u00e9veil Info\",\"url\":\"https:\\\/\\\/reveil-info.net\\\/\",\"logo\":{\"@type\":\"ImageObject\",\"inLanguage\":\"fr-FR\",\"@id\":\"https:\\\/\\\/reveil-info.net\\\/#\\\/schema\\\/logo\\\/image\\\/\",\"url\":\"https:\\\/\\\/reveil-info.net\\\/wp-content\\\/uploads\\\/2024\\\/07\\\/bnddd1.jpg\",\"contentUrl\":\"https:\\\/\\\/reveil-info.net\\\/wp-content\\\/uploads\\\/2024\\\/07\\\/bnddd1.jpg\",\"width\":903,\"height\":125,\"caption\":\"R\u00e9veil Info\"},\"image\":{\"@id\":\"https:\\\/\\\/reveil-info.net\\\/#\\\/schema\\\/logo\\\/image\\\/\"}},{\"@type\":\"Person\",\"@id\":\"https:\\\/\\\/reveil-info.net\\\/#\\\/schema\\\/person\\\/ca0cc8e70088e0a2b5e92556c1ee60f5\",\"name\":\"R\u00e9veil info\",\"image\":{\"@type\":\"ImageObject\",\"inLanguage\":\"fr-FR\",\"@id\":\"https:\\\/\\\/secure.gravatar.com\\\/avatar\\\/e4ad5bb743c8b6cb174d9df6c7d30a8a16f6889731241345fc6444e6485f02af?s=96&d=mm&r=g\",\"url\":\"https:\\\/\\\/secure.gravatar.com\\\/avatar\\\/e4ad5bb743c8b6cb174d9df6c7d30a8a16f6889731241345fc6444e6485f02af?s=96&d=mm&r=g\",\"contentUrl\":\"https:\\\/\\\/secure.gravatar.com\\\/avatar\\\/e4ad5bb743c8b6cb174d9df6c7d30a8a16f6889731241345fc6444e6485f02af?s=96&d=mm&r=g\",\"caption\":\"R\u00e9veil info\"},\"sameAs\":[\"https:\\\/\\\/reveil-info.net\"],\"url\":\"https:\\\/\\\/reveil-info.net\\\/?author=1\"}]}<\/script>\n<!-- \/ Yoast SEO plugin. -->","yoast_head_json":{"title":"Le Burkina Faso a entam\u00e9 en f\u00e9vrier 2024 la vaccination des enfants contre le paludisme - R\u00e9veil Info","robots":{"index":"noindex","follow":"follow","max-snippet":"max-snippet:-1","max-image-preview":"max-image-preview:large","max-video-preview":"max-video-preview:-1"},"og_locale":"fr_FR","og_type":"article","og_title":"Le Burkina Faso a entam\u00e9 en f\u00e9vrier 2024 la vaccination des enfants contre le paludisme - R\u00e9veil Info","og_description":"Deux semaines apr\u00e8s le Cameroun, le Burkina Faso a introduit d\u00e9but f\u00e9vrier 2024, le vaccin","og_url":"https:\/\/reveil-info.net\/?p=2561","og_site_name":"R\u00e9veil Info","article_published_time":"2024-07-16T16:48:59+00:00","og_image":[{"width":1780,"height":890,"url":"https:\/\/reveil-info.net\/wp-content\/uploads\/2024\/07\/GFlYTrbXQAAmFDr.jpeg","type":"image\/jpeg"}],"author":"R\u00e9veil info","twitter_card":"summary_large_image","twitter_misc":{"\u00c9crit par":"R\u00e9veil info","Dur\u00e9e de lecture estim\u00e9e":"5 minutes"},"schema":{"@context":"https:\/\/schema.org","@graph":[{"@type":"Article","@id":"https:\/\/reveil-info.net\/?p=2561#article","isPartOf":{"@id":"https:\/\/reveil-info.net\/?p=2561"},"author":{"name":"R\u00e9veil info","@id":"https:\/\/reveil-info.net\/#\/schema\/person\/ca0cc8e70088e0a2b5e92556c1ee60f5"},"headline":"Le Burkina Faso a entam\u00e9 en f\u00e9vrier 2024 la vaccination des enfants contre le paludisme","datePublished":"2024-07-16T16:48:59+00:00","mainEntityOfPage":{"@id":"https:\/\/reveil-info.net\/?p=2561"},"wordCount":901,"commentCount":0,"publisher":{"@id":"https:\/\/reveil-info.net\/#organization"},"image":{"@id":"https:\/\/reveil-info.net\/?p=2561#primaryimage"},"thumbnailUrl":"https:\/\/reveil-info.net\/wp-content\/uploads\/2024\/07\/GFlYTrbXQAAmFDr.jpeg","articleSection":["SANTE"],"inLanguage":"fr-FR","potentialAction":[{"@type":"CommentAction","name":"Comment","target":["https:\/\/reveil-info.net\/?p=2561#respond"]}]},{"@type":"WebPage","@id":"https:\/\/reveil-info.net\/?p=2561","url":"https:\/\/reveil-info.net\/?p=2561","name":"Le Burkina Faso a entam\u00e9 en f\u00e9vrier 2024 la vaccination des enfants contre le paludisme - R\u00e9veil Info","isPartOf":{"@id":"https:\/\/reveil-info.net\/#website"},"primaryImageOfPage":{"@id":"https:\/\/reveil-info.net\/?p=2561#primaryimage"},"image":{"@id":"https:\/\/reveil-info.net\/?p=2561#primaryimage"},"thumbnailUrl":"https:\/\/reveil-info.net\/wp-content\/uploads\/2024\/07\/GFlYTrbXQAAmFDr.jpeg","datePublished":"2024-07-16T16:48:59+00:00","breadcrumb":{"@id":"https:\/\/reveil-info.net\/?p=2561#breadcrumb"},"inLanguage":"fr-FR","potentialAction":[{"@type":"ReadAction","target":["https:\/\/reveil-info.net\/?p=2561"]}]},{"@type":"ImageObject","inLanguage":"fr-FR","@id":"https:\/\/reveil-info.net\/?p=2561#primaryimage","url":"https:\/\/reveil-info.net\/wp-content\/uploads\/2024\/07\/GFlYTrbXQAAmFDr.jpeg","contentUrl":"https:\/\/reveil-info.net\/wp-content\/uploads\/2024\/07\/GFlYTrbXQAAmFDr.jpeg","width":1780,"height":890},{"@type":"BreadcrumbList","@id":"https:\/\/reveil-info.net\/?p=2561#breadcrumb","itemListElement":[{"@type":"ListItem","position":1,"name":"Home","item":"https:\/\/reveil-info.net\/"},{"@type":"ListItem","position":2,"name":"Le Burkina Faso a entam\u00e9 en f\u00e9vrier 2024 la vaccination des enfants contre le paludisme"}]},{"@type":"WebSite","@id":"https:\/\/reveil-info.net\/#website","url":"https:\/\/reveil-info.net\/","name":"R\u00e9veil Info","description":"Le devoir d&#039;informer!","publisher":{"@id":"https:\/\/reveil-info.net\/#organization"},"potentialAction":[{"@type":"SearchAction","target":{"@type":"EntryPoint","urlTemplate":"https:\/\/reveil-info.net\/?s={search_term_string}"},"query-input":{"@type":"PropertyValueSpecification","valueRequired":true,"valueName":"search_term_string"}}],"inLanguage":"fr-FR"},{"@type":"Organization","@id":"https:\/\/reveil-info.net\/#organization","name":"R\u00e9veil Info","url":"https:\/\/reveil-info.net\/","logo":{"@type":"ImageObject","inLanguage":"fr-FR","@id":"https:\/\/reveil-info.net\/#\/schema\/logo\/image\/","url":"https:\/\/reveil-info.net\/wp-content\/uploads\/2024\/07\/bnddd1.jpg","contentUrl":"https:\/\/reveil-info.net\/wp-content\/uploads\/2024\/07\/bnddd1.jpg","width":903,"height":125,"caption":"R\u00e9veil Info"},"image":{"@id":"https:\/\/reveil-info.net\/#\/schema\/logo\/image\/"}},{"@type":"Person","@id":"https:\/\/reveil-info.net\/#\/schema\/person\/ca0cc8e70088e0a2b5e92556c1ee60f5","name":"R\u00e9veil info","image":{"@type":"ImageObject","inLanguage":"fr-FR","@id":"https:\/\/secure.gravatar.com\/avatar\/e4ad5bb743c8b6cb174d9df6c7d30a8a16f6889731241345fc6444e6485f02af?s=96&d=mm&r=g","url":"https:\/\/secure.gravatar.com\/avatar\/e4ad5bb743c8b6cb174d9df6c7d30a8a16f6889731241345fc6444e6485f02af?s=96&d=mm&r=g","contentUrl":"https:\/\/secure.gravatar.com\/avatar\/e4ad5bb743c8b6cb174d9df6c7d30a8a16f6889731241345fc6444e6485f02af?s=96&d=mm&r=g","caption":"R\u00e9veil info"},"sameAs":["https:\/\/reveil-info.net"],"url":"https:\/\/reveil-info.net\/?author=1"}]}},"jetpack_featured_media_url":"https:\/\/reveil-info.net\/wp-content\/uploads\/2024\/07\/GFlYTrbXQAAmFDr.jpeg","featured_image_urls":{"full":["https:\/\/reveil-info.net\/wp-content\/uploads\/2024\/07\/GFlYTrbXQAAmFDr.jpeg",1780,890,false],"thumbnail":["https:\/\/reveil-info.net\/wp-content\/uploads\/2024\/07\/GFlYTrbXQAAmFDr-150x150.jpeg",150,150,true],"medium":["https:\/\/reveil-info.net\/wp-content\/uploads\/2024\/07\/GFlYTrbXQAAmFDr-300x150.jpeg",300,150,true],"medium_large":["https:\/\/reveil-info.net\/wp-content\/uploads\/2024\/07\/GFlYTrbXQAAmFDr-768x384.jpeg",640,320,true],"large":["https:\/\/reveil-info.net\/wp-content\/uploads\/2024\/07\/GFlYTrbXQAAmFDr-1024x512.jpeg",640,320,true],"1536x1536":["https:\/\/reveil-info.net\/wp-content\/uploads\/2024\/07\/GFlYTrbXQAAmFDr-1536x768.jpeg",1536,768,true],"2048x2048":["https:\/\/reveil-info.net\/wp-content\/uploads\/2024\/07\/GFlYTrbXQAAmFDr.jpeg",1780,890,false],"chromenews-featured":["https:\/\/reveil-info.net\/wp-content\/uploads\/2024\/07\/GFlYTrbXQAAmFDr-1024x512.jpeg",1024,512,true],"chromenews-large":["https:\/\/reveil-info.net\/wp-content\/uploads\/2024\/07\/GFlYTrbXQAAmFDr-825x575.jpeg",825,575,true],"chromenews-medium":["https:\/\/reveil-info.net\/wp-content\/uploads\/2024\/07\/GFlYTrbXQAAmFDr-590x410.jpeg",590,410,true]},"author_info":{"display_name":"R\u00e9veil info","author_link":"https:\/\/reveil-info.net\/?author=1"},"category_info":"<a href=\"https:\/\/reveil-info.net\/?cat=35\" rel=\"category\">SANTE<\/a>","tag_info":"SANTE","comment_count":"0","_links":{"self":[{"href":"https:\/\/reveil-info.net\/index.php?rest_route=\/wp\/v2\/posts\/2561","targetHints":{"allow":["GET"]}}],"collection":[{"href":"https:\/\/reveil-info.net\/index.php?rest_route=\/wp\/v2\/posts"}],"about":[{"href":"https:\/\/reveil-info.net\/index.php?rest_route=\/wp\/v2\/types\/post"}],"author":[{"embeddable":true,"href":"https:\/\/reveil-info.net\/index.php?rest_route=\/wp\/v2\/users\/1"}],"replies":[{"embeddable":true,"href":"https:\/\/reveil-info.net\/index.php?rest_route=%2Fwp%2Fv2%2Fcomments&post=2561"}],"version-history":[{"count":4,"href":"https:\/\/reveil-info.net\/index.php?rest_route=\/wp\/v2\/posts\/2561\/revisions"}],"predecessor-version":[{"id":2566,"href":"https:\/\/reveil-info.net\/index.php?rest_route=\/wp\/v2\/posts\/2561\/revisions\/2566"}],"wp:featuredmedia":[{"embeddable":true,"href":"https:\/\/reveil-info.net\/index.php?rest_route=\/wp\/v2\/media\/2565"}],"wp:attachment":[{"href":"https:\/\/reveil-info.net\/index.php?rest_route=%2Fwp%2Fv2%2Fmedia&parent=2561"}],"wp:term":[{"taxonomy":"category","embeddable":true,"href":"https:\/\/reveil-info.net\/index.php?rest_route=%2Fwp%2Fv2%2Fcategories&post=2561"},{"taxonomy":"post_tag","embeddable":true,"href":"https:\/\/reveil-info.net\/index.php?rest_route=%2Fwp%2Fv2%2Ftags&post=2561"}],"curies":[{"name":"wp","href":"https:\/\/api.w.org\/{rel}","templated":true}]}}