{"id":2438,"date":"2024-07-16T09:17:54","date_gmt":"2024-07-16T09:17:54","guid":{"rendered":"https:\/\/reveil-info.net\/test\/?p=2438"},"modified":"2024-07-16T09:20:40","modified_gmt":"2024-07-16T09:20:40","slug":"campagne-de-reforestation-2024-les-operateurs-economiques-de-la-region-du-centre-sengagent","status":"publish","type":"post","link":"https:\/\/reveil-info.net\/?p=2438","title":{"rendered":"Campagne de reforestation 2024: les op\u00e9rateurs \u00e9conomiques de la r\u00e9gion du Centre s&rsquo;engagent"},"content":{"rendered":"<div class=\"x11i5rnm xat24cr x1mh8g0r x1vvkbs xtlvy1s x126k92a\">\n<div dir=\"auto\" style=\"text-align: justify;\">Apr\u00e8s une plantation de plus de 500 plants le long de la voie de contournement sur une distance de 2,5km \u00e0 Koubri dans le cadre de la c\u00e9l\u00e9bration en diff\u00e9r\u00e9 de la Journ\u00e9e Nationale de l&rsquo;Arbre et de la campagne de reforestation 2024, les activit\u00e9s se sont poursuivies par une rencontre, ce lundi 15 juillet 2024 dans la salle de la mairie centrale de Ouagadougou.<\/div>\n<div dir=\"auto\">\n<figure id=\"attachment_2445\" aria-describedby=\"caption-attachment-2445\" style=\"width: 896px\" class=\"wp-caption aligncenter\"><img loading=\"lazy\" decoding=\"async\" class=\" wp-image-2445\" src=\"https:\/\/reveil-info.net\/test\/wp-content\/uploads\/2024\/07\/451012600_797272675922399_4169619670543543054_n-300x200.jpg\" alt=\"\" width=\"896\" height=\"597\" srcset=\"https:\/\/reveil-info.net\/wp-content\/uploads\/2024\/07\/451012600_797272675922399_4169619670543543054_n-300x200.jpg 300w, https:\/\/reveil-info.net\/wp-content\/uploads\/2024\/07\/451012600_797272675922399_4169619670543543054_n-768x512.jpg 768w, https:\/\/reveil-info.net\/wp-content\/uploads\/2024\/07\/451012600_797272675922399_4169619670543543054_n.jpg 1024w\" sizes=\"auto, (max-width: 896px) 100vw, 896px\" \/><figcaption id=\"caption-attachment-2445\" class=\"wp-caption-text\"><strong>Une vue des participants \u00e0 la rencontre<\/strong><\/figcaption><\/figure>\n<\/div>\n<\/div>\n<div class=\"x11i5rnm xat24cr x1mh8g0r x1vvkbs xtlvy1s x126k92a\" style=\"text-align: justify;\">\n<div dir=\"auto\">La rencontre a \u00e9t\u00e9 patronn\u00e9e par le Ministre de l&rsquo;Environnement, de l&rsquo;Eau et de l&rsquo;Assainissement, Roger BARO. Elle vise \u00e0 susciter un engagement des entreprises, des associations et le secteur informel \u00e0 soutenir la politique environnementale d\u00e9clin\u00e9e en plusieurs concepts.<\/div>\n<\/div>\n<div class=\"x11i5rnm xat24cr x1mh8g0r x1vvkbs xtlvy1s x126k92a\" style=\"text-align: justify;\">\n<div dir=\"auto\">Selon le patron de la rencontre, cet engagement patriotique consiste pour une personne physique ou morale (personne priv\u00e9e, Institution, Entreprise, ONG, Association etc.), de s\u2019engager \u00e0 travers une souscription \u00e0 r\u00e9aliser un reboisement ou un am\u00e9nagement paysager\u00a0 . Ce reboisement peut \u00eatre un bosquet, une plantation d\u2019alignement sur une rue ou une avenue ou encore r\u00e9aliser un am\u00e9nagement paysager sur l\u2019espace d\u2019un monument, d\u2019un rond-point, d\u2019un espace vert, d\u2019un lieu de culte, d\u2019une \u00e9cole et bien d&rsquo;autres engagements.<\/div>\n<\/div>\n<div class=\"x11i5rnm xat24cr x1mh8g0r x1vvkbs xtlvy1s x126k92a\" style=\"text-align: justify;\">\n<div dir=\"auto\">A l\u2019occasion, les entreprises, les institutions et les associations ont pris des engagements qui consistent \u00e0 faire des am\u00e9nagements paysagers des rond-points dans la ville de Ouagadougou, aussi des plantations d&rsquo;alignements le long des grandes voies.<\/div>\n<\/div>\n<div class=\"x11i5rnm xat24cr x1mh8g0r x1vvkbs xtlvy1s x126k92a\" style=\"text-align: justify;\">\n<div dir=\"auto\">Le Ministre BARO a f\u00e9licit\u00e9 l&rsquo;ensemble des entreprises, associations et des personnes physiques qui ont pris ces engagements. Le chef du d\u00e9partement a invit\u00e9 ceux qui ne sont pas encore engag\u00e9s \u00e0 franchir le pas.<\/div>\n<\/div>\n<div class=\"x11i5rnm xat24cr x1mh8g0r x1vvkbs xtlvy1s x126k92a\">\n<div dir=\"auto\" style=\"text-align: justify;\">\ud835\uddd7\ud835\uddd6\ud835\udde5\ud835\udde3\/\ud835\udde0\ud835\uddd8\ud835\uddd8\ud835\uddd4<\/div>\n<\/div>\n","protected":false},"excerpt":{"rendered":"<p>Apr\u00e8s une plantation de plus de 500 plants le long de la voie de contournement<\/p>\n","protected":false},"author":1,"featured_media":2444,"comment_status":"open","ping_status":"open","sticky":false,"template":"","format":"standard","meta":{"footnotes":""},"categories":[2],"tags":[],"class_list":["post-2438","post","type-post","status-publish","format-standard","has-post-thumbnail","hentry","category-actu"],"yoast_head":"<!-- This site is optimized with the Yoast SEO plugin v27.5 - https:\/\/yoast.com\/product\/yoast-seo-wordpress\/ -->\n<title>Campagne de reforestation 2024: les op\u00e9rateurs \u00e9conomiques de la r\u00e9gion du Centre s&#039;engagent - R\u00e9veil Info<\/title>\n<meta name=\"robots\" content=\"noindex, follow, max-snippet:-1, max-image-preview:large, max-video-preview:-1\" \/>\n<meta property=\"og:locale\" content=\"fr_FR\" \/>\n<meta property=\"og:type\" content=\"article\" \/>\n<meta property=\"og:title\" content=\"Campagne de reforestation 2024: les op\u00e9rateurs \u00e9conomiques de la r\u00e9gion du Centre s&#039;engagent - R\u00e9veil Info\" \/>\n<meta property=\"og:description\" content=\"Apr\u00e8s une plantation de plus de 500 plants le long de la voie de contournement\" \/>\n<meta property=\"og:url\" content=\"https:\/\/reveil-info.net\/?p=2438\" \/>\n<meta property=\"og:site_name\" content=\"R\u00e9veil Info\" \/>\n<meta property=\"article:published_time\" content=\"2024-07-16T09:17:54+00:00\" \/>\n<meta property=\"article:modified_time\" content=\"2024-07-16T09:20:40+00:00\" \/>\n<meta property=\"og:image\" content=\"https:\/\/reveil-info.net\/wp-content\/uploads\/2024\/07\/451106742_797271535922513_2490200907214642840_n.jpg\" \/>\n\t<meta property=\"og:image:width\" content=\"1024\" \/>\n\t<meta property=\"og:image:height\" content=\"791\" \/>\n\t<meta property=\"og:image:type\" content=\"image\/jpeg\" \/>\n<meta name=\"author\" content=\"R\u00e9veil info\" \/>\n<meta name=\"twitter:card\" content=\"summary_large_image\" \/>\n<meta name=\"twitter:label1\" content=\"\u00c9crit par\" \/>\n\t<meta name=\"twitter:data1\" content=\"R\u00e9veil info\" \/>\n\t<meta name=\"twitter:label2\" content=\"Dur\u00e9e de lecture estim\u00e9e\" \/>\n\t<meta name=\"twitter:data2\" content=\"2 minutes\" \/>\n<script type=\"application\/ld+json\" class=\"yoast-schema-graph\">{\"@context\":\"https:\\\/\\\/schema.org\",\"@graph\":[{\"@type\":\"Article\",\"@id\":\"https:\\\/\\\/reveil-info.net\\\/?p=2438#article\",\"isPartOf\":{\"@id\":\"https:\\\/\\\/reveil-info.net\\\/?p=2438\"},\"author\":{\"name\":\"R\u00e9veil info\",\"@id\":\"https:\\\/\\\/reveil-info.net\\\/#\\\/schema\\\/person\\\/ca0cc8e70088e0a2b5e92556c1ee60f5\"},\"headline\":\"Campagne de reforestation 2024: les op\u00e9rateurs \u00e9conomiques de la r\u00e9gion du Centre s&rsquo;engagent\",\"datePublished\":\"2024-07-16T09:17:54+00:00\",\"dateModified\":\"2024-07-16T09:20:40+00:00\",\"mainEntityOfPage\":{\"@id\":\"https:\\\/\\\/reveil-info.net\\\/?p=2438\"},\"wordCount\":304,\"commentCount\":0,\"publisher\":{\"@id\":\"https:\\\/\\\/reveil-info.net\\\/#organization\"},\"image\":{\"@id\":\"https:\\\/\\\/reveil-info.net\\\/?p=2438#primaryimage\"},\"thumbnailUrl\":\"https:\\\/\\\/reveil-info.net\\\/wp-content\\\/uploads\\\/2024\\\/07\\\/451106742_797271535922513_2490200907214642840_n.jpg\",\"articleSection\":[\"Actualit\u00e9\"],\"inLanguage\":\"fr-FR\",\"potentialAction\":[{\"@type\":\"CommentAction\",\"name\":\"Comment\",\"target\":[\"https:\\\/\\\/reveil-info.net\\\/?p=2438#respond\"]}]},{\"@type\":\"WebPage\",\"@id\":\"https:\\\/\\\/reveil-info.net\\\/?p=2438\",\"url\":\"https:\\\/\\\/reveil-info.net\\\/?p=2438\",\"name\":\"Campagne de reforestation 2024: les op\u00e9rateurs \u00e9conomiques de la r\u00e9gion du Centre s'engagent - R\u00e9veil Info\",\"isPartOf\":{\"@id\":\"https:\\\/\\\/reveil-info.net\\\/#website\"},\"primaryImageOfPage\":{\"@id\":\"https:\\\/\\\/reveil-info.net\\\/?p=2438#primaryimage\"},\"image\":{\"@id\":\"https:\\\/\\\/reveil-info.net\\\/?p=2438#primaryimage\"},\"thumbnailUrl\":\"https:\\\/\\\/reveil-info.net\\\/wp-content\\\/uploads\\\/2024\\\/07\\\/451106742_797271535922513_2490200907214642840_n.jpg\",\"datePublished\":\"2024-07-16T09:17:54+00:00\",\"dateModified\":\"2024-07-16T09:20:40+00:00\",\"breadcrumb\":{\"@id\":\"https:\\\/\\\/reveil-info.net\\\/?p=2438#breadcrumb\"},\"inLanguage\":\"fr-FR\",\"potentialAction\":[{\"@type\":\"ReadAction\",\"target\":[\"https:\\\/\\\/reveil-info.net\\\/?p=2438\"]}]},{\"@type\":\"ImageObject\",\"inLanguage\":\"fr-FR\",\"@id\":\"https:\\\/\\\/reveil-info.net\\\/?p=2438#primaryimage\",\"url\":\"https:\\\/\\\/reveil-info.net\\\/wp-content\\\/uploads\\\/2024\\\/07\\\/451106742_797271535922513_2490200907214642840_n.jpg\",\"contentUrl\":\"https:\\\/\\\/reveil-info.net\\\/wp-content\\\/uploads\\\/2024\\\/07\\\/451106742_797271535922513_2490200907214642840_n.jpg\",\"width\":1024,\"height\":791,\"caption\":\"Le ministre en charge de l'Environnement, Roger Baro\"},{\"@type\":\"BreadcrumbList\",\"@id\":\"https:\\\/\\\/reveil-info.net\\\/?p=2438#breadcrumb\",\"itemListElement\":[{\"@type\":\"ListItem\",\"position\":1,\"name\":\"Home\",\"item\":\"https:\\\/\\\/reveil-info.net\\\/\"},{\"@type\":\"ListItem\",\"position\":2,\"name\":\"Campagne de reforestation 2024: les op\u00e9rateurs \u00e9conomiques de la r\u00e9gion du Centre s&#8217;engagent\"}]},{\"@type\":\"WebSite\",\"@id\":\"https:\\\/\\\/reveil-info.net\\\/#website\",\"url\":\"https:\\\/\\\/reveil-info.net\\\/\",\"name\":\"R\u00e9veil Info\",\"description\":\"Le devoir d&#039;informer!\",\"publisher\":{\"@id\":\"https:\\\/\\\/reveil-info.net\\\/#organization\"},\"potentialAction\":[{\"@type\":\"SearchAction\",\"target\":{\"@type\":\"EntryPoint\",\"urlTemplate\":\"https:\\\/\\\/reveil-info.net\\\/?s={search_term_string}\"},\"query-input\":{\"@type\":\"PropertyValueSpecification\",\"valueRequired\":true,\"valueName\":\"search_term_string\"}}],\"inLanguage\":\"fr-FR\"},{\"@type\":\"Organization\",\"@id\":\"https:\\\/\\\/reveil-info.net\\\/#organization\",\"name\":\"R\u00e9veil Info\",\"url\":\"https:\\\/\\\/reveil-info.net\\\/\",\"logo\":{\"@type\":\"ImageObject\",\"inLanguage\":\"fr-FR\",\"@id\":\"https:\\\/\\\/reveil-info.net\\\/#\\\/schema\\\/logo\\\/image\\\/\",\"url\":\"https:\\\/\\\/reveil-info.net\\\/wp-content\\\/uploads\\\/2024\\\/07\\\/bnddd1.jpg\",\"contentUrl\":\"https:\\\/\\\/reveil-info.net\\\/wp-content\\\/uploads\\\/2024\\\/07\\\/bnddd1.jpg\",\"width\":903,\"height\":125,\"caption\":\"R\u00e9veil Info\"},\"image\":{\"@id\":\"https:\\\/\\\/reveil-info.net\\\/#\\\/schema\\\/logo\\\/image\\\/\"}},{\"@type\":\"Person\",\"@id\":\"https:\\\/\\\/reveil-info.net\\\/#\\\/schema\\\/person\\\/ca0cc8e70088e0a2b5e92556c1ee60f5\",\"name\":\"R\u00e9veil info\",\"image\":{\"@type\":\"ImageObject\",\"inLanguage\":\"fr-FR\",\"@id\":\"https:\\\/\\\/secure.gravatar.com\\\/avatar\\\/e4ad5bb743c8b6cb174d9df6c7d30a8a16f6889731241345fc6444e6485f02af?s=96&d=mm&r=g\",\"url\":\"https:\\\/\\\/secure.gravatar.com\\\/avatar\\\/e4ad5bb743c8b6cb174d9df6c7d30a8a16f6889731241345fc6444e6485f02af?s=96&d=mm&r=g\",\"contentUrl\":\"https:\\\/\\\/secure.gravatar.com\\\/avatar\\\/e4ad5bb743c8b6cb174d9df6c7d30a8a16f6889731241345fc6444e6485f02af?s=96&d=mm&r=g\",\"caption\":\"R\u00e9veil info\"},\"sameAs\":[\"https:\\\/\\\/reveil-info.net\"],\"url\":\"https:\\\/\\\/reveil-info.net\\\/?author=1\"}]}<\/script>\n<!-- \/ Yoast SEO plugin. -->","yoast_head_json":{"title":"Campagne de reforestation 2024: les op\u00e9rateurs \u00e9conomiques de la r\u00e9gion du Centre s'engagent - R\u00e9veil Info","robots":{"index":"noindex","follow":"follow","max-snippet":"max-snippet:-1","max-image-preview":"max-image-preview:large","max-video-preview":"max-video-preview:-1"},"og_locale":"fr_FR","og_type":"article","og_title":"Campagne de reforestation 2024: les op\u00e9rateurs \u00e9conomiques de la r\u00e9gion du Centre s'engagent - R\u00e9veil Info","og_description":"Apr\u00e8s une plantation de plus de 500 plants le long de la voie de contournement","og_url":"https:\/\/reveil-info.net\/?p=2438","og_site_name":"R\u00e9veil Info","article_published_time":"2024-07-16T09:17:54+00:00","article_modified_time":"2024-07-16T09:20:40+00:00","og_image":[{"width":1024,"height":791,"url":"https:\/\/reveil-info.net\/wp-content\/uploads\/2024\/07\/451106742_797271535922513_2490200907214642840_n.jpg","type":"image\/jpeg"}],"author":"R\u00e9veil info","twitter_card":"summary_large_image","twitter_misc":{"\u00c9crit par":"R\u00e9veil info","Dur\u00e9e de lecture estim\u00e9e":"2 minutes"},"schema":{"@context":"https:\/\/schema.org","@graph":[{"@type":"Article","@id":"https:\/\/reveil-info.net\/?p=2438#article","isPartOf":{"@id":"https:\/\/reveil-info.net\/?p=2438"},"author":{"name":"R\u00e9veil info","@id":"https:\/\/reveil-info.net\/#\/schema\/person\/ca0cc8e70088e0a2b5e92556c1ee60f5"},"headline":"Campagne de reforestation 2024: les op\u00e9rateurs \u00e9conomiques de la r\u00e9gion du Centre s&rsquo;engagent","datePublished":"2024-07-16T09:17:54+00:00","dateModified":"2024-07-16T09:20:40+00:00","mainEntityOfPage":{"@id":"https:\/\/reveil-info.net\/?p=2438"},"wordCount":304,"commentCount":0,"publisher":{"@id":"https:\/\/reveil-info.net\/#organization"},"image":{"@id":"https:\/\/reveil-info.net\/?p=2438#primaryimage"},"thumbnailUrl":"https:\/\/reveil-info.net\/wp-content\/uploads\/2024\/07\/451106742_797271535922513_2490200907214642840_n.jpg","articleSection":["Actualit\u00e9"],"inLanguage":"fr-FR","potentialAction":[{"@type":"CommentAction","name":"Comment","target":["https:\/\/reveil-info.net\/?p=2438#respond"]}]},{"@type":"WebPage","@id":"https:\/\/reveil-info.net\/?p=2438","url":"https:\/\/reveil-info.net\/?p=2438","name":"Campagne de reforestation 2024: les op\u00e9rateurs \u00e9conomiques de la r\u00e9gion du Centre s'engagent - R\u00e9veil Info","isPartOf":{"@id":"https:\/\/reveil-info.net\/#website"},"primaryImageOfPage":{"@id":"https:\/\/reveil-info.net\/?p=2438#primaryimage"},"image":{"@id":"https:\/\/reveil-info.net\/?p=2438#primaryimage"},"thumbnailUrl":"https:\/\/reveil-info.net\/wp-content\/uploads\/2024\/07\/451106742_797271535922513_2490200907214642840_n.jpg","datePublished":"2024-07-16T09:17:54+00:00","dateModified":"2024-07-16T09:20:40+00:00","breadcrumb":{"@id":"https:\/\/reveil-info.net\/?p=2438#breadcrumb"},"inLanguage":"fr-FR","potentialAction":[{"@type":"ReadAction","target":["https:\/\/reveil-info.net\/?p=2438"]}]},{"@type":"ImageObject","inLanguage":"fr-FR","@id":"https:\/\/reveil-info.net\/?p=2438#primaryimage","url":"https:\/\/reveil-info.net\/wp-content\/uploads\/2024\/07\/451106742_797271535922513_2490200907214642840_n.jpg","contentUrl":"https:\/\/reveil-info.net\/wp-content\/uploads\/2024\/07\/451106742_797271535922513_2490200907214642840_n.jpg","width":1024,"height":791,"caption":"Le ministre en charge de l'Environnement, Roger Baro"},{"@type":"BreadcrumbList","@id":"https:\/\/reveil-info.net\/?p=2438#breadcrumb","itemListElement":[{"@type":"ListItem","position":1,"name":"Home","item":"https:\/\/reveil-info.net\/"},{"@type":"ListItem","position":2,"name":"Campagne de reforestation 2024: les op\u00e9rateurs \u00e9conomiques de la r\u00e9gion du Centre s&#8217;engagent"}]},{"@type":"WebSite","@id":"https:\/\/reveil-info.net\/#website","url":"https:\/\/reveil-info.net\/","name":"R\u00e9veil Info","description":"Le devoir d&#039;informer!","publisher":{"@id":"https:\/\/reveil-info.net\/#organization"},"potentialAction":[{"@type":"SearchAction","target":{"@type":"EntryPoint","urlTemplate":"https:\/\/reveil-info.net\/?s={search_term_string}"},"query-input":{"@type":"PropertyValueSpecification","valueRequired":true,"valueName":"search_term_string"}}],"inLanguage":"fr-FR"},{"@type":"Organization","@id":"https:\/\/reveil-info.net\/#organization","name":"R\u00e9veil Info","url":"https:\/\/reveil-info.net\/","logo":{"@type":"ImageObject","inLanguage":"fr-FR","@id":"https:\/\/reveil-info.net\/#\/schema\/logo\/image\/","url":"https:\/\/reveil-info.net\/wp-content\/uploads\/2024\/07\/bnddd1.jpg","contentUrl":"https:\/\/reveil-info.net\/wp-content\/uploads\/2024\/07\/bnddd1.jpg","width":903,"height":125,"caption":"R\u00e9veil Info"},"image":{"@id":"https:\/\/reveil-info.net\/#\/schema\/logo\/image\/"}},{"@type":"Person","@id":"https:\/\/reveil-info.net\/#\/schema\/person\/ca0cc8e70088e0a2b5e92556c1ee60f5","name":"R\u00e9veil info","image":{"@type":"ImageObject","inLanguage":"fr-FR","@id":"https:\/\/secure.gravatar.com\/avatar\/e4ad5bb743c8b6cb174d9df6c7d30a8a16f6889731241345fc6444e6485f02af?s=96&d=mm&r=g","url":"https:\/\/secure.gravatar.com\/avatar\/e4ad5bb743c8b6cb174d9df6c7d30a8a16f6889731241345fc6444e6485f02af?s=96&d=mm&r=g","contentUrl":"https:\/\/secure.gravatar.com\/avatar\/e4ad5bb743c8b6cb174d9df6c7d30a8a16f6889731241345fc6444e6485f02af?s=96&d=mm&r=g","caption":"R\u00e9veil info"},"sameAs":["https:\/\/reveil-info.net"],"url":"https:\/\/reveil-info.net\/?author=1"}]}},"jetpack_featured_media_url":"https:\/\/reveil-info.net\/wp-content\/uploads\/2024\/07\/451106742_797271535922513_2490200907214642840_n.jpg","featured_image_urls":{"full":["https:\/\/reveil-info.net\/wp-content\/uploads\/2024\/07\/451106742_797271535922513_2490200907214642840_n.jpg",1024,791,false],"thumbnail":["https:\/\/reveil-info.net\/wp-content\/uploads\/2024\/07\/451106742_797271535922513_2490200907214642840_n-150x150.jpg",150,150,true],"medium":["https:\/\/reveil-info.net\/wp-content\/uploads\/2024\/07\/451106742_797271535922513_2490200907214642840_n-300x232.jpg",300,232,true],"medium_large":["https:\/\/reveil-info.net\/wp-content\/uploads\/2024\/07\/451106742_797271535922513_2490200907214642840_n-768x593.jpg",640,494,true],"large":["https:\/\/reveil-info.net\/wp-content\/uploads\/2024\/07\/451106742_797271535922513_2490200907214642840_n.jpg",640,494,false],"1536x1536":["https:\/\/reveil-info.net\/wp-content\/uploads\/2024\/07\/451106742_797271535922513_2490200907214642840_n.jpg",1024,791,false],"2048x2048":["https:\/\/reveil-info.net\/wp-content\/uploads\/2024\/07\/451106742_797271535922513_2490200907214642840_n.jpg",1024,791,false],"chromenews-featured":["https:\/\/reveil-info.net\/wp-content\/uploads\/2024\/07\/451106742_797271535922513_2490200907214642840_n.jpg",1024,791,false],"chromenews-large":["https:\/\/reveil-info.net\/wp-content\/uploads\/2024\/07\/451106742_797271535922513_2490200907214642840_n-825x575.jpg",825,575,true],"chromenews-medium":["https:\/\/reveil-info.net\/wp-content\/uploads\/2024\/07\/451106742_797271535922513_2490200907214642840_n-590x410.jpg",590,410,true]},"author_info":{"display_name":"R\u00e9veil info","author_link":"https:\/\/reveil-info.net\/?author=1"},"category_info":"<a href=\"https:\/\/reveil-info.net\/?cat=2\" rel=\"category\">Actualit\u00e9<\/a>","tag_info":"Actualit\u00e9","comment_count":"0","_links":{"self":[{"href":"https:\/\/reveil-info.net\/index.php?rest_route=\/wp\/v2\/posts\/2438","targetHints":{"allow":["GET"]}}],"collection":[{"href":"https:\/\/reveil-info.net\/index.php?rest_route=\/wp\/v2\/posts"}],"about":[{"href":"https:\/\/reveil-info.net\/index.php?rest_route=\/wp\/v2\/types\/post"}],"author":[{"embeddable":true,"href":"https:\/\/reveil-info.net\/index.php?rest_route=\/wp\/v2\/users\/1"}],"replies":[{"embeddable":true,"href":"https:\/\/reveil-info.net\/index.php?rest_route=%2Fwp%2Fv2%2Fcomments&post=2438"}],"version-history":[{"count":9,"href":"https:\/\/reveil-info.net\/index.php?rest_route=\/wp\/v2\/posts\/2438\/revisions"}],"predecessor-version":[{"id":2449,"href":"https:\/\/reveil-info.net\/index.php?rest_route=\/wp\/v2\/posts\/2438\/revisions\/2449"}],"wp:featuredmedia":[{"embeddable":true,"href":"https:\/\/reveil-info.net\/index.php?rest_route=\/wp\/v2\/media\/2444"}],"wp:attachment":[{"href":"https:\/\/reveil-info.net\/index.php?rest_route=%2Fwp%2Fv2%2Fmedia&parent=2438"}],"wp:term":[{"taxonomy":"category","embeddable":true,"href":"https:\/\/reveil-info.net\/index.php?rest_route=%2Fwp%2Fv2%2Fcategories&post=2438"},{"taxonomy":"post_tag","embeddable":true,"href":"https:\/\/reveil-info.net\/index.php?rest_route=%2Fwp%2Fv2%2Ftags&post=2438"}],"curies":[{"name":"wp","href":"https:\/\/api.w.org\/{rel}","templated":true}]}}