{"id":2377,"date":"2024-07-15T16:30:15","date_gmt":"2024-07-15T16:30:15","guid":{"rendered":"https:\/\/reveil-info.net\/test\/?p=2377"},"modified":"2024-07-15T16:30:15","modified_gmt":"2024-07-15T16:30:15","slug":"sejour-du-chef-de-la-diplomatie-burkinabe-en-guinee-equatoriale-les-nouvelles-du-pays-donnees-a-la-diaspora","status":"publish","type":"post","link":"https:\/\/reveil-info.net\/?p=2377","title":{"rendered":"S\u00e9jour du chef de la diplomatie burkinab\u00e8 en Guin\u00e9e Equatoriale: les nouvelles du pays donn\u00e9es \u00e0 la diaspora."},"content":{"rendered":"<p>En marge de sa visite de travail \u00e0 Malabo, le ministre des Affaires \u00e9trang\u00e8res de la Coop\u00e9ration r\u00e9gionale et des Burkinab\u00e8 de l\u2019Ext\u00e9rieur, s&rsquo;est entretenu le 11 juillet avec la communaut\u00e9 burkinab\u00e8 vivant en Guin\u00e9e Equatoriale. A ces compatriotes, SEM Karamoko Jean Marie TRAORE a traduit la reconnaissance de la nation toute enti\u00e8re, pour leur mobilisation et leur contribution \u00e0 l\u2019effort de paix, tout en les invitant \u00e0 maintenir le cap du soutien patriotique Cette rencontre avait aussi pour objectif de leur donner les vraies informations du pays, sur les plans sociopolitique, s\u00e9curitaire et humanitaire. Dans l&rsquo;ensemble, les nouvelles sont rassurantes et encourageantes, gr\u00e2ce \u00e0 la d\u00e9termination et \u00e0 l&rsquo;engagement des forces combattantes qui abattent un travail formidable au quotidien, ce qui a permis \u00e0 ce jour, le retour de bon nombre de personnes d\u00e9plac\u00e9es internes dans leurs localit\u00e9s.<img loading=\"lazy\" decoding=\"async\" class=\"alignnone  wp-image-2383\" src=\"https:\/\/reveil-info.net\/test\/wp-content\/uploads\/2024\/07\/451004658_889962129826410_4097705511396209192_n-300x300.jpg\" alt=\"\" width=\"948\" height=\"948\" srcset=\"https:\/\/reveil-info.net\/wp-content\/uploads\/2024\/07\/451004658_889962129826410_4097705511396209192_n-300x300.jpg 300w, https:\/\/reveil-info.net\/wp-content\/uploads\/2024\/07\/451004658_889962129826410_4097705511396209192_n-150x150.jpg 150w, https:\/\/reveil-info.net\/wp-content\/uploads\/2024\/07\/451004658_889962129826410_4097705511396209192_n-768x768.jpg 768w, https:\/\/reveil-info.net\/wp-content\/uploads\/2024\/07\/451004658_889962129826410_4097705511396209192_n.jpg 775w\" sizes=\"auto, (max-width: 948px) 100vw, 948px\" \/>Tout en invitant la diaspora \u00e0 rester mobilis\u00e9e derri\u00e8re les autorit\u00e9s, le ministre TRAORE a attir\u00e9 son attention sur les fausses informations distill\u00e9es \u00e0 dessein par certains m\u00e9dias et sur les r\u00e9seaux sociaux, dans le seul but de saper le moral de nos forces combattantes et de d\u00e9stabiliser le pouvoir actuel. Actuellement oblige, il a \u00e9galement partag\u00e9 avec cette diaspora, les conclusions du premier sommet des Chefs d\u2019Etat de l\u2019AES tenu \u00e0 Niamey le 6 juillet 2024. En retour, les Burkinab\u00e8 vivant en R\u00e9publique de Guin\u00e9e Equatoriale, ont r\u00e9affirm\u00e9 leur soutien \u00e0 la m\u00e8re patrie, et au combat qui y est engag\u00e9 pour la restauration de la dignit\u00e9 de leur pays d&rsquo;origine.<\/p>\n<div class=\"html-div xe8uvvx xdj266r x11i5rnm xat24cr x1mh8g0r xexx8yu x4uap5 x18d9i69 xkhd6sd\">\n<div class=\"html-div xe8uvvx xdj266r x11i5rnm xat24cr x1mh8g0r xexx8yu x4uap5 x18d9i69 xkhd6sd\" dir=\"auto\">\n<div id=\":r4kc:\" class=\"x1iorvi4 x1pi30zi x1l90r2v x1swvt13\" data-ad-comet-preview=\"message\" data-ad-preview=\"message\">\n<div class=\"x78zum5 xdt5ytf xz62fqu x16ldp7u\">\n<div class=\"xu06os2 x1ok221b\">\n<div class=\"x11i5rnm xat24cr x1mh8g0r x1vvkbs xtlvy1s x126k92a\">\n<div dir=\"auto\">Ils ont saisi cette opportunit\u00e9, pour exposer quelques pr\u00e9occupations \u00e0 leur ministre de tutelle, qui a promis d\u2019y r\u00e9pondre dans la mesure du possible.<\/div>\n<\/div>\n<div class=\"x11i5rnm xat24cr x1mh8g0r x1vvkbs xtlvy1s x126k92a\">\n<div dir=\"auto\">Il faut noter que le ministre en charge des Burkinab\u00e8 de l\u2019Ext\u00e9rieur, a aussi rencontr\u00e9 le personnel du Consulat G\u00e9n\u00e9ral du Burkina Faso \u00e0 Malabo, avec qui les \u00e9changes ont essentiellement port\u00e9 sur les difficult\u00e9s qui entravent l\u2019accomplissement de ses missions, ainsi qu&rsquo;avec les fonctionnaires internationaux burkinab\u00e8 qui eux, ont surtout adress\u00e9 leurs encouragements et soutien aux autorit\u00e9s burkinab\u00e8 dans la gestion actuelle du pays.<\/div>\n<\/div>\n<div class=\"x11i5rnm xat24cr x1mh8g0r x1vvkbs xtlvy1s x126k92a\">\n<div dir=\"auto\">Rappelons qu&rsquo;\u00e0 l&rsquo;occasion de cette visite \u00e0 Malabo, SEM Karamoko Jean Marie TRAORE a \u00e9t\u00e9 re\u00e7u par SEM Obiang NGUEMA MBASOGO Pr\u00e9sident de la Guin\u00e9e Equatoriale, et il a eu une s\u00e9ance de travail avec son homologue le ministre des Affaires \u00e9trang\u00e8res SEM Simeon OYONO ESONO ANGUE.<\/div>\n<\/div>\n<div class=\"x11i5rnm xat24cr x1mh8g0r x1vvkbs xtlvy1s x126k92a\">\n<div dir=\"auto\">Le tout, dans le but de donner un nouvel \u00e9lan \u00e0 l&rsquo;axe Ouagadougou-Malabo.<\/div>\n<\/div>\n<div class=\"x11i5rnm xat24cr x1mh8g0r x1vvkbs xtlvy1s x126k92a\">\n<div dir=\"auto\" style=\"text-align: right;\"><strong>DCRP\/MAECR-BE<\/strong><\/div>\n<\/div>\n<\/div>\n<\/div>\n<\/div>\n<\/div>\n<div id=\":r4kd:\" class=\"html-div xe8uvvx xdj266r x11i5rnm xat24cr x1mh8g0r xexx8yu x4uap5 x18d9i69 xkhd6sd x1n2onr6\">\n<div class=\"html-div xe8uvvx xdj266r x11i5rnm xat24cr x1mh8g0r xexx8yu x4uap5 x18d9i69 xkhd6sd x1n2onr6\">\n<div class=\"html-div xe8uvvx xdj266r x11i5rnm xat24cr x1mh8g0r xexx8yu x4uap5 x18d9i69 xkhd6sd\">\n<div class=\"x1n2onr6\">\n<div class=\"x1n2onr6\">\n<div class=\"x6ikm8r x10wlt62 x10l6tqk\">\n<div class=\"html-div xe8uvvx xdj266r x11i5rnm xat24cr x1mh8g0r xexx8yu x4uap5 x18d9i69 xkhd6sd x6ikm8r x10wlt62\">\n<div class=\"xqtp20y x6ikm8r x10wlt62 x1n2onr6\">\n<div class=\"x10l6tqk x13vifvy\"><\/div>\n<\/div>\n<div class=\"html-div xe8uvvx xdj266r x11i5rnm xat24cr x1mh8g0r xexx8yu x4uap5 x18d9i69 xkhd6sd x1nb4dca x1q0q8m5 xso031l x1exxf4d x13fuv20 x178xt8z x1ey2m1c x9f619 xds687c x47corl x10l6tqk x17qophe x13vifvy\"><\/div>\n<\/div>\n<\/div>\n<div class=\"x6ikm8r x10wlt62 x10l6tqk\">\n<div class=\"html-div xe8uvvx xdj266r x11i5rnm xat24cr x1mh8g0r xexx8yu x4uap5 x18d9i69 xkhd6sd x6ikm8r x10wlt62\">\n<div class=\"xqtp20y x6ikm8r x10wlt62 x1n2onr6\">\n<div class=\"x10l6tqk x13vifvy\"><\/div>\n<\/div>\n<div class=\"html-div xe8uvvx xdj266r x11i5rnm xat24cr x1mh8g0r xexx8yu x4uap5 x18d9i69 xkhd6sd x1nb4dca x1q0q8m5 xso031l x1exxf4d x13fuv20 x178xt8z x1ey2m1c x9f619 xds687c x47corl x10l6tqk x17qophe x13vifvy\"><\/div>\n<\/div>\n<\/div>\n<\/div>\n<\/div>\n<\/div>\n<\/div>\n<\/div>\n<\/div>\n<div>\n<div class=\"x168nmei x13lgxp2 x30kzoy x9jhf4c x6ikm8r x10wlt62\" data-visualcompletion=\"ignore-dynamic\">\n<div>\n<div>\n<div>\n<div class=\"x1n2onr6\">\n<div class=\"x6s0dn4 xi81zsa x78zum5 x6prxxf x13a6bvl xvq8zen xdj266r xat24cr x1d52u69 xktsk01 x889kno x1a8lsjc xkhd6sd x4uap5 x80vd3b x1q0q8m5 xso031l\">\n<div class=\"x9f619 x1n2onr6 x1ja2u2z x78zum5 x2lah0s x1qughib x1qjc9v5 xozqiw3 x1q0g3np xykv574 xbmpl8g x4cne27 xifccgj\"><\/div>\n<\/div>\n<\/div>\n<\/div>\n<\/div>\n<\/div>\n<\/div>\n<\/div>\n","protected":false},"excerpt":{"rendered":"<p>En marge de sa visite de travail \u00e0 Malabo, le ministre des Affaires \u00e9trang\u00e8res de<\/p>\n","protected":false},"author":1,"featured_media":2380,"comment_status":"open","ping_status":"open","sticky":false,"template":"","format":"standard","meta":{"footnotes":""},"categories":[2,12],"tags":[],"class_list":["post-2377","post","type-post","status-publish","format-standard","has-post-thumbnail","hentry","category-actu","category-politique"],"yoast_head":"<!-- This site is optimized with the Yoast SEO plugin v27.5 - https:\/\/yoast.com\/product\/yoast-seo-wordpress\/ -->\n<title>S\u00e9jour du chef de la diplomatie burkinab\u00e8 en Guin\u00e9e Equatoriale: les nouvelles du pays donn\u00e9es \u00e0 la diaspora. - R\u00e9veil Info<\/title>\n<meta name=\"robots\" content=\"noindex, follow, max-snippet:-1, max-image-preview:large, max-video-preview:-1\" \/>\n<meta property=\"og:locale\" content=\"fr_FR\" \/>\n<meta property=\"og:type\" content=\"article\" \/>\n<meta property=\"og:title\" content=\"S\u00e9jour du chef de la diplomatie burkinab\u00e8 en Guin\u00e9e Equatoriale: les nouvelles du pays donn\u00e9es \u00e0 la diaspora. - R\u00e9veil Info\" \/>\n<meta property=\"og:description\" content=\"En marge de sa visite de travail \u00e0 Malabo, le ministre des Affaires \u00e9trang\u00e8res de\" \/>\n<meta property=\"og:url\" content=\"https:\/\/reveil-info.net\/?p=2377\" \/>\n<meta property=\"og:site_name\" content=\"R\u00e9veil Info\" \/>\n<meta property=\"article:published_time\" content=\"2024-07-15T16:30:15+00:00\" \/>\n<meta property=\"og:image\" content=\"https:\/\/reveil-info.net\/wp-content\/uploads\/2024\/07\/450793710_889962406493049_5725373833489192741_n.jpg\" \/>\n\t<meta property=\"og:image:width\" content=\"1021\" \/>\n\t<meta property=\"og:image:height\" content=\"570\" \/>\n\t<meta property=\"og:image:type\" content=\"image\/jpeg\" \/>\n<meta name=\"author\" content=\"R\u00e9veil info\" \/>\n<meta name=\"twitter:card\" content=\"summary_large_image\" \/>\n<meta name=\"twitter:label1\" content=\"\u00c9crit par\" \/>\n\t<meta name=\"twitter:data1\" content=\"R\u00e9veil info\" \/>\n\t<meta name=\"twitter:label2\" content=\"Dur\u00e9e de lecture estim\u00e9e\" \/>\n\t<meta name=\"twitter:data2\" content=\"3 minutes\" \/>\n<script type=\"application\/ld+json\" class=\"yoast-schema-graph\">{\"@context\":\"https:\\\/\\\/schema.org\",\"@graph\":[{\"@type\":\"Article\",\"@id\":\"https:\\\/\\\/reveil-info.net\\\/?p=2377#article\",\"isPartOf\":{\"@id\":\"https:\\\/\\\/reveil-info.net\\\/?p=2377\"},\"author\":{\"name\":\"R\u00e9veil info\",\"@id\":\"https:\\\/\\\/reveil-info.net\\\/#\\\/schema\\\/person\\\/ca0cc8e70088e0a2b5e92556c1ee60f5\"},\"headline\":\"S\u00e9jour du chef de la diplomatie burkinab\u00e8 en Guin\u00e9e Equatoriale: les nouvelles du pays donn\u00e9es \u00e0 la diaspora.\",\"datePublished\":\"2024-07-15T16:30:15+00:00\",\"mainEntityOfPage\":{\"@id\":\"https:\\\/\\\/reveil-info.net\\\/?p=2377\"},\"wordCount\":454,\"commentCount\":0,\"publisher\":{\"@id\":\"https:\\\/\\\/reveil-info.net\\\/#organization\"},\"image\":{\"@id\":\"https:\\\/\\\/reveil-info.net\\\/?p=2377#primaryimage\"},\"thumbnailUrl\":\"https:\\\/\\\/reveil-info.net\\\/wp-content\\\/uploads\\\/2024\\\/07\\\/450793710_889962406493049_5725373833489192741_n.jpg\",\"articleSection\":[\"Actualit\u00e9\",\"Politique\"],\"inLanguage\":\"fr-FR\",\"potentialAction\":[{\"@type\":\"CommentAction\",\"name\":\"Comment\",\"target\":[\"https:\\\/\\\/reveil-info.net\\\/?p=2377#respond\"]}]},{\"@type\":\"WebPage\",\"@id\":\"https:\\\/\\\/reveil-info.net\\\/?p=2377\",\"url\":\"https:\\\/\\\/reveil-info.net\\\/?p=2377\",\"name\":\"S\u00e9jour du chef de la diplomatie burkinab\u00e8 en Guin\u00e9e Equatoriale: les nouvelles du pays donn\u00e9es \u00e0 la diaspora. - R\u00e9veil Info\",\"isPartOf\":{\"@id\":\"https:\\\/\\\/reveil-info.net\\\/#website\"},\"primaryImageOfPage\":{\"@id\":\"https:\\\/\\\/reveil-info.net\\\/?p=2377#primaryimage\"},\"image\":{\"@id\":\"https:\\\/\\\/reveil-info.net\\\/?p=2377#primaryimage\"},\"thumbnailUrl\":\"https:\\\/\\\/reveil-info.net\\\/wp-content\\\/uploads\\\/2024\\\/07\\\/450793710_889962406493049_5725373833489192741_n.jpg\",\"datePublished\":\"2024-07-15T16:30:15+00:00\",\"breadcrumb\":{\"@id\":\"https:\\\/\\\/reveil-info.net\\\/?p=2377#breadcrumb\"},\"inLanguage\":\"fr-FR\",\"potentialAction\":[{\"@type\":\"ReadAction\",\"target\":[\"https:\\\/\\\/reveil-info.net\\\/?p=2377\"]}]},{\"@type\":\"ImageObject\",\"inLanguage\":\"fr-FR\",\"@id\":\"https:\\\/\\\/reveil-info.net\\\/?p=2377#primaryimage\",\"url\":\"https:\\\/\\\/reveil-info.net\\\/wp-content\\\/uploads\\\/2024\\\/07\\\/450793710_889962406493049_5725373833489192741_n.jpg\",\"contentUrl\":\"https:\\\/\\\/reveil-info.net\\\/wp-content\\\/uploads\\\/2024\\\/07\\\/450793710_889962406493049_5725373833489192741_n.jpg\",\"width\":1021,\"height\":570},{\"@type\":\"BreadcrumbList\",\"@id\":\"https:\\\/\\\/reveil-info.net\\\/?p=2377#breadcrumb\",\"itemListElement\":[{\"@type\":\"ListItem\",\"position\":1,\"name\":\"Home\",\"item\":\"https:\\\/\\\/reveil-info.net\\\/\"},{\"@type\":\"ListItem\",\"position\":2,\"name\":\"S\u00e9jour du chef de la diplomatie burkinab\u00e8 en Guin\u00e9e Equatoriale: les nouvelles du pays donn\u00e9es \u00e0 la diaspora.\"}]},{\"@type\":\"WebSite\",\"@id\":\"https:\\\/\\\/reveil-info.net\\\/#website\",\"url\":\"https:\\\/\\\/reveil-info.net\\\/\",\"name\":\"R\u00e9veil Info\",\"description\":\"Le devoir d&#039;informer!\",\"publisher\":{\"@id\":\"https:\\\/\\\/reveil-info.net\\\/#organization\"},\"potentialAction\":[{\"@type\":\"SearchAction\",\"target\":{\"@type\":\"EntryPoint\",\"urlTemplate\":\"https:\\\/\\\/reveil-info.net\\\/?s={search_term_string}\"},\"query-input\":{\"@type\":\"PropertyValueSpecification\",\"valueRequired\":true,\"valueName\":\"search_term_string\"}}],\"inLanguage\":\"fr-FR\"},{\"@type\":\"Organization\",\"@id\":\"https:\\\/\\\/reveil-info.net\\\/#organization\",\"name\":\"R\u00e9veil Info\",\"url\":\"https:\\\/\\\/reveil-info.net\\\/\",\"logo\":{\"@type\":\"ImageObject\",\"inLanguage\":\"fr-FR\",\"@id\":\"https:\\\/\\\/reveil-info.net\\\/#\\\/schema\\\/logo\\\/image\\\/\",\"url\":\"https:\\\/\\\/reveil-info.net\\\/wp-content\\\/uploads\\\/2024\\\/07\\\/bnddd1.jpg\",\"contentUrl\":\"https:\\\/\\\/reveil-info.net\\\/wp-content\\\/uploads\\\/2024\\\/07\\\/bnddd1.jpg\",\"width\":903,\"height\":125,\"caption\":\"R\u00e9veil Info\"},\"image\":{\"@id\":\"https:\\\/\\\/reveil-info.net\\\/#\\\/schema\\\/logo\\\/image\\\/\"}},{\"@type\":\"Person\",\"@id\":\"https:\\\/\\\/reveil-info.net\\\/#\\\/schema\\\/person\\\/ca0cc8e70088e0a2b5e92556c1ee60f5\",\"name\":\"R\u00e9veil info\",\"image\":{\"@type\":\"ImageObject\",\"inLanguage\":\"fr-FR\",\"@id\":\"https:\\\/\\\/secure.gravatar.com\\\/avatar\\\/e4ad5bb743c8b6cb174d9df6c7d30a8a16f6889731241345fc6444e6485f02af?s=96&d=mm&r=g\",\"url\":\"https:\\\/\\\/secure.gravatar.com\\\/avatar\\\/e4ad5bb743c8b6cb174d9df6c7d30a8a16f6889731241345fc6444e6485f02af?s=96&d=mm&r=g\",\"contentUrl\":\"https:\\\/\\\/secure.gravatar.com\\\/avatar\\\/e4ad5bb743c8b6cb174d9df6c7d30a8a16f6889731241345fc6444e6485f02af?s=96&d=mm&r=g\",\"caption\":\"R\u00e9veil info\"},\"sameAs\":[\"https:\\\/\\\/reveil-info.net\"],\"url\":\"https:\\\/\\\/reveil-info.net\\\/?author=1\"}]}<\/script>\n<!-- \/ Yoast SEO plugin. -->","yoast_head_json":{"title":"S\u00e9jour du chef de la diplomatie burkinab\u00e8 en Guin\u00e9e Equatoriale: les nouvelles du pays donn\u00e9es \u00e0 la diaspora. - R\u00e9veil Info","robots":{"index":"noindex","follow":"follow","max-snippet":"max-snippet:-1","max-image-preview":"max-image-preview:large","max-video-preview":"max-video-preview:-1"},"og_locale":"fr_FR","og_type":"article","og_title":"S\u00e9jour du chef de la diplomatie burkinab\u00e8 en Guin\u00e9e Equatoriale: les nouvelles du pays donn\u00e9es \u00e0 la diaspora. - R\u00e9veil Info","og_description":"En marge de sa visite de travail \u00e0 Malabo, le ministre des Affaires \u00e9trang\u00e8res de","og_url":"https:\/\/reveil-info.net\/?p=2377","og_site_name":"R\u00e9veil Info","article_published_time":"2024-07-15T16:30:15+00:00","og_image":[{"width":1021,"height":570,"url":"https:\/\/reveil-info.net\/wp-content\/uploads\/2024\/07\/450793710_889962406493049_5725373833489192741_n.jpg","type":"image\/jpeg"}],"author":"R\u00e9veil info","twitter_card":"summary_large_image","twitter_misc":{"\u00c9crit par":"R\u00e9veil info","Dur\u00e9e de lecture estim\u00e9e":"3 minutes"},"schema":{"@context":"https:\/\/schema.org","@graph":[{"@type":"Article","@id":"https:\/\/reveil-info.net\/?p=2377#article","isPartOf":{"@id":"https:\/\/reveil-info.net\/?p=2377"},"author":{"name":"R\u00e9veil info","@id":"https:\/\/reveil-info.net\/#\/schema\/person\/ca0cc8e70088e0a2b5e92556c1ee60f5"},"headline":"S\u00e9jour du chef de la diplomatie burkinab\u00e8 en Guin\u00e9e Equatoriale: les nouvelles du pays donn\u00e9es \u00e0 la diaspora.","datePublished":"2024-07-15T16:30:15+00:00","mainEntityOfPage":{"@id":"https:\/\/reveil-info.net\/?p=2377"},"wordCount":454,"commentCount":0,"publisher":{"@id":"https:\/\/reveil-info.net\/#organization"},"image":{"@id":"https:\/\/reveil-info.net\/?p=2377#primaryimage"},"thumbnailUrl":"https:\/\/reveil-info.net\/wp-content\/uploads\/2024\/07\/450793710_889962406493049_5725373833489192741_n.jpg","articleSection":["Actualit\u00e9","Politique"],"inLanguage":"fr-FR","potentialAction":[{"@type":"CommentAction","name":"Comment","target":["https:\/\/reveil-info.net\/?p=2377#respond"]}]},{"@type":"WebPage","@id":"https:\/\/reveil-info.net\/?p=2377","url":"https:\/\/reveil-info.net\/?p=2377","name":"S\u00e9jour du chef de la diplomatie burkinab\u00e8 en Guin\u00e9e Equatoriale: les nouvelles du pays donn\u00e9es \u00e0 la diaspora. - R\u00e9veil Info","isPartOf":{"@id":"https:\/\/reveil-info.net\/#website"},"primaryImageOfPage":{"@id":"https:\/\/reveil-info.net\/?p=2377#primaryimage"},"image":{"@id":"https:\/\/reveil-info.net\/?p=2377#primaryimage"},"thumbnailUrl":"https:\/\/reveil-info.net\/wp-content\/uploads\/2024\/07\/450793710_889962406493049_5725373833489192741_n.jpg","datePublished":"2024-07-15T16:30:15+00:00","breadcrumb":{"@id":"https:\/\/reveil-info.net\/?p=2377#breadcrumb"},"inLanguage":"fr-FR","potentialAction":[{"@type":"ReadAction","target":["https:\/\/reveil-info.net\/?p=2377"]}]},{"@type":"ImageObject","inLanguage":"fr-FR","@id":"https:\/\/reveil-info.net\/?p=2377#primaryimage","url":"https:\/\/reveil-info.net\/wp-content\/uploads\/2024\/07\/450793710_889962406493049_5725373833489192741_n.jpg","contentUrl":"https:\/\/reveil-info.net\/wp-content\/uploads\/2024\/07\/450793710_889962406493049_5725373833489192741_n.jpg","width":1021,"height":570},{"@type":"BreadcrumbList","@id":"https:\/\/reveil-info.net\/?p=2377#breadcrumb","itemListElement":[{"@type":"ListItem","position":1,"name":"Home","item":"https:\/\/reveil-info.net\/"},{"@type":"ListItem","position":2,"name":"S\u00e9jour du chef de la diplomatie burkinab\u00e8 en Guin\u00e9e Equatoriale: les nouvelles du pays donn\u00e9es \u00e0 la diaspora."}]},{"@type":"WebSite","@id":"https:\/\/reveil-info.net\/#website","url":"https:\/\/reveil-info.net\/","name":"R\u00e9veil Info","description":"Le devoir d&#039;informer!","publisher":{"@id":"https:\/\/reveil-info.net\/#organization"},"potentialAction":[{"@type":"SearchAction","target":{"@type":"EntryPoint","urlTemplate":"https:\/\/reveil-info.net\/?s={search_term_string}"},"query-input":{"@type":"PropertyValueSpecification","valueRequired":true,"valueName":"search_term_string"}}],"inLanguage":"fr-FR"},{"@type":"Organization","@id":"https:\/\/reveil-info.net\/#organization","name":"R\u00e9veil Info","url":"https:\/\/reveil-info.net\/","logo":{"@type":"ImageObject","inLanguage":"fr-FR","@id":"https:\/\/reveil-info.net\/#\/schema\/logo\/image\/","url":"https:\/\/reveil-info.net\/wp-content\/uploads\/2024\/07\/bnddd1.jpg","contentUrl":"https:\/\/reveil-info.net\/wp-content\/uploads\/2024\/07\/bnddd1.jpg","width":903,"height":125,"caption":"R\u00e9veil Info"},"image":{"@id":"https:\/\/reveil-info.net\/#\/schema\/logo\/image\/"}},{"@type":"Person","@id":"https:\/\/reveil-info.net\/#\/schema\/person\/ca0cc8e70088e0a2b5e92556c1ee60f5","name":"R\u00e9veil info","image":{"@type":"ImageObject","inLanguage":"fr-FR","@id":"https:\/\/secure.gravatar.com\/avatar\/e4ad5bb743c8b6cb174d9df6c7d30a8a16f6889731241345fc6444e6485f02af?s=96&d=mm&r=g","url":"https:\/\/secure.gravatar.com\/avatar\/e4ad5bb743c8b6cb174d9df6c7d30a8a16f6889731241345fc6444e6485f02af?s=96&d=mm&r=g","contentUrl":"https:\/\/secure.gravatar.com\/avatar\/e4ad5bb743c8b6cb174d9df6c7d30a8a16f6889731241345fc6444e6485f02af?s=96&d=mm&r=g","caption":"R\u00e9veil info"},"sameAs":["https:\/\/reveil-info.net"],"url":"https:\/\/reveil-info.net\/?author=1"}]}},"jetpack_featured_media_url":"https:\/\/reveil-info.net\/wp-content\/uploads\/2024\/07\/450793710_889962406493049_5725373833489192741_n.jpg","featured_image_urls":{"full":["https:\/\/reveil-info.net\/wp-content\/uploads\/2024\/07\/450793710_889962406493049_5725373833489192741_n.jpg",1021,570,false],"thumbnail":["https:\/\/reveil-info.net\/wp-content\/uploads\/2024\/07\/450793710_889962406493049_5725373833489192741_n-150x150.jpg",150,150,true],"medium":["https:\/\/reveil-info.net\/wp-content\/uploads\/2024\/07\/450793710_889962406493049_5725373833489192741_n-300x167.jpg",300,167,true],"medium_large":["https:\/\/reveil-info.net\/wp-content\/uploads\/2024\/07\/450793710_889962406493049_5725373833489192741_n-768x429.jpg",640,358,true],"large":["https:\/\/reveil-info.net\/wp-content\/uploads\/2024\/07\/450793710_889962406493049_5725373833489192741_n.jpg",640,357,false],"1536x1536":["https:\/\/reveil-info.net\/wp-content\/uploads\/2024\/07\/450793710_889962406493049_5725373833489192741_n.jpg",1021,570,false],"2048x2048":["https:\/\/reveil-info.net\/wp-content\/uploads\/2024\/07\/450793710_889962406493049_5725373833489192741_n.jpg",1021,570,false],"chromenews-featured":["https:\/\/reveil-info.net\/wp-content\/uploads\/2024\/07\/450793710_889962406493049_5725373833489192741_n.jpg",1021,570,false],"chromenews-large":["https:\/\/reveil-info.net\/wp-content\/uploads\/2024\/07\/450793710_889962406493049_5725373833489192741_n-825x570.jpg",825,570,true],"chromenews-medium":["https:\/\/reveil-info.net\/wp-content\/uploads\/2024\/07\/450793710_889962406493049_5725373833489192741_n-590x410.jpg",590,410,true]},"author_info":{"display_name":"R\u00e9veil info","author_link":"https:\/\/reveil-info.net\/?author=1"},"category_info":"<a href=\"https:\/\/reveil-info.net\/?cat=2\" rel=\"category\">Actualit\u00e9<\/a> <a href=\"https:\/\/reveil-info.net\/?cat=12\" rel=\"category\">Politique<\/a>","tag_info":"Politique","comment_count":"0","_links":{"self":[{"href":"https:\/\/reveil-info.net\/index.php?rest_route=\/wp\/v2\/posts\/2377","targetHints":{"allow":["GET"]}}],"collection":[{"href":"https:\/\/reveil-info.net\/index.php?rest_route=\/wp\/v2\/posts"}],"about":[{"href":"https:\/\/reveil-info.net\/index.php?rest_route=\/wp\/v2\/types\/post"}],"author":[{"embeddable":true,"href":"https:\/\/reveil-info.net\/index.php?rest_route=\/wp\/v2\/users\/1"}],"replies":[{"embeddable":true,"href":"https:\/\/reveil-info.net\/index.php?rest_route=%2Fwp%2Fv2%2Fcomments&post=2377"}],"version-history":[{"count":5,"href":"https:\/\/reveil-info.net\/index.php?rest_route=\/wp\/v2\/posts\/2377\/revisions"}],"predecessor-version":[{"id":2384,"href":"https:\/\/reveil-info.net\/index.php?rest_route=\/wp\/v2\/posts\/2377\/revisions\/2384"}],"wp:featuredmedia":[{"embeddable":true,"href":"https:\/\/reveil-info.net\/index.php?rest_route=\/wp\/v2\/media\/2380"}],"wp:attachment":[{"href":"https:\/\/reveil-info.net\/index.php?rest_route=%2Fwp%2Fv2%2Fmedia&parent=2377"}],"wp:term":[{"taxonomy":"category","embeddable":true,"href":"https:\/\/reveil-info.net\/index.php?rest_route=%2Fwp%2Fv2%2Fcategories&post=2377"},{"taxonomy":"post_tag","embeddable":true,"href":"https:\/\/reveil-info.net\/index.php?rest_route=%2Fwp%2Fv2%2Ftags&post=2377"}],"curies":[{"name":"wp","href":"https:\/\/api.w.org\/{rel}","templated":true}]}}