{"id":23537,"date":"2025-06-04T08:54:22","date_gmt":"2025-06-04T08:54:22","guid":{"rendered":"https:\/\/reveil-info.net\/?p=23537"},"modified":"2025-06-04T08:55:42","modified_gmt":"2025-06-04T08:55:42","slug":"cote-divoire-tuerie-a-la-prison-de-bouake-les-faits-selon-le-procureur","status":"publish","type":"post","link":"https:\/\/reveil-info.net\/?p=23537","title":{"rendered":"C\u00f4te-d&rsquo;Ivoire- Tuerie  \u00e0 la Prison de Bouak\u00e9: les faits selon le procureur"},"content":{"rendered":"<p>On sait d\u00e9sormais ce qui s\u2019est pass\u00e9 \u00e0 la maison p\u00e9nale de Bouak\u00e9 :<\/p>\n<p>COMMUNIQU\u00c9 DU PROCUREUR DE LA R\u00c9PUBLIQUE PR\u00c8S LE TRIBUNAL DE PREMI\u00c8RE INSTANCE DE BOUAK\u00c9<\/p>\n<p>Ce mardi 03 juin 2025, l&rsquo;Administration p\u00e9nitentiaire a proc\u00e9d\u00e9 \u00e0 une fouille au sein de la Maison P\u00e9nale de Bouak\u00e9, en vue d&rsquo;extraire de la d\u00e9tention tous les objets contraires \u00e0 la r\u00e9glementation susceptibles de s&rsquo;y trouver.<\/p>\n<p>Au cours de cette op\u00e9ration, qui rel\u00e8ve de la routine p\u00e9nitentiaire, plusieurs cellules ont \u00e9t\u00e9 pass\u00e9es au peigne fin sans difficult\u00e9, jusqu&rsquo;\u00e0 ce que, parvenus au B\u00e2timent E, les agents se heurtent \u00e0 l&rsquo;hostilit\u00e9 des d\u00e9tenus de ce pavillon, qui s&rsquo;en prenaient \u00e0 eux \u00e0 l&rsquo;aide de gourdins, de machettes et d&rsquo;autres objets contondants.<\/p>\n<p>Pris \u00e0 partie et d\u00e9bord\u00e9s, lesdits agents, pour desserrer l&rsquo;\u00e9tau, faisaient des tirs de sommation pour couvrir leur repli.<\/p>\n<p>L&rsquo;appui des forces de la Gendarmerie et de la Police Nationale a permis de circonscrire les violences et de r\u00e9tablir l&rsquo;ordre.<\/p>\n<p>Malheureusement, \u00e0 l&rsquo;issue de cet incident, il est \u00e0 d\u00e9plorer le d\u00e9c\u00e8s de cinq (05) d\u00e9tenus. Vingt-neuf (29) bless\u00e9s, dont six (06) agents p\u00e9nitentiaires et vingt-trois (23) d\u00e9tenus, ont \u00e9galement \u00e9t\u00e9 enregistr\u00e9s.<\/p>\n<p>Les bless\u00e9s ont \u00e9t\u00e9 pris en charge, et un M\u00e9decin l\u00e9giste a \u00e9t\u00e9 requis pour les constatations usuelles en pareille circonstance.<\/p>\n<p>L&rsquo;op\u00e9ration de fouille, qui s&rsquo;est poursuivie sans autres incidents, a permis la d\u00e9couverte de plusieurs blocs de cannabis, de plaquettes de comprim\u00e9s Tramadol, de dix-huit (18) t\u00e9l\u00e9phones portables, dont huit (08) smartphones, de trois (03 grenades, d&rsquo;armes blanches, etc., strictement interdits dans la d\u00e9tention.<\/p>\n<p>Pour rappel, de pr\u00e9c\u00e9dentes fouilles avaient permis la d\u00e9couverte d&rsquo;armes blanches et surtout d&rsquo;importantes quantit\u00e9s de drogues et de substances psychotropes.<\/p>\n<p>Fait au Parquet de Bouak\u00e9, le 03 Juin 2025<\/p>\n<p>LE PROCUREUR DE LA R\u00c9PUBLIQUE<br \/>\nReveil-info<\/p>\n","protected":false},"excerpt":{"rendered":"<p>On sait d\u00e9sormais ce qui s\u2019est pass\u00e9 \u00e0 la maison p\u00e9nale de Bouak\u00e9 : COMMUNIQU\u00c9<\/p>\n","protected":false},"author":1,"featured_media":23542,"comment_status":"open","ping_status":"open","sticky":false,"template":"","format":"standard","meta":{"footnotes":""},"categories":[2,8],"tags":[],"class_list":["post-23537","post","type-post","status-publish","format-standard","has-post-thumbnail","hentry","category-actu","category-international"],"yoast_head":"<!-- This site is optimized with the Yoast SEO plugin v27.5 - https:\/\/yoast.com\/product\/yoast-seo-wordpress\/ -->\n<title>C\u00f4te-d&#039;Ivoire- Tuerie \u00e0 la Prison de Bouak\u00e9: les faits selon le procureur - R\u00e9veil Info<\/title>\n<meta name=\"robots\" content=\"noindex, follow, max-snippet:-1, max-image-preview:large, max-video-preview:-1\" \/>\n<meta property=\"og:locale\" content=\"fr_FR\" \/>\n<meta property=\"og:type\" content=\"article\" \/>\n<meta property=\"og:title\" content=\"C\u00f4te-d&#039;Ivoire- Tuerie \u00e0 la Prison de Bouak\u00e9: les faits selon le procureur - R\u00e9veil Info\" \/>\n<meta property=\"og:description\" content=\"On sait d\u00e9sormais ce qui s\u2019est pass\u00e9 \u00e0 la maison p\u00e9nale de Bouak\u00e9 : COMMUNIQU\u00c9\" \/>\n<meta property=\"og:url\" content=\"https:\/\/reveil-info.net\/?p=23537\" \/>\n<meta property=\"og:site_name\" content=\"R\u00e9veil Info\" \/>\n<meta property=\"article:published_time\" content=\"2025-06-04T08:54:22+00:00\" \/>\n<meta property=\"article:modified_time\" content=\"2025-06-04T08:55:42+00:00\" \/>\n<meta property=\"og:image\" content=\"https:\/\/reveil-info.net\/wp-content\/uploads\/2025\/06\/FB_IMG_17490269343960936.jpg\" \/>\n\t<meta property=\"og:image:width\" content=\"318\" \/>\n\t<meta property=\"og:image:height\" content=\"159\" \/>\n\t<meta property=\"og:image:type\" content=\"image\/jpeg\" \/>\n<meta name=\"author\" content=\"R\u00e9veil info\" \/>\n<meta name=\"twitter:card\" content=\"summary_large_image\" \/>\n<meta name=\"twitter:label1\" content=\"\u00c9crit par\" \/>\n\t<meta name=\"twitter:data1\" content=\"R\u00e9veil info\" \/>\n\t<meta name=\"twitter:label2\" content=\"Dur\u00e9e de lecture estim\u00e9e\" \/>\n\t<meta name=\"twitter:data2\" content=\"2 minutes\" \/>\n<script type=\"application\/ld+json\" class=\"yoast-schema-graph\">{\"@context\":\"https:\\\/\\\/schema.org\",\"@graph\":[{\"@type\":\"Article\",\"@id\":\"https:\\\/\\\/reveil-info.net\\\/?p=23537#article\",\"isPartOf\":{\"@id\":\"https:\\\/\\\/reveil-info.net\\\/?p=23537\"},\"author\":{\"name\":\"R\u00e9veil info\",\"@id\":\"https:\\\/\\\/reveil-info.net\\\/#\\\/schema\\\/person\\\/ca0cc8e70088e0a2b5e92556c1ee60f5\"},\"headline\":\"C\u00f4te-d&rsquo;Ivoire- Tuerie \u00e0 la Prison de Bouak\u00e9: les faits selon le procureur\",\"datePublished\":\"2025-06-04T08:54:22+00:00\",\"dateModified\":\"2025-06-04T08:55:42+00:00\",\"mainEntityOfPage\":{\"@id\":\"https:\\\/\\\/reveil-info.net\\\/?p=23537\"},\"wordCount\":342,\"commentCount\":0,\"publisher\":{\"@id\":\"https:\\\/\\\/reveil-info.net\\\/#organization\"},\"image\":{\"@id\":\"https:\\\/\\\/reveil-info.net\\\/?p=23537#primaryimage\"},\"thumbnailUrl\":\"https:\\\/\\\/reveil-info.net\\\/wp-content\\\/uploads\\\/2025\\\/06\\\/FB_IMG_17490269343960936.jpg\",\"articleSection\":[\"Actualit\u00e9\",\"International\"],\"inLanguage\":\"fr-FR\",\"potentialAction\":[{\"@type\":\"CommentAction\",\"name\":\"Comment\",\"target\":[\"https:\\\/\\\/reveil-info.net\\\/?p=23537#respond\"]}]},{\"@type\":\"WebPage\",\"@id\":\"https:\\\/\\\/reveil-info.net\\\/?p=23537\",\"url\":\"https:\\\/\\\/reveil-info.net\\\/?p=23537\",\"name\":\"C\u00f4te-d'Ivoire- Tuerie \u00e0 la Prison de Bouak\u00e9: les faits selon le procureur - R\u00e9veil Info\",\"isPartOf\":{\"@id\":\"https:\\\/\\\/reveil-info.net\\\/#website\"},\"primaryImageOfPage\":{\"@id\":\"https:\\\/\\\/reveil-info.net\\\/?p=23537#primaryimage\"},\"image\":{\"@id\":\"https:\\\/\\\/reveil-info.net\\\/?p=23537#primaryimage\"},\"thumbnailUrl\":\"https:\\\/\\\/reveil-info.net\\\/wp-content\\\/uploads\\\/2025\\\/06\\\/FB_IMG_17490269343960936.jpg\",\"datePublished\":\"2025-06-04T08:54:22+00:00\",\"dateModified\":\"2025-06-04T08:55:42+00:00\",\"breadcrumb\":{\"@id\":\"https:\\\/\\\/reveil-info.net\\\/?p=23537#breadcrumb\"},\"inLanguage\":\"fr-FR\",\"potentialAction\":[{\"@type\":\"ReadAction\",\"target\":[\"https:\\\/\\\/reveil-info.net\\\/?p=23537\"]}]},{\"@type\":\"ImageObject\",\"inLanguage\":\"fr-FR\",\"@id\":\"https:\\\/\\\/reveil-info.net\\\/?p=23537#primaryimage\",\"url\":\"https:\\\/\\\/reveil-info.net\\\/wp-content\\\/uploads\\\/2025\\\/06\\\/FB_IMG_17490269343960936.jpg\",\"contentUrl\":\"https:\\\/\\\/reveil-info.net\\\/wp-content\\\/uploads\\\/2025\\\/06\\\/FB_IMG_17490269343960936.jpg\",\"width\":318,\"height\":159},{\"@type\":\"BreadcrumbList\",\"@id\":\"https:\\\/\\\/reveil-info.net\\\/?p=23537#breadcrumb\",\"itemListElement\":[{\"@type\":\"ListItem\",\"position\":1,\"name\":\"Home\",\"item\":\"https:\\\/\\\/reveil-info.net\\\/\"},{\"@type\":\"ListItem\",\"position\":2,\"name\":\"C\u00f4te-d&#8217;Ivoire- Tuerie \u00e0 la Prison de Bouak\u00e9: les faits selon le procureur\"}]},{\"@type\":\"WebSite\",\"@id\":\"https:\\\/\\\/reveil-info.net\\\/#website\",\"url\":\"https:\\\/\\\/reveil-info.net\\\/\",\"name\":\"R\u00e9veil Info\",\"description\":\"Le devoir d&#039;informer!\",\"publisher\":{\"@id\":\"https:\\\/\\\/reveil-info.net\\\/#organization\"},\"potentialAction\":[{\"@type\":\"SearchAction\",\"target\":{\"@type\":\"EntryPoint\",\"urlTemplate\":\"https:\\\/\\\/reveil-info.net\\\/?s={search_term_string}\"},\"query-input\":{\"@type\":\"PropertyValueSpecification\",\"valueRequired\":true,\"valueName\":\"search_term_string\"}}],\"inLanguage\":\"fr-FR\"},{\"@type\":\"Organization\",\"@id\":\"https:\\\/\\\/reveil-info.net\\\/#organization\",\"name\":\"R\u00e9veil Info\",\"url\":\"https:\\\/\\\/reveil-info.net\\\/\",\"logo\":{\"@type\":\"ImageObject\",\"inLanguage\":\"fr-FR\",\"@id\":\"https:\\\/\\\/reveil-info.net\\\/#\\\/schema\\\/logo\\\/image\\\/\",\"url\":\"https:\\\/\\\/reveil-info.net\\\/wp-content\\\/uploads\\\/2024\\\/07\\\/bnddd1.jpg\",\"contentUrl\":\"https:\\\/\\\/reveil-info.net\\\/wp-content\\\/uploads\\\/2024\\\/07\\\/bnddd1.jpg\",\"width\":903,\"height\":125,\"caption\":\"R\u00e9veil Info\"},\"image\":{\"@id\":\"https:\\\/\\\/reveil-info.net\\\/#\\\/schema\\\/logo\\\/image\\\/\"}},{\"@type\":\"Person\",\"@id\":\"https:\\\/\\\/reveil-info.net\\\/#\\\/schema\\\/person\\\/ca0cc8e70088e0a2b5e92556c1ee60f5\",\"name\":\"R\u00e9veil info\",\"image\":{\"@type\":\"ImageObject\",\"inLanguage\":\"fr-FR\",\"@id\":\"https:\\\/\\\/secure.gravatar.com\\\/avatar\\\/e4ad5bb743c8b6cb174d9df6c7d30a8a16f6889731241345fc6444e6485f02af?s=96&d=mm&r=g\",\"url\":\"https:\\\/\\\/secure.gravatar.com\\\/avatar\\\/e4ad5bb743c8b6cb174d9df6c7d30a8a16f6889731241345fc6444e6485f02af?s=96&d=mm&r=g\",\"contentUrl\":\"https:\\\/\\\/secure.gravatar.com\\\/avatar\\\/e4ad5bb743c8b6cb174d9df6c7d30a8a16f6889731241345fc6444e6485f02af?s=96&d=mm&r=g\",\"caption\":\"R\u00e9veil info\"},\"sameAs\":[\"https:\\\/\\\/reveil-info.net\"],\"url\":\"https:\\\/\\\/reveil-info.net\\\/?author=1\"}]}<\/script>\n<!-- \/ Yoast SEO plugin. -->","yoast_head_json":{"title":"C\u00f4te-d'Ivoire- Tuerie \u00e0 la Prison de Bouak\u00e9: les faits selon le procureur - R\u00e9veil Info","robots":{"index":"noindex","follow":"follow","max-snippet":"max-snippet:-1","max-image-preview":"max-image-preview:large","max-video-preview":"max-video-preview:-1"},"og_locale":"fr_FR","og_type":"article","og_title":"C\u00f4te-d'Ivoire- Tuerie \u00e0 la Prison de Bouak\u00e9: les faits selon le procureur - R\u00e9veil Info","og_description":"On sait d\u00e9sormais ce qui s\u2019est pass\u00e9 \u00e0 la maison p\u00e9nale de Bouak\u00e9 : COMMUNIQU\u00c9","og_url":"https:\/\/reveil-info.net\/?p=23537","og_site_name":"R\u00e9veil Info","article_published_time":"2025-06-04T08:54:22+00:00","article_modified_time":"2025-06-04T08:55:42+00:00","og_image":[{"width":318,"height":159,"url":"https:\/\/reveil-info.net\/wp-content\/uploads\/2025\/06\/FB_IMG_17490269343960936.jpg","type":"image\/jpeg"}],"author":"R\u00e9veil info","twitter_card":"summary_large_image","twitter_misc":{"\u00c9crit par":"R\u00e9veil info","Dur\u00e9e de lecture estim\u00e9e":"2 minutes"},"schema":{"@context":"https:\/\/schema.org","@graph":[{"@type":"Article","@id":"https:\/\/reveil-info.net\/?p=23537#article","isPartOf":{"@id":"https:\/\/reveil-info.net\/?p=23537"},"author":{"name":"R\u00e9veil info","@id":"https:\/\/reveil-info.net\/#\/schema\/person\/ca0cc8e70088e0a2b5e92556c1ee60f5"},"headline":"C\u00f4te-d&rsquo;Ivoire- Tuerie \u00e0 la Prison de Bouak\u00e9: les faits selon le procureur","datePublished":"2025-06-04T08:54:22+00:00","dateModified":"2025-06-04T08:55:42+00:00","mainEntityOfPage":{"@id":"https:\/\/reveil-info.net\/?p=23537"},"wordCount":342,"commentCount":0,"publisher":{"@id":"https:\/\/reveil-info.net\/#organization"},"image":{"@id":"https:\/\/reveil-info.net\/?p=23537#primaryimage"},"thumbnailUrl":"https:\/\/reveil-info.net\/wp-content\/uploads\/2025\/06\/FB_IMG_17490269343960936.jpg","articleSection":["Actualit\u00e9","International"],"inLanguage":"fr-FR","potentialAction":[{"@type":"CommentAction","name":"Comment","target":["https:\/\/reveil-info.net\/?p=23537#respond"]}]},{"@type":"WebPage","@id":"https:\/\/reveil-info.net\/?p=23537","url":"https:\/\/reveil-info.net\/?p=23537","name":"C\u00f4te-d'Ivoire- Tuerie \u00e0 la Prison de Bouak\u00e9: les faits selon le procureur - R\u00e9veil Info","isPartOf":{"@id":"https:\/\/reveil-info.net\/#website"},"primaryImageOfPage":{"@id":"https:\/\/reveil-info.net\/?p=23537#primaryimage"},"image":{"@id":"https:\/\/reveil-info.net\/?p=23537#primaryimage"},"thumbnailUrl":"https:\/\/reveil-info.net\/wp-content\/uploads\/2025\/06\/FB_IMG_17490269343960936.jpg","datePublished":"2025-06-04T08:54:22+00:00","dateModified":"2025-06-04T08:55:42+00:00","breadcrumb":{"@id":"https:\/\/reveil-info.net\/?p=23537#breadcrumb"},"inLanguage":"fr-FR","potentialAction":[{"@type":"ReadAction","target":["https:\/\/reveil-info.net\/?p=23537"]}]},{"@type":"ImageObject","inLanguage":"fr-FR","@id":"https:\/\/reveil-info.net\/?p=23537#primaryimage","url":"https:\/\/reveil-info.net\/wp-content\/uploads\/2025\/06\/FB_IMG_17490269343960936.jpg","contentUrl":"https:\/\/reveil-info.net\/wp-content\/uploads\/2025\/06\/FB_IMG_17490269343960936.jpg","width":318,"height":159},{"@type":"BreadcrumbList","@id":"https:\/\/reveil-info.net\/?p=23537#breadcrumb","itemListElement":[{"@type":"ListItem","position":1,"name":"Home","item":"https:\/\/reveil-info.net\/"},{"@type":"ListItem","position":2,"name":"C\u00f4te-d&#8217;Ivoire- Tuerie \u00e0 la Prison de Bouak\u00e9: les faits selon le procureur"}]},{"@type":"WebSite","@id":"https:\/\/reveil-info.net\/#website","url":"https:\/\/reveil-info.net\/","name":"R\u00e9veil Info","description":"Le devoir d&#039;informer!","publisher":{"@id":"https:\/\/reveil-info.net\/#organization"},"potentialAction":[{"@type":"SearchAction","target":{"@type":"EntryPoint","urlTemplate":"https:\/\/reveil-info.net\/?s={search_term_string}"},"query-input":{"@type":"PropertyValueSpecification","valueRequired":true,"valueName":"search_term_string"}}],"inLanguage":"fr-FR"},{"@type":"Organization","@id":"https:\/\/reveil-info.net\/#organization","name":"R\u00e9veil Info","url":"https:\/\/reveil-info.net\/","logo":{"@type":"ImageObject","inLanguage":"fr-FR","@id":"https:\/\/reveil-info.net\/#\/schema\/logo\/image\/","url":"https:\/\/reveil-info.net\/wp-content\/uploads\/2024\/07\/bnddd1.jpg","contentUrl":"https:\/\/reveil-info.net\/wp-content\/uploads\/2024\/07\/bnddd1.jpg","width":903,"height":125,"caption":"R\u00e9veil Info"},"image":{"@id":"https:\/\/reveil-info.net\/#\/schema\/logo\/image\/"}},{"@type":"Person","@id":"https:\/\/reveil-info.net\/#\/schema\/person\/ca0cc8e70088e0a2b5e92556c1ee60f5","name":"R\u00e9veil info","image":{"@type":"ImageObject","inLanguage":"fr-FR","@id":"https:\/\/secure.gravatar.com\/avatar\/e4ad5bb743c8b6cb174d9df6c7d30a8a16f6889731241345fc6444e6485f02af?s=96&d=mm&r=g","url":"https:\/\/secure.gravatar.com\/avatar\/e4ad5bb743c8b6cb174d9df6c7d30a8a16f6889731241345fc6444e6485f02af?s=96&d=mm&r=g","contentUrl":"https:\/\/secure.gravatar.com\/avatar\/e4ad5bb743c8b6cb174d9df6c7d30a8a16f6889731241345fc6444e6485f02af?s=96&d=mm&r=g","caption":"R\u00e9veil info"},"sameAs":["https:\/\/reveil-info.net"],"url":"https:\/\/reveil-info.net\/?author=1"}]}},"jetpack_featured_media_url":"https:\/\/reveil-info.net\/wp-content\/uploads\/2025\/06\/FB_IMG_17490269343960936.jpg","featured_image_urls":{"full":["https:\/\/reveil-info.net\/wp-content\/uploads\/2025\/06\/FB_IMG_17490269343960936.jpg",318,159,false],"thumbnail":["https:\/\/reveil-info.net\/wp-content\/uploads\/2025\/06\/FB_IMG_17490269343960936-150x150.jpg",150,150,true],"medium":["https:\/\/reveil-info.net\/wp-content\/uploads\/2025\/06\/FB_IMG_17490269343960936-300x150.jpg",300,150,true],"medium_large":["https:\/\/reveil-info.net\/wp-content\/uploads\/2025\/06\/FB_IMG_17490269343960936.jpg",318,159,false],"large":["https:\/\/reveil-info.net\/wp-content\/uploads\/2025\/06\/FB_IMG_17490269343960936.jpg",318,159,false],"1536x1536":["https:\/\/reveil-info.net\/wp-content\/uploads\/2025\/06\/FB_IMG_17490269343960936.jpg",318,159,false],"2048x2048":["https:\/\/reveil-info.net\/wp-content\/uploads\/2025\/06\/FB_IMG_17490269343960936.jpg",318,159,false],"chromenews-featured":["https:\/\/reveil-info.net\/wp-content\/uploads\/2025\/06\/FB_IMG_17490269343960936.jpg",318,159,false],"chromenews-large":["https:\/\/reveil-info.net\/wp-content\/uploads\/2025\/06\/FB_IMG_17490269343960936.jpg",318,159,false],"chromenews-medium":["https:\/\/reveil-info.net\/wp-content\/uploads\/2025\/06\/FB_IMG_17490269343960936.jpg",318,159,false]},"author_info":{"display_name":"R\u00e9veil info","author_link":"https:\/\/reveil-info.net\/?author=1"},"category_info":"<a href=\"https:\/\/reveil-info.net\/?cat=2\" rel=\"category\">Actualit\u00e9<\/a> <a href=\"https:\/\/reveil-info.net\/?cat=8\" rel=\"category\">International<\/a>","tag_info":"International","comment_count":"0","_links":{"self":[{"href":"https:\/\/reveil-info.net\/index.php?rest_route=\/wp\/v2\/posts\/23537","targetHints":{"allow":["GET"]}}],"collection":[{"href":"https:\/\/reveil-info.net\/index.php?rest_route=\/wp\/v2\/posts"}],"about":[{"href":"https:\/\/reveil-info.net\/index.php?rest_route=\/wp\/v2\/types\/post"}],"author":[{"embeddable":true,"href":"https:\/\/reveil-info.net\/index.php?rest_route=\/wp\/v2\/users\/1"}],"replies":[{"embeddable":true,"href":"https:\/\/reveil-info.net\/index.php?rest_route=%2Fwp%2Fv2%2Fcomments&post=23537"}],"version-history":[{"count":7,"href":"https:\/\/reveil-info.net\/index.php?rest_route=\/wp\/v2\/posts\/23537\/revisions"}],"predecessor-version":[{"id":23545,"href":"https:\/\/reveil-info.net\/index.php?rest_route=\/wp\/v2\/posts\/23537\/revisions\/23545"}],"wp:featuredmedia":[{"embeddable":true,"href":"https:\/\/reveil-info.net\/index.php?rest_route=\/wp\/v2\/media\/23542"}],"wp:attachment":[{"href":"https:\/\/reveil-info.net\/index.php?rest_route=%2Fwp%2Fv2%2Fmedia&parent=23537"}],"wp:term":[{"taxonomy":"category","embeddable":true,"href":"https:\/\/reveil-info.net\/index.php?rest_route=%2Fwp%2Fv2%2Fcategories&post=23537"},{"taxonomy":"post_tag","embeddable":true,"href":"https:\/\/reveil-info.net\/index.php?rest_route=%2Fwp%2Fv2%2Ftags&post=23537"}],"curies":[{"name":"wp","href":"https:\/\/api.w.org\/{rel}","templated":true}]}}