{"id":20968,"date":"2025-04-26T16:44:25","date_gmt":"2025-04-26T16:44:25","guid":{"rendered":"https:\/\/reveil-info.net\/?p=20968"},"modified":"2025-04-26T16:44:25","modified_gmt":"2025-04-26T16:44:25","slug":"funerailles-du-pape-le-burkina-faso-aux-cotes-du-saint-siege","status":"publish","type":"post","link":"https:\/\/reveil-info.net\/?p=20968","title":{"rendered":"Fun\u00e9railles du pape: Le Burkina Faso aux cot\u00e9s du Saint-Si\u00e8ge"},"content":{"rendered":"<p>Fun\u00e9railles du Pape Fran\u00e7ois : le Burkina Faso aux c\u00f4t\u00e9s du Saint-Si\u00e8ge<\/p>\n<p><img loading=\"lazy\" decoding=\"async\" class=\"alignnone size-full wp-image-20973\" src=\"https:\/\/reveil-info.net\/wp-content\/uploads\/2025\/04\/FB_IMG_17456854582238810.jpg\" alt=\"\" width=\"720\" height=\"491\" srcset=\"https:\/\/reveil-info.net\/wp-content\/uploads\/2025\/04\/FB_IMG_17456854582238810.jpg 720w, https:\/\/reveil-info.net\/wp-content\/uploads\/2025\/04\/FB_IMG_17456854582238810-300x205.jpg 300w\" sizes=\"auto, (max-width: 720px) 100vw, 720px\" \/><\/p>\n<p>Vatican, 26 avril 2025 (AIB)- Le Burkina Faso a pris part ce samedi 26 avril 2025 \u00e0 la messe des fun\u00e9railles du Pape Fran\u00e7ois, c\u00e9l\u00e9br\u00e9e sur le parvis de la basilique Saint-Pierre, en pr\u00e9sence de plus de 50 chefs d\u2019\u00c9tat, de centaines de d\u00e9l\u00e9gations et de pr\u00e8s de 400 000 fid\u00e8les venus du monde entier.<\/p>\n<p>Conduit par le ministre des Affaires \u00e9trang\u00e8res, de la Coop\u00e9ration r\u00e9gionale et des Burkinab\u00e8 de l\u2019Ext\u00e9rieur, SEM Karamoko Jean Marie Traor\u00e9, le Burkina Faso a exprim\u00e9 sa compassion envers l&rsquo;\u00c9glise catholique et rendu hommage au 266\u1d49 Souverain pontife, symbole d\u2019ouverture et de soutien aux plus d\u00e9munis.<\/p>\n<p><img loading=\"lazy\" decoding=\"async\" class=\"alignnone size-full wp-image-20975\" src=\"https:\/\/reveil-info.net\/wp-content\/uploads\/2025\/04\/FB_IMG_17456854680867956.jpg\" alt=\"\" width=\"720\" height=\"491\" srcset=\"https:\/\/reveil-info.net\/wp-content\/uploads\/2025\/04\/FB_IMG_17456854680867956.jpg 720w, https:\/\/reveil-info.net\/wp-content\/uploads\/2025\/04\/FB_IMG_17456854680867956-300x205.jpg 300w\" sizes=\"auto, (max-width: 720px) 100vw, 720px\" \/><\/p>\n<p>La messe, pr\u00e9sid\u00e9e par le Cardinal Giovanni Battista Re, doyen du Coll\u00e8ge des cardinaux, a \u00e9t\u00e9 marqu\u00e9e par des pri\u00e8res, des moments d&rsquo;intense recueillement et l\u2019\u00e9loge d\u2019un Pape \u00ab proche des gens, avec un c\u0153ur ouvert \u00e0 tous \u00bb.<\/p>\n<p>La participation du Burkina Faso \u00e0 cette c\u00e9r\u00e9monie fun\u00e9raire illustre la solidit\u00e9 des liens entre Ouagadougou et le Saint-Si\u00e8ge. Apr\u00e8s la messe, le cercueil du Pape Fran\u00e7ois a \u00e9t\u00e9 transf\u00e9r\u00e9 \u00e0 la basilique Sainte-Marie-Majeure pour son inhumation.<\/p>\n<p>Agence d&rsquo;information du Burkina<br \/>\nSource : DCRP MAECRBE<\/p>\n<p>www.reveil-info.net<\/p>\n","protected":false},"excerpt":{"rendered":"<p>Fun\u00e9railles du Pape Fran\u00e7ois : le Burkina Faso aux c\u00f4t\u00e9s du Saint-Si\u00e8ge Vatican, 26 avril<\/p>\n","protected":false},"author":1,"featured_media":20971,"comment_status":"open","ping_status":"open","sticky":false,"template":"","format":"standard","meta":{"footnotes":""},"categories":[2,4],"tags":[],"class_list":["post-20968","post","type-post","status-publish","format-standard","has-post-thumbnail","hentry","category-actu","category-coutume-et-religion"],"yoast_head":"<!-- This site is optimized with the Yoast SEO plugin v27.5 - https:\/\/yoast.com\/product\/yoast-seo-wordpress\/ -->\n<title>Fun\u00e9railles du pape: Le Burkina Faso aux cot\u00e9s du Saint-Si\u00e8ge - R\u00e9veil Info<\/title>\n<meta name=\"robots\" content=\"noindex, follow, max-snippet:-1, max-image-preview:large, max-video-preview:-1\" \/>\n<meta property=\"og:locale\" content=\"fr_FR\" \/>\n<meta property=\"og:type\" content=\"article\" \/>\n<meta property=\"og:title\" content=\"Fun\u00e9railles du pape: Le Burkina Faso aux cot\u00e9s du Saint-Si\u00e8ge - R\u00e9veil Info\" \/>\n<meta property=\"og:description\" content=\"Fun\u00e9railles du Pape Fran\u00e7ois : le Burkina Faso aux c\u00f4t\u00e9s du Saint-Si\u00e8ge Vatican, 26 avril\" \/>\n<meta property=\"og:url\" content=\"https:\/\/reveil-info.net\/?p=20968\" \/>\n<meta property=\"og:site_name\" content=\"R\u00e9veil Info\" \/>\n<meta property=\"article:published_time\" content=\"2025-04-26T16:44:25+00:00\" \/>\n<meta property=\"og:image\" content=\"https:\/\/reveil-info.net\/wp-content\/uploads\/2025\/04\/FB_IMG_17456854515934763.jpg\" \/>\n\t<meta property=\"og:image:width\" content=\"645\" \/>\n\t<meta property=\"og:image:height\" content=\"720\" \/>\n\t<meta property=\"og:image:type\" content=\"image\/jpeg\" \/>\n<meta name=\"author\" content=\"R\u00e9veil info\" \/>\n<meta name=\"twitter:card\" content=\"summary_large_image\" \/>\n<meta name=\"twitter:label1\" content=\"\u00c9crit par\" \/>\n\t<meta name=\"twitter:data1\" content=\"R\u00e9veil info\" \/>\n\t<meta name=\"twitter:label2\" content=\"Dur\u00e9e de lecture estim\u00e9e\" \/>\n\t<meta name=\"twitter:data2\" content=\"2 minutes\" \/>\n<script type=\"application\/ld+json\" class=\"yoast-schema-graph\">{\"@context\":\"https:\\\/\\\/schema.org\",\"@graph\":[{\"@type\":\"Article\",\"@id\":\"https:\\\/\\\/reveil-info.net\\\/?p=20968#article\",\"isPartOf\":{\"@id\":\"https:\\\/\\\/reveil-info.net\\\/?p=20968\"},\"author\":{\"name\":\"R\u00e9veil info\",\"@id\":\"https:\\\/\\\/reveil-info.net\\\/#\\\/schema\\\/person\\\/ca0cc8e70088e0a2b5e92556c1ee60f5\"},\"headline\":\"Fun\u00e9railles du pape: Le Burkina Faso aux cot\u00e9s du Saint-Si\u00e8ge\",\"datePublished\":\"2025-04-26T16:44:25+00:00\",\"mainEntityOfPage\":{\"@id\":\"https:\\\/\\\/reveil-info.net\\\/?p=20968\"},\"wordCount\":239,\"commentCount\":0,\"publisher\":{\"@id\":\"https:\\\/\\\/reveil-info.net\\\/#organization\"},\"image\":{\"@id\":\"https:\\\/\\\/reveil-info.net\\\/?p=20968#primaryimage\"},\"thumbnailUrl\":\"https:\\\/\\\/reveil-info.net\\\/wp-content\\\/uploads\\\/2025\\\/04\\\/FB_IMG_17456854515934763.jpg\",\"articleSection\":[\"Actualit\u00e9\",\"Coutume et religion\"],\"inLanguage\":\"fr-FR\",\"potentialAction\":[{\"@type\":\"CommentAction\",\"name\":\"Comment\",\"target\":[\"https:\\\/\\\/reveil-info.net\\\/?p=20968#respond\"]}]},{\"@type\":\"WebPage\",\"@id\":\"https:\\\/\\\/reveil-info.net\\\/?p=20968\",\"url\":\"https:\\\/\\\/reveil-info.net\\\/?p=20968\",\"name\":\"Fun\u00e9railles du pape: Le Burkina Faso aux cot\u00e9s du Saint-Si\u00e8ge - R\u00e9veil Info\",\"isPartOf\":{\"@id\":\"https:\\\/\\\/reveil-info.net\\\/#website\"},\"primaryImageOfPage\":{\"@id\":\"https:\\\/\\\/reveil-info.net\\\/?p=20968#primaryimage\"},\"image\":{\"@id\":\"https:\\\/\\\/reveil-info.net\\\/?p=20968#primaryimage\"},\"thumbnailUrl\":\"https:\\\/\\\/reveil-info.net\\\/wp-content\\\/uploads\\\/2025\\\/04\\\/FB_IMG_17456854515934763.jpg\",\"datePublished\":\"2025-04-26T16:44:25+00:00\",\"breadcrumb\":{\"@id\":\"https:\\\/\\\/reveil-info.net\\\/?p=20968#breadcrumb\"},\"inLanguage\":\"fr-FR\",\"potentialAction\":[{\"@type\":\"ReadAction\",\"target\":[\"https:\\\/\\\/reveil-info.net\\\/?p=20968\"]}]},{\"@type\":\"ImageObject\",\"inLanguage\":\"fr-FR\",\"@id\":\"https:\\\/\\\/reveil-info.net\\\/?p=20968#primaryimage\",\"url\":\"https:\\\/\\\/reveil-info.net\\\/wp-content\\\/uploads\\\/2025\\\/04\\\/FB_IMG_17456854515934763.jpg\",\"contentUrl\":\"https:\\\/\\\/reveil-info.net\\\/wp-content\\\/uploads\\\/2025\\\/04\\\/FB_IMG_17456854515934763.jpg\",\"width\":645,\"height\":720},{\"@type\":\"BreadcrumbList\",\"@id\":\"https:\\\/\\\/reveil-info.net\\\/?p=20968#breadcrumb\",\"itemListElement\":[{\"@type\":\"ListItem\",\"position\":1,\"name\":\"Home\",\"item\":\"https:\\\/\\\/reveil-info.net\\\/\"},{\"@type\":\"ListItem\",\"position\":2,\"name\":\"Fun\u00e9railles du pape: Le Burkina Faso aux cot\u00e9s du Saint-Si\u00e8ge\"}]},{\"@type\":\"WebSite\",\"@id\":\"https:\\\/\\\/reveil-info.net\\\/#website\",\"url\":\"https:\\\/\\\/reveil-info.net\\\/\",\"name\":\"R\u00e9veil Info\",\"description\":\"Le devoir d&#039;informer!\",\"publisher\":{\"@id\":\"https:\\\/\\\/reveil-info.net\\\/#organization\"},\"potentialAction\":[{\"@type\":\"SearchAction\",\"target\":{\"@type\":\"EntryPoint\",\"urlTemplate\":\"https:\\\/\\\/reveil-info.net\\\/?s={search_term_string}\"},\"query-input\":{\"@type\":\"PropertyValueSpecification\",\"valueRequired\":true,\"valueName\":\"search_term_string\"}}],\"inLanguage\":\"fr-FR\"},{\"@type\":\"Organization\",\"@id\":\"https:\\\/\\\/reveil-info.net\\\/#organization\",\"name\":\"R\u00e9veil Info\",\"url\":\"https:\\\/\\\/reveil-info.net\\\/\",\"logo\":{\"@type\":\"ImageObject\",\"inLanguage\":\"fr-FR\",\"@id\":\"https:\\\/\\\/reveil-info.net\\\/#\\\/schema\\\/logo\\\/image\\\/\",\"url\":\"https:\\\/\\\/reveil-info.net\\\/wp-content\\\/uploads\\\/2024\\\/07\\\/bnddd1.jpg\",\"contentUrl\":\"https:\\\/\\\/reveil-info.net\\\/wp-content\\\/uploads\\\/2024\\\/07\\\/bnddd1.jpg\",\"width\":903,\"height\":125,\"caption\":\"R\u00e9veil Info\"},\"image\":{\"@id\":\"https:\\\/\\\/reveil-info.net\\\/#\\\/schema\\\/logo\\\/image\\\/\"}},{\"@type\":\"Person\",\"@id\":\"https:\\\/\\\/reveil-info.net\\\/#\\\/schema\\\/person\\\/ca0cc8e70088e0a2b5e92556c1ee60f5\",\"name\":\"R\u00e9veil info\",\"image\":{\"@type\":\"ImageObject\",\"inLanguage\":\"fr-FR\",\"@id\":\"https:\\\/\\\/secure.gravatar.com\\\/avatar\\\/e4ad5bb743c8b6cb174d9df6c7d30a8a16f6889731241345fc6444e6485f02af?s=96&d=mm&r=g\",\"url\":\"https:\\\/\\\/secure.gravatar.com\\\/avatar\\\/e4ad5bb743c8b6cb174d9df6c7d30a8a16f6889731241345fc6444e6485f02af?s=96&d=mm&r=g\",\"contentUrl\":\"https:\\\/\\\/secure.gravatar.com\\\/avatar\\\/e4ad5bb743c8b6cb174d9df6c7d30a8a16f6889731241345fc6444e6485f02af?s=96&d=mm&r=g\",\"caption\":\"R\u00e9veil info\"},\"sameAs\":[\"https:\\\/\\\/reveil-info.net\"],\"url\":\"https:\\\/\\\/reveil-info.net\\\/?author=1\"}]}<\/script>\n<!-- \/ Yoast SEO plugin. -->","yoast_head_json":{"title":"Fun\u00e9railles du pape: Le Burkina Faso aux cot\u00e9s du Saint-Si\u00e8ge - R\u00e9veil Info","robots":{"index":"noindex","follow":"follow","max-snippet":"max-snippet:-1","max-image-preview":"max-image-preview:large","max-video-preview":"max-video-preview:-1"},"og_locale":"fr_FR","og_type":"article","og_title":"Fun\u00e9railles du pape: Le Burkina Faso aux cot\u00e9s du Saint-Si\u00e8ge - R\u00e9veil Info","og_description":"Fun\u00e9railles du Pape Fran\u00e7ois : le Burkina Faso aux c\u00f4t\u00e9s du Saint-Si\u00e8ge Vatican, 26 avril","og_url":"https:\/\/reveil-info.net\/?p=20968","og_site_name":"R\u00e9veil Info","article_published_time":"2025-04-26T16:44:25+00:00","og_image":[{"width":645,"height":720,"url":"https:\/\/reveil-info.net\/wp-content\/uploads\/2025\/04\/FB_IMG_17456854515934763.jpg","type":"image\/jpeg"}],"author":"R\u00e9veil info","twitter_card":"summary_large_image","twitter_misc":{"\u00c9crit par":"R\u00e9veil info","Dur\u00e9e de lecture estim\u00e9e":"2 minutes"},"schema":{"@context":"https:\/\/schema.org","@graph":[{"@type":"Article","@id":"https:\/\/reveil-info.net\/?p=20968#article","isPartOf":{"@id":"https:\/\/reveil-info.net\/?p=20968"},"author":{"name":"R\u00e9veil info","@id":"https:\/\/reveil-info.net\/#\/schema\/person\/ca0cc8e70088e0a2b5e92556c1ee60f5"},"headline":"Fun\u00e9railles du pape: Le Burkina Faso aux cot\u00e9s du Saint-Si\u00e8ge","datePublished":"2025-04-26T16:44:25+00:00","mainEntityOfPage":{"@id":"https:\/\/reveil-info.net\/?p=20968"},"wordCount":239,"commentCount":0,"publisher":{"@id":"https:\/\/reveil-info.net\/#organization"},"image":{"@id":"https:\/\/reveil-info.net\/?p=20968#primaryimage"},"thumbnailUrl":"https:\/\/reveil-info.net\/wp-content\/uploads\/2025\/04\/FB_IMG_17456854515934763.jpg","articleSection":["Actualit\u00e9","Coutume et religion"],"inLanguage":"fr-FR","potentialAction":[{"@type":"CommentAction","name":"Comment","target":["https:\/\/reveil-info.net\/?p=20968#respond"]}]},{"@type":"WebPage","@id":"https:\/\/reveil-info.net\/?p=20968","url":"https:\/\/reveil-info.net\/?p=20968","name":"Fun\u00e9railles du pape: Le Burkina Faso aux cot\u00e9s du Saint-Si\u00e8ge - R\u00e9veil Info","isPartOf":{"@id":"https:\/\/reveil-info.net\/#website"},"primaryImageOfPage":{"@id":"https:\/\/reveil-info.net\/?p=20968#primaryimage"},"image":{"@id":"https:\/\/reveil-info.net\/?p=20968#primaryimage"},"thumbnailUrl":"https:\/\/reveil-info.net\/wp-content\/uploads\/2025\/04\/FB_IMG_17456854515934763.jpg","datePublished":"2025-04-26T16:44:25+00:00","breadcrumb":{"@id":"https:\/\/reveil-info.net\/?p=20968#breadcrumb"},"inLanguage":"fr-FR","potentialAction":[{"@type":"ReadAction","target":["https:\/\/reveil-info.net\/?p=20968"]}]},{"@type":"ImageObject","inLanguage":"fr-FR","@id":"https:\/\/reveil-info.net\/?p=20968#primaryimage","url":"https:\/\/reveil-info.net\/wp-content\/uploads\/2025\/04\/FB_IMG_17456854515934763.jpg","contentUrl":"https:\/\/reveil-info.net\/wp-content\/uploads\/2025\/04\/FB_IMG_17456854515934763.jpg","width":645,"height":720},{"@type":"BreadcrumbList","@id":"https:\/\/reveil-info.net\/?p=20968#breadcrumb","itemListElement":[{"@type":"ListItem","position":1,"name":"Home","item":"https:\/\/reveil-info.net\/"},{"@type":"ListItem","position":2,"name":"Fun\u00e9railles du pape: Le Burkina Faso aux cot\u00e9s du Saint-Si\u00e8ge"}]},{"@type":"WebSite","@id":"https:\/\/reveil-info.net\/#website","url":"https:\/\/reveil-info.net\/","name":"R\u00e9veil Info","description":"Le devoir d&#039;informer!","publisher":{"@id":"https:\/\/reveil-info.net\/#organization"},"potentialAction":[{"@type":"SearchAction","target":{"@type":"EntryPoint","urlTemplate":"https:\/\/reveil-info.net\/?s={search_term_string}"},"query-input":{"@type":"PropertyValueSpecification","valueRequired":true,"valueName":"search_term_string"}}],"inLanguage":"fr-FR"},{"@type":"Organization","@id":"https:\/\/reveil-info.net\/#organization","name":"R\u00e9veil Info","url":"https:\/\/reveil-info.net\/","logo":{"@type":"ImageObject","inLanguage":"fr-FR","@id":"https:\/\/reveil-info.net\/#\/schema\/logo\/image\/","url":"https:\/\/reveil-info.net\/wp-content\/uploads\/2024\/07\/bnddd1.jpg","contentUrl":"https:\/\/reveil-info.net\/wp-content\/uploads\/2024\/07\/bnddd1.jpg","width":903,"height":125,"caption":"R\u00e9veil Info"},"image":{"@id":"https:\/\/reveil-info.net\/#\/schema\/logo\/image\/"}},{"@type":"Person","@id":"https:\/\/reveil-info.net\/#\/schema\/person\/ca0cc8e70088e0a2b5e92556c1ee60f5","name":"R\u00e9veil info","image":{"@type":"ImageObject","inLanguage":"fr-FR","@id":"https:\/\/secure.gravatar.com\/avatar\/e4ad5bb743c8b6cb174d9df6c7d30a8a16f6889731241345fc6444e6485f02af?s=96&d=mm&r=g","url":"https:\/\/secure.gravatar.com\/avatar\/e4ad5bb743c8b6cb174d9df6c7d30a8a16f6889731241345fc6444e6485f02af?s=96&d=mm&r=g","contentUrl":"https:\/\/secure.gravatar.com\/avatar\/e4ad5bb743c8b6cb174d9df6c7d30a8a16f6889731241345fc6444e6485f02af?s=96&d=mm&r=g","caption":"R\u00e9veil info"},"sameAs":["https:\/\/reveil-info.net"],"url":"https:\/\/reveil-info.net\/?author=1"}]}},"jetpack_featured_media_url":"https:\/\/reveil-info.net\/wp-content\/uploads\/2025\/04\/FB_IMG_17456854515934763.jpg","featured_image_urls":{"full":["https:\/\/reveil-info.net\/wp-content\/uploads\/2025\/04\/FB_IMG_17456854515934763.jpg",645,720,false],"thumbnail":["https:\/\/reveil-info.net\/wp-content\/uploads\/2025\/04\/FB_IMG_17456854515934763-150x150.jpg",150,150,true],"medium":["https:\/\/reveil-info.net\/wp-content\/uploads\/2025\/04\/FB_IMG_17456854515934763-269x300.jpg",269,300,true],"medium_large":["https:\/\/reveil-info.net\/wp-content\/uploads\/2025\/04\/FB_IMG_17456854515934763.jpg",640,714,false],"large":["https:\/\/reveil-info.net\/wp-content\/uploads\/2025\/04\/FB_IMG_17456854515934763.jpg",640,714,false],"1536x1536":["https:\/\/reveil-info.net\/wp-content\/uploads\/2025\/04\/FB_IMG_17456854515934763.jpg",645,720,false],"2048x2048":["https:\/\/reveil-info.net\/wp-content\/uploads\/2025\/04\/FB_IMG_17456854515934763.jpg",645,720,false],"chromenews-featured":["https:\/\/reveil-info.net\/wp-content\/uploads\/2025\/04\/FB_IMG_17456854515934763.jpg",645,720,false],"chromenews-large":["https:\/\/reveil-info.net\/wp-content\/uploads\/2025\/04\/FB_IMG_17456854515934763-645x575.jpg",645,575,true],"chromenews-medium":["https:\/\/reveil-info.net\/wp-content\/uploads\/2025\/04\/FB_IMG_17456854515934763-590x410.jpg",590,410,true]},"author_info":{"display_name":"R\u00e9veil info","author_link":"https:\/\/reveil-info.net\/?author=1"},"category_info":"<a href=\"https:\/\/reveil-info.net\/?cat=2\" rel=\"category\">Actualit\u00e9<\/a> <a href=\"https:\/\/reveil-info.net\/?cat=4\" rel=\"category\">Coutume et religion<\/a>","tag_info":"Coutume et religion","comment_count":"0","_links":{"self":[{"href":"https:\/\/reveil-info.net\/index.php?rest_route=\/wp\/v2\/posts\/20968","targetHints":{"allow":["GET"]}}],"collection":[{"href":"https:\/\/reveil-info.net\/index.php?rest_route=\/wp\/v2\/posts"}],"about":[{"href":"https:\/\/reveil-info.net\/index.php?rest_route=\/wp\/v2\/types\/post"}],"author":[{"embeddable":true,"href":"https:\/\/reveil-info.net\/index.php?rest_route=\/wp\/v2\/users\/1"}],"replies":[{"embeddable":true,"href":"https:\/\/reveil-info.net\/index.php?rest_route=%2Fwp%2Fv2%2Fcomments&post=20968"}],"version-history":[{"count":5,"href":"https:\/\/reveil-info.net\/index.php?rest_route=\/wp\/v2\/posts\/20968\/revisions"}],"predecessor-version":[{"id":20976,"href":"https:\/\/reveil-info.net\/index.php?rest_route=\/wp\/v2\/posts\/20968\/revisions\/20976"}],"wp:featuredmedia":[{"embeddable":true,"href":"https:\/\/reveil-info.net\/index.php?rest_route=\/wp\/v2\/media\/20971"}],"wp:attachment":[{"href":"https:\/\/reveil-info.net\/index.php?rest_route=%2Fwp%2Fv2%2Fmedia&parent=20968"}],"wp:term":[{"taxonomy":"category","embeddable":true,"href":"https:\/\/reveil-info.net\/index.php?rest_route=%2Fwp%2Fv2%2Fcategories&post=20968"},{"taxonomy":"post_tag","embeddable":true,"href":"https:\/\/reveil-info.net\/index.php?rest_route=%2Fwp%2Fv2%2Ftags&post=20968"}],"curies":[{"name":"wp","href":"https:\/\/api.w.org\/{rel}","templated":true}]}}