{"id":20446,"date":"2025-04-16T19:33:25","date_gmt":"2025-04-16T19:33:25","guid":{"rendered":"https:\/\/reveil-info.net\/?p=20446"},"modified":"2025-04-16T19:33:25","modified_gmt":"2025-04-16T19:33:25","slug":"le-jour-ou-les-burkinabe-et-les-ivoiriens-ont-failli-avoir-une-nationalite-commune","status":"publish","type":"post","link":"https:\/\/reveil-info.net\/?p=20446","title":{"rendered":"Le jour o\u00f9 les Burkinab\u00e8 et les Ivoiriens ont failli avoir une nationalit\u00e9 commune"},"content":{"rendered":"<p>L\u2019histoire des relations entre le Burkina Faso et la C\u00f4te d\u2019Ivoire remonte aux ann\u00e9es 1920. Alors que la colonie de la Haute-Volta n\u2019\u00e9tait consid\u00e9r\u00e9e qu\u2019un r\u00e9servoir de main d\u2019ouvre, celle de la C\u00f4te d\u2019Ivoire prosp\u00e9rait avec ses plantations de caf\u00e9, cacao, banane, h\u00e9v\u00e9a, etc\u2026<\/p>\n<p>Le colonisateur fran\u00e7ais dirige alors la main d\u2019oeuvre volta\u00efque vers la for\u00eat ivoirienne. L\u2019histoire s\u2019acc\u00e9l\u00e8re en 1932 avec le d\u00e9cret supprimant la colonie de la Haute-Volta pour des raisons \u00e9conomiques et financi\u00e8res. Plus de la moiti\u00e9 du territoire est rattach\u00e9e \u00e0 la C\u00f4te d\u2019Ivoire. En 1938, la fusion est plus r\u00e9elle avec la cr\u00e9ation d\u2019un territoire de la Haute C\u00f4te d\u2019Ivoire allant de la fronti\u00e8re ivoirienne \u00e0 Kaya soit plus de 100 km au nord de Ouagadougou. Ainsi, Ivoiriens et Volta\u00efques ont-ils \u00e9t\u00e9 repr\u00e9sent\u00e9s \u00e0 l\u2019Assembl\u00e9e nationale fran\u00e7aise par les m\u00eames d\u00e9put\u00e9s : F\u00e9lix Houphou\u00ebt-Boigny, Philippe Zinda Kabor\u00e9 ou Daniel Ouezzin Coulibaly.<br \/>\nEn 1947, la colonie de la Haute-Volta est reconstitu\u00e9e. Apr\u00e8s la mort des deux illustres repr\u00e9sentants du pays, Houphou\u00ebt-Boigny se rapproche de Maurice Yam\u00e9ogo, le futur premier pr\u00e9sident volta\u00efque. Ils d\u00e9veloppent assez rapidement une solide amiti\u00e9. Si bien que Maurice Yam\u00e9ogo retire son pays de la F\u00e9d\u00e9ration du Mali.<br \/>\nAvec F\u00e9lix Houphou\u00ebt-Boigny et les pr\u00e9sidents nig\u00e9rien et dahom\u00e9en (de l\u2019actuel B\u00e9nin), ils vont cr\u00e9er le Conseil de l\u2019entente. Ensemble, ils font le tour dans la premi\u00e8re semaine du mois d\u2019ao\u00fbt 1960 pour assister \u00e0 la proclamation de l\u2019ind\u00e9pendance de chacun des pays qu\u2019ils repr\u00e9sentent.<br \/>\nEntre F\u00e9lix Houphou\u00ebt-Boigny et Maurice Yam\u00e9ogo, les liens d\u2019amiti\u00e9 se renforcent davantage. Le pr\u00e9sident volta\u00efque rend r\u00e9guli\u00e8rement visite \u00e0 son a\u00een\u00e9 de C\u00f4te d\u2019Ivoire. Entre F\u00e9lix Houphou\u00ebt-Boigny et Maurice Yam\u00e9ogo, les liens d\u2019amiti\u00e9 se renforcent davantage. Le pr\u00e9sident volta\u00efque rend r\u00e9guli\u00e8rement visite \u00e0 son a\u00een\u00e9 de C\u00f4te d\u2019Ivoire. A tel point que ses compatriotes le surnomment \u00abcommis voyageur\u00bb.<br \/>\nLes populations de l\u2019ancienne Haute C\u00f4te d\u2019Ivoire descendent en masse vers la Basse c\u00f4te. Il ne s\u2019agit plus maintenant d\u2019\u00e9migration forc\u00e9e. Elles sont attir\u00e9es par les richesses de la C\u00f4te d\u2019Ivoire. Ces populations sont donc de plus en plus nombreuses dans les villes et les campagnes ivoiriennes notamment dans les plantations agricoles.<br \/>\nLe rapprochement entre les deux pays et leurs leaders est tel qu\u2019ensemble, F\u00e9lix Houphou\u00ebt-Boigny et Maurice Yam\u00e9ogo proposent \u00e0 leurs peuples un projet de double nationalit\u00e9. Ainsi, un ressortissant de chacun de ces deux pays serait \u00e0 la fois volta\u00efque et ivoirien\u2026le projet est curieusement rejet\u00e9 des deux c\u00f4t\u00e9s\u2026\u2026<br \/>\nPhoto d&rsquo;illustration:Houphou\u00ebt et Maurice en 1961 \u00e0 Korogho<\/p>\n<p>www.reveil-info.net<\/p>\n<p>Source : Archives Burkina<\/p>\n","protected":false},"excerpt":{"rendered":"<p>L\u2019histoire des relations entre le Burkina Faso et la C\u00f4te d\u2019Ivoire remonte aux ann\u00e9es 1920.<\/p>\n","protected":false},"author":1,"featured_media":20450,"comment_status":"open","ping_status":"open","sticky":false,"template":"","format":"standard","meta":{"footnotes":""},"categories":[38],"tags":[],"class_list":["post-20446","post","type-post","status-publish","format-standard","has-post-thumbnail","hentry","category-retour-sur-le-passe"],"yoast_head":"<!-- This site is optimized with the Yoast SEO plugin v27.5 - https:\/\/yoast.com\/product\/yoast-seo-wordpress\/ -->\n<title>Le jour o\u00f9 les Burkinab\u00e8 et les Ivoiriens ont failli avoir une nationalit\u00e9 commune - R\u00e9veil Info<\/title>\n<meta name=\"robots\" content=\"noindex, follow, max-snippet:-1, max-image-preview:large, max-video-preview:-1\" \/>\n<meta property=\"og:locale\" content=\"fr_FR\" \/>\n<meta property=\"og:type\" content=\"article\" \/>\n<meta property=\"og:title\" content=\"Le jour o\u00f9 les Burkinab\u00e8 et les Ivoiriens ont failli avoir une nationalit\u00e9 commune - R\u00e9veil Info\" \/>\n<meta property=\"og:description\" content=\"L\u2019histoire des relations entre le Burkina Faso et la C\u00f4te d\u2019Ivoire remonte aux ann\u00e9es 1920.\" \/>\n<meta property=\"og:url\" content=\"https:\/\/reveil-info.net\/?p=20446\" \/>\n<meta property=\"og:site_name\" content=\"R\u00e9veil Info\" \/>\n<meta property=\"article:published_time\" content=\"2025-04-16T19:33:25+00:00\" \/>\n<meta property=\"og:image\" content=\"https:\/\/reveil-info.net\/wp-content\/uploads\/2025\/04\/FB_IMG_17448317176996038.jpg\" \/>\n\t<meta property=\"og:image:width\" content=\"592\" \/>\n\t<meta property=\"og:image:height\" content=\"296\" \/>\n\t<meta property=\"og:image:type\" content=\"image\/jpeg\" \/>\n<meta name=\"author\" content=\"R\u00e9veil info\" \/>\n<meta name=\"twitter:card\" content=\"summary_large_image\" \/>\n<meta name=\"twitter:label1\" content=\"\u00c9crit par\" \/>\n\t<meta name=\"twitter:data1\" content=\"R\u00e9veil info\" \/>\n\t<meta name=\"twitter:label2\" content=\"Dur\u00e9e de lecture estim\u00e9e\" \/>\n\t<meta name=\"twitter:data2\" content=\"3 minutes\" \/>\n<script type=\"application\/ld+json\" class=\"yoast-schema-graph\">{\"@context\":\"https:\\\/\\\/schema.org\",\"@graph\":[{\"@type\":\"Article\",\"@id\":\"https:\\\/\\\/reveil-info.net\\\/?p=20446#article\",\"isPartOf\":{\"@id\":\"https:\\\/\\\/reveil-info.net\\\/?p=20446\"},\"author\":{\"name\":\"R\u00e9veil info\",\"@id\":\"https:\\\/\\\/reveil-info.net\\\/#\\\/schema\\\/person\\\/ca0cc8e70088e0a2b5e92556c1ee60f5\"},\"headline\":\"Le jour o\u00f9 les Burkinab\u00e8 et les Ivoiriens ont failli avoir une nationalit\u00e9 commune\",\"datePublished\":\"2025-04-16T19:33:25+00:00\",\"mainEntityOfPage\":{\"@id\":\"https:\\\/\\\/reveil-info.net\\\/?p=20446\"},\"wordCount\":525,\"commentCount\":0,\"publisher\":{\"@id\":\"https:\\\/\\\/reveil-info.net\\\/#organization\"},\"image\":{\"@id\":\"https:\\\/\\\/reveil-info.net\\\/?p=20446#primaryimage\"},\"thumbnailUrl\":\"https:\\\/\\\/reveil-info.net\\\/wp-content\\\/uploads\\\/2025\\\/04\\\/FB_IMG_17448317176996038.jpg\",\"articleSection\":[\"Retour sur le Pass\u00e9\"],\"inLanguage\":\"fr-FR\",\"potentialAction\":[{\"@type\":\"CommentAction\",\"name\":\"Comment\",\"target\":[\"https:\\\/\\\/reveil-info.net\\\/?p=20446#respond\"]}]},{\"@type\":\"WebPage\",\"@id\":\"https:\\\/\\\/reveil-info.net\\\/?p=20446\",\"url\":\"https:\\\/\\\/reveil-info.net\\\/?p=20446\",\"name\":\"Le jour o\u00f9 les Burkinab\u00e8 et les Ivoiriens ont failli avoir une nationalit\u00e9 commune - R\u00e9veil Info\",\"isPartOf\":{\"@id\":\"https:\\\/\\\/reveil-info.net\\\/#website\"},\"primaryImageOfPage\":{\"@id\":\"https:\\\/\\\/reveil-info.net\\\/?p=20446#primaryimage\"},\"image\":{\"@id\":\"https:\\\/\\\/reveil-info.net\\\/?p=20446#primaryimage\"},\"thumbnailUrl\":\"https:\\\/\\\/reveil-info.net\\\/wp-content\\\/uploads\\\/2025\\\/04\\\/FB_IMG_17448317176996038.jpg\",\"datePublished\":\"2025-04-16T19:33:25+00:00\",\"breadcrumb\":{\"@id\":\"https:\\\/\\\/reveil-info.net\\\/?p=20446#breadcrumb\"},\"inLanguage\":\"fr-FR\",\"potentialAction\":[{\"@type\":\"ReadAction\",\"target\":[\"https:\\\/\\\/reveil-info.net\\\/?p=20446\"]}]},{\"@type\":\"ImageObject\",\"inLanguage\":\"fr-FR\",\"@id\":\"https:\\\/\\\/reveil-info.net\\\/?p=20446#primaryimage\",\"url\":\"https:\\\/\\\/reveil-info.net\\\/wp-content\\\/uploads\\\/2025\\\/04\\\/FB_IMG_17448317176996038.jpg\",\"contentUrl\":\"https:\\\/\\\/reveil-info.net\\\/wp-content\\\/uploads\\\/2025\\\/04\\\/FB_IMG_17448317176996038.jpg\",\"width\":592,\"height\":296},{\"@type\":\"BreadcrumbList\",\"@id\":\"https:\\\/\\\/reveil-info.net\\\/?p=20446#breadcrumb\",\"itemListElement\":[{\"@type\":\"ListItem\",\"position\":1,\"name\":\"Home\",\"item\":\"https:\\\/\\\/reveil-info.net\\\/\"},{\"@type\":\"ListItem\",\"position\":2,\"name\":\"Le jour o\u00f9 les Burkinab\u00e8 et les Ivoiriens ont failli avoir une nationalit\u00e9 commune\"}]},{\"@type\":\"WebSite\",\"@id\":\"https:\\\/\\\/reveil-info.net\\\/#website\",\"url\":\"https:\\\/\\\/reveil-info.net\\\/\",\"name\":\"R\u00e9veil Info\",\"description\":\"Le devoir d&#039;informer!\",\"publisher\":{\"@id\":\"https:\\\/\\\/reveil-info.net\\\/#organization\"},\"potentialAction\":[{\"@type\":\"SearchAction\",\"target\":{\"@type\":\"EntryPoint\",\"urlTemplate\":\"https:\\\/\\\/reveil-info.net\\\/?s={search_term_string}\"},\"query-input\":{\"@type\":\"PropertyValueSpecification\",\"valueRequired\":true,\"valueName\":\"search_term_string\"}}],\"inLanguage\":\"fr-FR\"},{\"@type\":\"Organization\",\"@id\":\"https:\\\/\\\/reveil-info.net\\\/#organization\",\"name\":\"R\u00e9veil Info\",\"url\":\"https:\\\/\\\/reveil-info.net\\\/\",\"logo\":{\"@type\":\"ImageObject\",\"inLanguage\":\"fr-FR\",\"@id\":\"https:\\\/\\\/reveil-info.net\\\/#\\\/schema\\\/logo\\\/image\\\/\",\"url\":\"https:\\\/\\\/reveil-info.net\\\/wp-content\\\/uploads\\\/2024\\\/07\\\/bnddd1.jpg\",\"contentUrl\":\"https:\\\/\\\/reveil-info.net\\\/wp-content\\\/uploads\\\/2024\\\/07\\\/bnddd1.jpg\",\"width\":903,\"height\":125,\"caption\":\"R\u00e9veil Info\"},\"image\":{\"@id\":\"https:\\\/\\\/reveil-info.net\\\/#\\\/schema\\\/logo\\\/image\\\/\"}},{\"@type\":\"Person\",\"@id\":\"https:\\\/\\\/reveil-info.net\\\/#\\\/schema\\\/person\\\/ca0cc8e70088e0a2b5e92556c1ee60f5\",\"name\":\"R\u00e9veil info\",\"image\":{\"@type\":\"ImageObject\",\"inLanguage\":\"fr-FR\",\"@id\":\"https:\\\/\\\/secure.gravatar.com\\\/avatar\\\/e4ad5bb743c8b6cb174d9df6c7d30a8a16f6889731241345fc6444e6485f02af?s=96&d=mm&r=g\",\"url\":\"https:\\\/\\\/secure.gravatar.com\\\/avatar\\\/e4ad5bb743c8b6cb174d9df6c7d30a8a16f6889731241345fc6444e6485f02af?s=96&d=mm&r=g\",\"contentUrl\":\"https:\\\/\\\/secure.gravatar.com\\\/avatar\\\/e4ad5bb743c8b6cb174d9df6c7d30a8a16f6889731241345fc6444e6485f02af?s=96&d=mm&r=g\",\"caption\":\"R\u00e9veil info\"},\"sameAs\":[\"https:\\\/\\\/reveil-info.net\"],\"url\":\"https:\\\/\\\/reveil-info.net\\\/?author=1\"}]}<\/script>\n<!-- \/ Yoast SEO plugin. -->","yoast_head_json":{"title":"Le jour o\u00f9 les Burkinab\u00e8 et les Ivoiriens ont failli avoir une nationalit\u00e9 commune - R\u00e9veil Info","robots":{"index":"noindex","follow":"follow","max-snippet":"max-snippet:-1","max-image-preview":"max-image-preview:large","max-video-preview":"max-video-preview:-1"},"og_locale":"fr_FR","og_type":"article","og_title":"Le jour o\u00f9 les Burkinab\u00e8 et les Ivoiriens ont failli avoir une nationalit\u00e9 commune - R\u00e9veil Info","og_description":"L\u2019histoire des relations entre le Burkina Faso et la C\u00f4te d\u2019Ivoire remonte aux ann\u00e9es 1920.","og_url":"https:\/\/reveil-info.net\/?p=20446","og_site_name":"R\u00e9veil Info","article_published_time":"2025-04-16T19:33:25+00:00","og_image":[{"width":592,"height":296,"url":"https:\/\/reveil-info.net\/wp-content\/uploads\/2025\/04\/FB_IMG_17448317176996038.jpg","type":"image\/jpeg"}],"author":"R\u00e9veil info","twitter_card":"summary_large_image","twitter_misc":{"\u00c9crit par":"R\u00e9veil info","Dur\u00e9e de lecture estim\u00e9e":"3 minutes"},"schema":{"@context":"https:\/\/schema.org","@graph":[{"@type":"Article","@id":"https:\/\/reveil-info.net\/?p=20446#article","isPartOf":{"@id":"https:\/\/reveil-info.net\/?p=20446"},"author":{"name":"R\u00e9veil info","@id":"https:\/\/reveil-info.net\/#\/schema\/person\/ca0cc8e70088e0a2b5e92556c1ee60f5"},"headline":"Le jour o\u00f9 les Burkinab\u00e8 et les Ivoiriens ont failli avoir une nationalit\u00e9 commune","datePublished":"2025-04-16T19:33:25+00:00","mainEntityOfPage":{"@id":"https:\/\/reveil-info.net\/?p=20446"},"wordCount":525,"commentCount":0,"publisher":{"@id":"https:\/\/reveil-info.net\/#organization"},"image":{"@id":"https:\/\/reveil-info.net\/?p=20446#primaryimage"},"thumbnailUrl":"https:\/\/reveil-info.net\/wp-content\/uploads\/2025\/04\/FB_IMG_17448317176996038.jpg","articleSection":["Retour sur le Pass\u00e9"],"inLanguage":"fr-FR","potentialAction":[{"@type":"CommentAction","name":"Comment","target":["https:\/\/reveil-info.net\/?p=20446#respond"]}]},{"@type":"WebPage","@id":"https:\/\/reveil-info.net\/?p=20446","url":"https:\/\/reveil-info.net\/?p=20446","name":"Le jour o\u00f9 les Burkinab\u00e8 et les Ivoiriens ont failli avoir une nationalit\u00e9 commune - R\u00e9veil Info","isPartOf":{"@id":"https:\/\/reveil-info.net\/#website"},"primaryImageOfPage":{"@id":"https:\/\/reveil-info.net\/?p=20446#primaryimage"},"image":{"@id":"https:\/\/reveil-info.net\/?p=20446#primaryimage"},"thumbnailUrl":"https:\/\/reveil-info.net\/wp-content\/uploads\/2025\/04\/FB_IMG_17448317176996038.jpg","datePublished":"2025-04-16T19:33:25+00:00","breadcrumb":{"@id":"https:\/\/reveil-info.net\/?p=20446#breadcrumb"},"inLanguage":"fr-FR","potentialAction":[{"@type":"ReadAction","target":["https:\/\/reveil-info.net\/?p=20446"]}]},{"@type":"ImageObject","inLanguage":"fr-FR","@id":"https:\/\/reveil-info.net\/?p=20446#primaryimage","url":"https:\/\/reveil-info.net\/wp-content\/uploads\/2025\/04\/FB_IMG_17448317176996038.jpg","contentUrl":"https:\/\/reveil-info.net\/wp-content\/uploads\/2025\/04\/FB_IMG_17448317176996038.jpg","width":592,"height":296},{"@type":"BreadcrumbList","@id":"https:\/\/reveil-info.net\/?p=20446#breadcrumb","itemListElement":[{"@type":"ListItem","position":1,"name":"Home","item":"https:\/\/reveil-info.net\/"},{"@type":"ListItem","position":2,"name":"Le jour o\u00f9 les Burkinab\u00e8 et les Ivoiriens ont failli avoir une nationalit\u00e9 commune"}]},{"@type":"WebSite","@id":"https:\/\/reveil-info.net\/#website","url":"https:\/\/reveil-info.net\/","name":"R\u00e9veil Info","description":"Le devoir d&#039;informer!","publisher":{"@id":"https:\/\/reveil-info.net\/#organization"},"potentialAction":[{"@type":"SearchAction","target":{"@type":"EntryPoint","urlTemplate":"https:\/\/reveil-info.net\/?s={search_term_string}"},"query-input":{"@type":"PropertyValueSpecification","valueRequired":true,"valueName":"search_term_string"}}],"inLanguage":"fr-FR"},{"@type":"Organization","@id":"https:\/\/reveil-info.net\/#organization","name":"R\u00e9veil Info","url":"https:\/\/reveil-info.net\/","logo":{"@type":"ImageObject","inLanguage":"fr-FR","@id":"https:\/\/reveil-info.net\/#\/schema\/logo\/image\/","url":"https:\/\/reveil-info.net\/wp-content\/uploads\/2024\/07\/bnddd1.jpg","contentUrl":"https:\/\/reveil-info.net\/wp-content\/uploads\/2024\/07\/bnddd1.jpg","width":903,"height":125,"caption":"R\u00e9veil Info"},"image":{"@id":"https:\/\/reveil-info.net\/#\/schema\/logo\/image\/"}},{"@type":"Person","@id":"https:\/\/reveil-info.net\/#\/schema\/person\/ca0cc8e70088e0a2b5e92556c1ee60f5","name":"R\u00e9veil info","image":{"@type":"ImageObject","inLanguage":"fr-FR","@id":"https:\/\/secure.gravatar.com\/avatar\/e4ad5bb743c8b6cb174d9df6c7d30a8a16f6889731241345fc6444e6485f02af?s=96&d=mm&r=g","url":"https:\/\/secure.gravatar.com\/avatar\/e4ad5bb743c8b6cb174d9df6c7d30a8a16f6889731241345fc6444e6485f02af?s=96&d=mm&r=g","contentUrl":"https:\/\/secure.gravatar.com\/avatar\/e4ad5bb743c8b6cb174d9df6c7d30a8a16f6889731241345fc6444e6485f02af?s=96&d=mm&r=g","caption":"R\u00e9veil info"},"sameAs":["https:\/\/reveil-info.net"],"url":"https:\/\/reveil-info.net\/?author=1"}]}},"jetpack_featured_media_url":"https:\/\/reveil-info.net\/wp-content\/uploads\/2025\/04\/FB_IMG_17448317176996038.jpg","featured_image_urls":{"full":["https:\/\/reveil-info.net\/wp-content\/uploads\/2025\/04\/FB_IMG_17448317176996038.jpg",592,296,false],"thumbnail":["https:\/\/reveil-info.net\/wp-content\/uploads\/2025\/04\/FB_IMG_17448317176996038-150x150.jpg",150,150,true],"medium":["https:\/\/reveil-info.net\/wp-content\/uploads\/2025\/04\/FB_IMG_17448317176996038-300x150.jpg",300,150,true],"medium_large":["https:\/\/reveil-info.net\/wp-content\/uploads\/2025\/04\/FB_IMG_17448317176996038.jpg",592,296,false],"large":["https:\/\/reveil-info.net\/wp-content\/uploads\/2025\/04\/FB_IMG_17448317176996038.jpg",592,296,false],"1536x1536":["https:\/\/reveil-info.net\/wp-content\/uploads\/2025\/04\/FB_IMG_17448317176996038.jpg",592,296,false],"2048x2048":["https:\/\/reveil-info.net\/wp-content\/uploads\/2025\/04\/FB_IMG_17448317176996038.jpg",592,296,false],"chromenews-featured":["https:\/\/reveil-info.net\/wp-content\/uploads\/2025\/04\/FB_IMG_17448317176996038.jpg",592,296,false],"chromenews-large":["https:\/\/reveil-info.net\/wp-content\/uploads\/2025\/04\/FB_IMG_17448317176996038.jpg",592,296,false],"chromenews-medium":["https:\/\/reveil-info.net\/wp-content\/uploads\/2025\/04\/FB_IMG_17448317176996038-590x296.jpg",590,296,true]},"author_info":{"display_name":"R\u00e9veil info","author_link":"https:\/\/reveil-info.net\/?author=1"},"category_info":"<a href=\"https:\/\/reveil-info.net\/?cat=38\" rel=\"category\">Retour sur le Pass\u00e9<\/a>","tag_info":"Retour sur le Pass\u00e9","comment_count":"0","_links":{"self":[{"href":"https:\/\/reveil-info.net\/index.php?rest_route=\/wp\/v2\/posts\/20446","targetHints":{"allow":["GET"]}}],"collection":[{"href":"https:\/\/reveil-info.net\/index.php?rest_route=\/wp\/v2\/posts"}],"about":[{"href":"https:\/\/reveil-info.net\/index.php?rest_route=\/wp\/v2\/types\/post"}],"author":[{"embeddable":true,"href":"https:\/\/reveil-info.net\/index.php?rest_route=\/wp\/v2\/users\/1"}],"replies":[{"embeddable":true,"href":"https:\/\/reveil-info.net\/index.php?rest_route=%2Fwp%2Fv2%2Fcomments&post=20446"}],"version-history":[{"count":4,"href":"https:\/\/reveil-info.net\/index.php?rest_route=\/wp\/v2\/posts\/20446\/revisions"}],"predecessor-version":[{"id":20451,"href":"https:\/\/reveil-info.net\/index.php?rest_route=\/wp\/v2\/posts\/20446\/revisions\/20451"}],"wp:featuredmedia":[{"embeddable":true,"href":"https:\/\/reveil-info.net\/index.php?rest_route=\/wp\/v2\/media\/20450"}],"wp:attachment":[{"href":"https:\/\/reveil-info.net\/index.php?rest_route=%2Fwp%2Fv2%2Fmedia&parent=20446"}],"wp:term":[{"taxonomy":"category","embeddable":true,"href":"https:\/\/reveil-info.net\/index.php?rest_route=%2Fwp%2Fv2%2Fcategories&post=20446"},{"taxonomy":"post_tag","embeddable":true,"href":"https:\/\/reveil-info.net\/index.php?rest_route=%2Fwp%2Fv2%2Ftags&post=20446"}],"curies":[{"name":"wp","href":"https:\/\/api.w.org\/{rel}","templated":true}]}}