{"id":20438,"date":"2025-04-16T18:09:31","date_gmt":"2025-04-16T18:09:31","guid":{"rendered":"https:\/\/reveil-info.net\/?p=20438"},"modified":"2025-04-16T18:12:11","modified_gmt":"2025-04-16T18:12:11","slug":"eau-et-assainissement-une-delegation-de-la-bad-chez-le-ministre-roger-baro","status":"publish","type":"post","link":"https:\/\/reveil-info.net\/?p=20438","title":{"rendered":"Eau et assainissement: une d\u00e9l\u00e9gation de la BAD chez le ministre Roger Baro"},"content":{"rendered":"<p>Le Ministre de l&rsquo;Environnement, de l&rsquo;Eau et de l&rsquo;Assainissement, Roger BARO, a re\u00e7u en audience, ce mercredi 16 avril 2025, une d\u00e9l\u00e9gation de la Banque Africaine de D\u00e9veloppement (BAD), conduite par Daniel N\u2019DOYE, le Responsable Pays de la BAD au le Burkina Faso.<\/p>\n<p><img loading=\"lazy\" decoding=\"async\" class=\"alignnone size-full wp-image-20443\" src=\"https:\/\/reveil-info.net\/wp-content\/uploads\/2025\/04\/FB_IMG_17448267136425654.jpg\" alt=\"\" width=\"720\" height=\"480\" srcset=\"https:\/\/reveil-info.net\/wp-content\/uploads\/2025\/04\/FB_IMG_17448267136425654.jpg 720w, https:\/\/reveil-info.net\/wp-content\/uploads\/2025\/04\/FB_IMG_17448267136425654-300x200.jpg 300w\" sizes=\"auto, (max-width: 720px) 100vw, 720px\" \/><\/p>\n<p>\u00c0 l&rsquo;issue de la rencontre, le chef de la d\u00e9l\u00e9gation a exprim\u00e9 ses sentiments de satisfaction au regard de la qualit\u00e9 des \u00e9changes au cours de l\u2019audience.<\/p>\n<p>\u00ab Nous avions eu une r\u00e9union avec son excellence monsieur le ministre, c&rsquo;\u00e9tait une opportunit\u00e9 pour nous de lui faire le point de la mission de supervision qui est en cours ici au Burkina.<br \/>\nCette mission de supervision porte sur l&rsquo;ensemble des projets dans le secteur eau et assainissement appuy\u00e9s par la Banque Africaine de D\u00e9veloppement. Ces projets sont au nombre de cinq et un autre projet est en cours d&rsquo;\u00e9tude.<\/p>\n<p>Nous avons fait le tour des questions, des points en suspens, \u00e9galement des points qui n\u00e9cessitent une attention pour acc\u00e9l\u00e9rer la mise en \u0153uvre des projets et pour cela nous sommes tr\u00e8s satisfait de ces \u00e9changes avec le ministre.<br \/>\nNous avons relev\u00e9 \u00e9galement le bon niveau de l&rsquo;ex\u00e9cution de ces projets et nous avons mis en \u00e9vidence les aspects qui n\u00e9cessitent une attention particuli\u00e8re pour acc\u00e9l\u00e9rer la mise en \u0153uvre de ces projets.\u00bb a indiqu\u00e9 Daniel N\u2019DOYE<\/p>\n<p>Le ministre Roger BARO, a f\u00e9licit\u00e9 la BAD pour cette d\u00e9marche constructive, par ailleurs, le ministre a rassur\u00e9 la d\u00e9l\u00e9gation de la disponibilit\u00e9 du minist\u00e8re de travailler pour qu\u2019ensemble ces projets puissent \u00eatre ex\u00e9cut\u00e9s sans difficult\u00e9s majeures tout en produisant un impact positif sur la population.<\/p>\n<p>DCRP\/MEEA<\/p>\n<p>www.reveil-info.net<\/p>\n","protected":false},"excerpt":{"rendered":"<p>Le Ministre de l&rsquo;Environnement, de l&rsquo;Eau et de l&rsquo;Assainissement, Roger BARO, a re\u00e7u en audience,<\/p>\n","protected":false},"author":1,"featured_media":20441,"comment_status":"open","ping_status":"open","sticky":false,"template":"","format":"standard","meta":{"footnotes":""},"categories":[2],"tags":[],"class_list":["post-20438","post","type-post","status-publish","format-standard","has-post-thumbnail","hentry","category-actu"],"yoast_head":"<!-- This site is optimized with the Yoast SEO plugin v27.5 - https:\/\/yoast.com\/product\/yoast-seo-wordpress\/ -->\n<title>Eau et assainissement: une d\u00e9l\u00e9gation de la BAD chez le ministre Roger Baro - R\u00e9veil Info<\/title>\n<meta name=\"robots\" content=\"noindex, follow, max-snippet:-1, max-image-preview:large, max-video-preview:-1\" \/>\n<meta property=\"og:locale\" content=\"fr_FR\" \/>\n<meta property=\"og:type\" content=\"article\" \/>\n<meta property=\"og:title\" content=\"Eau et assainissement: une d\u00e9l\u00e9gation de la BAD chez le ministre Roger Baro - R\u00e9veil Info\" \/>\n<meta property=\"og:description\" content=\"Le Ministre de l&rsquo;Environnement, de l&rsquo;Eau et de l&rsquo;Assainissement, Roger BARO, a re\u00e7u en audience,\" \/>\n<meta property=\"og:url\" content=\"https:\/\/reveil-info.net\/?p=20438\" \/>\n<meta property=\"og:site_name\" content=\"R\u00e9veil Info\" \/>\n<meta property=\"article:published_time\" content=\"2025-04-16T18:09:31+00:00\" \/>\n<meta property=\"article:modified_time\" content=\"2025-04-16T18:12:11+00:00\" \/>\n<meta property=\"og:image\" content=\"https:\/\/reveil-info.net\/wp-content\/uploads\/2025\/04\/FB_IMG_17448266991819039.jpg\" \/>\n\t<meta property=\"og:image:width\" content=\"720\" \/>\n\t<meta property=\"og:image:height\" content=\"480\" \/>\n\t<meta property=\"og:image:type\" content=\"image\/jpeg\" \/>\n<meta name=\"author\" content=\"R\u00e9veil info\" \/>\n<meta name=\"twitter:card\" content=\"summary_large_image\" \/>\n<meta name=\"twitter:label1\" content=\"\u00c9crit par\" \/>\n\t<meta name=\"twitter:data1\" content=\"R\u00e9veil info\" \/>\n\t<meta name=\"twitter:label2\" content=\"Dur\u00e9e de lecture estim\u00e9e\" \/>\n\t<meta name=\"twitter:data2\" content=\"2 minutes\" \/>\n<script type=\"application\/ld+json\" class=\"yoast-schema-graph\">{\"@context\":\"https:\\\/\\\/schema.org\",\"@graph\":[{\"@type\":\"Article\",\"@id\":\"https:\\\/\\\/reveil-info.net\\\/?p=20438#article\",\"isPartOf\":{\"@id\":\"https:\\\/\\\/reveil-info.net\\\/?p=20438\"},\"author\":{\"name\":\"R\u00e9veil info\",\"@id\":\"https:\\\/\\\/reveil-info.net\\\/#\\\/schema\\\/person\\\/ca0cc8e70088e0a2b5e92556c1ee60f5\"},\"headline\":\"Eau et assainissement: une d\u00e9l\u00e9gation de la BAD chez le ministre Roger Baro\",\"datePublished\":\"2025-04-16T18:09:31+00:00\",\"dateModified\":\"2025-04-16T18:12:11+00:00\",\"mainEntityOfPage\":{\"@id\":\"https:\\\/\\\/reveil-info.net\\\/?p=20438\"},\"wordCount\":318,\"commentCount\":0,\"publisher\":{\"@id\":\"https:\\\/\\\/reveil-info.net\\\/#organization\"},\"image\":{\"@id\":\"https:\\\/\\\/reveil-info.net\\\/?p=20438#primaryimage\"},\"thumbnailUrl\":\"https:\\\/\\\/reveil-info.net\\\/wp-content\\\/uploads\\\/2025\\\/04\\\/FB_IMG_17448266991819039.jpg\",\"articleSection\":[\"Actualit\u00e9\"],\"inLanguage\":\"fr-FR\",\"potentialAction\":[{\"@type\":\"CommentAction\",\"name\":\"Comment\",\"target\":[\"https:\\\/\\\/reveil-info.net\\\/?p=20438#respond\"]}]},{\"@type\":\"WebPage\",\"@id\":\"https:\\\/\\\/reveil-info.net\\\/?p=20438\",\"url\":\"https:\\\/\\\/reveil-info.net\\\/?p=20438\",\"name\":\"Eau et assainissement: une d\u00e9l\u00e9gation de la BAD chez le ministre Roger Baro - R\u00e9veil Info\",\"isPartOf\":{\"@id\":\"https:\\\/\\\/reveil-info.net\\\/#website\"},\"primaryImageOfPage\":{\"@id\":\"https:\\\/\\\/reveil-info.net\\\/?p=20438#primaryimage\"},\"image\":{\"@id\":\"https:\\\/\\\/reveil-info.net\\\/?p=20438#primaryimage\"},\"thumbnailUrl\":\"https:\\\/\\\/reveil-info.net\\\/wp-content\\\/uploads\\\/2025\\\/04\\\/FB_IMG_17448266991819039.jpg\",\"datePublished\":\"2025-04-16T18:09:31+00:00\",\"dateModified\":\"2025-04-16T18:12:11+00:00\",\"breadcrumb\":{\"@id\":\"https:\\\/\\\/reveil-info.net\\\/?p=20438#breadcrumb\"},\"inLanguage\":\"fr-FR\",\"potentialAction\":[{\"@type\":\"ReadAction\",\"target\":[\"https:\\\/\\\/reveil-info.net\\\/?p=20438\"]}]},{\"@type\":\"ImageObject\",\"inLanguage\":\"fr-FR\",\"@id\":\"https:\\\/\\\/reveil-info.net\\\/?p=20438#primaryimage\",\"url\":\"https:\\\/\\\/reveil-info.net\\\/wp-content\\\/uploads\\\/2025\\\/04\\\/FB_IMG_17448266991819039.jpg\",\"contentUrl\":\"https:\\\/\\\/reveil-info.net\\\/wp-content\\\/uploads\\\/2025\\\/04\\\/FB_IMG_17448266991819039.jpg\",\"width\":720,\"height\":480},{\"@type\":\"BreadcrumbList\",\"@id\":\"https:\\\/\\\/reveil-info.net\\\/?p=20438#breadcrumb\",\"itemListElement\":[{\"@type\":\"ListItem\",\"position\":1,\"name\":\"Home\",\"item\":\"https:\\\/\\\/reveil-info.net\\\/\"},{\"@type\":\"ListItem\",\"position\":2,\"name\":\"Eau et assainissement: une d\u00e9l\u00e9gation de la BAD chez le ministre Roger Baro\"}]},{\"@type\":\"WebSite\",\"@id\":\"https:\\\/\\\/reveil-info.net\\\/#website\",\"url\":\"https:\\\/\\\/reveil-info.net\\\/\",\"name\":\"R\u00e9veil Info\",\"description\":\"Le devoir d&#039;informer!\",\"publisher\":{\"@id\":\"https:\\\/\\\/reveil-info.net\\\/#organization\"},\"potentialAction\":[{\"@type\":\"SearchAction\",\"target\":{\"@type\":\"EntryPoint\",\"urlTemplate\":\"https:\\\/\\\/reveil-info.net\\\/?s={search_term_string}\"},\"query-input\":{\"@type\":\"PropertyValueSpecification\",\"valueRequired\":true,\"valueName\":\"search_term_string\"}}],\"inLanguage\":\"fr-FR\"},{\"@type\":\"Organization\",\"@id\":\"https:\\\/\\\/reveil-info.net\\\/#organization\",\"name\":\"R\u00e9veil Info\",\"url\":\"https:\\\/\\\/reveil-info.net\\\/\",\"logo\":{\"@type\":\"ImageObject\",\"inLanguage\":\"fr-FR\",\"@id\":\"https:\\\/\\\/reveil-info.net\\\/#\\\/schema\\\/logo\\\/image\\\/\",\"url\":\"https:\\\/\\\/reveil-info.net\\\/wp-content\\\/uploads\\\/2024\\\/07\\\/bnddd1.jpg\",\"contentUrl\":\"https:\\\/\\\/reveil-info.net\\\/wp-content\\\/uploads\\\/2024\\\/07\\\/bnddd1.jpg\",\"width\":903,\"height\":125,\"caption\":\"R\u00e9veil Info\"},\"image\":{\"@id\":\"https:\\\/\\\/reveil-info.net\\\/#\\\/schema\\\/logo\\\/image\\\/\"}},{\"@type\":\"Person\",\"@id\":\"https:\\\/\\\/reveil-info.net\\\/#\\\/schema\\\/person\\\/ca0cc8e70088e0a2b5e92556c1ee60f5\",\"name\":\"R\u00e9veil info\",\"image\":{\"@type\":\"ImageObject\",\"inLanguage\":\"fr-FR\",\"@id\":\"https:\\\/\\\/secure.gravatar.com\\\/avatar\\\/e4ad5bb743c8b6cb174d9df6c7d30a8a16f6889731241345fc6444e6485f02af?s=96&d=mm&r=g\",\"url\":\"https:\\\/\\\/secure.gravatar.com\\\/avatar\\\/e4ad5bb743c8b6cb174d9df6c7d30a8a16f6889731241345fc6444e6485f02af?s=96&d=mm&r=g\",\"contentUrl\":\"https:\\\/\\\/secure.gravatar.com\\\/avatar\\\/e4ad5bb743c8b6cb174d9df6c7d30a8a16f6889731241345fc6444e6485f02af?s=96&d=mm&r=g\",\"caption\":\"R\u00e9veil info\"},\"sameAs\":[\"https:\\\/\\\/reveil-info.net\"],\"url\":\"https:\\\/\\\/reveil-info.net\\\/?author=1\"}]}<\/script>\n<!-- \/ Yoast SEO plugin. -->","yoast_head_json":{"title":"Eau et assainissement: une d\u00e9l\u00e9gation de la BAD chez le ministre Roger Baro - R\u00e9veil Info","robots":{"index":"noindex","follow":"follow","max-snippet":"max-snippet:-1","max-image-preview":"max-image-preview:large","max-video-preview":"max-video-preview:-1"},"og_locale":"fr_FR","og_type":"article","og_title":"Eau et assainissement: une d\u00e9l\u00e9gation de la BAD chez le ministre Roger Baro - R\u00e9veil Info","og_description":"Le Ministre de l&rsquo;Environnement, de l&rsquo;Eau et de l&rsquo;Assainissement, Roger BARO, a re\u00e7u en audience,","og_url":"https:\/\/reveil-info.net\/?p=20438","og_site_name":"R\u00e9veil Info","article_published_time":"2025-04-16T18:09:31+00:00","article_modified_time":"2025-04-16T18:12:11+00:00","og_image":[{"width":720,"height":480,"url":"https:\/\/reveil-info.net\/wp-content\/uploads\/2025\/04\/FB_IMG_17448266991819039.jpg","type":"image\/jpeg"}],"author":"R\u00e9veil info","twitter_card":"summary_large_image","twitter_misc":{"\u00c9crit par":"R\u00e9veil info","Dur\u00e9e de lecture estim\u00e9e":"2 minutes"},"schema":{"@context":"https:\/\/schema.org","@graph":[{"@type":"Article","@id":"https:\/\/reveil-info.net\/?p=20438#article","isPartOf":{"@id":"https:\/\/reveil-info.net\/?p=20438"},"author":{"name":"R\u00e9veil info","@id":"https:\/\/reveil-info.net\/#\/schema\/person\/ca0cc8e70088e0a2b5e92556c1ee60f5"},"headline":"Eau et assainissement: une d\u00e9l\u00e9gation de la BAD chez le ministre Roger Baro","datePublished":"2025-04-16T18:09:31+00:00","dateModified":"2025-04-16T18:12:11+00:00","mainEntityOfPage":{"@id":"https:\/\/reveil-info.net\/?p=20438"},"wordCount":318,"commentCount":0,"publisher":{"@id":"https:\/\/reveil-info.net\/#organization"},"image":{"@id":"https:\/\/reveil-info.net\/?p=20438#primaryimage"},"thumbnailUrl":"https:\/\/reveil-info.net\/wp-content\/uploads\/2025\/04\/FB_IMG_17448266991819039.jpg","articleSection":["Actualit\u00e9"],"inLanguage":"fr-FR","potentialAction":[{"@type":"CommentAction","name":"Comment","target":["https:\/\/reveil-info.net\/?p=20438#respond"]}]},{"@type":"WebPage","@id":"https:\/\/reveil-info.net\/?p=20438","url":"https:\/\/reveil-info.net\/?p=20438","name":"Eau et assainissement: une d\u00e9l\u00e9gation de la BAD chez le ministre Roger Baro - R\u00e9veil Info","isPartOf":{"@id":"https:\/\/reveil-info.net\/#website"},"primaryImageOfPage":{"@id":"https:\/\/reveil-info.net\/?p=20438#primaryimage"},"image":{"@id":"https:\/\/reveil-info.net\/?p=20438#primaryimage"},"thumbnailUrl":"https:\/\/reveil-info.net\/wp-content\/uploads\/2025\/04\/FB_IMG_17448266991819039.jpg","datePublished":"2025-04-16T18:09:31+00:00","dateModified":"2025-04-16T18:12:11+00:00","breadcrumb":{"@id":"https:\/\/reveil-info.net\/?p=20438#breadcrumb"},"inLanguage":"fr-FR","potentialAction":[{"@type":"ReadAction","target":["https:\/\/reveil-info.net\/?p=20438"]}]},{"@type":"ImageObject","inLanguage":"fr-FR","@id":"https:\/\/reveil-info.net\/?p=20438#primaryimage","url":"https:\/\/reveil-info.net\/wp-content\/uploads\/2025\/04\/FB_IMG_17448266991819039.jpg","contentUrl":"https:\/\/reveil-info.net\/wp-content\/uploads\/2025\/04\/FB_IMG_17448266991819039.jpg","width":720,"height":480},{"@type":"BreadcrumbList","@id":"https:\/\/reveil-info.net\/?p=20438#breadcrumb","itemListElement":[{"@type":"ListItem","position":1,"name":"Home","item":"https:\/\/reveil-info.net\/"},{"@type":"ListItem","position":2,"name":"Eau et assainissement: une d\u00e9l\u00e9gation de la BAD chez le ministre Roger Baro"}]},{"@type":"WebSite","@id":"https:\/\/reveil-info.net\/#website","url":"https:\/\/reveil-info.net\/","name":"R\u00e9veil Info","description":"Le devoir d&#039;informer!","publisher":{"@id":"https:\/\/reveil-info.net\/#organization"},"potentialAction":[{"@type":"SearchAction","target":{"@type":"EntryPoint","urlTemplate":"https:\/\/reveil-info.net\/?s={search_term_string}"},"query-input":{"@type":"PropertyValueSpecification","valueRequired":true,"valueName":"search_term_string"}}],"inLanguage":"fr-FR"},{"@type":"Organization","@id":"https:\/\/reveil-info.net\/#organization","name":"R\u00e9veil Info","url":"https:\/\/reveil-info.net\/","logo":{"@type":"ImageObject","inLanguage":"fr-FR","@id":"https:\/\/reveil-info.net\/#\/schema\/logo\/image\/","url":"https:\/\/reveil-info.net\/wp-content\/uploads\/2024\/07\/bnddd1.jpg","contentUrl":"https:\/\/reveil-info.net\/wp-content\/uploads\/2024\/07\/bnddd1.jpg","width":903,"height":125,"caption":"R\u00e9veil Info"},"image":{"@id":"https:\/\/reveil-info.net\/#\/schema\/logo\/image\/"}},{"@type":"Person","@id":"https:\/\/reveil-info.net\/#\/schema\/person\/ca0cc8e70088e0a2b5e92556c1ee60f5","name":"R\u00e9veil info","image":{"@type":"ImageObject","inLanguage":"fr-FR","@id":"https:\/\/secure.gravatar.com\/avatar\/e4ad5bb743c8b6cb174d9df6c7d30a8a16f6889731241345fc6444e6485f02af?s=96&d=mm&r=g","url":"https:\/\/secure.gravatar.com\/avatar\/e4ad5bb743c8b6cb174d9df6c7d30a8a16f6889731241345fc6444e6485f02af?s=96&d=mm&r=g","contentUrl":"https:\/\/secure.gravatar.com\/avatar\/e4ad5bb743c8b6cb174d9df6c7d30a8a16f6889731241345fc6444e6485f02af?s=96&d=mm&r=g","caption":"R\u00e9veil info"},"sameAs":["https:\/\/reveil-info.net"],"url":"https:\/\/reveil-info.net\/?author=1"}]}},"jetpack_featured_media_url":"https:\/\/reveil-info.net\/wp-content\/uploads\/2025\/04\/FB_IMG_17448266991819039.jpg","featured_image_urls":{"full":["https:\/\/reveil-info.net\/wp-content\/uploads\/2025\/04\/FB_IMG_17448266991819039.jpg",720,480,false],"thumbnail":["https:\/\/reveil-info.net\/wp-content\/uploads\/2025\/04\/FB_IMG_17448266991819039-150x150.jpg",150,150,true],"medium":["https:\/\/reveil-info.net\/wp-content\/uploads\/2025\/04\/FB_IMG_17448266991819039-300x200.jpg",300,200,true],"medium_large":["https:\/\/reveil-info.net\/wp-content\/uploads\/2025\/04\/FB_IMG_17448266991819039.jpg",640,427,false],"large":["https:\/\/reveil-info.net\/wp-content\/uploads\/2025\/04\/FB_IMG_17448266991819039.jpg",640,427,false],"1536x1536":["https:\/\/reveil-info.net\/wp-content\/uploads\/2025\/04\/FB_IMG_17448266991819039.jpg",720,480,false],"2048x2048":["https:\/\/reveil-info.net\/wp-content\/uploads\/2025\/04\/FB_IMG_17448266991819039.jpg",720,480,false],"chromenews-featured":["https:\/\/reveil-info.net\/wp-content\/uploads\/2025\/04\/FB_IMG_17448266991819039.jpg",720,480,false],"chromenews-large":["https:\/\/reveil-info.net\/wp-content\/uploads\/2025\/04\/FB_IMG_17448266991819039.jpg",720,480,false],"chromenews-medium":["https:\/\/reveil-info.net\/wp-content\/uploads\/2025\/04\/FB_IMG_17448266991819039-590x410.jpg",590,410,true]},"author_info":{"display_name":"R\u00e9veil info","author_link":"https:\/\/reveil-info.net\/?author=1"},"category_info":"<a href=\"https:\/\/reveil-info.net\/?cat=2\" rel=\"category\">Actualit\u00e9<\/a>","tag_info":"Actualit\u00e9","comment_count":"0","_links":{"self":[{"href":"https:\/\/reveil-info.net\/index.php?rest_route=\/wp\/v2\/posts\/20438","targetHints":{"allow":["GET"]}}],"collection":[{"href":"https:\/\/reveil-info.net\/index.php?rest_route=\/wp\/v2\/posts"}],"about":[{"href":"https:\/\/reveil-info.net\/index.php?rest_route=\/wp\/v2\/types\/post"}],"author":[{"embeddable":true,"href":"https:\/\/reveil-info.net\/index.php?rest_route=\/wp\/v2\/users\/1"}],"replies":[{"embeddable":true,"href":"https:\/\/reveil-info.net\/index.php?rest_route=%2Fwp%2Fv2%2Fcomments&post=20438"}],"version-history":[{"count":5,"href":"https:\/\/reveil-info.net\/index.php?rest_route=\/wp\/v2\/posts\/20438\/revisions"}],"predecessor-version":[{"id":20445,"href":"https:\/\/reveil-info.net\/index.php?rest_route=\/wp\/v2\/posts\/20438\/revisions\/20445"}],"wp:featuredmedia":[{"embeddable":true,"href":"https:\/\/reveil-info.net\/index.php?rest_route=\/wp\/v2\/media\/20441"}],"wp:attachment":[{"href":"https:\/\/reveil-info.net\/index.php?rest_route=%2Fwp%2Fv2%2Fmedia&parent=20438"}],"wp:term":[{"taxonomy":"category","embeddable":true,"href":"https:\/\/reveil-info.net\/index.php?rest_route=%2Fwp%2Fv2%2Fcategories&post=20438"},{"taxonomy":"post_tag","embeddable":true,"href":"https:\/\/reveil-info.net\/index.php?rest_route=%2Fwp%2Fv2%2Ftags&post=20438"}],"curies":[{"name":"wp","href":"https:\/\/api.w.org\/{rel}","templated":true}]}}