{"id":20368,"date":"2025-04-16T09:14:34","date_gmt":"2025-04-16T09:14:34","guid":{"rendered":"https:\/\/reveil-info.net\/?p=20368"},"modified":"2025-04-16T09:14:34","modified_gmt":"2025-04-16T09:14:34","slug":"reunion-des-chefs-detat-major-des-armees-de-lair-de-laes-a-bamako-vers-une-defense-aerienne-integree-au-sahel","status":"publish","type":"post","link":"https:\/\/reveil-info.net\/?p=20368","title":{"rendered":"Reunion des chefs  d&rsquo;Etat-major des arm\u00e9es de l&rsquo;Air de l&rsquo;AES \u00e0 Bamako: vers une d\u00e9fense a\u00e9rienne int\u00e9gr\u00e9e au Sahel"},"content":{"rendered":"<p>Premi\u00e8re r\u00e9union des Chefs d\u2019Etat-major des Arm\u00e9es de l\u2019Air de l\u2019AES : vers une d\u00e9fense a\u00e9rienne int\u00e9gr\u00e9e au Sahel<\/p>\n<p><img loading=\"lazy\" decoding=\"async\" class=\"alignnone size-full wp-image-20374\" src=\"https:\/\/reveil-info.net\/wp-content\/uploads\/2025\/04\/FB_IMG_17447944018481381.jpg\" alt=\"\" width=\"720\" height=\"458\" srcset=\"https:\/\/reveil-info.net\/wp-content\/uploads\/2025\/04\/FB_IMG_17447944018481381.jpg 720w, https:\/\/reveil-info.net\/wp-content\/uploads\/2025\/04\/FB_IMG_17447944018481381-300x191.jpg 300w\" sizes=\"auto, (max-width: 720px) 100vw, 720px\" \/><\/p>\n<p>Face \u00e0 un ennemi mobile et insaisissable, l\u2019arme a\u00e9rienne est devenue essentielle pour garantir la rapidit\u00e9, la puissance de feu et l\u2019efficacit\u00e9 des op\u00e9rations militaires conjointes. Dans cette dynamique, les Chefs d\u2019\u00c9tat-major des Arm\u00e9es de l\u2019Air du Burkina Faso, du Mali et du Niger ont d\u00e9cid\u00e9 de tenir, du 13 au 17 avril 2025 au Mali, la premi\u00e8re r\u00e9union des CEM Air de l\u2019AES autour du th\u00e8me : \u00ab Coop\u00e9ration a\u00e9rienne au sein de l\u2019AES : vers une d\u00e9fense int\u00e9gr\u00e9e et une souverainet\u00e9 renforc\u00e9e \u00bb.<\/p>\n<p>Source: Forces Arm\u00e9es maliennes<\/p>\n<p>www.reveil-info.net<\/p>\n","protected":false},"excerpt":{"rendered":"<p>Premi\u00e8re r\u00e9union des Chefs d\u2019Etat-major des Arm\u00e9es de l\u2019Air de l\u2019AES : vers une d\u00e9fense<\/p>\n","protected":false},"author":1,"featured_media":20373,"comment_status":"open","ping_status":"open","sticky":false,"template":"","format":"standard","meta":{"footnotes":""},"categories":[2],"tags":[],"class_list":["post-20368","post","type-post","status-publish","format-standard","has-post-thumbnail","hentry","category-actu"],"yoast_head":"<!-- This site is optimized with the Yoast SEO plugin v27.5 - https:\/\/yoast.com\/product\/yoast-seo-wordpress\/ -->\n<title>Reunion des chefs d&#039;Etat-major des arm\u00e9es de l&#039;Air de l&#039;AES \u00e0 Bamako: vers une d\u00e9fense a\u00e9rienne int\u00e9gr\u00e9e au Sahel - R\u00e9veil Info<\/title>\n<meta name=\"robots\" content=\"noindex, follow, max-snippet:-1, max-image-preview:large, max-video-preview:-1\" \/>\n<meta property=\"og:locale\" content=\"fr_FR\" \/>\n<meta property=\"og:type\" content=\"article\" \/>\n<meta property=\"og:title\" content=\"Reunion des chefs d&#039;Etat-major des arm\u00e9es de l&#039;Air de l&#039;AES \u00e0 Bamako: vers une d\u00e9fense a\u00e9rienne int\u00e9gr\u00e9e au Sahel - R\u00e9veil Info\" \/>\n<meta property=\"og:description\" content=\"Premi\u00e8re r\u00e9union des Chefs d\u2019Etat-major des Arm\u00e9es de l\u2019Air de l\u2019AES : vers une d\u00e9fense\" \/>\n<meta property=\"og:url\" content=\"https:\/\/reveil-info.net\/?p=20368\" \/>\n<meta property=\"og:site_name\" content=\"R\u00e9veil Info\" \/>\n<meta property=\"article:published_time\" content=\"2025-04-16T09:14:34+00:00\" \/>\n<meta property=\"og:image\" content=\"https:\/\/reveil-info.net\/wp-content\/uploads\/2025\/04\/FB_IMG_17447944131518152.jpg\" \/>\n\t<meta property=\"og:image:width\" content=\"720\" \/>\n\t<meta property=\"og:image:height\" content=\"414\" \/>\n\t<meta property=\"og:image:type\" content=\"image\/jpeg\" \/>\n<meta name=\"author\" content=\"R\u00e9veil info\" \/>\n<meta name=\"twitter:card\" content=\"summary_large_image\" \/>\n<meta name=\"twitter:label1\" content=\"\u00c9crit par\" \/>\n\t<meta name=\"twitter:data1\" content=\"R\u00e9veil info\" \/>\n\t<meta name=\"twitter:label2\" content=\"Dur\u00e9e de lecture estim\u00e9e\" \/>\n\t<meta name=\"twitter:data2\" content=\"1 minute\" \/>\n<script type=\"application\/ld+json\" class=\"yoast-schema-graph\">{\"@context\":\"https:\\\/\\\/schema.org\",\"@graph\":[{\"@type\":\"Article\",\"@id\":\"https:\\\/\\\/reveil-info.net\\\/?p=20368#article\",\"isPartOf\":{\"@id\":\"https:\\\/\\\/reveil-info.net\\\/?p=20368\"},\"author\":{\"name\":\"R\u00e9veil info\",\"@id\":\"https:\\\/\\\/reveil-info.net\\\/#\\\/schema\\\/person\\\/ca0cc8e70088e0a2b5e92556c1ee60f5\"},\"headline\":\"Reunion des chefs d&rsquo;Etat-major des arm\u00e9es de l&rsquo;Air de l&rsquo;AES \u00e0 Bamako: vers une d\u00e9fense a\u00e9rienne int\u00e9gr\u00e9e au Sahel\",\"datePublished\":\"2025-04-16T09:14:34+00:00\",\"mainEntityOfPage\":{\"@id\":\"https:\\\/\\\/reveil-info.net\\\/?p=20368\"},\"wordCount\":158,\"commentCount\":0,\"publisher\":{\"@id\":\"https:\\\/\\\/reveil-info.net\\\/#organization\"},\"image\":{\"@id\":\"https:\\\/\\\/reveil-info.net\\\/?p=20368#primaryimage\"},\"thumbnailUrl\":\"https:\\\/\\\/reveil-info.net\\\/wp-content\\\/uploads\\\/2025\\\/04\\\/FB_IMG_17447944131518152.jpg\",\"articleSection\":[\"Actualit\u00e9\"],\"inLanguage\":\"fr-FR\",\"potentialAction\":[{\"@type\":\"CommentAction\",\"name\":\"Comment\",\"target\":[\"https:\\\/\\\/reveil-info.net\\\/?p=20368#respond\"]}]},{\"@type\":\"WebPage\",\"@id\":\"https:\\\/\\\/reveil-info.net\\\/?p=20368\",\"url\":\"https:\\\/\\\/reveil-info.net\\\/?p=20368\",\"name\":\"Reunion des chefs d'Etat-major des arm\u00e9es de l'Air de l'AES \u00e0 Bamako: vers une d\u00e9fense a\u00e9rienne int\u00e9gr\u00e9e au Sahel - R\u00e9veil Info\",\"isPartOf\":{\"@id\":\"https:\\\/\\\/reveil-info.net\\\/#website\"},\"primaryImageOfPage\":{\"@id\":\"https:\\\/\\\/reveil-info.net\\\/?p=20368#primaryimage\"},\"image\":{\"@id\":\"https:\\\/\\\/reveil-info.net\\\/?p=20368#primaryimage\"},\"thumbnailUrl\":\"https:\\\/\\\/reveil-info.net\\\/wp-content\\\/uploads\\\/2025\\\/04\\\/FB_IMG_17447944131518152.jpg\",\"datePublished\":\"2025-04-16T09:14:34+00:00\",\"breadcrumb\":{\"@id\":\"https:\\\/\\\/reveil-info.net\\\/?p=20368#breadcrumb\"},\"inLanguage\":\"fr-FR\",\"potentialAction\":[{\"@type\":\"ReadAction\",\"target\":[\"https:\\\/\\\/reveil-info.net\\\/?p=20368\"]}]},{\"@type\":\"ImageObject\",\"inLanguage\":\"fr-FR\",\"@id\":\"https:\\\/\\\/reveil-info.net\\\/?p=20368#primaryimage\",\"url\":\"https:\\\/\\\/reveil-info.net\\\/wp-content\\\/uploads\\\/2025\\\/04\\\/FB_IMG_17447944131518152.jpg\",\"contentUrl\":\"https:\\\/\\\/reveil-info.net\\\/wp-content\\\/uploads\\\/2025\\\/04\\\/FB_IMG_17447944131518152.jpg\",\"width\":720,\"height\":414},{\"@type\":\"BreadcrumbList\",\"@id\":\"https:\\\/\\\/reveil-info.net\\\/?p=20368#breadcrumb\",\"itemListElement\":[{\"@type\":\"ListItem\",\"position\":1,\"name\":\"Home\",\"item\":\"https:\\\/\\\/reveil-info.net\\\/\"},{\"@type\":\"ListItem\",\"position\":2,\"name\":\"Reunion des chefs d&#8217;Etat-major des arm\u00e9es de l&#8217;Air de l&#8217;AES \u00e0 Bamako: vers une d\u00e9fense a\u00e9rienne int\u00e9gr\u00e9e au Sahel\"}]},{\"@type\":\"WebSite\",\"@id\":\"https:\\\/\\\/reveil-info.net\\\/#website\",\"url\":\"https:\\\/\\\/reveil-info.net\\\/\",\"name\":\"R\u00e9veil Info\",\"description\":\"Le devoir d&#039;informer!\",\"publisher\":{\"@id\":\"https:\\\/\\\/reveil-info.net\\\/#organization\"},\"potentialAction\":[{\"@type\":\"SearchAction\",\"target\":{\"@type\":\"EntryPoint\",\"urlTemplate\":\"https:\\\/\\\/reveil-info.net\\\/?s={search_term_string}\"},\"query-input\":{\"@type\":\"PropertyValueSpecification\",\"valueRequired\":true,\"valueName\":\"search_term_string\"}}],\"inLanguage\":\"fr-FR\"},{\"@type\":\"Organization\",\"@id\":\"https:\\\/\\\/reveil-info.net\\\/#organization\",\"name\":\"R\u00e9veil Info\",\"url\":\"https:\\\/\\\/reveil-info.net\\\/\",\"logo\":{\"@type\":\"ImageObject\",\"inLanguage\":\"fr-FR\",\"@id\":\"https:\\\/\\\/reveil-info.net\\\/#\\\/schema\\\/logo\\\/image\\\/\",\"url\":\"https:\\\/\\\/reveil-info.net\\\/wp-content\\\/uploads\\\/2024\\\/07\\\/bnddd1.jpg\",\"contentUrl\":\"https:\\\/\\\/reveil-info.net\\\/wp-content\\\/uploads\\\/2024\\\/07\\\/bnddd1.jpg\",\"width\":903,\"height\":125,\"caption\":\"R\u00e9veil Info\"},\"image\":{\"@id\":\"https:\\\/\\\/reveil-info.net\\\/#\\\/schema\\\/logo\\\/image\\\/\"}},{\"@type\":\"Person\",\"@id\":\"https:\\\/\\\/reveil-info.net\\\/#\\\/schema\\\/person\\\/ca0cc8e70088e0a2b5e92556c1ee60f5\",\"name\":\"R\u00e9veil info\",\"image\":{\"@type\":\"ImageObject\",\"inLanguage\":\"fr-FR\",\"@id\":\"https:\\\/\\\/secure.gravatar.com\\\/avatar\\\/e4ad5bb743c8b6cb174d9df6c7d30a8a16f6889731241345fc6444e6485f02af?s=96&d=mm&r=g\",\"url\":\"https:\\\/\\\/secure.gravatar.com\\\/avatar\\\/e4ad5bb743c8b6cb174d9df6c7d30a8a16f6889731241345fc6444e6485f02af?s=96&d=mm&r=g\",\"contentUrl\":\"https:\\\/\\\/secure.gravatar.com\\\/avatar\\\/e4ad5bb743c8b6cb174d9df6c7d30a8a16f6889731241345fc6444e6485f02af?s=96&d=mm&r=g\",\"caption\":\"R\u00e9veil info\"},\"sameAs\":[\"https:\\\/\\\/reveil-info.net\"],\"url\":\"https:\\\/\\\/reveil-info.net\\\/?author=1\"}]}<\/script>\n<!-- \/ Yoast SEO plugin. -->","yoast_head_json":{"title":"Reunion des chefs d'Etat-major des arm\u00e9es de l'Air de l'AES \u00e0 Bamako: vers une d\u00e9fense a\u00e9rienne int\u00e9gr\u00e9e au Sahel - R\u00e9veil Info","robots":{"index":"noindex","follow":"follow","max-snippet":"max-snippet:-1","max-image-preview":"max-image-preview:large","max-video-preview":"max-video-preview:-1"},"og_locale":"fr_FR","og_type":"article","og_title":"Reunion des chefs d'Etat-major des arm\u00e9es de l'Air de l'AES \u00e0 Bamako: vers une d\u00e9fense a\u00e9rienne int\u00e9gr\u00e9e au Sahel - R\u00e9veil Info","og_description":"Premi\u00e8re r\u00e9union des Chefs d\u2019Etat-major des Arm\u00e9es de l\u2019Air de l\u2019AES : vers une d\u00e9fense","og_url":"https:\/\/reveil-info.net\/?p=20368","og_site_name":"R\u00e9veil Info","article_published_time":"2025-04-16T09:14:34+00:00","og_image":[{"width":720,"height":414,"url":"https:\/\/reveil-info.net\/wp-content\/uploads\/2025\/04\/FB_IMG_17447944131518152.jpg","type":"image\/jpeg"}],"author":"R\u00e9veil info","twitter_card":"summary_large_image","twitter_misc":{"\u00c9crit par":"R\u00e9veil info","Dur\u00e9e de lecture estim\u00e9e":"1 minute"},"schema":{"@context":"https:\/\/schema.org","@graph":[{"@type":"Article","@id":"https:\/\/reveil-info.net\/?p=20368#article","isPartOf":{"@id":"https:\/\/reveil-info.net\/?p=20368"},"author":{"name":"R\u00e9veil info","@id":"https:\/\/reveil-info.net\/#\/schema\/person\/ca0cc8e70088e0a2b5e92556c1ee60f5"},"headline":"Reunion des chefs d&rsquo;Etat-major des arm\u00e9es de l&rsquo;Air de l&rsquo;AES \u00e0 Bamako: vers une d\u00e9fense a\u00e9rienne int\u00e9gr\u00e9e au Sahel","datePublished":"2025-04-16T09:14:34+00:00","mainEntityOfPage":{"@id":"https:\/\/reveil-info.net\/?p=20368"},"wordCount":158,"commentCount":0,"publisher":{"@id":"https:\/\/reveil-info.net\/#organization"},"image":{"@id":"https:\/\/reveil-info.net\/?p=20368#primaryimage"},"thumbnailUrl":"https:\/\/reveil-info.net\/wp-content\/uploads\/2025\/04\/FB_IMG_17447944131518152.jpg","articleSection":["Actualit\u00e9"],"inLanguage":"fr-FR","potentialAction":[{"@type":"CommentAction","name":"Comment","target":["https:\/\/reveil-info.net\/?p=20368#respond"]}]},{"@type":"WebPage","@id":"https:\/\/reveil-info.net\/?p=20368","url":"https:\/\/reveil-info.net\/?p=20368","name":"Reunion des chefs d'Etat-major des arm\u00e9es de l'Air de l'AES \u00e0 Bamako: vers une d\u00e9fense a\u00e9rienne int\u00e9gr\u00e9e au Sahel - R\u00e9veil Info","isPartOf":{"@id":"https:\/\/reveil-info.net\/#website"},"primaryImageOfPage":{"@id":"https:\/\/reveil-info.net\/?p=20368#primaryimage"},"image":{"@id":"https:\/\/reveil-info.net\/?p=20368#primaryimage"},"thumbnailUrl":"https:\/\/reveil-info.net\/wp-content\/uploads\/2025\/04\/FB_IMG_17447944131518152.jpg","datePublished":"2025-04-16T09:14:34+00:00","breadcrumb":{"@id":"https:\/\/reveil-info.net\/?p=20368#breadcrumb"},"inLanguage":"fr-FR","potentialAction":[{"@type":"ReadAction","target":["https:\/\/reveil-info.net\/?p=20368"]}]},{"@type":"ImageObject","inLanguage":"fr-FR","@id":"https:\/\/reveil-info.net\/?p=20368#primaryimage","url":"https:\/\/reveil-info.net\/wp-content\/uploads\/2025\/04\/FB_IMG_17447944131518152.jpg","contentUrl":"https:\/\/reveil-info.net\/wp-content\/uploads\/2025\/04\/FB_IMG_17447944131518152.jpg","width":720,"height":414},{"@type":"BreadcrumbList","@id":"https:\/\/reveil-info.net\/?p=20368#breadcrumb","itemListElement":[{"@type":"ListItem","position":1,"name":"Home","item":"https:\/\/reveil-info.net\/"},{"@type":"ListItem","position":2,"name":"Reunion des chefs d&#8217;Etat-major des arm\u00e9es de l&#8217;Air de l&#8217;AES \u00e0 Bamako: vers une d\u00e9fense a\u00e9rienne int\u00e9gr\u00e9e au Sahel"}]},{"@type":"WebSite","@id":"https:\/\/reveil-info.net\/#website","url":"https:\/\/reveil-info.net\/","name":"R\u00e9veil Info","description":"Le devoir d&#039;informer!","publisher":{"@id":"https:\/\/reveil-info.net\/#organization"},"potentialAction":[{"@type":"SearchAction","target":{"@type":"EntryPoint","urlTemplate":"https:\/\/reveil-info.net\/?s={search_term_string}"},"query-input":{"@type":"PropertyValueSpecification","valueRequired":true,"valueName":"search_term_string"}}],"inLanguage":"fr-FR"},{"@type":"Organization","@id":"https:\/\/reveil-info.net\/#organization","name":"R\u00e9veil Info","url":"https:\/\/reveil-info.net\/","logo":{"@type":"ImageObject","inLanguage":"fr-FR","@id":"https:\/\/reveil-info.net\/#\/schema\/logo\/image\/","url":"https:\/\/reveil-info.net\/wp-content\/uploads\/2024\/07\/bnddd1.jpg","contentUrl":"https:\/\/reveil-info.net\/wp-content\/uploads\/2024\/07\/bnddd1.jpg","width":903,"height":125,"caption":"R\u00e9veil Info"},"image":{"@id":"https:\/\/reveil-info.net\/#\/schema\/logo\/image\/"}},{"@type":"Person","@id":"https:\/\/reveil-info.net\/#\/schema\/person\/ca0cc8e70088e0a2b5e92556c1ee60f5","name":"R\u00e9veil info","image":{"@type":"ImageObject","inLanguage":"fr-FR","@id":"https:\/\/secure.gravatar.com\/avatar\/e4ad5bb743c8b6cb174d9df6c7d30a8a16f6889731241345fc6444e6485f02af?s=96&d=mm&r=g","url":"https:\/\/secure.gravatar.com\/avatar\/e4ad5bb743c8b6cb174d9df6c7d30a8a16f6889731241345fc6444e6485f02af?s=96&d=mm&r=g","contentUrl":"https:\/\/secure.gravatar.com\/avatar\/e4ad5bb743c8b6cb174d9df6c7d30a8a16f6889731241345fc6444e6485f02af?s=96&d=mm&r=g","caption":"R\u00e9veil info"},"sameAs":["https:\/\/reveil-info.net"],"url":"https:\/\/reveil-info.net\/?author=1"}]}},"jetpack_featured_media_url":"https:\/\/reveil-info.net\/wp-content\/uploads\/2025\/04\/FB_IMG_17447944131518152.jpg","featured_image_urls":{"full":["https:\/\/reveil-info.net\/wp-content\/uploads\/2025\/04\/FB_IMG_17447944131518152.jpg",720,414,false],"thumbnail":["https:\/\/reveil-info.net\/wp-content\/uploads\/2025\/04\/FB_IMG_17447944131518152-150x150.jpg",150,150,true],"medium":["https:\/\/reveil-info.net\/wp-content\/uploads\/2025\/04\/FB_IMG_17447944131518152-300x173.jpg",300,173,true],"medium_large":["https:\/\/reveil-info.net\/wp-content\/uploads\/2025\/04\/FB_IMG_17447944131518152.jpg",640,368,false],"large":["https:\/\/reveil-info.net\/wp-content\/uploads\/2025\/04\/FB_IMG_17447944131518152.jpg",640,368,false],"1536x1536":["https:\/\/reveil-info.net\/wp-content\/uploads\/2025\/04\/FB_IMG_17447944131518152.jpg",720,414,false],"2048x2048":["https:\/\/reveil-info.net\/wp-content\/uploads\/2025\/04\/FB_IMG_17447944131518152.jpg",720,414,false],"chromenews-featured":["https:\/\/reveil-info.net\/wp-content\/uploads\/2025\/04\/FB_IMG_17447944131518152.jpg",720,414,false],"chromenews-large":["https:\/\/reveil-info.net\/wp-content\/uploads\/2025\/04\/FB_IMG_17447944131518152.jpg",720,414,false],"chromenews-medium":["https:\/\/reveil-info.net\/wp-content\/uploads\/2025\/04\/FB_IMG_17447944131518152-590x410.jpg",590,410,true]},"author_info":{"display_name":"R\u00e9veil info","author_link":"https:\/\/reveil-info.net\/?author=1"},"category_info":"<a href=\"https:\/\/reveil-info.net\/?cat=2\" rel=\"category\">Actualit\u00e9<\/a>","tag_info":"Actualit\u00e9","comment_count":"0","_links":{"self":[{"href":"https:\/\/reveil-info.net\/index.php?rest_route=\/wp\/v2\/posts\/20368","targetHints":{"allow":["GET"]}}],"collection":[{"href":"https:\/\/reveil-info.net\/index.php?rest_route=\/wp\/v2\/posts"}],"about":[{"href":"https:\/\/reveil-info.net\/index.php?rest_route=\/wp\/v2\/types\/post"}],"author":[{"embeddable":true,"href":"https:\/\/reveil-info.net\/index.php?rest_route=\/wp\/v2\/users\/1"}],"replies":[{"embeddable":true,"href":"https:\/\/reveil-info.net\/index.php?rest_route=%2Fwp%2Fv2%2Fcomments&post=20368"}],"version-history":[{"count":6,"href":"https:\/\/reveil-info.net\/index.php?rest_route=\/wp\/v2\/posts\/20368\/revisions"}],"predecessor-version":[{"id":20376,"href":"https:\/\/reveil-info.net\/index.php?rest_route=\/wp\/v2\/posts\/20368\/revisions\/20376"}],"wp:featuredmedia":[{"embeddable":true,"href":"https:\/\/reveil-info.net\/index.php?rest_route=\/wp\/v2\/media\/20373"}],"wp:attachment":[{"href":"https:\/\/reveil-info.net\/index.php?rest_route=%2Fwp%2Fv2%2Fmedia&parent=20368"}],"wp:term":[{"taxonomy":"category","embeddable":true,"href":"https:\/\/reveil-info.net\/index.php?rest_route=%2Fwp%2Fv2%2Fcategories&post=20368"},{"taxonomy":"post_tag","embeddable":true,"href":"https:\/\/reveil-info.net\/index.php?rest_route=%2Fwp%2Fv2%2Ftags&post=20368"}],"curies":[{"name":"wp","href":"https:\/\/api.w.org\/{rel}","templated":true}]}}