{"id":17782,"date":"2025-02-28T14:10:11","date_gmt":"2025-02-28T14:10:11","guid":{"rendered":"https:\/\/reveil-info.net\/?p=17782"},"modified":"2025-02-28T14:13:35","modified_gmt":"2025-02-28T14:13:35","slug":"presidentielle-2025-en-cote-divoire-dans-les-dedales-de-la-politique-ivoirienne","status":"publish","type":"post","link":"https:\/\/reveil-info.net\/?p=17782","title":{"rendered":"Pr\u00e9sidentielle 2025 en C\u00f4te d&rsquo;Ivoire : dans les d\u00e9dales de la politique Ivoirienne"},"content":{"rendered":"<p>Aka v\u00e9ronique, vice- pr\u00e9sidente du PDCI-RDA s&rsquo;adresse au pr\u00e9sident Ouattara<\/p>\n<p>\u00ab \u00c0 un certain \u00c2GE, il faut savoir PARTIR. Tu as beau \u00eatre f.ort, tu veux recr\u00e9er la C\u00f4te d&rsquo;Ivoire, mais malgr\u00e9 le peu que tu as pu faire, il faut savoir PARTIR.<br \/>\nJe ne ferais pas comme certains qui ont INSULT\u00c9 le Pr\u00e9sident B\u00c9DI\u00c9 pour lui demander de QUITTER la sc\u00e8ne politique .<\/p>\n<p>Quand tu es grand, il faut partir la T\u00caTE HAUTE . \u00c0 80 ans, il faut \u00e9viter que les enfants T&rsquo;INSULTENT . Quand DIEU t&rsquo;a tout donn\u00e9 et que tu as fais des r\u00e9alisations pour ton peuple et qu&rsquo;on appr\u00e9cie, il faut savoir PARTIR.\u00bb<\/p>\n<p>www.reveil-info.net<\/p>\n","protected":false},"excerpt":{"rendered":"<p>Aka v\u00e9ronique, vice- pr\u00e9sidente du PDCI-RDA s&rsquo;adresse au pr\u00e9sident Ouattara \u00ab \u00c0 un certain \u00c2GE,<\/p>\n","protected":false},"author":1,"featured_media":17790,"comment_status":"open","ping_status":"open","sticky":false,"template":"","format":"standard","meta":{"footnotes":""},"categories":[2,12],"tags":[],"class_list":["post-17782","post","type-post","status-publish","format-standard","has-post-thumbnail","hentry","category-actu","category-politique"],"yoast_head":"<!-- This site is optimized with the Yoast SEO plugin v27.5 - https:\/\/yoast.com\/product\/yoast-seo-wordpress\/ -->\n<title>Pr\u00e9sidentielle 2025 en C\u00f4te d&#039;Ivoire : dans les d\u00e9dales de la politique Ivoirienne - R\u00e9veil Info<\/title>\n<meta name=\"robots\" content=\"noindex, follow, max-snippet:-1, max-image-preview:large, max-video-preview:-1\" \/>\n<meta property=\"og:locale\" content=\"fr_FR\" \/>\n<meta property=\"og:type\" content=\"article\" \/>\n<meta property=\"og:title\" content=\"Pr\u00e9sidentielle 2025 en C\u00f4te d&#039;Ivoire : dans les d\u00e9dales de la politique Ivoirienne - R\u00e9veil Info\" \/>\n<meta property=\"og:description\" content=\"Aka v\u00e9ronique, vice- pr\u00e9sidente du PDCI-RDA s&rsquo;adresse au pr\u00e9sident Ouattara \u00ab \u00c0 un certain \u00c2GE,\" \/>\n<meta property=\"og:url\" content=\"https:\/\/reveil-info.net\/?p=17782\" \/>\n<meta property=\"og:site_name\" content=\"R\u00e9veil Info\" \/>\n<meta property=\"article:published_time\" content=\"2025-02-28T14:10:11+00:00\" \/>\n<meta property=\"article:modified_time\" content=\"2025-02-28T14:13:35+00:00\" \/>\n<meta property=\"og:image\" content=\"https:\/\/reveil-info.net\/wp-content\/uploads\/2025\/02\/FB_IMG_17407512519843971.jpg\" \/>\n\t<meta property=\"og:image:width\" content=\"620\" \/>\n\t<meta property=\"og:image:height\" content=\"801\" \/>\n\t<meta property=\"og:image:type\" content=\"image\/jpeg\" \/>\n<meta name=\"author\" content=\"R\u00e9veil info\" \/>\n<meta name=\"twitter:card\" content=\"summary_large_image\" \/>\n<meta name=\"twitter:label1\" content=\"\u00c9crit par\" \/>\n\t<meta name=\"twitter:data1\" content=\"R\u00e9veil info\" \/>\n\t<meta name=\"twitter:label2\" content=\"Dur\u00e9e de lecture estim\u00e9e\" \/>\n\t<meta name=\"twitter:data2\" content=\"1 minute\" \/>\n<script type=\"application\/ld+json\" class=\"yoast-schema-graph\">{\"@context\":\"https:\\\/\\\/schema.org\",\"@graph\":[{\"@type\":\"Article\",\"@id\":\"https:\\\/\\\/reveil-info.net\\\/?p=17782#article\",\"isPartOf\":{\"@id\":\"https:\\\/\\\/reveil-info.net\\\/?p=17782\"},\"author\":{\"name\":\"R\u00e9veil info\",\"@id\":\"https:\\\/\\\/reveil-info.net\\\/#\\\/schema\\\/person\\\/ca0cc8e70088e0a2b5e92556c1ee60f5\"},\"headline\":\"Pr\u00e9sidentielle 2025 en C\u00f4te d&rsquo;Ivoire : dans les d\u00e9dales de la politique Ivoirienne\",\"datePublished\":\"2025-02-28T14:10:11+00:00\",\"dateModified\":\"2025-02-28T14:13:35+00:00\",\"mainEntityOfPage\":{\"@id\":\"https:\\\/\\\/reveil-info.net\\\/?p=17782\"},\"wordCount\":136,\"commentCount\":0,\"publisher\":{\"@id\":\"https:\\\/\\\/reveil-info.net\\\/#organization\"},\"image\":{\"@id\":\"https:\\\/\\\/reveil-info.net\\\/?p=17782#primaryimage\"},\"thumbnailUrl\":\"https:\\\/\\\/reveil-info.net\\\/wp-content\\\/uploads\\\/2025\\\/02\\\/FB_IMG_17407512519843971.jpg\",\"articleSection\":[\"Actualit\u00e9\",\"Politique\"],\"inLanguage\":\"fr-FR\",\"potentialAction\":[{\"@type\":\"CommentAction\",\"name\":\"Comment\",\"target\":[\"https:\\\/\\\/reveil-info.net\\\/?p=17782#respond\"]}]},{\"@type\":\"WebPage\",\"@id\":\"https:\\\/\\\/reveil-info.net\\\/?p=17782\",\"url\":\"https:\\\/\\\/reveil-info.net\\\/?p=17782\",\"name\":\"Pr\u00e9sidentielle 2025 en C\u00f4te d'Ivoire : dans les d\u00e9dales de la politique Ivoirienne - R\u00e9veil Info\",\"isPartOf\":{\"@id\":\"https:\\\/\\\/reveil-info.net\\\/#website\"},\"primaryImageOfPage\":{\"@id\":\"https:\\\/\\\/reveil-info.net\\\/?p=17782#primaryimage\"},\"image\":{\"@id\":\"https:\\\/\\\/reveil-info.net\\\/?p=17782#primaryimage\"},\"thumbnailUrl\":\"https:\\\/\\\/reveil-info.net\\\/wp-content\\\/uploads\\\/2025\\\/02\\\/FB_IMG_17407512519843971.jpg\",\"datePublished\":\"2025-02-28T14:10:11+00:00\",\"dateModified\":\"2025-02-28T14:13:35+00:00\",\"breadcrumb\":{\"@id\":\"https:\\\/\\\/reveil-info.net\\\/?p=17782#breadcrumb\"},\"inLanguage\":\"fr-FR\",\"potentialAction\":[{\"@type\":\"ReadAction\",\"target\":[\"https:\\\/\\\/reveil-info.net\\\/?p=17782\"]}]},{\"@type\":\"ImageObject\",\"inLanguage\":\"fr-FR\",\"@id\":\"https:\\\/\\\/reveil-info.net\\\/?p=17782#primaryimage\",\"url\":\"https:\\\/\\\/reveil-info.net\\\/wp-content\\\/uploads\\\/2025\\\/02\\\/FB_IMG_17407512519843971.jpg\",\"contentUrl\":\"https:\\\/\\\/reveil-info.net\\\/wp-content\\\/uploads\\\/2025\\\/02\\\/FB_IMG_17407512519843971.jpg\",\"width\":620,\"height\":801},{\"@type\":\"BreadcrumbList\",\"@id\":\"https:\\\/\\\/reveil-info.net\\\/?p=17782#breadcrumb\",\"itemListElement\":[{\"@type\":\"ListItem\",\"position\":1,\"name\":\"Home\",\"item\":\"https:\\\/\\\/reveil-info.net\\\/\"},{\"@type\":\"ListItem\",\"position\":2,\"name\":\"Pr\u00e9sidentielle 2025 en C\u00f4te d&#8217;Ivoire : dans les d\u00e9dales de la politique Ivoirienne\"}]},{\"@type\":\"WebSite\",\"@id\":\"https:\\\/\\\/reveil-info.net\\\/#website\",\"url\":\"https:\\\/\\\/reveil-info.net\\\/\",\"name\":\"R\u00e9veil Info\",\"description\":\"Le devoir d&#039;informer!\",\"publisher\":{\"@id\":\"https:\\\/\\\/reveil-info.net\\\/#organization\"},\"potentialAction\":[{\"@type\":\"SearchAction\",\"target\":{\"@type\":\"EntryPoint\",\"urlTemplate\":\"https:\\\/\\\/reveil-info.net\\\/?s={search_term_string}\"},\"query-input\":{\"@type\":\"PropertyValueSpecification\",\"valueRequired\":true,\"valueName\":\"search_term_string\"}}],\"inLanguage\":\"fr-FR\"},{\"@type\":\"Organization\",\"@id\":\"https:\\\/\\\/reveil-info.net\\\/#organization\",\"name\":\"R\u00e9veil Info\",\"url\":\"https:\\\/\\\/reveil-info.net\\\/\",\"logo\":{\"@type\":\"ImageObject\",\"inLanguage\":\"fr-FR\",\"@id\":\"https:\\\/\\\/reveil-info.net\\\/#\\\/schema\\\/logo\\\/image\\\/\",\"url\":\"https:\\\/\\\/reveil-info.net\\\/wp-content\\\/uploads\\\/2024\\\/07\\\/bnddd1.jpg\",\"contentUrl\":\"https:\\\/\\\/reveil-info.net\\\/wp-content\\\/uploads\\\/2024\\\/07\\\/bnddd1.jpg\",\"width\":903,\"height\":125,\"caption\":\"R\u00e9veil Info\"},\"image\":{\"@id\":\"https:\\\/\\\/reveil-info.net\\\/#\\\/schema\\\/logo\\\/image\\\/\"}},{\"@type\":\"Person\",\"@id\":\"https:\\\/\\\/reveil-info.net\\\/#\\\/schema\\\/person\\\/ca0cc8e70088e0a2b5e92556c1ee60f5\",\"name\":\"R\u00e9veil info\",\"image\":{\"@type\":\"ImageObject\",\"inLanguage\":\"fr-FR\",\"@id\":\"https:\\\/\\\/secure.gravatar.com\\\/avatar\\\/e4ad5bb743c8b6cb174d9df6c7d30a8a16f6889731241345fc6444e6485f02af?s=96&d=mm&r=g\",\"url\":\"https:\\\/\\\/secure.gravatar.com\\\/avatar\\\/e4ad5bb743c8b6cb174d9df6c7d30a8a16f6889731241345fc6444e6485f02af?s=96&d=mm&r=g\",\"contentUrl\":\"https:\\\/\\\/secure.gravatar.com\\\/avatar\\\/e4ad5bb743c8b6cb174d9df6c7d30a8a16f6889731241345fc6444e6485f02af?s=96&d=mm&r=g\",\"caption\":\"R\u00e9veil info\"},\"sameAs\":[\"https:\\\/\\\/reveil-info.net\"],\"url\":\"https:\\\/\\\/reveil-info.net\\\/?author=1\"}]}<\/script>\n<!-- \/ Yoast SEO plugin. -->","yoast_head_json":{"title":"Pr\u00e9sidentielle 2025 en C\u00f4te d'Ivoire : dans les d\u00e9dales de la politique Ivoirienne - R\u00e9veil Info","robots":{"index":"noindex","follow":"follow","max-snippet":"max-snippet:-1","max-image-preview":"max-image-preview:large","max-video-preview":"max-video-preview:-1"},"og_locale":"fr_FR","og_type":"article","og_title":"Pr\u00e9sidentielle 2025 en C\u00f4te d'Ivoire : dans les d\u00e9dales de la politique Ivoirienne - R\u00e9veil Info","og_description":"Aka v\u00e9ronique, vice- pr\u00e9sidente du PDCI-RDA s&rsquo;adresse au pr\u00e9sident Ouattara \u00ab \u00c0 un certain \u00c2GE,","og_url":"https:\/\/reveil-info.net\/?p=17782","og_site_name":"R\u00e9veil Info","article_published_time":"2025-02-28T14:10:11+00:00","article_modified_time":"2025-02-28T14:13:35+00:00","og_image":[{"width":620,"height":801,"url":"https:\/\/reveil-info.net\/wp-content\/uploads\/2025\/02\/FB_IMG_17407512519843971.jpg","type":"image\/jpeg"}],"author":"R\u00e9veil info","twitter_card":"summary_large_image","twitter_misc":{"\u00c9crit par":"R\u00e9veil info","Dur\u00e9e de lecture estim\u00e9e":"1 minute"},"schema":{"@context":"https:\/\/schema.org","@graph":[{"@type":"Article","@id":"https:\/\/reveil-info.net\/?p=17782#article","isPartOf":{"@id":"https:\/\/reveil-info.net\/?p=17782"},"author":{"name":"R\u00e9veil info","@id":"https:\/\/reveil-info.net\/#\/schema\/person\/ca0cc8e70088e0a2b5e92556c1ee60f5"},"headline":"Pr\u00e9sidentielle 2025 en C\u00f4te d&rsquo;Ivoire : dans les d\u00e9dales de la politique Ivoirienne","datePublished":"2025-02-28T14:10:11+00:00","dateModified":"2025-02-28T14:13:35+00:00","mainEntityOfPage":{"@id":"https:\/\/reveil-info.net\/?p=17782"},"wordCount":136,"commentCount":0,"publisher":{"@id":"https:\/\/reveil-info.net\/#organization"},"image":{"@id":"https:\/\/reveil-info.net\/?p=17782#primaryimage"},"thumbnailUrl":"https:\/\/reveil-info.net\/wp-content\/uploads\/2025\/02\/FB_IMG_17407512519843971.jpg","articleSection":["Actualit\u00e9","Politique"],"inLanguage":"fr-FR","potentialAction":[{"@type":"CommentAction","name":"Comment","target":["https:\/\/reveil-info.net\/?p=17782#respond"]}]},{"@type":"WebPage","@id":"https:\/\/reveil-info.net\/?p=17782","url":"https:\/\/reveil-info.net\/?p=17782","name":"Pr\u00e9sidentielle 2025 en C\u00f4te d'Ivoire : dans les d\u00e9dales de la politique Ivoirienne - R\u00e9veil Info","isPartOf":{"@id":"https:\/\/reveil-info.net\/#website"},"primaryImageOfPage":{"@id":"https:\/\/reveil-info.net\/?p=17782#primaryimage"},"image":{"@id":"https:\/\/reveil-info.net\/?p=17782#primaryimage"},"thumbnailUrl":"https:\/\/reveil-info.net\/wp-content\/uploads\/2025\/02\/FB_IMG_17407512519843971.jpg","datePublished":"2025-02-28T14:10:11+00:00","dateModified":"2025-02-28T14:13:35+00:00","breadcrumb":{"@id":"https:\/\/reveil-info.net\/?p=17782#breadcrumb"},"inLanguage":"fr-FR","potentialAction":[{"@type":"ReadAction","target":["https:\/\/reveil-info.net\/?p=17782"]}]},{"@type":"ImageObject","inLanguage":"fr-FR","@id":"https:\/\/reveil-info.net\/?p=17782#primaryimage","url":"https:\/\/reveil-info.net\/wp-content\/uploads\/2025\/02\/FB_IMG_17407512519843971.jpg","contentUrl":"https:\/\/reveil-info.net\/wp-content\/uploads\/2025\/02\/FB_IMG_17407512519843971.jpg","width":620,"height":801},{"@type":"BreadcrumbList","@id":"https:\/\/reveil-info.net\/?p=17782#breadcrumb","itemListElement":[{"@type":"ListItem","position":1,"name":"Home","item":"https:\/\/reveil-info.net\/"},{"@type":"ListItem","position":2,"name":"Pr\u00e9sidentielle 2025 en C\u00f4te d&#8217;Ivoire : dans les d\u00e9dales de la politique Ivoirienne"}]},{"@type":"WebSite","@id":"https:\/\/reveil-info.net\/#website","url":"https:\/\/reveil-info.net\/","name":"R\u00e9veil Info","description":"Le devoir d&#039;informer!","publisher":{"@id":"https:\/\/reveil-info.net\/#organization"},"potentialAction":[{"@type":"SearchAction","target":{"@type":"EntryPoint","urlTemplate":"https:\/\/reveil-info.net\/?s={search_term_string}"},"query-input":{"@type":"PropertyValueSpecification","valueRequired":true,"valueName":"search_term_string"}}],"inLanguage":"fr-FR"},{"@type":"Organization","@id":"https:\/\/reveil-info.net\/#organization","name":"R\u00e9veil Info","url":"https:\/\/reveil-info.net\/","logo":{"@type":"ImageObject","inLanguage":"fr-FR","@id":"https:\/\/reveil-info.net\/#\/schema\/logo\/image\/","url":"https:\/\/reveil-info.net\/wp-content\/uploads\/2024\/07\/bnddd1.jpg","contentUrl":"https:\/\/reveil-info.net\/wp-content\/uploads\/2024\/07\/bnddd1.jpg","width":903,"height":125,"caption":"R\u00e9veil Info"},"image":{"@id":"https:\/\/reveil-info.net\/#\/schema\/logo\/image\/"}},{"@type":"Person","@id":"https:\/\/reveil-info.net\/#\/schema\/person\/ca0cc8e70088e0a2b5e92556c1ee60f5","name":"R\u00e9veil info","image":{"@type":"ImageObject","inLanguage":"fr-FR","@id":"https:\/\/secure.gravatar.com\/avatar\/e4ad5bb743c8b6cb174d9df6c7d30a8a16f6889731241345fc6444e6485f02af?s=96&d=mm&r=g","url":"https:\/\/secure.gravatar.com\/avatar\/e4ad5bb743c8b6cb174d9df6c7d30a8a16f6889731241345fc6444e6485f02af?s=96&d=mm&r=g","contentUrl":"https:\/\/secure.gravatar.com\/avatar\/e4ad5bb743c8b6cb174d9df6c7d30a8a16f6889731241345fc6444e6485f02af?s=96&d=mm&r=g","caption":"R\u00e9veil info"},"sameAs":["https:\/\/reveil-info.net"],"url":"https:\/\/reveil-info.net\/?author=1"}]}},"jetpack_featured_media_url":"https:\/\/reveil-info.net\/wp-content\/uploads\/2025\/02\/FB_IMG_17407512519843971.jpg","featured_image_urls":{"full":["https:\/\/reveil-info.net\/wp-content\/uploads\/2025\/02\/FB_IMG_17407512519843971.jpg",620,801,false],"thumbnail":["https:\/\/reveil-info.net\/wp-content\/uploads\/2025\/02\/FB_IMG_17407512519843971-150x150.jpg",150,150,true],"medium":["https:\/\/reveil-info.net\/wp-content\/uploads\/2025\/02\/FB_IMG_17407512519843971-232x300.jpg",232,300,true],"medium_large":["https:\/\/reveil-info.net\/wp-content\/uploads\/2025\/02\/FB_IMG_17407512519843971.jpg",620,801,false],"large":["https:\/\/reveil-info.net\/wp-content\/uploads\/2025\/02\/FB_IMG_17407512519843971.jpg",620,801,false],"1536x1536":["https:\/\/reveil-info.net\/wp-content\/uploads\/2025\/02\/FB_IMG_17407512519843971.jpg",620,801,false],"2048x2048":["https:\/\/reveil-info.net\/wp-content\/uploads\/2025\/02\/FB_IMG_17407512519843971.jpg",620,801,false],"chromenews-featured":["https:\/\/reveil-info.net\/wp-content\/uploads\/2025\/02\/FB_IMG_17407512519843971.jpg",620,801,false],"chromenews-large":["https:\/\/reveil-info.net\/wp-content\/uploads\/2025\/02\/FB_IMG_17407512519843971-620x575.jpg",620,575,true],"chromenews-medium":["https:\/\/reveil-info.net\/wp-content\/uploads\/2025\/02\/FB_IMG_17407512519843971-590x410.jpg",590,410,true]},"author_info":{"display_name":"R\u00e9veil info","author_link":"https:\/\/reveil-info.net\/?author=1"},"category_info":"<a href=\"https:\/\/reveil-info.net\/?cat=2\" rel=\"category\">Actualit\u00e9<\/a> <a href=\"https:\/\/reveil-info.net\/?cat=12\" rel=\"category\">Politique<\/a>","tag_info":"Politique","comment_count":"0","_links":{"self":[{"href":"https:\/\/reveil-info.net\/index.php?rest_route=\/wp\/v2\/posts\/17782","targetHints":{"allow":["GET"]}}],"collection":[{"href":"https:\/\/reveil-info.net\/index.php?rest_route=\/wp\/v2\/posts"}],"about":[{"href":"https:\/\/reveil-info.net\/index.php?rest_route=\/wp\/v2\/types\/post"}],"author":[{"embeddable":true,"href":"https:\/\/reveil-info.net\/index.php?rest_route=\/wp\/v2\/users\/1"}],"replies":[{"embeddable":true,"href":"https:\/\/reveil-info.net\/index.php?rest_route=%2Fwp%2Fv2%2Fcomments&post=17782"}],"version-history":[{"count":7,"href":"https:\/\/reveil-info.net\/index.php?rest_route=\/wp\/v2\/posts\/17782\/revisions"}],"predecessor-version":[{"id":17789,"href":"https:\/\/reveil-info.net\/index.php?rest_route=\/wp\/v2\/posts\/17782\/revisions\/17789"}],"wp:featuredmedia":[{"embeddable":true,"href":"https:\/\/reveil-info.net\/index.php?rest_route=\/wp\/v2\/media\/17790"}],"wp:attachment":[{"href":"https:\/\/reveil-info.net\/index.php?rest_route=%2Fwp%2Fv2%2Fmedia&parent=17782"}],"wp:term":[{"taxonomy":"category","embeddable":true,"href":"https:\/\/reveil-info.net\/index.php?rest_route=%2Fwp%2Fv2%2Fcategories&post=17782"},{"taxonomy":"post_tag","embeddable":true,"href":"https:\/\/reveil-info.net\/index.php?rest_route=%2Fwp%2Fv2%2Ftags&post=17782"}],"curies":[{"name":"wp","href":"https:\/\/api.w.org\/{rel}","templated":true}]}}