{"id":17681,"date":"2025-02-26T17:44:51","date_gmt":"2025-02-26T17:44:51","guid":{"rendered":"https:\/\/reveil-info.net\/?p=17681"},"modified":"2025-02-26T17:57:08","modified_gmt":"2025-02-26T17:57:08","slug":"nee-dans-lavion-entre-dakar-et-bruxelles-de-quelle-nationalite-est-la-petite-fanta","status":"publish","type":"post","link":"https:\/\/reveil-info.net\/?p=17681","title":{"rendered":"N\u00e9e dans l\u2019avion entre Dakar et Bruxelles : De quelle nationalit\u00e9 est la petite Fanta ?"},"content":{"rendered":"<p style=\"text-align: justify;\"><strong>La naissance d\u2019un enfant est toujours un \u00e9v\u00e9nement particulier. et le contexte peut la rendre encore plus singuli\u00e8re. L\u2019annonce de la venue de la \u00abpetite Fanta\u00bb dans le ciel entre Dakar et Bruxelles a \u00e9t\u00e9 accueillie par les internautes avec humour et beaucoup d\u2019interrogations.<\/strong><\/p>\n<p style=\"text-align: justify;\">On ne choisit pas son pays de naissance mais on peut choisir celui d\u2019autrui, sa prog\u00e9niture, par exemple. Ce propos cadre parfaitement avec la publication sur la page Facebook Gossip Room, qui annonce que : \u00abLa petite Fanta est n\u00e9e en plein vol entre Dakar et Bruxelles le 14 f\u00e9vrier 2025, peu apr\u00e8s le d\u00e9collage\u00bb. L\u2019information pr\u00e9cise le professionnalisme\u00a0 du personnel de cabine de Brussels Airlines, \u00e0 l\u2019image de Jennifer, dipl\u00f4m\u00e9e de m\u00e9decine, qui a permis \u00e0 la maman d\u2019accoucher dans de bonnes conditions. Si les internautes ont bien accueilli la nouvelle et souhait\u00e9 plein succ\u00e8s au nouveau-n\u00e9, beaucoup se sont amus\u00e9s en s\u2019interrogeant sur la nationalit\u00e9 de cet innocent voyageur, les raisons de l\u2019embarquement de la passag\u00e8re enceinte \u00e0 terme, \u00e0 bord d\u2019un avion.<\/p>\n<p style=\"text-align: justify;\">En effet, la nationalit\u00e9 d\u2019une personne est \u00e9tablie \u00e0 partir de son territoire de naissance ou de l\u2019origine de ses parents : la ville, la r\u00e9gion, le pays, etc. Donc, il sera difficile de le d\u00e9terminer quand cela se r\u00e9alise dans les airs comme c\u2019est le cas de la petite Fanta. C\u2019est pourquoi Jeanna Zeh veut savoir : \u00abComme elle est n\u00e9e en plein vol, quelle sera sa nationalit\u00e9 ? \u00bb, interroge-t-il. Sheilla Dorcelus r\u00e9plique : \u00abEst-ce importante sa nationalit\u00e9 ? Pourquoi on classe les gens par pays ?\u00bb, s\u2019interroge cette commentatrice qui estime \u00ab Nous sommes tout simplement des habitants de la terre car elle appartient \u00e0 nous tous. On doit vivre sans fronti\u00e8re \u00bb, promeut-elle.<\/p>\n<p style=\"text-align: justify;\">Cet accouchement dans des conditions moins commodes n\u2019est pas du go\u00fbt de Mandy Ngabua, qui questionne l\u2019\u00e9quipage sur les raisons et la l\u00e9galit\u00e9 de l\u2019embarquement de la future maman \u00e0 terme : \u00abComment vous avez embarqu\u00e9 \u00e0 bord une femme \u00e0 terme ? Avait-elle l\u2019autorisation de son m\u00e9decin ?\u00bb, \u00e9crit-il non sans oublier de remercier l\u2019\u00e9quipe m\u00e9dicale qui a fait preuve de professionnalisme.<\/p>\n<p style=\"text-align: justify;\"><strong>Etre europ\u00e9en ou rien !<\/strong><\/p>\n<p style=\"text-align: justify;\">A d\u00e9faut de la double nationalit\u00e9, devenir citoyen europ\u00e9en est l\u2019autre devise de la bourgeoisie africaine. Autant l\u2019Occident fascine autant l\u2019Afrique inqui\u00e8te. De nombreux d\u00e9fis li\u00e9s \u00e0 la condition de vie humaine demeurent irr\u00e9solus. L\u2019instabilit\u00e9 politique, la mauvaise gouvernance avec son cort\u00e8ge de corruption, un syst\u00e8me sanitaire fragile, l\u2019\u00e9ducation et la formation inadapt\u00e9e, le ch\u00f4mage, la pauvret\u00e9 sont des maux qui frappent l\u2019Afrique, laissant tr\u00e8s peu d\u2019espoir de lueur pour l\u2019avenir radieux.<\/p>\n<p style=\"text-align: justify;\">Dans cette incertitude, \u00eatre Europ\u00e9en ou avoir le parfum occidental, devient un r\u00eave africain. Si certains y parviennent apr\u00e8s l\u2019\u00e2ge d\u2019adulte en \u00e9migrant, d\u2019autres le deviennent de naissance, par la volont\u00e9 de leurs parents. Quand on d\u00e9cide de choisir un destin pour sa prog\u00e9niture, c\u2019est ce que \u00e7a donne souvent, selon Kellygrace Bashala qui pense que \u00abLa maman voulait \u00e0 tout prix accoucher \u00e0 Bruxelles voil\u00e0 elle accouche en plein vol\u00bb. Il reconna\u00eet aussi les efforts consentis \u00abHeureusement qu\u2019il y avait des personnes dispos\u00e9es pour ce genre de situation\u00bb se r\u00e9jouit-elle.<\/p>\n<p style=\"text-align: justify;\"><strong>Une pratique courante en Afrique<\/strong><\/p>\n<p style=\"text-align: justify;\">Si cette pratique, tr\u00e8s courante en Afrique noire, notamment au sein de sa bourgeoisie, vise \u00e0 doter des prog\u00e9nitures de la double nationalit\u00e9, c\u2019est-\u00e0-dire des citoyens jouissant du droit de citoyennet\u00e9 de deux nations, elle soul\u00e8ve aussi le questionnement sur l\u2019amour de la terre africaine chez son peuple et les opportunit\u00e9s qu\u2019elle peut offrir \u00e0 ses fils. A titre illustratif, on compte des biens immobiliers \u00e0 l\u2019\u00e9tranger, c\u2019est-\u00e0-dire en Occident, appartenant \u00e0 des dirigeants africains en fonction ou anciens, \u00e0 des hommes d\u2019affaires qui, en cas d\u2019ennuis, y trouvent refuge. Mais avec l\u2019\u00e9volution du contexte g\u00e9opolitique, les binationaux courent aussi des risques. Les r\u00e9visions constitutionnelles, dans certains pays, leur interdisent l\u2019acc\u00e8s \u00e0 la magistrature supr\u00eame.<\/p>\n<p style=\"text-align: justify;\">Qui sont les parents de la petite Fanta ? De quelle (s) nationalit\u00e9 (s) peut \u2013 elle se pr\u00e9valoir?<\/p>\n<p style=\"text-align: justify;\"><strong>Par Broulaye Kon\u00e9 (maliweb.net)<\/strong><\/p>\n<p style=\"text-align: justify;\"><strong>www.reveil-info.net<\/strong><\/p>\n","protected":false},"excerpt":{"rendered":"<p>La naissance d\u2019un enfant est toujours un \u00e9v\u00e9nement particulier. et le contexte peut la rendre<\/p>\n","protected":false},"author":1,"featured_media":17686,"comment_status":"open","ping_status":"open","sticky":false,"template":"","format":"standard","meta":{"footnotes":""},"categories":[7],"tags":[],"class_list":["post-17681","post","type-post","status-publish","format-standard","has-post-thumbnail","hentry","category-faits"],"yoast_head":"<!-- This site is optimized with the Yoast SEO plugin v27.5 - https:\/\/yoast.com\/product\/yoast-seo-wordpress\/ -->\n<title>N\u00e9e dans l\u2019avion entre Dakar et Bruxelles : De quelle nationalit\u00e9 est la petite Fanta ? - R\u00e9veil Info<\/title>\n<meta name=\"robots\" content=\"noindex, follow, max-snippet:-1, max-image-preview:large, max-video-preview:-1\" \/>\n<meta property=\"og:locale\" content=\"fr_FR\" \/>\n<meta property=\"og:type\" content=\"article\" \/>\n<meta property=\"og:title\" content=\"N\u00e9e dans l\u2019avion entre Dakar et Bruxelles : De quelle nationalit\u00e9 est la petite Fanta ? - R\u00e9veil Info\" \/>\n<meta property=\"og:description\" content=\"La naissance d\u2019un enfant est toujours un \u00e9v\u00e9nement particulier. et le contexte peut la rendre\" \/>\n<meta property=\"og:url\" content=\"https:\/\/reveil-info.net\/?p=17681\" \/>\n<meta property=\"og:site_name\" content=\"R\u00e9veil Info\" \/>\n<meta property=\"article:published_time\" content=\"2025-02-26T17:44:51+00:00\" \/>\n<meta property=\"article:modified_time\" content=\"2025-02-26T17:57:08+00:00\" \/>\n<meta property=\"og:image\" content=\"https:\/\/reveil-info.net\/wp-content\/uploads\/2025\/02\/avion-800_1.png\" \/>\n\t<meta property=\"og:image:width\" content=\"800\" \/>\n\t<meta property=\"og:image:height\" content=\"551\" \/>\n\t<meta property=\"og:image:type\" content=\"image\/png\" \/>\n<meta name=\"author\" content=\"R\u00e9veil info\" \/>\n<meta name=\"twitter:card\" content=\"summary_large_image\" \/>\n<meta name=\"twitter:label1\" content=\"\u00c9crit par\" \/>\n\t<meta name=\"twitter:data1\" content=\"R\u00e9veil info\" \/>\n\t<meta name=\"twitter:label2\" content=\"Dur\u00e9e de lecture estim\u00e9e\" \/>\n\t<meta name=\"twitter:data2\" content=\"4 minutes\" \/>\n<script type=\"application\/ld+json\" class=\"yoast-schema-graph\">{\"@context\":\"https:\\\/\\\/schema.org\",\"@graph\":[{\"@type\":\"Article\",\"@id\":\"https:\\\/\\\/reveil-info.net\\\/?p=17681#article\",\"isPartOf\":{\"@id\":\"https:\\\/\\\/reveil-info.net\\\/?p=17681\"},\"author\":{\"name\":\"R\u00e9veil info\",\"@id\":\"https:\\\/\\\/reveil-info.net\\\/#\\\/schema\\\/person\\\/ca0cc8e70088e0a2b5e92556c1ee60f5\"},\"headline\":\"N\u00e9e dans l\u2019avion entre Dakar et Bruxelles : De quelle nationalit\u00e9 est la petite Fanta ?\",\"datePublished\":\"2025-02-26T17:44:51+00:00\",\"dateModified\":\"2025-02-26T17:57:08+00:00\",\"mainEntityOfPage\":{\"@id\":\"https:\\\/\\\/reveil-info.net\\\/?p=17681\"},\"wordCount\":741,\"commentCount\":0,\"publisher\":{\"@id\":\"https:\\\/\\\/reveil-info.net\\\/#organization\"},\"image\":{\"@id\":\"https:\\\/\\\/reveil-info.net\\\/?p=17681#primaryimage\"},\"thumbnailUrl\":\"https:\\\/\\\/reveil-info.net\\\/wp-content\\\/uploads\\\/2025\\\/02\\\/avion-800_1.png\",\"articleSection\":[\"Faits divers\"],\"inLanguage\":\"fr-FR\",\"potentialAction\":[{\"@type\":\"CommentAction\",\"name\":\"Comment\",\"target\":[\"https:\\\/\\\/reveil-info.net\\\/?p=17681#respond\"]}]},{\"@type\":\"WebPage\",\"@id\":\"https:\\\/\\\/reveil-info.net\\\/?p=17681\",\"url\":\"https:\\\/\\\/reveil-info.net\\\/?p=17681\",\"name\":\"N\u00e9e dans l\u2019avion entre Dakar et Bruxelles : De quelle nationalit\u00e9 est la petite Fanta ? - R\u00e9veil Info\",\"isPartOf\":{\"@id\":\"https:\\\/\\\/reveil-info.net\\\/#website\"},\"primaryImageOfPage\":{\"@id\":\"https:\\\/\\\/reveil-info.net\\\/?p=17681#primaryimage\"},\"image\":{\"@id\":\"https:\\\/\\\/reveil-info.net\\\/?p=17681#primaryimage\"},\"thumbnailUrl\":\"https:\\\/\\\/reveil-info.net\\\/wp-content\\\/uploads\\\/2025\\\/02\\\/avion-800_1.png\",\"datePublished\":\"2025-02-26T17:44:51+00:00\",\"dateModified\":\"2025-02-26T17:57:08+00:00\",\"breadcrumb\":{\"@id\":\"https:\\\/\\\/reveil-info.net\\\/?p=17681#breadcrumb\"},\"inLanguage\":\"fr-FR\",\"potentialAction\":[{\"@type\":\"ReadAction\",\"target\":[\"https:\\\/\\\/reveil-info.net\\\/?p=17681\"]}]},{\"@type\":\"ImageObject\",\"inLanguage\":\"fr-FR\",\"@id\":\"https:\\\/\\\/reveil-info.net\\\/?p=17681#primaryimage\",\"url\":\"https:\\\/\\\/reveil-info.net\\\/wp-content\\\/uploads\\\/2025\\\/02\\\/avion-800_1.png\",\"contentUrl\":\"https:\\\/\\\/reveil-info.net\\\/wp-content\\\/uploads\\\/2025\\\/02\\\/avion-800_1.png\",\"width\":800,\"height\":551,\"caption\":\"Illustration\"},{\"@type\":\"BreadcrumbList\",\"@id\":\"https:\\\/\\\/reveil-info.net\\\/?p=17681#breadcrumb\",\"itemListElement\":[{\"@type\":\"ListItem\",\"position\":1,\"name\":\"Home\",\"item\":\"https:\\\/\\\/reveil-info.net\\\/\"},{\"@type\":\"ListItem\",\"position\":2,\"name\":\"N\u00e9e dans l\u2019avion entre Dakar et Bruxelles : De quelle nationalit\u00e9 est la petite Fanta ?\"}]},{\"@type\":\"WebSite\",\"@id\":\"https:\\\/\\\/reveil-info.net\\\/#website\",\"url\":\"https:\\\/\\\/reveil-info.net\\\/\",\"name\":\"R\u00e9veil Info\",\"description\":\"Le devoir d&#039;informer!\",\"publisher\":{\"@id\":\"https:\\\/\\\/reveil-info.net\\\/#organization\"},\"potentialAction\":[{\"@type\":\"SearchAction\",\"target\":{\"@type\":\"EntryPoint\",\"urlTemplate\":\"https:\\\/\\\/reveil-info.net\\\/?s={search_term_string}\"},\"query-input\":{\"@type\":\"PropertyValueSpecification\",\"valueRequired\":true,\"valueName\":\"search_term_string\"}}],\"inLanguage\":\"fr-FR\"},{\"@type\":\"Organization\",\"@id\":\"https:\\\/\\\/reveil-info.net\\\/#organization\",\"name\":\"R\u00e9veil Info\",\"url\":\"https:\\\/\\\/reveil-info.net\\\/\",\"logo\":{\"@type\":\"ImageObject\",\"inLanguage\":\"fr-FR\",\"@id\":\"https:\\\/\\\/reveil-info.net\\\/#\\\/schema\\\/logo\\\/image\\\/\",\"url\":\"https:\\\/\\\/reveil-info.net\\\/wp-content\\\/uploads\\\/2024\\\/07\\\/bnddd1.jpg\",\"contentUrl\":\"https:\\\/\\\/reveil-info.net\\\/wp-content\\\/uploads\\\/2024\\\/07\\\/bnddd1.jpg\",\"width\":903,\"height\":125,\"caption\":\"R\u00e9veil Info\"},\"image\":{\"@id\":\"https:\\\/\\\/reveil-info.net\\\/#\\\/schema\\\/logo\\\/image\\\/\"}},{\"@type\":\"Person\",\"@id\":\"https:\\\/\\\/reveil-info.net\\\/#\\\/schema\\\/person\\\/ca0cc8e70088e0a2b5e92556c1ee60f5\",\"name\":\"R\u00e9veil info\",\"image\":{\"@type\":\"ImageObject\",\"inLanguage\":\"fr-FR\",\"@id\":\"https:\\\/\\\/secure.gravatar.com\\\/avatar\\\/e4ad5bb743c8b6cb174d9df6c7d30a8a16f6889731241345fc6444e6485f02af?s=96&d=mm&r=g\",\"url\":\"https:\\\/\\\/secure.gravatar.com\\\/avatar\\\/e4ad5bb743c8b6cb174d9df6c7d30a8a16f6889731241345fc6444e6485f02af?s=96&d=mm&r=g\",\"contentUrl\":\"https:\\\/\\\/secure.gravatar.com\\\/avatar\\\/e4ad5bb743c8b6cb174d9df6c7d30a8a16f6889731241345fc6444e6485f02af?s=96&d=mm&r=g\",\"caption\":\"R\u00e9veil info\"},\"sameAs\":[\"https:\\\/\\\/reveil-info.net\"],\"url\":\"https:\\\/\\\/reveil-info.net\\\/?author=1\"}]}<\/script>\n<!-- \/ Yoast SEO plugin. -->","yoast_head_json":{"title":"N\u00e9e dans l\u2019avion entre Dakar et Bruxelles : De quelle nationalit\u00e9 est la petite Fanta ? - R\u00e9veil Info","robots":{"index":"noindex","follow":"follow","max-snippet":"max-snippet:-1","max-image-preview":"max-image-preview:large","max-video-preview":"max-video-preview:-1"},"og_locale":"fr_FR","og_type":"article","og_title":"N\u00e9e dans l\u2019avion entre Dakar et Bruxelles : De quelle nationalit\u00e9 est la petite Fanta ? - R\u00e9veil Info","og_description":"La naissance d\u2019un enfant est toujours un \u00e9v\u00e9nement particulier. et le contexte peut la rendre","og_url":"https:\/\/reveil-info.net\/?p=17681","og_site_name":"R\u00e9veil Info","article_published_time":"2025-02-26T17:44:51+00:00","article_modified_time":"2025-02-26T17:57:08+00:00","og_image":[{"width":800,"height":551,"url":"https:\/\/reveil-info.net\/wp-content\/uploads\/2025\/02\/avion-800_1.png","type":"image\/png"}],"author":"R\u00e9veil info","twitter_card":"summary_large_image","twitter_misc":{"\u00c9crit par":"R\u00e9veil info","Dur\u00e9e de lecture estim\u00e9e":"4 minutes"},"schema":{"@context":"https:\/\/schema.org","@graph":[{"@type":"Article","@id":"https:\/\/reveil-info.net\/?p=17681#article","isPartOf":{"@id":"https:\/\/reveil-info.net\/?p=17681"},"author":{"name":"R\u00e9veil info","@id":"https:\/\/reveil-info.net\/#\/schema\/person\/ca0cc8e70088e0a2b5e92556c1ee60f5"},"headline":"N\u00e9e dans l\u2019avion entre Dakar et Bruxelles : De quelle nationalit\u00e9 est la petite Fanta ?","datePublished":"2025-02-26T17:44:51+00:00","dateModified":"2025-02-26T17:57:08+00:00","mainEntityOfPage":{"@id":"https:\/\/reveil-info.net\/?p=17681"},"wordCount":741,"commentCount":0,"publisher":{"@id":"https:\/\/reveil-info.net\/#organization"},"image":{"@id":"https:\/\/reveil-info.net\/?p=17681#primaryimage"},"thumbnailUrl":"https:\/\/reveil-info.net\/wp-content\/uploads\/2025\/02\/avion-800_1.png","articleSection":["Faits divers"],"inLanguage":"fr-FR","potentialAction":[{"@type":"CommentAction","name":"Comment","target":["https:\/\/reveil-info.net\/?p=17681#respond"]}]},{"@type":"WebPage","@id":"https:\/\/reveil-info.net\/?p=17681","url":"https:\/\/reveil-info.net\/?p=17681","name":"N\u00e9e dans l\u2019avion entre Dakar et Bruxelles : De quelle nationalit\u00e9 est la petite Fanta ? - R\u00e9veil Info","isPartOf":{"@id":"https:\/\/reveil-info.net\/#website"},"primaryImageOfPage":{"@id":"https:\/\/reveil-info.net\/?p=17681#primaryimage"},"image":{"@id":"https:\/\/reveil-info.net\/?p=17681#primaryimage"},"thumbnailUrl":"https:\/\/reveil-info.net\/wp-content\/uploads\/2025\/02\/avion-800_1.png","datePublished":"2025-02-26T17:44:51+00:00","dateModified":"2025-02-26T17:57:08+00:00","breadcrumb":{"@id":"https:\/\/reveil-info.net\/?p=17681#breadcrumb"},"inLanguage":"fr-FR","potentialAction":[{"@type":"ReadAction","target":["https:\/\/reveil-info.net\/?p=17681"]}]},{"@type":"ImageObject","inLanguage":"fr-FR","@id":"https:\/\/reveil-info.net\/?p=17681#primaryimage","url":"https:\/\/reveil-info.net\/wp-content\/uploads\/2025\/02\/avion-800_1.png","contentUrl":"https:\/\/reveil-info.net\/wp-content\/uploads\/2025\/02\/avion-800_1.png","width":800,"height":551,"caption":"Illustration"},{"@type":"BreadcrumbList","@id":"https:\/\/reveil-info.net\/?p=17681#breadcrumb","itemListElement":[{"@type":"ListItem","position":1,"name":"Home","item":"https:\/\/reveil-info.net\/"},{"@type":"ListItem","position":2,"name":"N\u00e9e dans l\u2019avion entre Dakar et Bruxelles : De quelle nationalit\u00e9 est la petite Fanta ?"}]},{"@type":"WebSite","@id":"https:\/\/reveil-info.net\/#website","url":"https:\/\/reveil-info.net\/","name":"R\u00e9veil Info","description":"Le devoir d&#039;informer!","publisher":{"@id":"https:\/\/reveil-info.net\/#organization"},"potentialAction":[{"@type":"SearchAction","target":{"@type":"EntryPoint","urlTemplate":"https:\/\/reveil-info.net\/?s={search_term_string}"},"query-input":{"@type":"PropertyValueSpecification","valueRequired":true,"valueName":"search_term_string"}}],"inLanguage":"fr-FR"},{"@type":"Organization","@id":"https:\/\/reveil-info.net\/#organization","name":"R\u00e9veil Info","url":"https:\/\/reveil-info.net\/","logo":{"@type":"ImageObject","inLanguage":"fr-FR","@id":"https:\/\/reveil-info.net\/#\/schema\/logo\/image\/","url":"https:\/\/reveil-info.net\/wp-content\/uploads\/2024\/07\/bnddd1.jpg","contentUrl":"https:\/\/reveil-info.net\/wp-content\/uploads\/2024\/07\/bnddd1.jpg","width":903,"height":125,"caption":"R\u00e9veil Info"},"image":{"@id":"https:\/\/reveil-info.net\/#\/schema\/logo\/image\/"}},{"@type":"Person","@id":"https:\/\/reveil-info.net\/#\/schema\/person\/ca0cc8e70088e0a2b5e92556c1ee60f5","name":"R\u00e9veil info","image":{"@type":"ImageObject","inLanguage":"fr-FR","@id":"https:\/\/secure.gravatar.com\/avatar\/e4ad5bb743c8b6cb174d9df6c7d30a8a16f6889731241345fc6444e6485f02af?s=96&d=mm&r=g","url":"https:\/\/secure.gravatar.com\/avatar\/e4ad5bb743c8b6cb174d9df6c7d30a8a16f6889731241345fc6444e6485f02af?s=96&d=mm&r=g","contentUrl":"https:\/\/secure.gravatar.com\/avatar\/e4ad5bb743c8b6cb174d9df6c7d30a8a16f6889731241345fc6444e6485f02af?s=96&d=mm&r=g","caption":"R\u00e9veil info"},"sameAs":["https:\/\/reveil-info.net"],"url":"https:\/\/reveil-info.net\/?author=1"}]}},"jetpack_featured_media_url":"https:\/\/reveil-info.net\/wp-content\/uploads\/2025\/02\/avion-800_1.png","featured_image_urls":{"full":["https:\/\/reveil-info.net\/wp-content\/uploads\/2025\/02\/avion-800_1.png",800,551,false],"thumbnail":["https:\/\/reveil-info.net\/wp-content\/uploads\/2025\/02\/avion-800_1-150x150.png",150,150,true],"medium":["https:\/\/reveil-info.net\/wp-content\/uploads\/2025\/02\/avion-800_1-300x207.png",300,207,true],"medium_large":["https:\/\/reveil-info.net\/wp-content\/uploads\/2025\/02\/avion-800_1-768x529.png",640,441,true],"large":["https:\/\/reveil-info.net\/wp-content\/uploads\/2025\/02\/avion-800_1.png",640,441,false],"1536x1536":["https:\/\/reveil-info.net\/wp-content\/uploads\/2025\/02\/avion-800_1.png",800,551,false],"2048x2048":["https:\/\/reveil-info.net\/wp-content\/uploads\/2025\/02\/avion-800_1.png",800,551,false],"chromenews-featured":["https:\/\/reveil-info.net\/wp-content\/uploads\/2025\/02\/avion-800_1.png",800,551,false],"chromenews-large":["https:\/\/reveil-info.net\/wp-content\/uploads\/2025\/02\/avion-800_1.png",800,551,false],"chromenews-medium":["https:\/\/reveil-info.net\/wp-content\/uploads\/2025\/02\/avion-800_1-590x410.png",590,410,true]},"author_info":{"display_name":"R\u00e9veil info","author_link":"https:\/\/reveil-info.net\/?author=1"},"category_info":"<a href=\"https:\/\/reveil-info.net\/?cat=7\" rel=\"category\">Faits divers<\/a>","tag_info":"Faits divers","comment_count":"0","_links":{"self":[{"href":"https:\/\/reveil-info.net\/index.php?rest_route=\/wp\/v2\/posts\/17681","targetHints":{"allow":["GET"]}}],"collection":[{"href":"https:\/\/reveil-info.net\/index.php?rest_route=\/wp\/v2\/posts"}],"about":[{"href":"https:\/\/reveil-info.net\/index.php?rest_route=\/wp\/v2\/types\/post"}],"author":[{"embeddable":true,"href":"https:\/\/reveil-info.net\/index.php?rest_route=\/wp\/v2\/users\/1"}],"replies":[{"embeddable":true,"href":"https:\/\/reveil-info.net\/index.php?rest_route=%2Fwp%2Fv2%2Fcomments&post=17681"}],"version-history":[{"count":5,"href":"https:\/\/reveil-info.net\/index.php?rest_route=\/wp\/v2\/posts\/17681\/revisions"}],"predecessor-version":[{"id":17687,"href":"https:\/\/reveil-info.net\/index.php?rest_route=\/wp\/v2\/posts\/17681\/revisions\/17687"}],"wp:featuredmedia":[{"embeddable":true,"href":"https:\/\/reveil-info.net\/index.php?rest_route=\/wp\/v2\/media\/17686"}],"wp:attachment":[{"href":"https:\/\/reveil-info.net\/index.php?rest_route=%2Fwp%2Fv2%2Fmedia&parent=17681"}],"wp:term":[{"taxonomy":"category","embeddable":true,"href":"https:\/\/reveil-info.net\/index.php?rest_route=%2Fwp%2Fv2%2Fcategories&post=17681"},{"taxonomy":"post_tag","embeddable":true,"href":"https:\/\/reveil-info.net\/index.php?rest_route=%2Fwp%2Fv2%2Ftags&post=17681"}],"curies":[{"name":"wp","href":"https:\/\/api.w.org\/{rel}","templated":true}]}}