{"id":17652,"date":"2025-02-26T12:28:42","date_gmt":"2025-02-26T12:28:42","guid":{"rendered":"https:\/\/reveil-info.net\/?p=17652"},"modified":"2025-02-26T12:36:31","modified_gmt":"2025-02-26T12:36:31","slug":"tribune-quels-pourraient-etre-les-roles-ou-les-devoirs-des-intellectuels-burkinabe-dans-le-contexte-actuel-de-notre-pays","status":"publish","type":"post","link":"https:\/\/reveil-info.net\/?p=17652","title":{"rendered":"TRIBUNE : Quels pourraient \u00eatre les r\u00f4les ou les devoirs des intellectuels Burkinab\u00e8 dans le contexte actuel de notre pays?"},"content":{"rendered":"<p style=\"text-align: justify;\"><strong>Partant du fait qu\u2019un intellectuel est une personne qui engage activement ses capacit\u00e9s intellectuelles dans l&rsquo;analyse, la r\u00e9flexion et la critique des probl\u00e8mes sociaux, politiques, culturels ou \u00e9conomiques je voudrais convenir avec vous \u00e0 l\u2019entame de cet texte que l\u2019intellectuel dont il est question ici est donc une personne qui utilise son savoir, sa r\u00e9flexion et son esprit critique pour analyser, questionner et influencer la soci\u00e9t\u00e9. C\u2019est celui dont Albert Einstein parle en ces mots : \u00ab L\u2019intellectuel est quelqu\u2019un dont l\u2019esprit veille, pose des questions, r\u00e9fl\u00e9chit, se r\u00e9volte et ressent \u00bb.<\/strong><\/p>\n<div class=\"x11i5rnm xat24cr x1mh8g0r x1vvkbs xtlvy1s x126k92a\" style=\"text-align: justify;\">\n<div dir=\"auto\">Les intellectuels Burkinab\u00e8 vivant sur le territoire national ou dans d\u2019autres pays du monde doivent chacun en fonction de ses capacit\u00e9s agir pour la nation qui fait face \u00e0 une crise de survie.<\/div>\n<\/div>\n<div class=\"x11i5rnm xat24cr x1mh8g0r x1vvkbs xtlvy1s x126k92a\" style=\"text-align: justify;\">\n<div dir=\"auto\"><strong>Comment \u00eatre davantage utile \u00e0 la nation en tant qu\u2019intellectuel ?<\/strong><\/div>\n<\/div>\n<div class=\"x11i5rnm xat24cr x1mh8g0r x1vvkbs xtlvy1s x126k92a\" style=\"text-align: justify;\">\n<div dir=\"auto\">Les intellectuels burkinab\u00e8 peuvent \u00eatre davantage utile \u00e0 la nation \u00e0 travers ces quelques r\u00f4les essentiels qu&rsquo;ils peuvent jouer. Ces r\u00f4les vont des travaux d\u2019analyse et de diagnostic \u00e0 la promotion des valeurs r\u00e9publicaines en passant par un engagement dans des projets de d\u00e9veloppement local.<\/div>\n<\/div>\n<div class=\"x11i5rnm xat24cr x1mh8g0r x1vvkbs xtlvy1s x126k92a\" style=\"text-align: justify;\">\n<div dir=\"auto\"><strong>Analyse et Diagnostic<\/strong><\/div>\n<\/div>\n<div class=\"x11i5rnm xat24cr x1mh8g0r x1vvkbs xtlvy1s x126k92a\" style=\"text-align: justify;\">\n<div dir=\"auto\">Ils doivent analyser de mani\u00e8re approfondie les causes profondes des crises politiques, \u00e9conomiques, sociales et s\u00e9curitaires. Leurs recherches et publications peuvent aider \u00e0 identifier les facteurs structuraux et conjoncturels qui alimentent les tensions. Il subsiste encore dans notre pays des contradictions sur la caract\u00e9risation de ce que nous vivons. C\u2019est un vrai sujet et il faudra d\u00e9finitivement se mettre d\u2019accord pour \u00eatre plus efficace dans le combat pour la paix et la s\u00e9curit\u00e9.<\/div>\n<\/div>\n<div class=\"x11i5rnm xat24cr x1mh8g0r x1vvkbs xtlvy1s x126k92a\" style=\"text-align: justify;\">\n<div dir=\"auto\"><strong>Sensibilisation et \u00c9ducation<\/strong><\/div>\n<\/div>\n<div class=\"x11i5rnm xat24cr x1mh8g0r x1vvkbs xtlvy1s x126k92a\" style=\"text-align: justify;\">\n<div dir=\"auto\">Les intellectuels ont le devoir d&rsquo;\u00e9duquer et de sensibiliser la population sur les enjeux actuels. Par le biais de conf\u00e9rences, de s\u00e9minaires, de publications et de m\u00e9dias, ils peuvent informer le public et promouvoir une culture de paix et de tol\u00e9rance. Les \u00e9missions sur nos cha\u00eenes de t\u00e9l\u00e9 ou radios devraient agir davantage en offrant beaucoup plus des espaces de sensibilisation et d\u2019\u00e9ducation des citoyens sur les enjeux et les d\u00e9fis de l\u2019heure.<\/div>\n<\/div>\n<div class=\"x11i5rnm xat24cr x1mh8g0r x1vvkbs xtlvy1s x126k92a\" style=\"text-align: justify;\">\n<div dir=\"auto\"><strong>Conseil et Expertise<\/strong><\/div>\n<\/div>\n<div class=\"x11i5rnm xat24cr x1mh8g0r x1vvkbs xtlvy1s x126k92a\" style=\"text-align: justify;\">\n<div dir=\"auto\">Ils peuvent servir de conseillers aupr\u00e8s des d\u00e9cideurs politiques, en fournissant des analyses et des recommandations bas\u00e9es sur des recherches rigoureuses et ind\u00e9pendantes. Leur expertise est cruciale pour l&rsquo;\u00e9laboration de politiques publiques efficaces et durables. Le caract\u00e8re rigoureux et ind\u00e9pendant de leurs analyses et des recommandations constitue l\u2019\u00e9vangile \u00e0 ne pas trahir. C\u2019est la parole de l\u2019intellectuel !<\/div>\n<\/div>\n<div class=\"x11i5rnm xat24cr x1mh8g0r x1vvkbs xtlvy1s x126k92a\" style=\"text-align: justify;\">\n<div dir=\"auto\"><strong>Promotion des Valeurs r\u00e9publicaines<\/strong><\/div>\n<\/div>\n<div class=\"x11i5rnm xat24cr x1mh8g0r x1vvkbs xtlvy1s x126k92a\" style=\"text-align: justify;\">\n<div dir=\"auto\">Ils doivent d\u00e9fendre et promouvoir les valeurs r\u00e9publicaines , les droits humains et la bonne gouvernance conform\u00e9ment \u00e0 notre loi fondamentale . Ainsi l\u2019intellectuel constitue une source d\u2019information pour les gouvernants pour am\u00e9liorer leurs d\u00e9cisions, leurs politiques et leurs actions dans la gestion de la chose commune. Les critiques objectives aident les gouvernants \u00e0 disposer de diff\u00e9rents avis et opinions sur un sujet donn\u00e9 afin de prendre la bonne d\u00e9cision dans l\u2019int\u00e9r\u00eat g\u00e9n\u00e9ral.<\/div>\n<\/div>\n<div class=\"x11i5rnm xat24cr x1mh8g0r x1vvkbs xtlvy1s x126k92a\" style=\"text-align: justify;\">\n<div dir=\"auto\"><strong>Engagement Citoyen<\/strong><\/div>\n<\/div>\n<div class=\"x11i5rnm xat24cr x1mh8g0r x1vvkbs xtlvy1s x126k92a\" style=\"text-align: justify;\">\n<div dir=\"auto\">Les intellectuels doivent s&rsquo;engager activement dans la vie publique et participer aux d\u00e9bats nationaux. Leur implication peut prendre la forme de participation \u00e0 des forums, de contribution \u00e0 des projets communautaires, ou de soutien \u00e0 des initiatives de d\u00e9veloppement local. Les cons\u00e9quences de la crise s\u00e9curitaire sont entre autre l\u2019av\u00e8nement des d\u00e9plac\u00e9s internes, des \u00e9coles d\u00e9truites. L\u2019engagement citoyen des intellectuels peut se traduire par des actions de solidarit\u00e9 et la formulation de projets de reconstruction des \u00e9coles dans les zones lib\u00e9r\u00e9es de l\u2019emprise terroriste. La processus de reconstruction ne doit pas attendre la fin de la crise. Il faut d\u00e9j\u00e0 travailler sur les projets. C\u2019est cela la r\u00e9silience !<\/div>\n<\/div>\n<div class=\"x11i5rnm xat24cr x1mh8g0r x1vvkbs xtlvy1s x126k92a\" style=\"text-align: justify;\">\n<div dir=\"auto\"><strong>Plaidoyer pour la Paix et la R\u00e9conciliation<\/strong><\/div>\n<\/div>\n<div class=\"x11i5rnm xat24cr x1mh8g0r x1vvkbs xtlvy1s x126k92a\" style=\"text-align: justify;\">\n<div dir=\"auto\">Ils doivent \u0153uvrer pour la r\u00e9conciliation nationale en encourageant le dialogue entre les diff\u00e9rentes communaut\u00e9s et en proposant des solutions pour restaurer la coh\u00e9sion sociale. Se r\u00e9concilier n\u2019est pas un mot \u00ab dangereux \u00bb. C\u2019est un passage obligatoire pour les Burkinab\u00e8 t\u00f4t ou tard ! Comment ? Nous saurons le d\u00e9finir ensemble et les intellectuels doivent y travailler !<\/div>\n<\/div>\n<div class=\"x11i5rnm xat24cr x1mh8g0r x1vvkbs xtlvy1s x126k92a\" style=\"text-align: justify;\">\n<div dir=\"auto\"><strong>Innovation et D\u00e9veloppement<\/strong><\/div>\n<\/div>\n<div class=\"x11i5rnm xat24cr x1mh8g0r x1vvkbs xtlvy1s x126k92a\" style=\"text-align: justify;\">\n<div dir=\"auto\">En tant que cr\u00e9ateurs de savoir et de solutions, ils peuvent contribuer \u00e0 l&rsquo;innovation et au d\u00e9veloppement en proposant des id\u00e9es nouvelles et en soutenant des projets de recherche appliqu\u00e9e qui r\u00e9pondent aux besoins du pays. La crise est aussi une opportunit\u00e9 pour co-construire le renouveau pour sortir des sentiers battus et pour ne pas recr\u00e9er certaines causes ou facteurs de la crise multidimensionnelle qui sont en partie li\u00e9es aux in\u00e9galit\u00e9s sociales donc \u00e0 l\u2019insuffisance de d\u00e9veloppement socio\u00e9conomique inclusif de notre pays. La co-construction est une mati\u00e8re premi\u00e8re pour les intellectuels.<\/div>\n<\/div>\n<div class=\"x11i5rnm xat24cr x1mh8g0r x1vvkbs xtlvy1s x126k92a\" style=\"text-align: justify;\">\n<div dir=\"auto\"><strong>Veille et Alerte<\/strong><\/div>\n<\/div>\n<div class=\"x11i5rnm xat24cr x1mh8g0r x1vvkbs xtlvy1s x126k92a\" style=\"text-align: justify;\">\n<div dir=\"auto\">Les intellectuels doivent \u00e9galement jouer un r\u00f4le de veille et d&rsquo;alerte en identifiant et en signalant les menaces potentielles \u00e0 la stabilit\u00e9 du pays, qu&rsquo;elles soient internes ou externes. Par leurs analyses des enjeux de la crise que traverse notre pays et des ambitions des autres nations dans le monde, les intellectuels peuvent jouer un r\u00f4le en fournissant \u00e0 notre pays du contenu pour une meilleure compr\u00e9hension des dynamiques et des \u00e9volutions g\u00e9opolitiques et g\u00e9ostrat\u00e9giques \u00e0 m\u00eame d\u2019influencer nos d\u00e9fis nationaux. Notre histoire doit nous instruire pour ne pas r\u00e9p\u00e9ter les m\u00eames erreurs.<\/div>\n<\/div>\n<div class=\"x11i5rnm xat24cr x1mh8g0r x1vvkbs xtlvy1s x126k92a\" style=\"text-align: justify;\">\n<div dir=\"auto\">Alors nos gueules , on les ferme ou pas ?<\/div>\n<\/div>\n<div class=\"x11i5rnm xat24cr x1mh8g0r x1vvkbs xtlvy1s x126k92a\">\n<div dir=\"auto\" style=\"text-align: justify;\">En r\u00e9sum\u00e9, les intellectuels burkinab\u00e8 ont un r\u00f4le crucial \u00e0 jouer dans le processus de sortie de crise du pays. Leur contribution intellectuelle, \u00e9thique et pratique est essentielle pour construire un Burkina Faso plus stable, juste et prosp\u00e8re. Voici en partie ce qui justifie le fait que je ne la ferme pas malgr\u00e9 le risque de ne pas \u00eatre souvent bien compris ! C\u2019est un devoir patriotique ! Alors nos gueules, peut-\u00eatre qu\u2019on devrait tous l\u2019ouvrir davantage et de mani\u00e8re patriotique en veillant \u00e0 ne servir que les int\u00e9r\u00eats du Faso . En veillant \u00e0 rester dans la l\u00e9galit\u00e9 conform\u00e9ment aux lois de notre pays, en restant r\u00e9publicain ! Vivement un Faso en paix et scintillant via son \u00e9toile jaune . Force et courage \u00e0 nos FDS et VDP dans la reconqu\u00eate de notre territoire ! Victoire! 2025, ann\u00e9e des d\u00e9fis.<\/div>\n<div dir=\"auto\" style=\"text-align: justify;\"><\/div>\n<div dir=\"auto\" style=\"text-align: justify;\"><strong>Dr Harouna KABORE<\/strong><\/div>\n<\/div>\n","protected":false},"excerpt":{"rendered":"<p>Partant du fait qu\u2019un intellectuel est une personne qui engage activement ses capacit\u00e9s intellectuelles dans<\/p>\n","protected":false},"author":1,"featured_media":17658,"comment_status":"open","ping_status":"open","sticky":false,"template":"","format":"standard","meta":{"footnotes":""},"categories":[2,11],"tags":[],"class_list":["post-17652","post","type-post","status-publish","format-standard","has-post-thumbnail","hentry","category-actu","category-libre-opinion"],"yoast_head":"<!-- This site is optimized with the Yoast SEO plugin v27.5 - https:\/\/yoast.com\/product\/yoast-seo-wordpress\/ -->\n<title>TRIBUNE : Quels pourraient \u00eatre les r\u00f4les ou les devoirs des intellectuels Burkinab\u00e8 dans le contexte actuel de notre pays? - R\u00e9veil Info<\/title>\n<meta name=\"robots\" content=\"noindex, follow, max-snippet:-1, max-image-preview:large, max-video-preview:-1\" \/>\n<meta property=\"og:locale\" content=\"fr_FR\" \/>\n<meta property=\"og:type\" content=\"article\" \/>\n<meta property=\"og:title\" content=\"TRIBUNE : Quels pourraient \u00eatre les r\u00f4les ou les devoirs des intellectuels Burkinab\u00e8 dans le contexte actuel de notre pays? - R\u00e9veil Info\" \/>\n<meta property=\"og:description\" content=\"Partant du fait qu\u2019un intellectuel est une personne qui engage activement ses capacit\u00e9s intellectuelles dans\" \/>\n<meta property=\"og:url\" content=\"https:\/\/reveil-info.net\/?p=17652\" \/>\n<meta property=\"og:site_name\" content=\"R\u00e9veil Info\" \/>\n<meta property=\"article:published_time\" content=\"2025-02-26T12:28:42+00:00\" \/>\n<meta property=\"article:modified_time\" content=\"2025-02-26T12:36:31+00:00\" \/>\n<meta property=\"og:image\" content=\"https:\/\/reveil-info.net\/wp-content\/uploads\/2025\/02\/480798275_1228854918604757_2693720935407560507_n.jpg\" \/>\n\t<meta property=\"og:image:width\" content=\"705\" \/>\n\t<meta property=\"og:image:height\" content=\"1080\" \/>\n\t<meta property=\"og:image:type\" content=\"image\/jpeg\" \/>\n<meta name=\"author\" content=\"R\u00e9veil info\" \/>\n<meta name=\"twitter:card\" content=\"summary_large_image\" \/>\n<meta name=\"twitter:label1\" content=\"\u00c9crit par\" \/>\n\t<meta name=\"twitter:data1\" content=\"R\u00e9veil info\" \/>\n\t<meta name=\"twitter:label2\" content=\"Dur\u00e9e de lecture estim\u00e9e\" \/>\n\t<meta name=\"twitter:data2\" content=\"6 minutes\" \/>\n<script type=\"application\/ld+json\" class=\"yoast-schema-graph\">{\"@context\":\"https:\\\/\\\/schema.org\",\"@graph\":[{\"@type\":\"Article\",\"@id\":\"https:\\\/\\\/reveil-info.net\\\/?p=17652#article\",\"isPartOf\":{\"@id\":\"https:\\\/\\\/reveil-info.net\\\/?p=17652\"},\"author\":{\"name\":\"R\u00e9veil info\",\"@id\":\"https:\\\/\\\/reveil-info.net\\\/#\\\/schema\\\/person\\\/ca0cc8e70088e0a2b5e92556c1ee60f5\"},\"headline\":\"TRIBUNE : Quels pourraient \u00eatre les r\u00f4les ou les devoirs des intellectuels Burkinab\u00e8 dans le contexte actuel de notre pays?\",\"datePublished\":\"2025-02-26T12:28:42+00:00\",\"dateModified\":\"2025-02-26T12:36:31+00:00\",\"mainEntityOfPage\":{\"@id\":\"https:\\\/\\\/reveil-info.net\\\/?p=17652\"},\"wordCount\":1108,\"commentCount\":0,\"publisher\":{\"@id\":\"https:\\\/\\\/reveil-info.net\\\/#organization\"},\"image\":{\"@id\":\"https:\\\/\\\/reveil-info.net\\\/?p=17652#primaryimage\"},\"thumbnailUrl\":\"https:\\\/\\\/reveil-info.net\\\/wp-content\\\/uploads\\\/2025\\\/02\\\/480798275_1228854918604757_2693720935407560507_n.jpg\",\"articleSection\":[\"Actualit\u00e9\",\"Libre Opinion\"],\"inLanguage\":\"fr-FR\",\"potentialAction\":[{\"@type\":\"CommentAction\",\"name\":\"Comment\",\"target\":[\"https:\\\/\\\/reveil-info.net\\\/?p=17652#respond\"]}]},{\"@type\":\"WebPage\",\"@id\":\"https:\\\/\\\/reveil-info.net\\\/?p=17652\",\"url\":\"https:\\\/\\\/reveil-info.net\\\/?p=17652\",\"name\":\"TRIBUNE : Quels pourraient \u00eatre les r\u00f4les ou les devoirs des intellectuels Burkinab\u00e8 dans le contexte actuel de notre pays? - R\u00e9veil Info\",\"isPartOf\":{\"@id\":\"https:\\\/\\\/reveil-info.net\\\/#website\"},\"primaryImageOfPage\":{\"@id\":\"https:\\\/\\\/reveil-info.net\\\/?p=17652#primaryimage\"},\"image\":{\"@id\":\"https:\\\/\\\/reveil-info.net\\\/?p=17652#primaryimage\"},\"thumbnailUrl\":\"https:\\\/\\\/reveil-info.net\\\/wp-content\\\/uploads\\\/2025\\\/02\\\/480798275_1228854918604757_2693720935407560507_n.jpg\",\"datePublished\":\"2025-02-26T12:28:42+00:00\",\"dateModified\":\"2025-02-26T12:36:31+00:00\",\"breadcrumb\":{\"@id\":\"https:\\\/\\\/reveil-info.net\\\/?p=17652#breadcrumb\"},\"inLanguage\":\"fr-FR\",\"potentialAction\":[{\"@type\":\"ReadAction\",\"target\":[\"https:\\\/\\\/reveil-info.net\\\/?p=17652\"]}]},{\"@type\":\"ImageObject\",\"inLanguage\":\"fr-FR\",\"@id\":\"https:\\\/\\\/reveil-info.net\\\/?p=17652#primaryimage\",\"url\":\"https:\\\/\\\/reveil-info.net\\\/wp-content\\\/uploads\\\/2025\\\/02\\\/480798275_1228854918604757_2693720935407560507_n.jpg\",\"contentUrl\":\"https:\\\/\\\/reveil-info.net\\\/wp-content\\\/uploads\\\/2025\\\/02\\\/480798275_1228854918604757_2693720935407560507_n.jpg\",\"width\":705,\"height\":1080},{\"@type\":\"BreadcrumbList\",\"@id\":\"https:\\\/\\\/reveil-info.net\\\/?p=17652#breadcrumb\",\"itemListElement\":[{\"@type\":\"ListItem\",\"position\":1,\"name\":\"Home\",\"item\":\"https:\\\/\\\/reveil-info.net\\\/\"},{\"@type\":\"ListItem\",\"position\":2,\"name\":\"TRIBUNE : Quels pourraient \u00eatre les r\u00f4les ou les devoirs des intellectuels Burkinab\u00e8 dans le contexte actuel de notre pays?\"}]},{\"@type\":\"WebSite\",\"@id\":\"https:\\\/\\\/reveil-info.net\\\/#website\",\"url\":\"https:\\\/\\\/reveil-info.net\\\/\",\"name\":\"R\u00e9veil Info\",\"description\":\"Le devoir d&#039;informer!\",\"publisher\":{\"@id\":\"https:\\\/\\\/reveil-info.net\\\/#organization\"},\"potentialAction\":[{\"@type\":\"SearchAction\",\"target\":{\"@type\":\"EntryPoint\",\"urlTemplate\":\"https:\\\/\\\/reveil-info.net\\\/?s={search_term_string}\"},\"query-input\":{\"@type\":\"PropertyValueSpecification\",\"valueRequired\":true,\"valueName\":\"search_term_string\"}}],\"inLanguage\":\"fr-FR\"},{\"@type\":\"Organization\",\"@id\":\"https:\\\/\\\/reveil-info.net\\\/#organization\",\"name\":\"R\u00e9veil Info\",\"url\":\"https:\\\/\\\/reveil-info.net\\\/\",\"logo\":{\"@type\":\"ImageObject\",\"inLanguage\":\"fr-FR\",\"@id\":\"https:\\\/\\\/reveil-info.net\\\/#\\\/schema\\\/logo\\\/image\\\/\",\"url\":\"https:\\\/\\\/reveil-info.net\\\/wp-content\\\/uploads\\\/2024\\\/07\\\/bnddd1.jpg\",\"contentUrl\":\"https:\\\/\\\/reveil-info.net\\\/wp-content\\\/uploads\\\/2024\\\/07\\\/bnddd1.jpg\",\"width\":903,\"height\":125,\"caption\":\"R\u00e9veil Info\"},\"image\":{\"@id\":\"https:\\\/\\\/reveil-info.net\\\/#\\\/schema\\\/logo\\\/image\\\/\"}},{\"@type\":\"Person\",\"@id\":\"https:\\\/\\\/reveil-info.net\\\/#\\\/schema\\\/person\\\/ca0cc8e70088e0a2b5e92556c1ee60f5\",\"name\":\"R\u00e9veil info\",\"image\":{\"@type\":\"ImageObject\",\"inLanguage\":\"fr-FR\",\"@id\":\"https:\\\/\\\/secure.gravatar.com\\\/avatar\\\/e4ad5bb743c8b6cb174d9df6c7d30a8a16f6889731241345fc6444e6485f02af?s=96&d=mm&r=g\",\"url\":\"https:\\\/\\\/secure.gravatar.com\\\/avatar\\\/e4ad5bb743c8b6cb174d9df6c7d30a8a16f6889731241345fc6444e6485f02af?s=96&d=mm&r=g\",\"contentUrl\":\"https:\\\/\\\/secure.gravatar.com\\\/avatar\\\/e4ad5bb743c8b6cb174d9df6c7d30a8a16f6889731241345fc6444e6485f02af?s=96&d=mm&r=g\",\"caption\":\"R\u00e9veil info\"},\"sameAs\":[\"https:\\\/\\\/reveil-info.net\"],\"url\":\"https:\\\/\\\/reveil-info.net\\\/?author=1\"}]}<\/script>\n<!-- \/ Yoast SEO plugin. -->","yoast_head_json":{"title":"TRIBUNE : Quels pourraient \u00eatre les r\u00f4les ou les devoirs des intellectuels Burkinab\u00e8 dans le contexte actuel de notre pays? - R\u00e9veil Info","robots":{"index":"noindex","follow":"follow","max-snippet":"max-snippet:-1","max-image-preview":"max-image-preview:large","max-video-preview":"max-video-preview:-1"},"og_locale":"fr_FR","og_type":"article","og_title":"TRIBUNE : Quels pourraient \u00eatre les r\u00f4les ou les devoirs des intellectuels Burkinab\u00e8 dans le contexte actuel de notre pays? - R\u00e9veil Info","og_description":"Partant du fait qu\u2019un intellectuel est une personne qui engage activement ses capacit\u00e9s intellectuelles dans","og_url":"https:\/\/reveil-info.net\/?p=17652","og_site_name":"R\u00e9veil Info","article_published_time":"2025-02-26T12:28:42+00:00","article_modified_time":"2025-02-26T12:36:31+00:00","og_image":[{"width":705,"height":1080,"url":"https:\/\/reveil-info.net\/wp-content\/uploads\/2025\/02\/480798275_1228854918604757_2693720935407560507_n.jpg","type":"image\/jpeg"}],"author":"R\u00e9veil info","twitter_card":"summary_large_image","twitter_misc":{"\u00c9crit par":"R\u00e9veil info","Dur\u00e9e de lecture estim\u00e9e":"6 minutes"},"schema":{"@context":"https:\/\/schema.org","@graph":[{"@type":"Article","@id":"https:\/\/reveil-info.net\/?p=17652#article","isPartOf":{"@id":"https:\/\/reveil-info.net\/?p=17652"},"author":{"name":"R\u00e9veil info","@id":"https:\/\/reveil-info.net\/#\/schema\/person\/ca0cc8e70088e0a2b5e92556c1ee60f5"},"headline":"TRIBUNE : Quels pourraient \u00eatre les r\u00f4les ou les devoirs des intellectuels Burkinab\u00e8 dans le contexte actuel de notre pays?","datePublished":"2025-02-26T12:28:42+00:00","dateModified":"2025-02-26T12:36:31+00:00","mainEntityOfPage":{"@id":"https:\/\/reveil-info.net\/?p=17652"},"wordCount":1108,"commentCount":0,"publisher":{"@id":"https:\/\/reveil-info.net\/#organization"},"image":{"@id":"https:\/\/reveil-info.net\/?p=17652#primaryimage"},"thumbnailUrl":"https:\/\/reveil-info.net\/wp-content\/uploads\/2025\/02\/480798275_1228854918604757_2693720935407560507_n.jpg","articleSection":["Actualit\u00e9","Libre Opinion"],"inLanguage":"fr-FR","potentialAction":[{"@type":"CommentAction","name":"Comment","target":["https:\/\/reveil-info.net\/?p=17652#respond"]}]},{"@type":"WebPage","@id":"https:\/\/reveil-info.net\/?p=17652","url":"https:\/\/reveil-info.net\/?p=17652","name":"TRIBUNE : Quels pourraient \u00eatre les r\u00f4les ou les devoirs des intellectuels Burkinab\u00e8 dans le contexte actuel de notre pays? - R\u00e9veil Info","isPartOf":{"@id":"https:\/\/reveil-info.net\/#website"},"primaryImageOfPage":{"@id":"https:\/\/reveil-info.net\/?p=17652#primaryimage"},"image":{"@id":"https:\/\/reveil-info.net\/?p=17652#primaryimage"},"thumbnailUrl":"https:\/\/reveil-info.net\/wp-content\/uploads\/2025\/02\/480798275_1228854918604757_2693720935407560507_n.jpg","datePublished":"2025-02-26T12:28:42+00:00","dateModified":"2025-02-26T12:36:31+00:00","breadcrumb":{"@id":"https:\/\/reveil-info.net\/?p=17652#breadcrumb"},"inLanguage":"fr-FR","potentialAction":[{"@type":"ReadAction","target":["https:\/\/reveil-info.net\/?p=17652"]}]},{"@type":"ImageObject","inLanguage":"fr-FR","@id":"https:\/\/reveil-info.net\/?p=17652#primaryimage","url":"https:\/\/reveil-info.net\/wp-content\/uploads\/2025\/02\/480798275_1228854918604757_2693720935407560507_n.jpg","contentUrl":"https:\/\/reveil-info.net\/wp-content\/uploads\/2025\/02\/480798275_1228854918604757_2693720935407560507_n.jpg","width":705,"height":1080},{"@type":"BreadcrumbList","@id":"https:\/\/reveil-info.net\/?p=17652#breadcrumb","itemListElement":[{"@type":"ListItem","position":1,"name":"Home","item":"https:\/\/reveil-info.net\/"},{"@type":"ListItem","position":2,"name":"TRIBUNE : Quels pourraient \u00eatre les r\u00f4les ou les devoirs des intellectuels Burkinab\u00e8 dans le contexte actuel de notre pays?"}]},{"@type":"WebSite","@id":"https:\/\/reveil-info.net\/#website","url":"https:\/\/reveil-info.net\/","name":"R\u00e9veil Info","description":"Le devoir d&#039;informer!","publisher":{"@id":"https:\/\/reveil-info.net\/#organization"},"potentialAction":[{"@type":"SearchAction","target":{"@type":"EntryPoint","urlTemplate":"https:\/\/reveil-info.net\/?s={search_term_string}"},"query-input":{"@type":"PropertyValueSpecification","valueRequired":true,"valueName":"search_term_string"}}],"inLanguage":"fr-FR"},{"@type":"Organization","@id":"https:\/\/reveil-info.net\/#organization","name":"R\u00e9veil Info","url":"https:\/\/reveil-info.net\/","logo":{"@type":"ImageObject","inLanguage":"fr-FR","@id":"https:\/\/reveil-info.net\/#\/schema\/logo\/image\/","url":"https:\/\/reveil-info.net\/wp-content\/uploads\/2024\/07\/bnddd1.jpg","contentUrl":"https:\/\/reveil-info.net\/wp-content\/uploads\/2024\/07\/bnddd1.jpg","width":903,"height":125,"caption":"R\u00e9veil Info"},"image":{"@id":"https:\/\/reveil-info.net\/#\/schema\/logo\/image\/"}},{"@type":"Person","@id":"https:\/\/reveil-info.net\/#\/schema\/person\/ca0cc8e70088e0a2b5e92556c1ee60f5","name":"R\u00e9veil info","image":{"@type":"ImageObject","inLanguage":"fr-FR","@id":"https:\/\/secure.gravatar.com\/avatar\/e4ad5bb743c8b6cb174d9df6c7d30a8a16f6889731241345fc6444e6485f02af?s=96&d=mm&r=g","url":"https:\/\/secure.gravatar.com\/avatar\/e4ad5bb743c8b6cb174d9df6c7d30a8a16f6889731241345fc6444e6485f02af?s=96&d=mm&r=g","contentUrl":"https:\/\/secure.gravatar.com\/avatar\/e4ad5bb743c8b6cb174d9df6c7d30a8a16f6889731241345fc6444e6485f02af?s=96&d=mm&r=g","caption":"R\u00e9veil info"},"sameAs":["https:\/\/reveil-info.net"],"url":"https:\/\/reveil-info.net\/?author=1"}]}},"jetpack_featured_media_url":"https:\/\/reveil-info.net\/wp-content\/uploads\/2025\/02\/480798275_1228854918604757_2693720935407560507_n.jpg","featured_image_urls":{"full":["https:\/\/reveil-info.net\/wp-content\/uploads\/2025\/02\/480798275_1228854918604757_2693720935407560507_n.jpg",705,1080,false],"thumbnail":["https:\/\/reveil-info.net\/wp-content\/uploads\/2025\/02\/480798275_1228854918604757_2693720935407560507_n-150x150.jpg",150,150,true],"medium":["https:\/\/reveil-info.net\/wp-content\/uploads\/2025\/02\/480798275_1228854918604757_2693720935407560507_n-196x300.jpg",196,300,true],"medium_large":["https:\/\/reveil-info.net\/wp-content\/uploads\/2025\/02\/480798275_1228854918604757_2693720935407560507_n.jpg",640,980,false],"large":["https:\/\/reveil-info.net\/wp-content\/uploads\/2025\/02\/480798275_1228854918604757_2693720935407560507_n-668x1024.jpg",640,981,true],"1536x1536":["https:\/\/reveil-info.net\/wp-content\/uploads\/2025\/02\/480798275_1228854918604757_2693720935407560507_n.jpg",705,1080,false],"2048x2048":["https:\/\/reveil-info.net\/wp-content\/uploads\/2025\/02\/480798275_1228854918604757_2693720935407560507_n.jpg",705,1080,false],"chromenews-featured":["https:\/\/reveil-info.net\/wp-content\/uploads\/2025\/02\/480798275_1228854918604757_2693720935407560507_n.jpg",705,1080,false],"chromenews-large":["https:\/\/reveil-info.net\/wp-content\/uploads\/2025\/02\/480798275_1228854918604757_2693720935407560507_n-705x575.jpg",705,575,true],"chromenews-medium":["https:\/\/reveil-info.net\/wp-content\/uploads\/2025\/02\/480798275_1228854918604757_2693720935407560507_n-590x410.jpg",590,410,true]},"author_info":{"display_name":"R\u00e9veil info","author_link":"https:\/\/reveil-info.net\/?author=1"},"category_info":"<a href=\"https:\/\/reveil-info.net\/?cat=2\" rel=\"category\">Actualit\u00e9<\/a> <a href=\"https:\/\/reveil-info.net\/?cat=11\" rel=\"category\">Libre Opinion<\/a>","tag_info":"Libre Opinion","comment_count":"0","_links":{"self":[{"href":"https:\/\/reveil-info.net\/index.php?rest_route=\/wp\/v2\/posts\/17652","targetHints":{"allow":["GET"]}}],"collection":[{"href":"https:\/\/reveil-info.net\/index.php?rest_route=\/wp\/v2\/posts"}],"about":[{"href":"https:\/\/reveil-info.net\/index.php?rest_route=\/wp\/v2\/types\/post"}],"author":[{"embeddable":true,"href":"https:\/\/reveil-info.net\/index.php?rest_route=\/wp\/v2\/users\/1"}],"replies":[{"embeddable":true,"href":"https:\/\/reveil-info.net\/index.php?rest_route=%2Fwp%2Fv2%2Fcomments&post=17652"}],"version-history":[{"count":6,"href":"https:\/\/reveil-info.net\/index.php?rest_route=\/wp\/v2\/posts\/17652\/revisions"}],"predecessor-version":[{"id":17659,"href":"https:\/\/reveil-info.net\/index.php?rest_route=\/wp\/v2\/posts\/17652\/revisions\/17659"}],"wp:featuredmedia":[{"embeddable":true,"href":"https:\/\/reveil-info.net\/index.php?rest_route=\/wp\/v2\/media\/17658"}],"wp:attachment":[{"href":"https:\/\/reveil-info.net\/index.php?rest_route=%2Fwp%2Fv2%2Fmedia&parent=17652"}],"wp:term":[{"taxonomy":"category","embeddable":true,"href":"https:\/\/reveil-info.net\/index.php?rest_route=%2Fwp%2Fv2%2Fcategories&post=17652"},{"taxonomy":"post_tag","embeddable":true,"href":"https:\/\/reveil-info.net\/index.php?rest_route=%2Fwp%2Fv2%2Ftags&post=17652"}],"curies":[{"name":"wp","href":"https:\/\/api.w.org\/{rel}","templated":true}]}}