{"id":1630,"date":"2024-07-07T10:54:30","date_gmt":"2024-07-07T08:54:30","guid":{"rendered":"https:\/\/reveil-info.net\/test\/?p=1630"},"modified":"2024-07-07T10:54:30","modified_gmt":"2024-07-07T08:54:30","slug":"aes-adoption-des-textes","status":"publish","type":"post","link":"https:\/\/reveil-info.net\/?p=1630","title":{"rendered":"AES: Adoption des textes"},"content":{"rendered":"<p>Consolidation de l\u2019#AES : les Chefs d\u2019Etat adoptent le trait\u00e9 portant cr\u00e9ation de la #conf\u00e9d\u00e9ration<\/p>\n<figure id=\"attachment_1633\" aria-describedby=\"caption-attachment-1633\" style=\"width: 272px\" class=\"wp-caption alignnone\"><img loading=\"lazy\" decoding=\"async\" class=\"size-medium wp-image-1633\" src=\"https:\/\/reveil-info.net\/test\/wp-content\/uploads\/2024\/07\/FB_IMG_17203421069404027-272x300.jpg\" alt=\"\" width=\"272\" height=\"300\" srcset=\"https:\/\/reveil-info.net\/wp-content\/uploads\/2024\/07\/FB_IMG_17203421069404027-272x300.jpg 272w, https:\/\/reveil-info.net\/wp-content\/uploads\/2024\/07\/FB_IMG_17203421069404027.jpg 720w\" sizes=\"auto, (max-width: 272px) 100vw, 272px\" \/><figcaption id=\"caption-attachment-1633\" class=\"wp-caption-text\">Le pr\u00e9sident Ibrahim Traor\u00e9 pr\u00e9sentant les textes sign\u00e9s.<\/figcaption><\/figure>\n<p>R\u00e9unis dans la capitale nig\u00e9rienne pour le premier sommet de l\u2019Alliance des Etats du Sahel, les Chefs d\u2019Etat du Burkina Faso, le Capitaine Ibrahim TRAORE, du Mali, le Colonel Assimi GOITA et du Niger, le G\u00e9n\u00e9ral Abdourahamane TIANI ont adopt\u00e9 le trait\u00e9 portant cr\u00e9ation de la Conf\u00e9d\u00e9ration \u00ab\u00a0Alliance des Etats du Sahel (AES)\u00a0\u00bb dot\u00e9e d\u2019instruments juridiques.<\/p>\n<p>Les travaux de la rencontre au sommet des Etats de l\u2019AES tenue ce samedi ont abouti \u00e0 des d\u00e9cisions importantes pour la marche de l\u2019Alliance des Etats du Sahel. La D\u00e9claration de Niamey conf\u00e8re \u00e0 l\u2019AES le statut de conf\u00e9d\u00e9ration r\u00e9gie par des textes dont la teneur a \u00e9t\u00e9 livr\u00e9e aux participants \u00e0 la fin de la rencontre.<\/p>\n<p>Cette conf\u00e9d\u00e9ration est fond\u00e9e sur des principes comme le respect de la souverainet\u00e9 et l\u2019int\u00e9grit\u00e9 territoriale des Etats, la non-agression entre les Etats conf\u00e9d\u00e9r\u00e9s, l\u2019interdiction de toute mesure coercitive, la solidarit\u00e9, la sauvegarde et la d\u00e9fense des int\u00e9r\u00eats des populations de l\u2019espace conf\u00e9d\u00e9r\u00e9.<\/p>\n<p>En signant le Trait\u00e9 portant cr\u00e9ation de la Conf\u00e9d\u00e9ration \u00ab\u00a0Alliance des Etats du Sahel\u00a0\u00bb, le r\u00e8glement int\u00e9rieur du coll\u00e8ge des Chefs d\u2019Etat, le Communiqu\u00e9 final et la D\u00e9claration de Niamey, les Chefs d\u2019Etat r\u00e9affirment leur d\u00e9termination \u00e0 acc\u00e9l\u00e9rer la dynamique enclench\u00e9e, avec le soutien des peuples de l\u2019AES afin de vaincre l\u2019adversit\u00e9 sous toutes ses formes et amorcer la paix et le d\u00e9veloppement \u00e9conomique.<\/p>\n<p>Cette \u00e9tape marque un tournant d\u00e9cisif de la vie de l\u2019AES en tant que conf\u00e9d\u00e9ration en lui conf\u00e9rant un statut juridique fort, et une valeur politique incontest\u00e9e comme sources d\u2019inspiration et d\u2019action du peuple du Sahel.<\/p>\n<p>L\u2019existence de liens historiques, g\u00e9ographiques et culturels, la soif d\u2019une souverainet\u00e9 totale, la n\u00e9cessit\u00e9 d\u2019une mutualisation des efforts et des actions au regard des exp\u00e9riences v\u00e9cues, la volont\u00e9 de promouvoir les droits des peuples et le d\u00e9veloppement \u00e9conomique de l\u2019espace ont constitu\u00e9 les ferments des textes produits au cours de ce sommet.<\/p>\n<p>En plus des questions de s\u00e9curit\u00e9 et de d\u00e9fense, la coordination de l\u2019action diplomatique et de d\u00e9veloppement, occupe d\u00e9sormais une place de choix au sein de la Conf\u00e9d\u00e9ration AES.<\/p>\n<p>Une des d\u00e9cisions \u00e0 la cl\u00f4ture de cette rencontre tripartite historique des trois pays, a \u00e9t\u00e9 la mise en place d\u2019une pr\u00e9sidence annuelle tournante de la Conf\u00e9d\u00e9ration AES, qui est assur\u00e9e par le Mali.<\/p>\n<p>Direction de la Communication de la Pr\u00e9sidence du Faso<\/p>\n","protected":false},"excerpt":{"rendered":"<p>Consolidation de l\u2019#AES : les Chefs d\u2019Etat adoptent le trait\u00e9 portant cr\u00e9ation de la #conf\u00e9d\u00e9ration<\/p>\n","protected":false},"author":1,"featured_media":0,"comment_status":"open","ping_status":"open","sticky":false,"template":"","format":"standard","meta":{"footnotes":""},"categories":[2],"tags":[],"class_list":["post-1630","post","type-post","status-publish","format-standard","hentry","category-actu"],"yoast_head":"<!-- This site is optimized with the Yoast SEO plugin v27.5 - https:\/\/yoast.com\/product\/yoast-seo-wordpress\/ -->\n<title>AES: Adoption des textes - R\u00e9veil Info<\/title>\n<meta name=\"robots\" content=\"noindex, follow, max-snippet:-1, max-image-preview:large, max-video-preview:-1\" \/>\n<meta property=\"og:locale\" content=\"fr_FR\" \/>\n<meta property=\"og:type\" content=\"article\" \/>\n<meta property=\"og:title\" content=\"AES: Adoption des textes - R\u00e9veil Info\" \/>\n<meta property=\"og:description\" content=\"Consolidation de l\u2019#AES : les Chefs d\u2019Etat adoptent le trait\u00e9 portant cr\u00e9ation de la #conf\u00e9d\u00e9ration\" \/>\n<meta property=\"og:url\" content=\"https:\/\/reveil-info.net\/?p=1630\" \/>\n<meta property=\"og:site_name\" content=\"R\u00e9veil Info\" \/>\n<meta property=\"article:published_time\" content=\"2024-07-07T08:54:30+00:00\" \/>\n<meta property=\"og:image\" content=\"https:\/\/reveil-info.net\/test\/wp-content\/uploads\/2024\/07\/FB_IMG_17203421069404027-272x300.jpg\" \/>\n<meta name=\"author\" content=\"R\u00e9veil info\" \/>\n<meta name=\"twitter:card\" content=\"summary_large_image\" \/>\n<meta name=\"twitter:label1\" content=\"\u00c9crit par\" \/>\n\t<meta name=\"twitter:data1\" content=\"R\u00e9veil info\" \/>\n\t<meta name=\"twitter:label2\" content=\"Dur\u00e9e de lecture estim\u00e9e\" \/>\n\t<meta name=\"twitter:data2\" content=\"3 minutes\" \/>\n<script type=\"application\/ld+json\" class=\"yoast-schema-graph\">{\"@context\":\"https:\\\/\\\/schema.org\",\"@graph\":[{\"@type\":\"Article\",\"@id\":\"https:\\\/\\\/reveil-info.net\\\/?p=1630#article\",\"isPartOf\":{\"@id\":\"https:\\\/\\\/reveil-info.net\\\/?p=1630\"},\"author\":{\"name\":\"R\u00e9veil info\",\"@id\":\"https:\\\/\\\/reveil-info.net\\\/#\\\/schema\\\/person\\\/ca0cc8e70088e0a2b5e92556c1ee60f5\"},\"headline\":\"AES: Adoption des textes\",\"datePublished\":\"2024-07-07T08:54:30+00:00\",\"mainEntityOfPage\":{\"@id\":\"https:\\\/\\\/reveil-info.net\\\/?p=1630\"},\"wordCount\":502,\"commentCount\":0,\"publisher\":{\"@id\":\"https:\\\/\\\/reveil-info.net\\\/#organization\"},\"image\":{\"@id\":\"https:\\\/\\\/reveil-info.net\\\/?p=1630#primaryimage\"},\"thumbnailUrl\":\"https:\\\/\\\/reveil-info.net\\\/test\\\/wp-content\\\/uploads\\\/2024\\\/07\\\/FB_IMG_17203421069404027-272x300.jpg\",\"articleSection\":[\"Actualit\u00e9\"],\"inLanguage\":\"fr-FR\",\"potentialAction\":[{\"@type\":\"CommentAction\",\"name\":\"Comment\",\"target\":[\"https:\\\/\\\/reveil-info.net\\\/?p=1630#respond\"]}]},{\"@type\":\"WebPage\",\"@id\":\"https:\\\/\\\/reveil-info.net\\\/?p=1630\",\"url\":\"https:\\\/\\\/reveil-info.net\\\/?p=1630\",\"name\":\"AES: Adoption des textes - R\u00e9veil Info\",\"isPartOf\":{\"@id\":\"https:\\\/\\\/reveil-info.net\\\/#website\"},\"primaryImageOfPage\":{\"@id\":\"https:\\\/\\\/reveil-info.net\\\/?p=1630#primaryimage\"},\"image\":{\"@id\":\"https:\\\/\\\/reveil-info.net\\\/?p=1630#primaryimage\"},\"thumbnailUrl\":\"https:\\\/\\\/reveil-info.net\\\/test\\\/wp-content\\\/uploads\\\/2024\\\/07\\\/FB_IMG_17203421069404027-272x300.jpg\",\"datePublished\":\"2024-07-07T08:54:30+00:00\",\"breadcrumb\":{\"@id\":\"https:\\\/\\\/reveil-info.net\\\/?p=1630#breadcrumb\"},\"inLanguage\":\"fr-FR\",\"potentialAction\":[{\"@type\":\"ReadAction\",\"target\":[\"https:\\\/\\\/reveil-info.net\\\/?p=1630\"]}]},{\"@type\":\"ImageObject\",\"inLanguage\":\"fr-FR\",\"@id\":\"https:\\\/\\\/reveil-info.net\\\/?p=1630#primaryimage\",\"url\":\"https:\\\/\\\/reveil-info.net\\\/wp-content\\\/uploads\\\/2024\\\/07\\\/FB_IMG_17203421069404027.jpg\",\"contentUrl\":\"https:\\\/\\\/reveil-info.net\\\/wp-content\\\/uploads\\\/2024\\\/07\\\/FB_IMG_17203421069404027.jpg\",\"width\":720,\"height\":793,\"caption\":\"Le pr\u00e9sident Ibrahim Traor\u00e9 pr\u00e9sentant les textes sign\u00e9s\"},{\"@type\":\"BreadcrumbList\",\"@id\":\"https:\\\/\\\/reveil-info.net\\\/?p=1630#breadcrumb\",\"itemListElement\":[{\"@type\":\"ListItem\",\"position\":1,\"name\":\"Home\",\"item\":\"https:\\\/\\\/reveil-info.net\\\/\"},{\"@type\":\"ListItem\",\"position\":2,\"name\":\"AES: Adoption des textes\"}]},{\"@type\":\"WebSite\",\"@id\":\"https:\\\/\\\/reveil-info.net\\\/#website\",\"url\":\"https:\\\/\\\/reveil-info.net\\\/\",\"name\":\"R\u00e9veil Info\",\"description\":\"Le devoir d&#039;informer!\",\"publisher\":{\"@id\":\"https:\\\/\\\/reveil-info.net\\\/#organization\"},\"potentialAction\":[{\"@type\":\"SearchAction\",\"target\":{\"@type\":\"EntryPoint\",\"urlTemplate\":\"https:\\\/\\\/reveil-info.net\\\/?s={search_term_string}\"},\"query-input\":{\"@type\":\"PropertyValueSpecification\",\"valueRequired\":true,\"valueName\":\"search_term_string\"}}],\"inLanguage\":\"fr-FR\"},{\"@type\":\"Organization\",\"@id\":\"https:\\\/\\\/reveil-info.net\\\/#organization\",\"name\":\"R\u00e9veil Info\",\"url\":\"https:\\\/\\\/reveil-info.net\\\/\",\"logo\":{\"@type\":\"ImageObject\",\"inLanguage\":\"fr-FR\",\"@id\":\"https:\\\/\\\/reveil-info.net\\\/#\\\/schema\\\/logo\\\/image\\\/\",\"url\":\"https:\\\/\\\/reveil-info.net\\\/wp-content\\\/uploads\\\/2024\\\/07\\\/bnddd1.jpg\",\"contentUrl\":\"https:\\\/\\\/reveil-info.net\\\/wp-content\\\/uploads\\\/2024\\\/07\\\/bnddd1.jpg\",\"width\":903,\"height\":125,\"caption\":\"R\u00e9veil Info\"},\"image\":{\"@id\":\"https:\\\/\\\/reveil-info.net\\\/#\\\/schema\\\/logo\\\/image\\\/\"}},{\"@type\":\"Person\",\"@id\":\"https:\\\/\\\/reveil-info.net\\\/#\\\/schema\\\/person\\\/ca0cc8e70088e0a2b5e92556c1ee60f5\",\"name\":\"R\u00e9veil info\",\"image\":{\"@type\":\"ImageObject\",\"inLanguage\":\"fr-FR\",\"@id\":\"https:\\\/\\\/secure.gravatar.com\\\/avatar\\\/e4ad5bb743c8b6cb174d9df6c7d30a8a16f6889731241345fc6444e6485f02af?s=96&d=mm&r=g\",\"url\":\"https:\\\/\\\/secure.gravatar.com\\\/avatar\\\/e4ad5bb743c8b6cb174d9df6c7d30a8a16f6889731241345fc6444e6485f02af?s=96&d=mm&r=g\",\"contentUrl\":\"https:\\\/\\\/secure.gravatar.com\\\/avatar\\\/e4ad5bb743c8b6cb174d9df6c7d30a8a16f6889731241345fc6444e6485f02af?s=96&d=mm&r=g\",\"caption\":\"R\u00e9veil info\"},\"sameAs\":[\"https:\\\/\\\/reveil-info.net\"],\"url\":\"https:\\\/\\\/reveil-info.net\\\/?author=1\"}]}<\/script>\n<!-- \/ Yoast SEO plugin. -->","yoast_head_json":{"title":"AES: Adoption des textes - R\u00e9veil Info","robots":{"index":"noindex","follow":"follow","max-snippet":"max-snippet:-1","max-image-preview":"max-image-preview:large","max-video-preview":"max-video-preview:-1"},"og_locale":"fr_FR","og_type":"article","og_title":"AES: Adoption des textes - R\u00e9veil Info","og_description":"Consolidation de l\u2019#AES : les Chefs d\u2019Etat adoptent le trait\u00e9 portant cr\u00e9ation de la #conf\u00e9d\u00e9ration","og_url":"https:\/\/reveil-info.net\/?p=1630","og_site_name":"R\u00e9veil Info","article_published_time":"2024-07-07T08:54:30+00:00","og_image":[{"url":"https:\/\/reveil-info.net\/test\/wp-content\/uploads\/2024\/07\/FB_IMG_17203421069404027-272x300.jpg","type":"","width":"","height":""}],"author":"R\u00e9veil info","twitter_card":"summary_large_image","twitter_misc":{"\u00c9crit par":"R\u00e9veil info","Dur\u00e9e de lecture estim\u00e9e":"3 minutes"},"schema":{"@context":"https:\/\/schema.org","@graph":[{"@type":"Article","@id":"https:\/\/reveil-info.net\/?p=1630#article","isPartOf":{"@id":"https:\/\/reveil-info.net\/?p=1630"},"author":{"name":"R\u00e9veil info","@id":"https:\/\/reveil-info.net\/#\/schema\/person\/ca0cc8e70088e0a2b5e92556c1ee60f5"},"headline":"AES: Adoption des textes","datePublished":"2024-07-07T08:54:30+00:00","mainEntityOfPage":{"@id":"https:\/\/reveil-info.net\/?p=1630"},"wordCount":502,"commentCount":0,"publisher":{"@id":"https:\/\/reveil-info.net\/#organization"},"image":{"@id":"https:\/\/reveil-info.net\/?p=1630#primaryimage"},"thumbnailUrl":"https:\/\/reveil-info.net\/test\/wp-content\/uploads\/2024\/07\/FB_IMG_17203421069404027-272x300.jpg","articleSection":["Actualit\u00e9"],"inLanguage":"fr-FR","potentialAction":[{"@type":"CommentAction","name":"Comment","target":["https:\/\/reveil-info.net\/?p=1630#respond"]}]},{"@type":"WebPage","@id":"https:\/\/reveil-info.net\/?p=1630","url":"https:\/\/reveil-info.net\/?p=1630","name":"AES: Adoption des textes - R\u00e9veil Info","isPartOf":{"@id":"https:\/\/reveil-info.net\/#website"},"primaryImageOfPage":{"@id":"https:\/\/reveil-info.net\/?p=1630#primaryimage"},"image":{"@id":"https:\/\/reveil-info.net\/?p=1630#primaryimage"},"thumbnailUrl":"https:\/\/reveil-info.net\/test\/wp-content\/uploads\/2024\/07\/FB_IMG_17203421069404027-272x300.jpg","datePublished":"2024-07-07T08:54:30+00:00","breadcrumb":{"@id":"https:\/\/reveil-info.net\/?p=1630#breadcrumb"},"inLanguage":"fr-FR","potentialAction":[{"@type":"ReadAction","target":["https:\/\/reveil-info.net\/?p=1630"]}]},{"@type":"ImageObject","inLanguage":"fr-FR","@id":"https:\/\/reveil-info.net\/?p=1630#primaryimage","url":"https:\/\/reveil-info.net\/wp-content\/uploads\/2024\/07\/FB_IMG_17203421069404027.jpg","contentUrl":"https:\/\/reveil-info.net\/wp-content\/uploads\/2024\/07\/FB_IMG_17203421069404027.jpg","width":720,"height":793,"caption":"Le pr\u00e9sident Ibrahim Traor\u00e9 pr\u00e9sentant les textes sign\u00e9s"},{"@type":"BreadcrumbList","@id":"https:\/\/reveil-info.net\/?p=1630#breadcrumb","itemListElement":[{"@type":"ListItem","position":1,"name":"Home","item":"https:\/\/reveil-info.net\/"},{"@type":"ListItem","position":2,"name":"AES: Adoption des textes"}]},{"@type":"WebSite","@id":"https:\/\/reveil-info.net\/#website","url":"https:\/\/reveil-info.net\/","name":"R\u00e9veil Info","description":"Le devoir d&#039;informer!","publisher":{"@id":"https:\/\/reveil-info.net\/#organization"},"potentialAction":[{"@type":"SearchAction","target":{"@type":"EntryPoint","urlTemplate":"https:\/\/reveil-info.net\/?s={search_term_string}"},"query-input":{"@type":"PropertyValueSpecification","valueRequired":true,"valueName":"search_term_string"}}],"inLanguage":"fr-FR"},{"@type":"Organization","@id":"https:\/\/reveil-info.net\/#organization","name":"R\u00e9veil Info","url":"https:\/\/reveil-info.net\/","logo":{"@type":"ImageObject","inLanguage":"fr-FR","@id":"https:\/\/reveil-info.net\/#\/schema\/logo\/image\/","url":"https:\/\/reveil-info.net\/wp-content\/uploads\/2024\/07\/bnddd1.jpg","contentUrl":"https:\/\/reveil-info.net\/wp-content\/uploads\/2024\/07\/bnddd1.jpg","width":903,"height":125,"caption":"R\u00e9veil Info"},"image":{"@id":"https:\/\/reveil-info.net\/#\/schema\/logo\/image\/"}},{"@type":"Person","@id":"https:\/\/reveil-info.net\/#\/schema\/person\/ca0cc8e70088e0a2b5e92556c1ee60f5","name":"R\u00e9veil info","image":{"@type":"ImageObject","inLanguage":"fr-FR","@id":"https:\/\/secure.gravatar.com\/avatar\/e4ad5bb743c8b6cb174d9df6c7d30a8a16f6889731241345fc6444e6485f02af?s=96&d=mm&r=g","url":"https:\/\/secure.gravatar.com\/avatar\/e4ad5bb743c8b6cb174d9df6c7d30a8a16f6889731241345fc6444e6485f02af?s=96&d=mm&r=g","contentUrl":"https:\/\/secure.gravatar.com\/avatar\/e4ad5bb743c8b6cb174d9df6c7d30a8a16f6889731241345fc6444e6485f02af?s=96&d=mm&r=g","caption":"R\u00e9veil info"},"sameAs":["https:\/\/reveil-info.net"],"url":"https:\/\/reveil-info.net\/?author=1"}]}},"jetpack_featured_media_url":"","featured_image_urls":{"full":"","thumbnail":"","medium":"","medium_large":"","large":"","1536x1536":"","2048x2048":"","chromenews-featured":"","chromenews-large":"","chromenews-medium":""},"author_info":{"display_name":"R\u00e9veil info","author_link":"https:\/\/reveil-info.net\/?author=1"},"category_info":"<a href=\"https:\/\/reveil-info.net\/?cat=2\" rel=\"category\">Actualit\u00e9<\/a>","tag_info":"Actualit\u00e9","comment_count":"0","_links":{"self":[{"href":"https:\/\/reveil-info.net\/index.php?rest_route=\/wp\/v2\/posts\/1630","targetHints":{"allow":["GET"]}}],"collection":[{"href":"https:\/\/reveil-info.net\/index.php?rest_route=\/wp\/v2\/posts"}],"about":[{"href":"https:\/\/reveil-info.net\/index.php?rest_route=\/wp\/v2\/types\/post"}],"author":[{"embeddable":true,"href":"https:\/\/reveil-info.net\/index.php?rest_route=\/wp\/v2\/users\/1"}],"replies":[{"embeddable":true,"href":"https:\/\/reveil-info.net\/index.php?rest_route=%2Fwp%2Fv2%2Fcomments&post=1630"}],"version-history":[{"count":6,"href":"https:\/\/reveil-info.net\/index.php?rest_route=\/wp\/v2\/posts\/1630\/revisions"}],"predecessor-version":[{"id":1637,"href":"https:\/\/reveil-info.net\/index.php?rest_route=\/wp\/v2\/posts\/1630\/revisions\/1637"}],"wp:attachment":[{"href":"https:\/\/reveil-info.net\/index.php?rest_route=%2Fwp%2Fv2%2Fmedia&parent=1630"}],"wp:term":[{"taxonomy":"category","embeddable":true,"href":"https:\/\/reveil-info.net\/index.php?rest_route=%2Fwp%2Fv2%2Fcategories&post=1630"},{"taxonomy":"post_tag","embeddable":true,"href":"https:\/\/reveil-info.net\/index.php?rest_route=%2Fwp%2Fv2%2Ftags&post=1630"}],"curies":[{"name":"wp","href":"https:\/\/api.w.org\/{rel}","templated":true}]}}