{"id":15921,"date":"2025-01-29T20:40:08","date_gmt":"2025-01-29T20:40:08","guid":{"rendered":"https:\/\/reveil-info.net\/?p=15921"},"modified":"2025-01-30T08:25:09","modified_gmt":"2025-01-30T08:25:09","slug":"espace-aes-le-president-du-faso-a-son-passeport-biometrique-en-main","status":"publish","type":"post","link":"https:\/\/reveil-info.net\/?p=15921","title":{"rendered":"Espace AES: le Pr\u00e9sident du Faso a son passeport  biom\u00e9trique en main"},"content":{"rendered":"<p>Espace AES : le Pr\u00e9sident du Faso tient son passeport biom\u00e9trique<\/p>\n<p><img loading=\"lazy\" decoding=\"async\" class=\"alignnone  wp-image-15927\" src=\"https:\/\/reveil-info.net\/wp-content\/uploads\/2025\/01\/FB_IMG_17381828271127369-300x205.jpg\" alt=\"\" width=\"975\" height=\"666\" srcset=\"https:\/\/reveil-info.net\/wp-content\/uploads\/2025\/01\/FB_IMG_17381828271127369-300x205.jpg 300w, https:\/\/reveil-info.net\/wp-content\/uploads\/2025\/01\/FB_IMG_17381828271127369.jpg 720w\" sizes=\"auto, (max-width: 975px) 100vw, 975px\" \/><\/p>\n<p>(Ouagadougou, 29 janvier 2025). Le Pr\u00e9sident du Faso, le Capitaine Ibrahim TRAOR\u00c9, a fait son enr\u00f4lement biom\u00e9trique et a re\u00e7u son passeport de la Conf\u00e9d\u00e9ration des \u00c9tats du Sahel (AES) qui entre en vigueur \u00e0 compter de ce 29 janvier.<\/p>\n<p>Devant les services techniques, le Pr\u00e9sident du Faso a suivi les diff\u00e9rentes \u00e9tapes de l\u2019enr\u00f4lement pour le passeport AES. Apr\u00e8s quelques moments, son passeport lui est remis par le ministre de la S\u00e9curit\u00e9, le Commissaire divisionnaire de police, Mahamoudou SANA.<\/p>\n<p>L\u2019enr\u00f4lement du Chef de l\u2019\u00c9tat marque le d\u00e9but du processus d\u2019enr\u00f4lement et de mise en circulation dans notre pays du passeport AES, document commun aux trois \u00c9tats membres.<\/p>\n<p>M\u00eame si le passeport arborant le logo CEDEAO reste valable jusqu&rsquo;\u00e0 sa date d&rsquo;expiration et les citoyens de l&rsquo;espace AES sont invit\u00e9s \u00e0 le faire remplacer par le nouveau passeport AES conform\u00e9ment aux r\u00e8gles en la mati\u00e8re.<\/p>\n<p>Direction de la communication de la Pr\u00e9sidence du Faso<\/p>\n","protected":false},"excerpt":{"rendered":"<p>Espace AES : le Pr\u00e9sident du Faso tient son passeport biom\u00e9trique (Ouagadougou, 29 janvier 2025).<\/p>\n","protected":false},"author":1,"featured_media":15925,"comment_status":"open","ping_status":"open","sticky":false,"template":"","format":"standard","meta":{"footnotes":""},"categories":[39],"tags":[],"class_list":["post-15921","post","type-post","status-publish","format-standard","has-post-thumbnail","hentry","category-une"],"yoast_head":"<!-- This site is optimized with the Yoast SEO plugin v27.5 - https:\/\/yoast.com\/product\/yoast-seo-wordpress\/ -->\n<title>Espace AES: le Pr\u00e9sident du Faso a son passeport biom\u00e9trique en main - R\u00e9veil Info<\/title>\n<meta name=\"robots\" content=\"noindex, follow, max-snippet:-1, max-image-preview:large, max-video-preview:-1\" \/>\n<meta property=\"og:locale\" content=\"fr_FR\" \/>\n<meta property=\"og:type\" content=\"article\" \/>\n<meta property=\"og:title\" content=\"Espace AES: le Pr\u00e9sident du Faso a son passeport biom\u00e9trique en main - R\u00e9veil Info\" \/>\n<meta property=\"og:description\" content=\"Espace AES : le Pr\u00e9sident du Faso tient son passeport biom\u00e9trique (Ouagadougou, 29 janvier 2025).\" \/>\n<meta property=\"og:url\" content=\"https:\/\/reveil-info.net\/?p=15921\" \/>\n<meta property=\"og:site_name\" content=\"R\u00e9veil Info\" \/>\n<meta property=\"article:published_time\" content=\"2025-01-29T20:40:08+00:00\" \/>\n<meta property=\"article:modified_time\" content=\"2025-01-30T08:25:09+00:00\" \/>\n<meta property=\"og:image\" content=\"https:\/\/reveil-info.net\/wp-content\/uploads\/2025\/01\/FB_IMG_17381828132957373.jpg\" \/>\n\t<meta property=\"og:image:width\" content=\"720\" \/>\n\t<meta property=\"og:image:height\" content=\"489\" \/>\n\t<meta property=\"og:image:type\" content=\"image\/jpeg\" \/>\n<meta name=\"author\" content=\"R\u00e9veil info\" \/>\n<meta name=\"twitter:card\" content=\"summary_large_image\" \/>\n<meta name=\"twitter:label1\" content=\"\u00c9crit par\" \/>\n\t<meta name=\"twitter:data1\" content=\"R\u00e9veil info\" \/>\n\t<meta name=\"twitter:label2\" content=\"Dur\u00e9e de lecture estim\u00e9e\" \/>\n\t<meta name=\"twitter:data2\" content=\"2 minutes\" \/>\n<script type=\"application\/ld+json\" class=\"yoast-schema-graph\">{\"@context\":\"https:\\\/\\\/schema.org\",\"@graph\":[{\"@type\":\"Article\",\"@id\":\"https:\\\/\\\/reveil-info.net\\\/?p=15921#article\",\"isPartOf\":{\"@id\":\"https:\\\/\\\/reveil-info.net\\\/?p=15921\"},\"author\":{\"name\":\"R\u00e9veil info\",\"@id\":\"https:\\\/\\\/reveil-info.net\\\/#\\\/schema\\\/person\\\/ca0cc8e70088e0a2b5e92556c1ee60f5\"},\"headline\":\"Espace AES: le Pr\u00e9sident du Faso a son passeport biom\u00e9trique en main\",\"datePublished\":\"2025-01-29T20:40:08+00:00\",\"dateModified\":\"2025-01-30T08:25:09+00:00\",\"mainEntityOfPage\":{\"@id\":\"https:\\\/\\\/reveil-info.net\\\/?p=15921\"},\"wordCount\":201,\"commentCount\":0,\"publisher\":{\"@id\":\"https:\\\/\\\/reveil-info.net\\\/#organization\"},\"image\":{\"@id\":\"https:\\\/\\\/reveil-info.net\\\/?p=15921#primaryimage\"},\"thumbnailUrl\":\"https:\\\/\\\/reveil-info.net\\\/wp-content\\\/uploads\\\/2025\\\/01\\\/FB_IMG_17381828132957373.jpg\",\"articleSection\":[\"A la une\"],\"inLanguage\":\"fr-FR\",\"potentialAction\":[{\"@type\":\"CommentAction\",\"name\":\"Comment\",\"target\":[\"https:\\\/\\\/reveil-info.net\\\/?p=15921#respond\"]}]},{\"@type\":\"WebPage\",\"@id\":\"https:\\\/\\\/reveil-info.net\\\/?p=15921\",\"url\":\"https:\\\/\\\/reveil-info.net\\\/?p=15921\",\"name\":\"Espace AES: le Pr\u00e9sident du Faso a son passeport biom\u00e9trique en main - R\u00e9veil Info\",\"isPartOf\":{\"@id\":\"https:\\\/\\\/reveil-info.net\\\/#website\"},\"primaryImageOfPage\":{\"@id\":\"https:\\\/\\\/reveil-info.net\\\/?p=15921#primaryimage\"},\"image\":{\"@id\":\"https:\\\/\\\/reveil-info.net\\\/?p=15921#primaryimage\"},\"thumbnailUrl\":\"https:\\\/\\\/reveil-info.net\\\/wp-content\\\/uploads\\\/2025\\\/01\\\/FB_IMG_17381828132957373.jpg\",\"datePublished\":\"2025-01-29T20:40:08+00:00\",\"dateModified\":\"2025-01-30T08:25:09+00:00\",\"breadcrumb\":{\"@id\":\"https:\\\/\\\/reveil-info.net\\\/?p=15921#breadcrumb\"},\"inLanguage\":\"fr-FR\",\"potentialAction\":[{\"@type\":\"ReadAction\",\"target\":[\"https:\\\/\\\/reveil-info.net\\\/?p=15921\"]}]},{\"@type\":\"ImageObject\",\"inLanguage\":\"fr-FR\",\"@id\":\"https:\\\/\\\/reveil-info.net\\\/?p=15921#primaryimage\",\"url\":\"https:\\\/\\\/reveil-info.net\\\/wp-content\\\/uploads\\\/2025\\\/01\\\/FB_IMG_17381828132957373.jpg\",\"contentUrl\":\"https:\\\/\\\/reveil-info.net\\\/wp-content\\\/uploads\\\/2025\\\/01\\\/FB_IMG_17381828132957373.jpg\",\"width\":720,\"height\":489},{\"@type\":\"BreadcrumbList\",\"@id\":\"https:\\\/\\\/reveil-info.net\\\/?p=15921#breadcrumb\",\"itemListElement\":[{\"@type\":\"ListItem\",\"position\":1,\"name\":\"Home\",\"item\":\"https:\\\/\\\/reveil-info.net\\\/\"},{\"@type\":\"ListItem\",\"position\":2,\"name\":\"Espace AES: le Pr\u00e9sident du Faso a son passeport biom\u00e9trique en main\"}]},{\"@type\":\"WebSite\",\"@id\":\"https:\\\/\\\/reveil-info.net\\\/#website\",\"url\":\"https:\\\/\\\/reveil-info.net\\\/\",\"name\":\"R\u00e9veil Info\",\"description\":\"Le devoir d&#039;informer!\",\"publisher\":{\"@id\":\"https:\\\/\\\/reveil-info.net\\\/#organization\"},\"potentialAction\":[{\"@type\":\"SearchAction\",\"target\":{\"@type\":\"EntryPoint\",\"urlTemplate\":\"https:\\\/\\\/reveil-info.net\\\/?s={search_term_string}\"},\"query-input\":{\"@type\":\"PropertyValueSpecification\",\"valueRequired\":true,\"valueName\":\"search_term_string\"}}],\"inLanguage\":\"fr-FR\"},{\"@type\":\"Organization\",\"@id\":\"https:\\\/\\\/reveil-info.net\\\/#organization\",\"name\":\"R\u00e9veil Info\",\"url\":\"https:\\\/\\\/reveil-info.net\\\/\",\"logo\":{\"@type\":\"ImageObject\",\"inLanguage\":\"fr-FR\",\"@id\":\"https:\\\/\\\/reveil-info.net\\\/#\\\/schema\\\/logo\\\/image\\\/\",\"url\":\"https:\\\/\\\/reveil-info.net\\\/wp-content\\\/uploads\\\/2024\\\/07\\\/bnddd1.jpg\",\"contentUrl\":\"https:\\\/\\\/reveil-info.net\\\/wp-content\\\/uploads\\\/2024\\\/07\\\/bnddd1.jpg\",\"width\":903,\"height\":125,\"caption\":\"R\u00e9veil Info\"},\"image\":{\"@id\":\"https:\\\/\\\/reveil-info.net\\\/#\\\/schema\\\/logo\\\/image\\\/\"}},{\"@type\":\"Person\",\"@id\":\"https:\\\/\\\/reveil-info.net\\\/#\\\/schema\\\/person\\\/ca0cc8e70088e0a2b5e92556c1ee60f5\",\"name\":\"R\u00e9veil info\",\"image\":{\"@type\":\"ImageObject\",\"inLanguage\":\"fr-FR\",\"@id\":\"https:\\\/\\\/secure.gravatar.com\\\/avatar\\\/e4ad5bb743c8b6cb174d9df6c7d30a8a16f6889731241345fc6444e6485f02af?s=96&d=mm&r=g\",\"url\":\"https:\\\/\\\/secure.gravatar.com\\\/avatar\\\/e4ad5bb743c8b6cb174d9df6c7d30a8a16f6889731241345fc6444e6485f02af?s=96&d=mm&r=g\",\"contentUrl\":\"https:\\\/\\\/secure.gravatar.com\\\/avatar\\\/e4ad5bb743c8b6cb174d9df6c7d30a8a16f6889731241345fc6444e6485f02af?s=96&d=mm&r=g\",\"caption\":\"R\u00e9veil info\"},\"sameAs\":[\"https:\\\/\\\/reveil-info.net\"],\"url\":\"https:\\\/\\\/reveil-info.net\\\/?author=1\"}]}<\/script>\n<!-- \/ Yoast SEO plugin. -->","yoast_head_json":{"title":"Espace AES: le Pr\u00e9sident du Faso a son passeport biom\u00e9trique en main - R\u00e9veil Info","robots":{"index":"noindex","follow":"follow","max-snippet":"max-snippet:-1","max-image-preview":"max-image-preview:large","max-video-preview":"max-video-preview:-1"},"og_locale":"fr_FR","og_type":"article","og_title":"Espace AES: le Pr\u00e9sident du Faso a son passeport biom\u00e9trique en main - R\u00e9veil Info","og_description":"Espace AES : le Pr\u00e9sident du Faso tient son passeport biom\u00e9trique (Ouagadougou, 29 janvier 2025).","og_url":"https:\/\/reveil-info.net\/?p=15921","og_site_name":"R\u00e9veil Info","article_published_time":"2025-01-29T20:40:08+00:00","article_modified_time":"2025-01-30T08:25:09+00:00","og_image":[{"width":720,"height":489,"url":"https:\/\/reveil-info.net\/wp-content\/uploads\/2025\/01\/FB_IMG_17381828132957373.jpg","type":"image\/jpeg"}],"author":"R\u00e9veil info","twitter_card":"summary_large_image","twitter_misc":{"\u00c9crit par":"R\u00e9veil info","Dur\u00e9e de lecture estim\u00e9e":"2 minutes"},"schema":{"@context":"https:\/\/schema.org","@graph":[{"@type":"Article","@id":"https:\/\/reveil-info.net\/?p=15921#article","isPartOf":{"@id":"https:\/\/reveil-info.net\/?p=15921"},"author":{"name":"R\u00e9veil info","@id":"https:\/\/reveil-info.net\/#\/schema\/person\/ca0cc8e70088e0a2b5e92556c1ee60f5"},"headline":"Espace AES: le Pr\u00e9sident du Faso a son passeport biom\u00e9trique en main","datePublished":"2025-01-29T20:40:08+00:00","dateModified":"2025-01-30T08:25:09+00:00","mainEntityOfPage":{"@id":"https:\/\/reveil-info.net\/?p=15921"},"wordCount":201,"commentCount":0,"publisher":{"@id":"https:\/\/reveil-info.net\/#organization"},"image":{"@id":"https:\/\/reveil-info.net\/?p=15921#primaryimage"},"thumbnailUrl":"https:\/\/reveil-info.net\/wp-content\/uploads\/2025\/01\/FB_IMG_17381828132957373.jpg","articleSection":["A la une"],"inLanguage":"fr-FR","potentialAction":[{"@type":"CommentAction","name":"Comment","target":["https:\/\/reveil-info.net\/?p=15921#respond"]}]},{"@type":"WebPage","@id":"https:\/\/reveil-info.net\/?p=15921","url":"https:\/\/reveil-info.net\/?p=15921","name":"Espace AES: le Pr\u00e9sident du Faso a son passeport biom\u00e9trique en main - R\u00e9veil Info","isPartOf":{"@id":"https:\/\/reveil-info.net\/#website"},"primaryImageOfPage":{"@id":"https:\/\/reveil-info.net\/?p=15921#primaryimage"},"image":{"@id":"https:\/\/reveil-info.net\/?p=15921#primaryimage"},"thumbnailUrl":"https:\/\/reveil-info.net\/wp-content\/uploads\/2025\/01\/FB_IMG_17381828132957373.jpg","datePublished":"2025-01-29T20:40:08+00:00","dateModified":"2025-01-30T08:25:09+00:00","breadcrumb":{"@id":"https:\/\/reveil-info.net\/?p=15921#breadcrumb"},"inLanguage":"fr-FR","potentialAction":[{"@type":"ReadAction","target":["https:\/\/reveil-info.net\/?p=15921"]}]},{"@type":"ImageObject","inLanguage":"fr-FR","@id":"https:\/\/reveil-info.net\/?p=15921#primaryimage","url":"https:\/\/reveil-info.net\/wp-content\/uploads\/2025\/01\/FB_IMG_17381828132957373.jpg","contentUrl":"https:\/\/reveil-info.net\/wp-content\/uploads\/2025\/01\/FB_IMG_17381828132957373.jpg","width":720,"height":489},{"@type":"BreadcrumbList","@id":"https:\/\/reveil-info.net\/?p=15921#breadcrumb","itemListElement":[{"@type":"ListItem","position":1,"name":"Home","item":"https:\/\/reveil-info.net\/"},{"@type":"ListItem","position":2,"name":"Espace AES: le Pr\u00e9sident du Faso a son passeport biom\u00e9trique en main"}]},{"@type":"WebSite","@id":"https:\/\/reveil-info.net\/#website","url":"https:\/\/reveil-info.net\/","name":"R\u00e9veil Info","description":"Le devoir d&#039;informer!","publisher":{"@id":"https:\/\/reveil-info.net\/#organization"},"potentialAction":[{"@type":"SearchAction","target":{"@type":"EntryPoint","urlTemplate":"https:\/\/reveil-info.net\/?s={search_term_string}"},"query-input":{"@type":"PropertyValueSpecification","valueRequired":true,"valueName":"search_term_string"}}],"inLanguage":"fr-FR"},{"@type":"Organization","@id":"https:\/\/reveil-info.net\/#organization","name":"R\u00e9veil Info","url":"https:\/\/reveil-info.net\/","logo":{"@type":"ImageObject","inLanguage":"fr-FR","@id":"https:\/\/reveil-info.net\/#\/schema\/logo\/image\/","url":"https:\/\/reveil-info.net\/wp-content\/uploads\/2024\/07\/bnddd1.jpg","contentUrl":"https:\/\/reveil-info.net\/wp-content\/uploads\/2024\/07\/bnddd1.jpg","width":903,"height":125,"caption":"R\u00e9veil Info"},"image":{"@id":"https:\/\/reveil-info.net\/#\/schema\/logo\/image\/"}},{"@type":"Person","@id":"https:\/\/reveil-info.net\/#\/schema\/person\/ca0cc8e70088e0a2b5e92556c1ee60f5","name":"R\u00e9veil info","image":{"@type":"ImageObject","inLanguage":"fr-FR","@id":"https:\/\/secure.gravatar.com\/avatar\/e4ad5bb743c8b6cb174d9df6c7d30a8a16f6889731241345fc6444e6485f02af?s=96&d=mm&r=g","url":"https:\/\/secure.gravatar.com\/avatar\/e4ad5bb743c8b6cb174d9df6c7d30a8a16f6889731241345fc6444e6485f02af?s=96&d=mm&r=g","contentUrl":"https:\/\/secure.gravatar.com\/avatar\/e4ad5bb743c8b6cb174d9df6c7d30a8a16f6889731241345fc6444e6485f02af?s=96&d=mm&r=g","caption":"R\u00e9veil info"},"sameAs":["https:\/\/reveil-info.net"],"url":"https:\/\/reveil-info.net\/?author=1"}]}},"jetpack_featured_media_url":"https:\/\/reveil-info.net\/wp-content\/uploads\/2025\/01\/FB_IMG_17381828132957373.jpg","featured_image_urls":{"full":["https:\/\/reveil-info.net\/wp-content\/uploads\/2025\/01\/FB_IMG_17381828132957373.jpg",720,489,false],"thumbnail":["https:\/\/reveil-info.net\/wp-content\/uploads\/2025\/01\/FB_IMG_17381828132957373-150x150.jpg",150,150,true],"medium":["https:\/\/reveil-info.net\/wp-content\/uploads\/2025\/01\/FB_IMG_17381828132957373-300x204.jpg",300,204,true],"medium_large":["https:\/\/reveil-info.net\/wp-content\/uploads\/2025\/01\/FB_IMG_17381828132957373.jpg",640,435,false],"large":["https:\/\/reveil-info.net\/wp-content\/uploads\/2025\/01\/FB_IMG_17381828132957373.jpg",640,435,false],"1536x1536":["https:\/\/reveil-info.net\/wp-content\/uploads\/2025\/01\/FB_IMG_17381828132957373.jpg",720,489,false],"2048x2048":["https:\/\/reveil-info.net\/wp-content\/uploads\/2025\/01\/FB_IMG_17381828132957373.jpg",720,489,false],"chromenews-featured":["https:\/\/reveil-info.net\/wp-content\/uploads\/2025\/01\/FB_IMG_17381828132957373.jpg",720,489,false],"chromenews-large":["https:\/\/reveil-info.net\/wp-content\/uploads\/2025\/01\/FB_IMG_17381828132957373.jpg",720,489,false],"chromenews-medium":["https:\/\/reveil-info.net\/wp-content\/uploads\/2025\/01\/FB_IMG_17381828132957373-590x410.jpg",590,410,true]},"author_info":{"display_name":"R\u00e9veil info","author_link":"https:\/\/reveil-info.net\/?author=1"},"category_info":"<a href=\"https:\/\/reveil-info.net\/?cat=39\" rel=\"category\">A la une<\/a>","tag_info":"A la une","comment_count":"0","_links":{"self":[{"href":"https:\/\/reveil-info.net\/index.php?rest_route=\/wp\/v2\/posts\/15921","targetHints":{"allow":["GET"]}}],"collection":[{"href":"https:\/\/reveil-info.net\/index.php?rest_route=\/wp\/v2\/posts"}],"about":[{"href":"https:\/\/reveil-info.net\/index.php?rest_route=\/wp\/v2\/types\/post"}],"author":[{"embeddable":true,"href":"https:\/\/reveil-info.net\/index.php?rest_route=\/wp\/v2\/users\/1"}],"replies":[{"embeddable":true,"href":"https:\/\/reveil-info.net\/index.php?rest_route=%2Fwp%2Fv2%2Fcomments&post=15921"}],"version-history":[{"count":6,"href":"https:\/\/reveil-info.net\/index.php?rest_route=\/wp\/v2\/posts\/15921\/revisions"}],"predecessor-version":[{"id":15932,"href":"https:\/\/reveil-info.net\/index.php?rest_route=\/wp\/v2\/posts\/15921\/revisions\/15932"}],"wp:featuredmedia":[{"embeddable":true,"href":"https:\/\/reveil-info.net\/index.php?rest_route=\/wp\/v2\/media\/15925"}],"wp:attachment":[{"href":"https:\/\/reveil-info.net\/index.php?rest_route=%2Fwp%2Fv2%2Fmedia&parent=15921"}],"wp:term":[{"taxonomy":"category","embeddable":true,"href":"https:\/\/reveil-info.net\/index.php?rest_route=%2Fwp%2Fv2%2Fcategories&post=15921"},{"taxonomy":"post_tag","embeddable":true,"href":"https:\/\/reveil-info.net\/index.php?rest_route=%2Fwp%2Fv2%2Ftags&post=15921"}],"curies":[{"name":"wp","href":"https:\/\/api.w.org\/{rel}","templated":true}]}}