{"id":14811,"date":"2025-01-13T12:45:02","date_gmt":"2025-01-13T12:45:02","guid":{"rendered":"https:\/\/reveil-info.net\/?p=14811"},"modified":"2025-01-13T12:49:07","modified_gmt":"2025-01-13T12:49:07","slug":"carnet-du-baladeur-elle-bastonne-son-enfant-pour-avoir-parle-sa-langue-maternelle-dans-le-maquis","status":"publish","type":"post","link":"https:\/\/reveil-info.net\/?p=14811","title":{"rendered":"Carnet du Baladeur  : Elle bastonne son enfant pour avoir parl\u00e9 sa langue maternelle dans le maquis"},"content":{"rendered":"<p style=\"text-align: justify;\"><strong>Saaba:\u00a0 Elle bastonne son enfant pour avoir parl\u00e9 sa langue maternelle dans le maquis<\/strong><\/p>\n<p style=\"text-align: justify;\">Le week-end \u00e9coul\u00e9, le Baladeur a \u00e9t\u00e9 sid\u00e9r\u00e9 par une sc\u00e8ne dans un Maquis \u00e0 Saaba. Apr\u00e8s une journ\u00e9e bien charg\u00e9e, le baladeur d\u00e9cide de faire un tour dans un maquis pour <em>se rafra\u00eechir<\/em>.\u00a0 Comme un bon CDR, il est se trouve une <em>table strat\u00e9gique<\/em> d\u2019observation juste derri\u00e8re une dame respectable et son enfant d\u2019\u00e0 peine 5 ans. Quelques minutes apr\u00e8s, l\u2019enfant en question avait un besoin pressant et le fait savoir en langue maternelle \u00e0 sa m\u00e8re. Le pauvre n\u2019a m\u00eame fini de parler qu\u2019une gifle surprise le fait tomber. <em>\u00ab\u00a0je t\u2019ai pas dis en venant de ne pas parler le \u00ab\u00a0moor\u00e9\u00a0\u00bb<\/em> . on dit quoi en Fran\u00e7ais questionne la m\u00e8re \u00e0 son enfant. <em>\u00ab\u00a0maman je veux pisser\u00a0\u00bb,<\/em> r\u00e9pond le petit en larmes. Pour une des rares fois, le Baladeur a s\u00fb maitriser \u00ab sa langue fourchue \u00bb qui malgr\u00e9 tout avait envie de dire <em>\u00ab\u00a0deux mots\u00a0\u00bb<\/em> \u00e0 cette dame qui n\u2019a encore rien compris. Comme quoi, les mauvaises habitudes ont la peau dure.<\/p>\n<p style=\"text-align: justify;\"><strong>Affaire Alino Faso\u00a0: \u00a0Qui a enlev\u00e9 Alino Faso \u00e0 Abidjan <\/strong><\/p>\n<p style=\"text-align: justify;\">Tout est parti d\u2019un message publi\u00e9 par son \u00e9pouse sur sa page facebook le 11 janvier dernier. Le message en question\u00a0: <em>\u00ab\u00a0Bonsoir famille facebook&#8230;.depuis hier vendredi matin, je n&rsquo;ai plus de nouvelles de mon mari Traor\u00e9 Alain commun\u00e9ment appel\u00e9 <a href=\"https:\/\/www.facebook.com\/alino.faso?__cft__%5b0%5d=AZVk8k8ByVKxynoIXfdZ6S_-eI2KBv7yBmCf90PbuCHOjfj2y2QzURTAUNuUtMcnh8MKz7gbPx_Bl3yRyAjjqwZM7BEoABhjv7RZfwK9Gqr0M7falTUocHXbcqlAbA1-DexZFcM5r9yoObn_0PSKCWzBd5m6XOOsipA3tTuUrQnwiJPenJrikGYJIfePkUMrnsc&amp;__tn__=-%5dK-y-R\">Alino Faso<\/a> .Aux derni\u00e8res nouvelles il aurait \u00e9t\u00e9 enlev\u00e9 par un groupe de personnes non identifi\u00e9es \u00e0 Abidjan C\u00f4te d&rsquo;ivoire. Aidez moi svp\u201d.<\/em> Selon donc l\u2019\u00e9pouse de Alino Faso, son mari aurait \u00e9t\u00e9 enlev\u00e9 par un groupe de personnes non identifi\u00e9es. Depuis lors comme une train\u00e9e de poudre, la nouvelle a enflamm\u00e9 la toile. Les messages de soutiens viennent de partout, les questions aussi. Qui a enlev\u00e9 Alino Faso et pourquoi? En attendant peut-\u00eatre des r\u00e9actions officielles au niveau national ou au niveau d\u2019Abidjan, o\u00f9 il aurait \u00e9t\u00e9 enlev\u00e9, le Baladeur souhaite un d\u00e9nouement heureux de cette affaire. Il faut noter que le Alino Faso m\u00e8ne ses activit\u00e9s \u00e0 Ouagadougou et \u00e0 Abidjan.<\/p>\n<p style=\"text-align: justify;\"><strong>Voiries de\u00a0 Yagma et Nagrin : Bravo au MID !<\/strong><\/p>\n<p style=\"text-align: justify;\">Le Baladeur a applaudi \u00e0 tout rompre en apprenant que le minist\u00e8re des infrastructures (MID) a frapp\u00e9 fort <em>\u201cFace \u00e0 la lenteur et \u00e0 l\u2019inefficacit\u00e9 constat\u00e9es dans les travaux de bitumage des voiries de Yagma et Nagrin, le minist\u00e8re des Infrastructures a pris une d\u00e9cision forte. Les contrats des entreprises concern\u00e9es ont \u00e9t\u00e9 r\u00e9sili\u00e9s pour \u00eatre r\u00e9attribu\u00e9s \u00e0 des structures plus performantes<\/em>\u201d Selon les services de communication du MID, <em>\u201cEn visite \u00e0 Rimki\u00e8ta ce 8 janvier 2025, Moumouni IlBOUDO a annonc\u00e9 la r\u00e9siliation des march\u00e9s de bitumage des voiries de Yagma et Nagrin, marqu\u00e9s par des contre-performances. \u00ab Apr\u00e8s plusieurs mises en demeure et interpellations, nous avons \u00e9t\u00e9 instruits de r\u00e9silier les contrats pour confier les travaux \u00e0 des entreprises capables d\u2019ex\u00e9cuter les t\u00e2ches dans les d\u00e9lais impartis \u00bb, a d\u00e9clar\u00e9 M. Ilboudo.Cette d\u00e9cision s\u2019inscrit dans une dynamique de rigueur amorc\u00e9e en 2024, ann\u00e9e au cours de laquelle 21 autres march\u00e9s routiers avaient d\u00e9j\u00e0 \u00e9t\u00e9 r\u00e9sili\u00e9s pour des r\u00e9sultats jug\u00e9s insuffisants. Le directeur g\u00e9n\u00e9ral des infrastructures a pr\u00e9cis\u00e9 que les mesures sont prises pour une r\u00e9attribution dans les meilleurs d\u00e9lais, afin de garantir la reprise rapide des travaux sur les axes concern\u00e9s.\u201d <\/em>Un acte salutaire \u00e0 encourager sur tous les chantiers o\u00f9 certaines entreprises se croient intouchables avec pour cons\u00e9quences, des chantiers b\u00e2cl\u00e9s en ignorant tous les risques que cela comporte.<\/p>\n","protected":false},"excerpt":{"rendered":"<p>Saaba:\u00a0 Elle bastonne son enfant pour avoir parl\u00e9 sa langue maternelle dans le maquis Le<\/p>\n","protected":false},"author":1,"featured_media":14814,"comment_status":"open","ping_status":"open","sticky":false,"template":"","format":"standard","meta":{"footnotes":""},"categories":[37],"tags":[],"class_list":["post-14811","post","type-post","status-publish","format-standard","has-post-thumbnail","hentry","category-le-baladeur"],"yoast_head":"<!-- This site is optimized with the Yoast SEO plugin v27.5 - https:\/\/yoast.com\/product\/yoast-seo-wordpress\/ -->\n<title>Carnet du Baladeur : Elle bastonne son enfant pour avoir parl\u00e9 sa langue maternelle dans le maquis - R\u00e9veil Info<\/title>\n<meta name=\"robots\" content=\"noindex, follow, max-snippet:-1, max-image-preview:large, max-video-preview:-1\" \/>\n<meta property=\"og:locale\" content=\"fr_FR\" \/>\n<meta property=\"og:type\" content=\"article\" \/>\n<meta property=\"og:title\" content=\"Carnet du Baladeur : Elle bastonne son enfant pour avoir parl\u00e9 sa langue maternelle dans le maquis - R\u00e9veil Info\" \/>\n<meta property=\"og:description\" content=\"Saaba:\u00a0 Elle bastonne son enfant pour avoir parl\u00e9 sa langue maternelle dans le maquis Le\" \/>\n<meta property=\"og:url\" content=\"https:\/\/reveil-info.net\/?p=14811\" \/>\n<meta property=\"og:site_name\" content=\"R\u00e9veil Info\" \/>\n<meta property=\"article:published_time\" content=\"2025-01-13T12:45:02+00:00\" \/>\n<meta property=\"article:modified_time\" content=\"2025-01-13T12:49:07+00:00\" \/>\n<meta property=\"og:image\" content=\"https:\/\/reveil-info.net\/wp-content\/uploads\/2025\/01\/BALADEUR.jpg\" \/>\n\t<meta property=\"og:image:width\" content=\"295\" \/>\n\t<meta property=\"og:image:height\" content=\"227\" \/>\n\t<meta property=\"og:image:type\" content=\"image\/jpeg\" \/>\n<meta name=\"author\" content=\"R\u00e9veil info\" \/>\n<meta name=\"twitter:card\" content=\"summary_large_image\" \/>\n<meta name=\"twitter:label1\" content=\"\u00c9crit par\" \/>\n\t<meta name=\"twitter:data1\" content=\"R\u00e9veil info\" \/>\n\t<meta name=\"twitter:label2\" content=\"Dur\u00e9e de lecture estim\u00e9e\" \/>\n\t<meta name=\"twitter:data2\" content=\"4 minutes\" \/>\n<script type=\"application\/ld+json\" class=\"yoast-schema-graph\">{\"@context\":\"https:\\\/\\\/schema.org\",\"@graph\":[{\"@type\":\"Article\",\"@id\":\"https:\\\/\\\/reveil-info.net\\\/?p=14811#article\",\"isPartOf\":{\"@id\":\"https:\\\/\\\/reveil-info.net\\\/?p=14811\"},\"author\":{\"name\":\"R\u00e9veil info\",\"@id\":\"https:\\\/\\\/reveil-info.net\\\/#\\\/schema\\\/person\\\/ca0cc8e70088e0a2b5e92556c1ee60f5\"},\"headline\":\"Carnet du Baladeur : Elle bastonne son enfant pour avoir parl\u00e9 sa langue maternelle dans le maquis\",\"datePublished\":\"2025-01-13T12:45:02+00:00\",\"dateModified\":\"2025-01-13T12:49:07+00:00\",\"mainEntityOfPage\":{\"@id\":\"https:\\\/\\\/reveil-info.net\\\/?p=14811\"},\"wordCount\":639,\"commentCount\":0,\"publisher\":{\"@id\":\"https:\\\/\\\/reveil-info.net\\\/#organization\"},\"image\":{\"@id\":\"https:\\\/\\\/reveil-info.net\\\/?p=14811#primaryimage\"},\"thumbnailUrl\":\"https:\\\/\\\/reveil-info.net\\\/wp-content\\\/uploads\\\/2025\\\/01\\\/BALADEUR.jpg\",\"articleSection\":[\"Le Baladeur\"],\"inLanguage\":\"fr-FR\",\"potentialAction\":[{\"@type\":\"CommentAction\",\"name\":\"Comment\",\"target\":[\"https:\\\/\\\/reveil-info.net\\\/?p=14811#respond\"]}]},{\"@type\":\"WebPage\",\"@id\":\"https:\\\/\\\/reveil-info.net\\\/?p=14811\",\"url\":\"https:\\\/\\\/reveil-info.net\\\/?p=14811\",\"name\":\"Carnet du Baladeur : Elle bastonne son enfant pour avoir parl\u00e9 sa langue maternelle dans le maquis - R\u00e9veil Info\",\"isPartOf\":{\"@id\":\"https:\\\/\\\/reveil-info.net\\\/#website\"},\"primaryImageOfPage\":{\"@id\":\"https:\\\/\\\/reveil-info.net\\\/?p=14811#primaryimage\"},\"image\":{\"@id\":\"https:\\\/\\\/reveil-info.net\\\/?p=14811#primaryimage\"},\"thumbnailUrl\":\"https:\\\/\\\/reveil-info.net\\\/wp-content\\\/uploads\\\/2025\\\/01\\\/BALADEUR.jpg\",\"datePublished\":\"2025-01-13T12:45:02+00:00\",\"dateModified\":\"2025-01-13T12:49:07+00:00\",\"breadcrumb\":{\"@id\":\"https:\\\/\\\/reveil-info.net\\\/?p=14811#breadcrumb\"},\"inLanguage\":\"fr-FR\",\"potentialAction\":[{\"@type\":\"ReadAction\",\"target\":[\"https:\\\/\\\/reveil-info.net\\\/?p=14811\"]}]},{\"@type\":\"ImageObject\",\"inLanguage\":\"fr-FR\",\"@id\":\"https:\\\/\\\/reveil-info.net\\\/?p=14811#primaryimage\",\"url\":\"https:\\\/\\\/reveil-info.net\\\/wp-content\\\/uploads\\\/2025\\\/01\\\/BALADEUR.jpg\",\"contentUrl\":\"https:\\\/\\\/reveil-info.net\\\/wp-content\\\/uploads\\\/2025\\\/01\\\/BALADEUR.jpg\",\"width\":295,\"height\":227},{\"@type\":\"BreadcrumbList\",\"@id\":\"https:\\\/\\\/reveil-info.net\\\/?p=14811#breadcrumb\",\"itemListElement\":[{\"@type\":\"ListItem\",\"position\":1,\"name\":\"Home\",\"item\":\"https:\\\/\\\/reveil-info.net\\\/\"},{\"@type\":\"ListItem\",\"position\":2,\"name\":\"Carnet du Baladeur : Elle bastonne son enfant pour avoir parl\u00e9 sa langue maternelle dans le maquis\"}]},{\"@type\":\"WebSite\",\"@id\":\"https:\\\/\\\/reveil-info.net\\\/#website\",\"url\":\"https:\\\/\\\/reveil-info.net\\\/\",\"name\":\"R\u00e9veil Info\",\"description\":\"Le devoir d&#039;informer!\",\"publisher\":{\"@id\":\"https:\\\/\\\/reveil-info.net\\\/#organization\"},\"potentialAction\":[{\"@type\":\"SearchAction\",\"target\":{\"@type\":\"EntryPoint\",\"urlTemplate\":\"https:\\\/\\\/reveil-info.net\\\/?s={search_term_string}\"},\"query-input\":{\"@type\":\"PropertyValueSpecification\",\"valueRequired\":true,\"valueName\":\"search_term_string\"}}],\"inLanguage\":\"fr-FR\"},{\"@type\":\"Organization\",\"@id\":\"https:\\\/\\\/reveil-info.net\\\/#organization\",\"name\":\"R\u00e9veil Info\",\"url\":\"https:\\\/\\\/reveil-info.net\\\/\",\"logo\":{\"@type\":\"ImageObject\",\"inLanguage\":\"fr-FR\",\"@id\":\"https:\\\/\\\/reveil-info.net\\\/#\\\/schema\\\/logo\\\/image\\\/\",\"url\":\"https:\\\/\\\/reveil-info.net\\\/wp-content\\\/uploads\\\/2024\\\/07\\\/bnddd1.jpg\",\"contentUrl\":\"https:\\\/\\\/reveil-info.net\\\/wp-content\\\/uploads\\\/2024\\\/07\\\/bnddd1.jpg\",\"width\":903,\"height\":125,\"caption\":\"R\u00e9veil Info\"},\"image\":{\"@id\":\"https:\\\/\\\/reveil-info.net\\\/#\\\/schema\\\/logo\\\/image\\\/\"}},{\"@type\":\"Person\",\"@id\":\"https:\\\/\\\/reveil-info.net\\\/#\\\/schema\\\/person\\\/ca0cc8e70088e0a2b5e92556c1ee60f5\",\"name\":\"R\u00e9veil info\",\"image\":{\"@type\":\"ImageObject\",\"inLanguage\":\"fr-FR\",\"@id\":\"https:\\\/\\\/secure.gravatar.com\\\/avatar\\\/e4ad5bb743c8b6cb174d9df6c7d30a8a16f6889731241345fc6444e6485f02af?s=96&d=mm&r=g\",\"url\":\"https:\\\/\\\/secure.gravatar.com\\\/avatar\\\/e4ad5bb743c8b6cb174d9df6c7d30a8a16f6889731241345fc6444e6485f02af?s=96&d=mm&r=g\",\"contentUrl\":\"https:\\\/\\\/secure.gravatar.com\\\/avatar\\\/e4ad5bb743c8b6cb174d9df6c7d30a8a16f6889731241345fc6444e6485f02af?s=96&d=mm&r=g\",\"caption\":\"R\u00e9veil info\"},\"sameAs\":[\"https:\\\/\\\/reveil-info.net\"],\"url\":\"https:\\\/\\\/reveil-info.net\\\/?author=1\"}]}<\/script>\n<!-- \/ Yoast SEO plugin. -->","yoast_head_json":{"title":"Carnet du Baladeur : Elle bastonne son enfant pour avoir parl\u00e9 sa langue maternelle dans le maquis - R\u00e9veil Info","robots":{"index":"noindex","follow":"follow","max-snippet":"max-snippet:-1","max-image-preview":"max-image-preview:large","max-video-preview":"max-video-preview:-1"},"og_locale":"fr_FR","og_type":"article","og_title":"Carnet du Baladeur : Elle bastonne son enfant pour avoir parl\u00e9 sa langue maternelle dans le maquis - R\u00e9veil Info","og_description":"Saaba:\u00a0 Elle bastonne son enfant pour avoir parl\u00e9 sa langue maternelle dans le maquis Le","og_url":"https:\/\/reveil-info.net\/?p=14811","og_site_name":"R\u00e9veil Info","article_published_time":"2025-01-13T12:45:02+00:00","article_modified_time":"2025-01-13T12:49:07+00:00","og_image":[{"width":295,"height":227,"url":"https:\/\/reveil-info.net\/wp-content\/uploads\/2025\/01\/BALADEUR.jpg","type":"image\/jpeg"}],"author":"R\u00e9veil info","twitter_card":"summary_large_image","twitter_misc":{"\u00c9crit par":"R\u00e9veil info","Dur\u00e9e de lecture estim\u00e9e":"4 minutes"},"schema":{"@context":"https:\/\/schema.org","@graph":[{"@type":"Article","@id":"https:\/\/reveil-info.net\/?p=14811#article","isPartOf":{"@id":"https:\/\/reveil-info.net\/?p=14811"},"author":{"name":"R\u00e9veil info","@id":"https:\/\/reveil-info.net\/#\/schema\/person\/ca0cc8e70088e0a2b5e92556c1ee60f5"},"headline":"Carnet du Baladeur : Elle bastonne son enfant pour avoir parl\u00e9 sa langue maternelle dans le maquis","datePublished":"2025-01-13T12:45:02+00:00","dateModified":"2025-01-13T12:49:07+00:00","mainEntityOfPage":{"@id":"https:\/\/reveil-info.net\/?p=14811"},"wordCount":639,"commentCount":0,"publisher":{"@id":"https:\/\/reveil-info.net\/#organization"},"image":{"@id":"https:\/\/reveil-info.net\/?p=14811#primaryimage"},"thumbnailUrl":"https:\/\/reveil-info.net\/wp-content\/uploads\/2025\/01\/BALADEUR.jpg","articleSection":["Le Baladeur"],"inLanguage":"fr-FR","potentialAction":[{"@type":"CommentAction","name":"Comment","target":["https:\/\/reveil-info.net\/?p=14811#respond"]}]},{"@type":"WebPage","@id":"https:\/\/reveil-info.net\/?p=14811","url":"https:\/\/reveil-info.net\/?p=14811","name":"Carnet du Baladeur : Elle bastonne son enfant pour avoir parl\u00e9 sa langue maternelle dans le maquis - R\u00e9veil Info","isPartOf":{"@id":"https:\/\/reveil-info.net\/#website"},"primaryImageOfPage":{"@id":"https:\/\/reveil-info.net\/?p=14811#primaryimage"},"image":{"@id":"https:\/\/reveil-info.net\/?p=14811#primaryimage"},"thumbnailUrl":"https:\/\/reveil-info.net\/wp-content\/uploads\/2025\/01\/BALADEUR.jpg","datePublished":"2025-01-13T12:45:02+00:00","dateModified":"2025-01-13T12:49:07+00:00","breadcrumb":{"@id":"https:\/\/reveil-info.net\/?p=14811#breadcrumb"},"inLanguage":"fr-FR","potentialAction":[{"@type":"ReadAction","target":["https:\/\/reveil-info.net\/?p=14811"]}]},{"@type":"ImageObject","inLanguage":"fr-FR","@id":"https:\/\/reveil-info.net\/?p=14811#primaryimage","url":"https:\/\/reveil-info.net\/wp-content\/uploads\/2025\/01\/BALADEUR.jpg","contentUrl":"https:\/\/reveil-info.net\/wp-content\/uploads\/2025\/01\/BALADEUR.jpg","width":295,"height":227},{"@type":"BreadcrumbList","@id":"https:\/\/reveil-info.net\/?p=14811#breadcrumb","itemListElement":[{"@type":"ListItem","position":1,"name":"Home","item":"https:\/\/reveil-info.net\/"},{"@type":"ListItem","position":2,"name":"Carnet du Baladeur : Elle bastonne son enfant pour avoir parl\u00e9 sa langue maternelle dans le maquis"}]},{"@type":"WebSite","@id":"https:\/\/reveil-info.net\/#website","url":"https:\/\/reveil-info.net\/","name":"R\u00e9veil Info","description":"Le devoir d&#039;informer!","publisher":{"@id":"https:\/\/reveil-info.net\/#organization"},"potentialAction":[{"@type":"SearchAction","target":{"@type":"EntryPoint","urlTemplate":"https:\/\/reveil-info.net\/?s={search_term_string}"},"query-input":{"@type":"PropertyValueSpecification","valueRequired":true,"valueName":"search_term_string"}}],"inLanguage":"fr-FR"},{"@type":"Organization","@id":"https:\/\/reveil-info.net\/#organization","name":"R\u00e9veil Info","url":"https:\/\/reveil-info.net\/","logo":{"@type":"ImageObject","inLanguage":"fr-FR","@id":"https:\/\/reveil-info.net\/#\/schema\/logo\/image\/","url":"https:\/\/reveil-info.net\/wp-content\/uploads\/2024\/07\/bnddd1.jpg","contentUrl":"https:\/\/reveil-info.net\/wp-content\/uploads\/2024\/07\/bnddd1.jpg","width":903,"height":125,"caption":"R\u00e9veil Info"},"image":{"@id":"https:\/\/reveil-info.net\/#\/schema\/logo\/image\/"}},{"@type":"Person","@id":"https:\/\/reveil-info.net\/#\/schema\/person\/ca0cc8e70088e0a2b5e92556c1ee60f5","name":"R\u00e9veil info","image":{"@type":"ImageObject","inLanguage":"fr-FR","@id":"https:\/\/secure.gravatar.com\/avatar\/e4ad5bb743c8b6cb174d9df6c7d30a8a16f6889731241345fc6444e6485f02af?s=96&d=mm&r=g","url":"https:\/\/secure.gravatar.com\/avatar\/e4ad5bb743c8b6cb174d9df6c7d30a8a16f6889731241345fc6444e6485f02af?s=96&d=mm&r=g","contentUrl":"https:\/\/secure.gravatar.com\/avatar\/e4ad5bb743c8b6cb174d9df6c7d30a8a16f6889731241345fc6444e6485f02af?s=96&d=mm&r=g","caption":"R\u00e9veil info"},"sameAs":["https:\/\/reveil-info.net"],"url":"https:\/\/reveil-info.net\/?author=1"}]}},"jetpack_featured_media_url":"https:\/\/reveil-info.net\/wp-content\/uploads\/2025\/01\/BALADEUR.jpg","featured_image_urls":{"full":["https:\/\/reveil-info.net\/wp-content\/uploads\/2025\/01\/BALADEUR.jpg",295,227,false],"thumbnail":["https:\/\/reveil-info.net\/wp-content\/uploads\/2025\/01\/BALADEUR-150x150.jpg",150,150,true],"medium":["https:\/\/reveil-info.net\/wp-content\/uploads\/2025\/01\/BALADEUR.jpg",295,227,false],"medium_large":["https:\/\/reveil-info.net\/wp-content\/uploads\/2025\/01\/BALADEUR.jpg",295,227,false],"large":["https:\/\/reveil-info.net\/wp-content\/uploads\/2025\/01\/BALADEUR.jpg",295,227,false],"1536x1536":["https:\/\/reveil-info.net\/wp-content\/uploads\/2025\/01\/BALADEUR.jpg",295,227,false],"2048x2048":["https:\/\/reveil-info.net\/wp-content\/uploads\/2025\/01\/BALADEUR.jpg",295,227,false],"chromenews-featured":["https:\/\/reveil-info.net\/wp-content\/uploads\/2025\/01\/BALADEUR.jpg",295,227,false],"chromenews-large":["https:\/\/reveil-info.net\/wp-content\/uploads\/2025\/01\/BALADEUR.jpg",295,227,false],"chromenews-medium":["https:\/\/reveil-info.net\/wp-content\/uploads\/2025\/01\/BALADEUR.jpg",295,227,false]},"author_info":{"display_name":"R\u00e9veil info","author_link":"https:\/\/reveil-info.net\/?author=1"},"category_info":"<a href=\"https:\/\/reveil-info.net\/?cat=37\" rel=\"category\">Le Baladeur<\/a>","tag_info":"Le Baladeur","comment_count":"0","_links":{"self":[{"href":"https:\/\/reveil-info.net\/index.php?rest_route=\/wp\/v2\/posts\/14811","targetHints":{"allow":["GET"]}}],"collection":[{"href":"https:\/\/reveil-info.net\/index.php?rest_route=\/wp\/v2\/posts"}],"about":[{"href":"https:\/\/reveil-info.net\/index.php?rest_route=\/wp\/v2\/types\/post"}],"author":[{"embeddable":true,"href":"https:\/\/reveil-info.net\/index.php?rest_route=\/wp\/v2\/users\/1"}],"replies":[{"embeddable":true,"href":"https:\/\/reveil-info.net\/index.php?rest_route=%2Fwp%2Fv2%2Fcomments&post=14811"}],"version-history":[{"count":5,"href":"https:\/\/reveil-info.net\/index.php?rest_route=\/wp\/v2\/posts\/14811\/revisions"}],"predecessor-version":[{"id":14817,"href":"https:\/\/reveil-info.net\/index.php?rest_route=\/wp\/v2\/posts\/14811\/revisions\/14817"}],"wp:featuredmedia":[{"embeddable":true,"href":"https:\/\/reveil-info.net\/index.php?rest_route=\/wp\/v2\/media\/14814"}],"wp:attachment":[{"href":"https:\/\/reveil-info.net\/index.php?rest_route=%2Fwp%2Fv2%2Fmedia&parent=14811"}],"wp:term":[{"taxonomy":"category","embeddable":true,"href":"https:\/\/reveil-info.net\/index.php?rest_route=%2Fwp%2Fv2%2Fcategories&post=14811"},{"taxonomy":"post_tag","embeddable":true,"href":"https:\/\/reveil-info.net\/index.php?rest_route=%2Fwp%2Fv2%2Ftags&post=14811"}],"curies":[{"name":"wp","href":"https:\/\/api.w.org\/{rel}","templated":true}]}}