{"id":12206,"date":"2024-11-28T09:58:10","date_gmt":"2024-11-28T09:58:10","guid":{"rendered":"https:\/\/reveil-info.net\/?p=12206"},"modified":"2024-11-28T09:58:10","modified_gmt":"2024-11-28T09:58:10","slug":"plan-damenagement-communal-la-commune-de-ouagadougou-sinscrit-dans-une-dynamique-de-preservation-de-lenvironnement-et-lutte-contre-le-changement-climatique","status":"publish","type":"post","link":"https:\/\/reveil-info.net\/?p=12206","title":{"rendered":"Plan d&rsquo;am\u00e9nagement Communal: la commune de Ouagadougou s&rsquo;inscrit dans une dynamique de pr\u00e9servation de l&rsquo;Environnement et lutte contre le changement climatique."},"content":{"rendered":"<div class=\"xdj266r x11i5rnm xat24cr x1mh8g0r x1vvkbs x126k92a\">\n<div dir=\"auto\" style=\"text-align: justify;\"><\/div>\n<\/div>\n<div class=\"x11i5rnm xat24cr x1mh8g0r x1vvkbs xtlvy1s x126k92a\" style=\"text-align: justify;\">\n<div dir=\"auto\"><strong>Le Ministre de l&rsquo;Environnement de l&rsquo;Eau et de l&rsquo;Assainissement Roger BARO a re\u00e7u ce Mercredi 27 Novembre 2024 \u00e0 son Cabinet le pr\u00e9sident de la d\u00e9l\u00e9gation sp\u00e9ciale de Ouagadougou Maurice KONAT\u00c9. Accompagn\u00e9 de partenaires venus du Kenya le premier responsable de la ville de Ouagadougou est venu pr\u00e9senter un programme innovant d&rsquo;un plan d&rsquo;am\u00e9nagement urbain tenant compte de l&rsquo;environnement et du changement climatique pour la ville de Ouagadougou.<\/strong><\/div>\n<\/div>\n<div class=\"x11i5rnm xat24cr x1mh8g0r x1vvkbs xtlvy1s x126k92a\" style=\"text-align: justify;\">\n<div dir=\"auto\">Cet plan en \u00e9laboration en partenariat avec une ville du Kenya, vise \u00e0 tenir compte de l&rsquo;impact du Changement climatique sur les localit\u00e9s p\u00e9riph\u00e9riques de la ville de Ouagadougou.\u00a0\u00bb il y a des plans que nous allons adopter ensemble.Le Kenya et le Burkina Faso, ont des similitudes face aux d\u00e9fis li\u00e9s aux changements climatiques. La mise en \u0153uvre de ces plans permettra d&rsquo;att\u00e9nuer les effets des changements climatiques, surtout dans les zones p\u00e9riph\u00e9riques de nos villes, Parce que vous savez qu&rsquo;aujourd&rsquo;hui, de plus en plus, les effets des changements climatiques se font plus sentir sur ces zones comme partout ailleurs. Ce plan va apporter un nouveau souffle dans la lutte contre les effets des changements climatiques dans notre pays.<\/div>\n<\/div>\n<div class=\"x11i5rnm xat24cr x1mh8g0r x1vvkbs xtlvy1s x126k92a\" style=\"text-align: justify;\">\n<div dir=\"auto\">Cette rencontre se tient \u00e0 l&rsquo;issue d&rsquo;un atelier de deux jours dans le cadre d&rsquo;un projet obtenu par la commune de Ouagadougou suite \u00e0 un appel \u00e0 manifestation d&rsquo;int\u00e9r\u00eat lanc\u00e9 par Cit\u00e9s et Gouvernements Locaux Unis d&rsquo;Afrique (CGLUA) sur l&rsquo;\u00e9valuation des risques climatiques et de la vuln\u00e9rabilit\u00e9 men\u00e9e au niveau local dans les villes d&rsquo;Afrique. Cette initiative est d&rsquo;un int\u00e9r\u00eat capital pour le d\u00e9partement de Roger BARO de ce qu&rsquo;il servira d&rsquo;exemple pour les autres communes en mati\u00e8re d&rsquo;urbanisation et pr\u00e9servation de l&rsquo;environnement.\u00a0\u00bbLe minist\u00e8re de l&rsquo;Environnement, est notre tutelle en mati\u00e8re d&rsquo;environnement.Tout ce que nous faisons, c&rsquo;est le minist\u00e8re de l&rsquo;Environnement qui doit valider. Apr\u00e8s les deux jours d&rsquo;atelier, il \u00e9tait n\u00e9cessaire de venir le remercier pour tout son accompagnement. Nous avons vu comment il a accord\u00e9 beaucoup d&rsquo;int\u00e9r\u00eat \u00e0 tout ce qui s&rsquo;est pass\u00e9 et comment il compte aussi nous accompagner dans les jours \u00e0 venir pour que les choses soient bien agenc\u00e9es et que nous puissions avoir les r\u00e9sultats escompt\u00e9s \u00ab \u00e0 soulign\u00e9 Maurice KONAT\u00c9 pr\u00e9sident de la d\u00e9l\u00e9gation sp\u00e9ciale de la commune de Ouagadougou.<\/div>\n<\/div>\n<div class=\"x11i5rnm xat24cr x1mh8g0r x1vvkbs xtlvy1s x126k92a\">\n<div dir=\"auto\" style=\"text-align: justify;\">DCRP\/MEEA<\/div>\n<\/div>\n","protected":false},"excerpt":{"rendered":"<p>Le Ministre de l&rsquo;Environnement de l&rsquo;Eau et de l&rsquo;Assainissement Roger BARO a re\u00e7u ce Mercredi<\/p>\n","protected":false},"author":1,"featured_media":12209,"comment_status":"open","ping_status":"open","sticky":false,"template":"","format":"standard","meta":{"footnotes":""},"categories":[2],"tags":[],"class_list":["post-12206","post","type-post","status-publish","format-standard","has-post-thumbnail","hentry","category-actu"],"yoast_head":"<!-- This site is optimized with the Yoast SEO plugin v27.5 - https:\/\/yoast.com\/product\/yoast-seo-wordpress\/ -->\n<title>Plan d&#039;am\u00e9nagement Communal: la commune de Ouagadougou s&#039;inscrit dans une dynamique de pr\u00e9servation de l&#039;Environnement et lutte contre le changement climatique. - R\u00e9veil Info<\/title>\n<meta name=\"robots\" content=\"noindex, follow, max-snippet:-1, max-image-preview:large, max-video-preview:-1\" \/>\n<meta property=\"og:locale\" content=\"fr_FR\" \/>\n<meta property=\"og:type\" content=\"article\" \/>\n<meta property=\"og:title\" content=\"Plan d&#039;am\u00e9nagement Communal: la commune de Ouagadougou s&#039;inscrit dans une dynamique de pr\u00e9servation de l&#039;Environnement et lutte contre le changement climatique. - R\u00e9veil Info\" \/>\n<meta property=\"og:description\" content=\"Le Ministre de l&rsquo;Environnement de l&rsquo;Eau et de l&rsquo;Assainissement Roger BARO a re\u00e7u ce Mercredi\" \/>\n<meta property=\"og:url\" content=\"https:\/\/reveil-info.net\/?p=12206\" \/>\n<meta property=\"og:site_name\" content=\"R\u00e9veil Info\" \/>\n<meta property=\"article:published_time\" content=\"2024-11-28T09:58:10+00:00\" \/>\n<meta property=\"og:image\" content=\"https:\/\/reveil-info.net\/wp-content\/uploads\/2024\/11\/468335003_887157066933959_4844111190845714764_n.jpg\" \/>\n\t<meta property=\"og:image:width\" content=\"2048\" \/>\n\t<meta property=\"og:image:height\" content=\"1366\" \/>\n\t<meta property=\"og:image:type\" content=\"image\/jpeg\" \/>\n<meta name=\"author\" content=\"R\u00e9veil info\" \/>\n<meta name=\"twitter:card\" content=\"summary_large_image\" \/>\n<meta name=\"twitter:label1\" content=\"\u00c9crit par\" \/>\n\t<meta name=\"twitter:data1\" content=\"R\u00e9veil info\" \/>\n\t<meta name=\"twitter:label2\" content=\"Dur\u00e9e de lecture estim\u00e9e\" \/>\n\t<meta name=\"twitter:data2\" content=\"3 minutes\" \/>\n<script type=\"application\/ld+json\" class=\"yoast-schema-graph\">{\"@context\":\"https:\\\/\\\/schema.org\",\"@graph\":[{\"@type\":\"Article\",\"@id\":\"https:\\\/\\\/reveil-info.net\\\/?p=12206#article\",\"isPartOf\":{\"@id\":\"https:\\\/\\\/reveil-info.net\\\/?p=12206\"},\"author\":{\"name\":\"R\u00e9veil info\",\"@id\":\"https:\\\/\\\/reveil-info.net\\\/#\\\/schema\\\/person\\\/ca0cc8e70088e0a2b5e92556c1ee60f5\"},\"headline\":\"Plan d&rsquo;am\u00e9nagement Communal: la commune de Ouagadougou s&rsquo;inscrit dans une dynamique de pr\u00e9servation de l&rsquo;Environnement et lutte contre le changement climatique.\",\"datePublished\":\"2024-11-28T09:58:10+00:00\",\"mainEntityOfPage\":{\"@id\":\"https:\\\/\\\/reveil-info.net\\\/?p=12206\"},\"wordCount\":452,\"commentCount\":0,\"publisher\":{\"@id\":\"https:\\\/\\\/reveil-info.net\\\/#organization\"},\"image\":{\"@id\":\"https:\\\/\\\/reveil-info.net\\\/?p=12206#primaryimage\"},\"thumbnailUrl\":\"https:\\\/\\\/reveil-info.net\\\/wp-content\\\/uploads\\\/2024\\\/11\\\/468335003_887157066933959_4844111190845714764_n.jpg\",\"articleSection\":[\"Actualit\u00e9\"],\"inLanguage\":\"fr-FR\",\"potentialAction\":[{\"@type\":\"CommentAction\",\"name\":\"Comment\",\"target\":[\"https:\\\/\\\/reveil-info.net\\\/?p=12206#respond\"]}]},{\"@type\":\"WebPage\",\"@id\":\"https:\\\/\\\/reveil-info.net\\\/?p=12206\",\"url\":\"https:\\\/\\\/reveil-info.net\\\/?p=12206\",\"name\":\"Plan d'am\u00e9nagement Communal: la commune de Ouagadougou s'inscrit dans une dynamique de pr\u00e9servation de l'Environnement et lutte contre le changement climatique. - R\u00e9veil Info\",\"isPartOf\":{\"@id\":\"https:\\\/\\\/reveil-info.net\\\/#website\"},\"primaryImageOfPage\":{\"@id\":\"https:\\\/\\\/reveil-info.net\\\/?p=12206#primaryimage\"},\"image\":{\"@id\":\"https:\\\/\\\/reveil-info.net\\\/?p=12206#primaryimage\"},\"thumbnailUrl\":\"https:\\\/\\\/reveil-info.net\\\/wp-content\\\/uploads\\\/2024\\\/11\\\/468335003_887157066933959_4844111190845714764_n.jpg\",\"datePublished\":\"2024-11-28T09:58:10+00:00\",\"breadcrumb\":{\"@id\":\"https:\\\/\\\/reveil-info.net\\\/?p=12206#breadcrumb\"},\"inLanguage\":\"fr-FR\",\"potentialAction\":[{\"@type\":\"ReadAction\",\"target\":[\"https:\\\/\\\/reveil-info.net\\\/?p=12206\"]}]},{\"@type\":\"ImageObject\",\"inLanguage\":\"fr-FR\",\"@id\":\"https:\\\/\\\/reveil-info.net\\\/?p=12206#primaryimage\",\"url\":\"https:\\\/\\\/reveil-info.net\\\/wp-content\\\/uploads\\\/2024\\\/11\\\/468335003_887157066933959_4844111190845714764_n.jpg\",\"contentUrl\":\"https:\\\/\\\/reveil-info.net\\\/wp-content\\\/uploads\\\/2024\\\/11\\\/468335003_887157066933959_4844111190845714764_n.jpg\",\"width\":2048,\"height\":1366},{\"@type\":\"BreadcrumbList\",\"@id\":\"https:\\\/\\\/reveil-info.net\\\/?p=12206#breadcrumb\",\"itemListElement\":[{\"@type\":\"ListItem\",\"position\":1,\"name\":\"Home\",\"item\":\"https:\\\/\\\/reveil-info.net\\\/\"},{\"@type\":\"ListItem\",\"position\":2,\"name\":\"Plan d&#8217;am\u00e9nagement Communal: la commune de Ouagadougou s&#8217;inscrit dans une dynamique de pr\u00e9servation de l&#8217;Environnement et lutte contre le changement climatique.\"}]},{\"@type\":\"WebSite\",\"@id\":\"https:\\\/\\\/reveil-info.net\\\/#website\",\"url\":\"https:\\\/\\\/reveil-info.net\\\/\",\"name\":\"R\u00e9veil Info\",\"description\":\"Le devoir d&#039;informer!\",\"publisher\":{\"@id\":\"https:\\\/\\\/reveil-info.net\\\/#organization\"},\"potentialAction\":[{\"@type\":\"SearchAction\",\"target\":{\"@type\":\"EntryPoint\",\"urlTemplate\":\"https:\\\/\\\/reveil-info.net\\\/?s={search_term_string}\"},\"query-input\":{\"@type\":\"PropertyValueSpecification\",\"valueRequired\":true,\"valueName\":\"search_term_string\"}}],\"inLanguage\":\"fr-FR\"},{\"@type\":\"Organization\",\"@id\":\"https:\\\/\\\/reveil-info.net\\\/#organization\",\"name\":\"R\u00e9veil Info\",\"url\":\"https:\\\/\\\/reveil-info.net\\\/\",\"logo\":{\"@type\":\"ImageObject\",\"inLanguage\":\"fr-FR\",\"@id\":\"https:\\\/\\\/reveil-info.net\\\/#\\\/schema\\\/logo\\\/image\\\/\",\"url\":\"https:\\\/\\\/reveil-info.net\\\/wp-content\\\/uploads\\\/2024\\\/07\\\/bnddd1.jpg\",\"contentUrl\":\"https:\\\/\\\/reveil-info.net\\\/wp-content\\\/uploads\\\/2024\\\/07\\\/bnddd1.jpg\",\"width\":903,\"height\":125,\"caption\":\"R\u00e9veil Info\"},\"image\":{\"@id\":\"https:\\\/\\\/reveil-info.net\\\/#\\\/schema\\\/logo\\\/image\\\/\"}},{\"@type\":\"Person\",\"@id\":\"https:\\\/\\\/reveil-info.net\\\/#\\\/schema\\\/person\\\/ca0cc8e70088e0a2b5e92556c1ee60f5\",\"name\":\"R\u00e9veil info\",\"image\":{\"@type\":\"ImageObject\",\"inLanguage\":\"fr-FR\",\"@id\":\"https:\\\/\\\/secure.gravatar.com\\\/avatar\\\/e4ad5bb743c8b6cb174d9df6c7d30a8a16f6889731241345fc6444e6485f02af?s=96&d=mm&r=g\",\"url\":\"https:\\\/\\\/secure.gravatar.com\\\/avatar\\\/e4ad5bb743c8b6cb174d9df6c7d30a8a16f6889731241345fc6444e6485f02af?s=96&d=mm&r=g\",\"contentUrl\":\"https:\\\/\\\/secure.gravatar.com\\\/avatar\\\/e4ad5bb743c8b6cb174d9df6c7d30a8a16f6889731241345fc6444e6485f02af?s=96&d=mm&r=g\",\"caption\":\"R\u00e9veil info\"},\"sameAs\":[\"https:\\\/\\\/reveil-info.net\"],\"url\":\"https:\\\/\\\/reveil-info.net\\\/?author=1\"}]}<\/script>\n<!-- \/ Yoast SEO plugin. -->","yoast_head_json":{"title":"Plan d'am\u00e9nagement Communal: la commune de Ouagadougou s'inscrit dans une dynamique de pr\u00e9servation de l'Environnement et lutte contre le changement climatique. - R\u00e9veil Info","robots":{"index":"noindex","follow":"follow","max-snippet":"max-snippet:-1","max-image-preview":"max-image-preview:large","max-video-preview":"max-video-preview:-1"},"og_locale":"fr_FR","og_type":"article","og_title":"Plan d'am\u00e9nagement Communal: la commune de Ouagadougou s'inscrit dans une dynamique de pr\u00e9servation de l'Environnement et lutte contre le changement climatique. - R\u00e9veil Info","og_description":"Le Ministre de l&rsquo;Environnement de l&rsquo;Eau et de l&rsquo;Assainissement Roger BARO a re\u00e7u ce Mercredi","og_url":"https:\/\/reveil-info.net\/?p=12206","og_site_name":"R\u00e9veil Info","article_published_time":"2024-11-28T09:58:10+00:00","og_image":[{"width":2048,"height":1366,"url":"https:\/\/reveil-info.net\/wp-content\/uploads\/2024\/11\/468335003_887157066933959_4844111190845714764_n.jpg","type":"image\/jpeg"}],"author":"R\u00e9veil info","twitter_card":"summary_large_image","twitter_misc":{"\u00c9crit par":"R\u00e9veil info","Dur\u00e9e de lecture estim\u00e9e":"3 minutes"},"schema":{"@context":"https:\/\/schema.org","@graph":[{"@type":"Article","@id":"https:\/\/reveil-info.net\/?p=12206#article","isPartOf":{"@id":"https:\/\/reveil-info.net\/?p=12206"},"author":{"name":"R\u00e9veil info","@id":"https:\/\/reveil-info.net\/#\/schema\/person\/ca0cc8e70088e0a2b5e92556c1ee60f5"},"headline":"Plan d&rsquo;am\u00e9nagement Communal: la commune de Ouagadougou s&rsquo;inscrit dans une dynamique de pr\u00e9servation de l&rsquo;Environnement et lutte contre le changement climatique.","datePublished":"2024-11-28T09:58:10+00:00","mainEntityOfPage":{"@id":"https:\/\/reveil-info.net\/?p=12206"},"wordCount":452,"commentCount":0,"publisher":{"@id":"https:\/\/reveil-info.net\/#organization"},"image":{"@id":"https:\/\/reveil-info.net\/?p=12206#primaryimage"},"thumbnailUrl":"https:\/\/reveil-info.net\/wp-content\/uploads\/2024\/11\/468335003_887157066933959_4844111190845714764_n.jpg","articleSection":["Actualit\u00e9"],"inLanguage":"fr-FR","potentialAction":[{"@type":"CommentAction","name":"Comment","target":["https:\/\/reveil-info.net\/?p=12206#respond"]}]},{"@type":"WebPage","@id":"https:\/\/reveil-info.net\/?p=12206","url":"https:\/\/reveil-info.net\/?p=12206","name":"Plan d'am\u00e9nagement Communal: la commune de Ouagadougou s'inscrit dans une dynamique de pr\u00e9servation de l'Environnement et lutte contre le changement climatique. - R\u00e9veil Info","isPartOf":{"@id":"https:\/\/reveil-info.net\/#website"},"primaryImageOfPage":{"@id":"https:\/\/reveil-info.net\/?p=12206#primaryimage"},"image":{"@id":"https:\/\/reveil-info.net\/?p=12206#primaryimage"},"thumbnailUrl":"https:\/\/reveil-info.net\/wp-content\/uploads\/2024\/11\/468335003_887157066933959_4844111190845714764_n.jpg","datePublished":"2024-11-28T09:58:10+00:00","breadcrumb":{"@id":"https:\/\/reveil-info.net\/?p=12206#breadcrumb"},"inLanguage":"fr-FR","potentialAction":[{"@type":"ReadAction","target":["https:\/\/reveil-info.net\/?p=12206"]}]},{"@type":"ImageObject","inLanguage":"fr-FR","@id":"https:\/\/reveil-info.net\/?p=12206#primaryimage","url":"https:\/\/reveil-info.net\/wp-content\/uploads\/2024\/11\/468335003_887157066933959_4844111190845714764_n.jpg","contentUrl":"https:\/\/reveil-info.net\/wp-content\/uploads\/2024\/11\/468335003_887157066933959_4844111190845714764_n.jpg","width":2048,"height":1366},{"@type":"BreadcrumbList","@id":"https:\/\/reveil-info.net\/?p=12206#breadcrumb","itemListElement":[{"@type":"ListItem","position":1,"name":"Home","item":"https:\/\/reveil-info.net\/"},{"@type":"ListItem","position":2,"name":"Plan d&#8217;am\u00e9nagement Communal: la commune de Ouagadougou s&#8217;inscrit dans une dynamique de pr\u00e9servation de l&#8217;Environnement et lutte contre le changement climatique."}]},{"@type":"WebSite","@id":"https:\/\/reveil-info.net\/#website","url":"https:\/\/reveil-info.net\/","name":"R\u00e9veil Info","description":"Le devoir d&#039;informer!","publisher":{"@id":"https:\/\/reveil-info.net\/#organization"},"potentialAction":[{"@type":"SearchAction","target":{"@type":"EntryPoint","urlTemplate":"https:\/\/reveil-info.net\/?s={search_term_string}"},"query-input":{"@type":"PropertyValueSpecification","valueRequired":true,"valueName":"search_term_string"}}],"inLanguage":"fr-FR"},{"@type":"Organization","@id":"https:\/\/reveil-info.net\/#organization","name":"R\u00e9veil Info","url":"https:\/\/reveil-info.net\/","logo":{"@type":"ImageObject","inLanguage":"fr-FR","@id":"https:\/\/reveil-info.net\/#\/schema\/logo\/image\/","url":"https:\/\/reveil-info.net\/wp-content\/uploads\/2024\/07\/bnddd1.jpg","contentUrl":"https:\/\/reveil-info.net\/wp-content\/uploads\/2024\/07\/bnddd1.jpg","width":903,"height":125,"caption":"R\u00e9veil Info"},"image":{"@id":"https:\/\/reveil-info.net\/#\/schema\/logo\/image\/"}},{"@type":"Person","@id":"https:\/\/reveil-info.net\/#\/schema\/person\/ca0cc8e70088e0a2b5e92556c1ee60f5","name":"R\u00e9veil info","image":{"@type":"ImageObject","inLanguage":"fr-FR","@id":"https:\/\/secure.gravatar.com\/avatar\/e4ad5bb743c8b6cb174d9df6c7d30a8a16f6889731241345fc6444e6485f02af?s=96&d=mm&r=g","url":"https:\/\/secure.gravatar.com\/avatar\/e4ad5bb743c8b6cb174d9df6c7d30a8a16f6889731241345fc6444e6485f02af?s=96&d=mm&r=g","contentUrl":"https:\/\/secure.gravatar.com\/avatar\/e4ad5bb743c8b6cb174d9df6c7d30a8a16f6889731241345fc6444e6485f02af?s=96&d=mm&r=g","caption":"R\u00e9veil info"},"sameAs":["https:\/\/reveil-info.net"],"url":"https:\/\/reveil-info.net\/?author=1"}]}},"jetpack_featured_media_url":"https:\/\/reveil-info.net\/wp-content\/uploads\/2024\/11\/468335003_887157066933959_4844111190845714764_n.jpg","featured_image_urls":{"full":["https:\/\/reveil-info.net\/wp-content\/uploads\/2024\/11\/468335003_887157066933959_4844111190845714764_n.jpg",2048,1366,false],"thumbnail":["https:\/\/reveil-info.net\/wp-content\/uploads\/2024\/11\/468335003_887157066933959_4844111190845714764_n-150x150.jpg",150,150,true],"medium":["https:\/\/reveil-info.net\/wp-content\/uploads\/2024\/11\/468335003_887157066933959_4844111190845714764_n-300x200.jpg",300,200,true],"medium_large":["https:\/\/reveil-info.net\/wp-content\/uploads\/2024\/11\/468335003_887157066933959_4844111190845714764_n-768x512.jpg",640,427,true],"large":["https:\/\/reveil-info.net\/wp-content\/uploads\/2024\/11\/468335003_887157066933959_4844111190845714764_n-1024x683.jpg",640,427,true],"1536x1536":["https:\/\/reveil-info.net\/wp-content\/uploads\/2024\/11\/468335003_887157066933959_4844111190845714764_n-1536x1025.jpg",1536,1025,true],"2048x2048":["https:\/\/reveil-info.net\/wp-content\/uploads\/2024\/11\/468335003_887157066933959_4844111190845714764_n.jpg",2048,1366,false],"chromenews-featured":["https:\/\/reveil-info.net\/wp-content\/uploads\/2024\/11\/468335003_887157066933959_4844111190845714764_n-1024x683.jpg",1024,683,true],"chromenews-large":["https:\/\/reveil-info.net\/wp-content\/uploads\/2024\/11\/468335003_887157066933959_4844111190845714764_n-825x575.jpg",825,575,true],"chromenews-medium":["https:\/\/reveil-info.net\/wp-content\/uploads\/2024\/11\/468335003_887157066933959_4844111190845714764_n-590x410.jpg",590,410,true]},"author_info":{"display_name":"R\u00e9veil info","author_link":"https:\/\/reveil-info.net\/?author=1"},"category_info":"<a href=\"https:\/\/reveil-info.net\/?cat=2\" rel=\"category\">Actualit\u00e9<\/a>","tag_info":"Actualit\u00e9","comment_count":"0","_links":{"self":[{"href":"https:\/\/reveil-info.net\/index.php?rest_route=\/wp\/v2\/posts\/12206","targetHints":{"allow":["GET"]}}],"collection":[{"href":"https:\/\/reveil-info.net\/index.php?rest_route=\/wp\/v2\/posts"}],"about":[{"href":"https:\/\/reveil-info.net\/index.php?rest_route=\/wp\/v2\/types\/post"}],"author":[{"embeddable":true,"href":"https:\/\/reveil-info.net\/index.php?rest_route=\/wp\/v2\/users\/1"}],"replies":[{"embeddable":true,"href":"https:\/\/reveil-info.net\/index.php?rest_route=%2Fwp%2Fv2%2Fcomments&post=12206"}],"version-history":[{"count":3,"href":"https:\/\/reveil-info.net\/index.php?rest_route=\/wp\/v2\/posts\/12206\/revisions"}],"predecessor-version":[{"id":12210,"href":"https:\/\/reveil-info.net\/index.php?rest_route=\/wp\/v2\/posts\/12206\/revisions\/12210"}],"wp:featuredmedia":[{"embeddable":true,"href":"https:\/\/reveil-info.net\/index.php?rest_route=\/wp\/v2\/media\/12209"}],"wp:attachment":[{"href":"https:\/\/reveil-info.net\/index.php?rest_route=%2Fwp%2Fv2%2Fmedia&parent=12206"}],"wp:term":[{"taxonomy":"category","embeddable":true,"href":"https:\/\/reveil-info.net\/index.php?rest_route=%2Fwp%2Fv2%2Fcategories&post=12206"},{"taxonomy":"post_tag","embeddable":true,"href":"https:\/\/reveil-info.net\/index.php?rest_route=%2Fwp%2Fv2%2Ftags&post=12206"}],"curies":[{"name":"wp","href":"https:\/\/api.w.org\/{rel}","templated":true}]}}