{"id":12160,"date":"2024-11-26T18:16:54","date_gmt":"2024-11-26T18:16:54","guid":{"rendered":"https:\/\/reveil-info.net\/?p=12160"},"modified":"2024-11-26T18:16:54","modified_gmt":"2024-11-26T18:16:54","slug":"journees-a-faible-emission-de-carbone-lappel-du-ministre-baro","status":"publish","type":"post","link":"https:\/\/reveil-info.net\/?p=12160","title":{"rendered":"Journ\u00e9es \u00e0 faible \u00e9mission de carbone: l&rsquo;appel du ministre BARO"},"content":{"rendered":"<div class=\"xdj266r x11i5rnm xat24cr x1mh8g0r x1vvkbs x126k92a\">\n<div dir=\"auto\" style=\"text-align: justify;\"><strong>\u00a0<\/strong><\/div>\n<\/div>\n<div class=\"x11i5rnm xat24cr x1mh8g0r x1vvkbs xtlvy1s x126k92a\" style=\"text-align: justify;\">\n<div dir=\"auto\"><strong>Le Ministre de l&rsquo;Environnement, de l&rsquo;Eau et de l&rsquo;Assainissement, Roger BARO, a pr\u00e9sid\u00e9, le lundi 25 novembre 2024, la c\u00e9r\u00e9monie officielle de la 12\u00e8me \u00e9dition des journ\u00e9es \u00e0 faible \u00e9mission de carbone tenue \u00e0 Bobo Dioulasso.<\/strong><\/div>\n<\/div>\n<div class=\"x11i5rnm xat24cr x1mh8g0r x1vvkbs xtlvy1s x126k92a\" style=\"text-align: justify;\">\n<div dir=\"auto\"><strong>Lanc\u00e9e officiellement le samedi 23 novembre, sous le th\u00e8me \u00ab d\u00e9charges sauvages et r\u00e9chauffement climatique : Quelles strat\u00e9gies de r\u00e9duction des gaz \u00e0 effet de serre et de lutte contre les maladies vectorielles ?\u00bb Cette \u00e9dition invite la population \u00e0 adopter des bonnes pratiques d\u2019\u00e9limination des d\u00e9chets solides ainsi qu&rsquo;\u00e0 un changement de comportement afin de contribuer \u00e0 r\u00e9duire les \u00e9missions des gaz \u00e0 effet de serre et \u00e0 lutter contre les maladies vectorielles notamment le paludisme, la dengue.<\/strong><\/div>\n<div dir=\"auto\"><strong><img loading=\"lazy\" decoding=\"async\" class=\"alignnone  wp-image-12165\" src=\"https:\/\/reveil-info.net\/wp-content\/uploads\/2024\/11\/468079532_885699870413012_1827813631100047475_n-300x200.jpg\" alt=\"\" width=\"854\" height=\"569\" srcset=\"https:\/\/reveil-info.net\/wp-content\/uploads\/2024\/11\/468079532_885699870413012_1827813631100047475_n-300x200.jpg 300w, https:\/\/reveil-info.net\/wp-content\/uploads\/2024\/11\/468079532_885699870413012_1827813631100047475_n-768x512.jpg 768w, https:\/\/reveil-info.net\/wp-content\/uploads\/2024\/11\/468079532_885699870413012_1827813631100047475_n.jpg 876w\" sizes=\"auto, (max-width: 854px) 100vw, 854px\" \/><\/strong><\/div>\n<\/div>\n<div class=\"x11i5rnm xat24cr x1mh8g0r x1vvkbs xtlvy1s x126k92a\" style=\"text-align: justify;\">\n<div dir=\"auto\">Selon le chef du d\u00e9partement, cette th\u00e9matique r\u00e9pond \u00e0 l\u2019actualit\u00e9 mondiale sur l\u2019environnement notamment la COP 29 sur les changements climatiques tenue cette ann\u00e9e \u00e0 Bakou. Pour le ministre BARO, ce rendez-vous mondial sur les changements climatiques a \u00e9voqu\u00e9 les probl\u00e8mes li\u00e9s aux d\u00e9r\u00e8glements climatiques, et l&rsquo;invite a \u00e9t\u00e9 donn\u00e9e \u00e0 chaque pays de contribuer pour r\u00e9duire ces effets n\u00e9fastes.<\/div>\n<\/div>\n<div class=\"x11i5rnm xat24cr x1mh8g0r x1vvkbs xtlvy1s x126k92a\" style=\"text-align: justify;\">\n<div dir=\"auto\">\u00ab\u00a0Notre pays, le Burkina Faso fait partie des pays les moins pollueurs, mais nous devons att\u00e9nuer ce que nous \u00e9mettons, car cela participe \u00e0 l&rsquo;am\u00e9lioration du cadre de vie et \u00e0 la bonne sant\u00e9 des populations. C\u2019est toute la vision des journ\u00e9es \u00e0 faible \u00e9mission de carbone de m\u00eame que les journ\u00e9es d&rsquo;engagement patriotique et de participation citoyenne institu\u00e9es au Burkina Faso. L\u2019activit\u00e9 d\u2019aujourd&rsquo;hui, c&rsquo;est un prolongement pour montrer que le Burkina Faso fait des efforts pour r\u00e9duire son empreinte carbone et ses \u00e9missions de gaz \u00e0 effet de serre et bien d&rsquo;autres gaz polluants\u00a0\u00bb a d\u00e9clar\u00e9 le ministre Roger BARO, Pr\u00e9sident de la c\u00e9r\u00e9monie.<\/div>\n<\/div>\n<div class=\"x11i5rnm xat24cr x1mh8g0r x1vvkbs xtlvy1s x126k92a\" style=\"text-align: justify;\">\n<div dir=\"auto\">L&rsquo;Action du gouvernement est dynamique pour tous le pays, il est bon qu&rsquo;\u00e0 un certain moment donn\u00e9, en fonction des th\u00e8mes des activit\u00e9s, on peut d\u00e9concentrer la JFEC. Par exemple, ce th\u00e8me qui est consacr\u00e9 \u00e0 l&rsquo;\u00e9limination des d\u00e9charges sauvages, cadre avec le choix de la ville de Bobo, car elle est une grande commune dans laquelle il faut travailler pour que l&rsquo;assainissement soit le ma\u00eetre mot car comme l&rsquo;a dit le Pr\u00e9sident du Faso, Chef de l&rsquo;\u00c9tat le Capitaine Ibrahim TRAOR\u00c9, dans son message lors des deuxi\u00e8me journ\u00e9es nationales d\u2019engagement patriotique et de participation citoyenne, \u201cceux qui aiment leurs cadres de vie le garde toujours propres, ceux qui aiment le Burkina Faso doivent le garder propre.\u00a0\u00bb<\/div>\n<div dir=\"auto\">Une remise d&rsquo;attestation de reconnaissance aux partenaires et un don de vivre aux personnes d\u00e9plac\u00e9es internes de la r\u00e9gion ont marqu\u00e9 cette c\u00e9r\u00e9monie.<\/div>\n<\/div>\n<div class=\"x11i5rnm xat24cr x1mh8g0r x1vvkbs xtlvy1s x126k92a\" style=\"text-align: justify;\">\n<div dir=\"auto\">Plusieurs activit\u00e9s ont marqu\u00e9 les 72heures des JFEC2024: l\u2019\u00e9limination de cinq d\u00e9charges sauvages dans la commune urbaine de Bobo-Dioulasso, l\u2019analyse de la qualit\u00e9 des r\u00e9frig\u00e9rants des v\u00e9hicules \u00e0 quatre roues, la sensibilisation des h\u00f4teliers sur l\u2019efficacit\u00e9 \u00e9nerg\u00e9tique et des \u00e9l\u00e8ves sur les bonnes pratiques en mati\u00e8re d\u2019environnement, la mise en place de quatre clubs \u00e9cologiques et un jardin botanique au profit du lyc\u00e9e Mixte d\u2019accart- ville, la tenue d\u2019une rencontre de concertation avec les acteurs du plastique et le lancement de l\u2019initiative \u00ab quartier \u00e9cologique \u00bb \u00e0 Accart-Ville.<\/div>\n<\/div>\n<div class=\"x11i5rnm xat24cr x1mh8g0r x1vvkbs xtlvy1s x126k92a\">\n<div dir=\"auto\" style=\"text-align: justify;\">\ud835\uddd7\ud835\uddd6\ud835\udde5\ud835\udde3\/\ud835\udde0\ud835\uddd8\ud835\uddd8\ud835\uddd4<\/div>\n<\/div>\n","protected":false},"excerpt":{"rendered":"<p>\u00a0 Le Ministre de l&rsquo;Environnement, de l&rsquo;Eau et de l&rsquo;Assainissement, Roger BARO, a pr\u00e9sid\u00e9, le<\/p>\n","protected":false},"author":1,"featured_media":12163,"comment_status":"open","ping_status":"open","sticky":false,"template":"","format":"standard","meta":{"footnotes":""},"categories":[2],"tags":[],"class_list":["post-12160","post","type-post","status-publish","format-standard","has-post-thumbnail","hentry","category-actu"],"yoast_head":"<!-- This site is optimized with the Yoast SEO plugin v27.5 - https:\/\/yoast.com\/product\/yoast-seo-wordpress\/ -->\n<title>Journ\u00e9es \u00e0 faible \u00e9mission de carbone: l&#039;appel du ministre BARO - R\u00e9veil Info<\/title>\n<meta name=\"robots\" content=\"noindex, follow, max-snippet:-1, max-image-preview:large, max-video-preview:-1\" \/>\n<meta property=\"og:locale\" content=\"fr_FR\" \/>\n<meta property=\"og:type\" content=\"article\" \/>\n<meta property=\"og:title\" content=\"Journ\u00e9es \u00e0 faible \u00e9mission de carbone: l&#039;appel du ministre BARO - R\u00e9veil Info\" \/>\n<meta property=\"og:description\" content=\"\u00a0 Le Ministre de l&rsquo;Environnement, de l&rsquo;Eau et de l&rsquo;Assainissement, Roger BARO, a pr\u00e9sid\u00e9, le\" \/>\n<meta property=\"og:url\" content=\"https:\/\/reveil-info.net\/?p=12160\" \/>\n<meta property=\"og:site_name\" content=\"R\u00e9veil Info\" \/>\n<meta property=\"article:published_time\" content=\"2024-11-26T18:16:54+00:00\" \/>\n<meta property=\"og:image\" content=\"https:\/\/reveil-info.net\/wp-content\/uploads\/2024\/11\/468124957_885699753746357_64116342453919801_n.jpg\" \/>\n\t<meta property=\"og:image:width\" content=\"876\" \/>\n\t<meta property=\"og:image:height\" content=\"584\" \/>\n\t<meta property=\"og:image:type\" content=\"image\/jpeg\" \/>\n<meta name=\"author\" content=\"R\u00e9veil info\" \/>\n<meta name=\"twitter:card\" content=\"summary_large_image\" \/>\n<meta name=\"twitter:label1\" content=\"\u00c9crit par\" \/>\n\t<meta name=\"twitter:data1\" content=\"R\u00e9veil info\" \/>\n\t<meta name=\"twitter:label2\" content=\"Dur\u00e9e de lecture estim\u00e9e\" \/>\n\t<meta name=\"twitter:data2\" content=\"3 minutes\" \/>\n<script type=\"application\/ld+json\" class=\"yoast-schema-graph\">{\"@context\":\"https:\\\/\\\/schema.org\",\"@graph\":[{\"@type\":\"Article\",\"@id\":\"https:\\\/\\\/reveil-info.net\\\/?p=12160#article\",\"isPartOf\":{\"@id\":\"https:\\\/\\\/reveil-info.net\\\/?p=12160\"},\"author\":{\"name\":\"R\u00e9veil info\",\"@id\":\"https:\\\/\\\/reveil-info.net\\\/#\\\/schema\\\/person\\\/ca0cc8e70088e0a2b5e92556c1ee60f5\"},\"headline\":\"Journ\u00e9es \u00e0 faible \u00e9mission de carbone: l&rsquo;appel du ministre BARO\",\"datePublished\":\"2024-11-26T18:16:54+00:00\",\"mainEntityOfPage\":{\"@id\":\"https:\\\/\\\/reveil-info.net\\\/?p=12160\"},\"wordCount\":580,\"commentCount\":0,\"publisher\":{\"@id\":\"https:\\\/\\\/reveil-info.net\\\/#organization\"},\"image\":{\"@id\":\"https:\\\/\\\/reveil-info.net\\\/?p=12160#primaryimage\"},\"thumbnailUrl\":\"https:\\\/\\\/reveil-info.net\\\/wp-content\\\/uploads\\\/2024\\\/11\\\/468124957_885699753746357_64116342453919801_n.jpg\",\"articleSection\":[\"Actualit\u00e9\"],\"inLanguage\":\"fr-FR\",\"potentialAction\":[{\"@type\":\"CommentAction\",\"name\":\"Comment\",\"target\":[\"https:\\\/\\\/reveil-info.net\\\/?p=12160#respond\"]}]},{\"@type\":\"WebPage\",\"@id\":\"https:\\\/\\\/reveil-info.net\\\/?p=12160\",\"url\":\"https:\\\/\\\/reveil-info.net\\\/?p=12160\",\"name\":\"Journ\u00e9es \u00e0 faible \u00e9mission de carbone: l'appel du ministre BARO - R\u00e9veil Info\",\"isPartOf\":{\"@id\":\"https:\\\/\\\/reveil-info.net\\\/#website\"},\"primaryImageOfPage\":{\"@id\":\"https:\\\/\\\/reveil-info.net\\\/?p=12160#primaryimage\"},\"image\":{\"@id\":\"https:\\\/\\\/reveil-info.net\\\/?p=12160#primaryimage\"},\"thumbnailUrl\":\"https:\\\/\\\/reveil-info.net\\\/wp-content\\\/uploads\\\/2024\\\/11\\\/468124957_885699753746357_64116342453919801_n.jpg\",\"datePublished\":\"2024-11-26T18:16:54+00:00\",\"breadcrumb\":{\"@id\":\"https:\\\/\\\/reveil-info.net\\\/?p=12160#breadcrumb\"},\"inLanguage\":\"fr-FR\",\"potentialAction\":[{\"@type\":\"ReadAction\",\"target\":[\"https:\\\/\\\/reveil-info.net\\\/?p=12160\"]}]},{\"@type\":\"ImageObject\",\"inLanguage\":\"fr-FR\",\"@id\":\"https:\\\/\\\/reveil-info.net\\\/?p=12160#primaryimage\",\"url\":\"https:\\\/\\\/reveil-info.net\\\/wp-content\\\/uploads\\\/2024\\\/11\\\/468124957_885699753746357_64116342453919801_n.jpg\",\"contentUrl\":\"https:\\\/\\\/reveil-info.net\\\/wp-content\\\/uploads\\\/2024\\\/11\\\/468124957_885699753746357_64116342453919801_n.jpg\",\"width\":876,\"height\":584},{\"@type\":\"BreadcrumbList\",\"@id\":\"https:\\\/\\\/reveil-info.net\\\/?p=12160#breadcrumb\",\"itemListElement\":[{\"@type\":\"ListItem\",\"position\":1,\"name\":\"Home\",\"item\":\"https:\\\/\\\/reveil-info.net\\\/\"},{\"@type\":\"ListItem\",\"position\":2,\"name\":\"Journ\u00e9es \u00e0 faible \u00e9mission de carbone: l&#8217;appel du ministre BARO\"}]},{\"@type\":\"WebSite\",\"@id\":\"https:\\\/\\\/reveil-info.net\\\/#website\",\"url\":\"https:\\\/\\\/reveil-info.net\\\/\",\"name\":\"R\u00e9veil Info\",\"description\":\"Le devoir d&#039;informer!\",\"publisher\":{\"@id\":\"https:\\\/\\\/reveil-info.net\\\/#organization\"},\"potentialAction\":[{\"@type\":\"SearchAction\",\"target\":{\"@type\":\"EntryPoint\",\"urlTemplate\":\"https:\\\/\\\/reveil-info.net\\\/?s={search_term_string}\"},\"query-input\":{\"@type\":\"PropertyValueSpecification\",\"valueRequired\":true,\"valueName\":\"search_term_string\"}}],\"inLanguage\":\"fr-FR\"},{\"@type\":\"Organization\",\"@id\":\"https:\\\/\\\/reveil-info.net\\\/#organization\",\"name\":\"R\u00e9veil Info\",\"url\":\"https:\\\/\\\/reveil-info.net\\\/\",\"logo\":{\"@type\":\"ImageObject\",\"inLanguage\":\"fr-FR\",\"@id\":\"https:\\\/\\\/reveil-info.net\\\/#\\\/schema\\\/logo\\\/image\\\/\",\"url\":\"https:\\\/\\\/reveil-info.net\\\/wp-content\\\/uploads\\\/2024\\\/07\\\/bnddd1.jpg\",\"contentUrl\":\"https:\\\/\\\/reveil-info.net\\\/wp-content\\\/uploads\\\/2024\\\/07\\\/bnddd1.jpg\",\"width\":903,\"height\":125,\"caption\":\"R\u00e9veil Info\"},\"image\":{\"@id\":\"https:\\\/\\\/reveil-info.net\\\/#\\\/schema\\\/logo\\\/image\\\/\"}},{\"@type\":\"Person\",\"@id\":\"https:\\\/\\\/reveil-info.net\\\/#\\\/schema\\\/person\\\/ca0cc8e70088e0a2b5e92556c1ee60f5\",\"name\":\"R\u00e9veil info\",\"image\":{\"@type\":\"ImageObject\",\"inLanguage\":\"fr-FR\",\"@id\":\"https:\\\/\\\/secure.gravatar.com\\\/avatar\\\/e4ad5bb743c8b6cb174d9df6c7d30a8a16f6889731241345fc6444e6485f02af?s=96&d=mm&r=g\",\"url\":\"https:\\\/\\\/secure.gravatar.com\\\/avatar\\\/e4ad5bb743c8b6cb174d9df6c7d30a8a16f6889731241345fc6444e6485f02af?s=96&d=mm&r=g\",\"contentUrl\":\"https:\\\/\\\/secure.gravatar.com\\\/avatar\\\/e4ad5bb743c8b6cb174d9df6c7d30a8a16f6889731241345fc6444e6485f02af?s=96&d=mm&r=g\",\"caption\":\"R\u00e9veil info\"},\"sameAs\":[\"https:\\\/\\\/reveil-info.net\"],\"url\":\"https:\\\/\\\/reveil-info.net\\\/?author=1\"}]}<\/script>\n<!-- \/ Yoast SEO plugin. -->","yoast_head_json":{"title":"Journ\u00e9es \u00e0 faible \u00e9mission de carbone: l'appel du ministre BARO - R\u00e9veil Info","robots":{"index":"noindex","follow":"follow","max-snippet":"max-snippet:-1","max-image-preview":"max-image-preview:large","max-video-preview":"max-video-preview:-1"},"og_locale":"fr_FR","og_type":"article","og_title":"Journ\u00e9es \u00e0 faible \u00e9mission de carbone: l'appel du ministre BARO - R\u00e9veil Info","og_description":"\u00a0 Le Ministre de l&rsquo;Environnement, de l&rsquo;Eau et de l&rsquo;Assainissement, Roger BARO, a pr\u00e9sid\u00e9, le","og_url":"https:\/\/reveil-info.net\/?p=12160","og_site_name":"R\u00e9veil Info","article_published_time":"2024-11-26T18:16:54+00:00","og_image":[{"width":876,"height":584,"url":"https:\/\/reveil-info.net\/wp-content\/uploads\/2024\/11\/468124957_885699753746357_64116342453919801_n.jpg","type":"image\/jpeg"}],"author":"R\u00e9veil info","twitter_card":"summary_large_image","twitter_misc":{"\u00c9crit par":"R\u00e9veil info","Dur\u00e9e de lecture estim\u00e9e":"3 minutes"},"schema":{"@context":"https:\/\/schema.org","@graph":[{"@type":"Article","@id":"https:\/\/reveil-info.net\/?p=12160#article","isPartOf":{"@id":"https:\/\/reveil-info.net\/?p=12160"},"author":{"name":"R\u00e9veil info","@id":"https:\/\/reveil-info.net\/#\/schema\/person\/ca0cc8e70088e0a2b5e92556c1ee60f5"},"headline":"Journ\u00e9es \u00e0 faible \u00e9mission de carbone: l&rsquo;appel du ministre BARO","datePublished":"2024-11-26T18:16:54+00:00","mainEntityOfPage":{"@id":"https:\/\/reveil-info.net\/?p=12160"},"wordCount":580,"commentCount":0,"publisher":{"@id":"https:\/\/reveil-info.net\/#organization"},"image":{"@id":"https:\/\/reveil-info.net\/?p=12160#primaryimage"},"thumbnailUrl":"https:\/\/reveil-info.net\/wp-content\/uploads\/2024\/11\/468124957_885699753746357_64116342453919801_n.jpg","articleSection":["Actualit\u00e9"],"inLanguage":"fr-FR","potentialAction":[{"@type":"CommentAction","name":"Comment","target":["https:\/\/reveil-info.net\/?p=12160#respond"]}]},{"@type":"WebPage","@id":"https:\/\/reveil-info.net\/?p=12160","url":"https:\/\/reveil-info.net\/?p=12160","name":"Journ\u00e9es \u00e0 faible \u00e9mission de carbone: l'appel du ministre BARO - R\u00e9veil Info","isPartOf":{"@id":"https:\/\/reveil-info.net\/#website"},"primaryImageOfPage":{"@id":"https:\/\/reveil-info.net\/?p=12160#primaryimage"},"image":{"@id":"https:\/\/reveil-info.net\/?p=12160#primaryimage"},"thumbnailUrl":"https:\/\/reveil-info.net\/wp-content\/uploads\/2024\/11\/468124957_885699753746357_64116342453919801_n.jpg","datePublished":"2024-11-26T18:16:54+00:00","breadcrumb":{"@id":"https:\/\/reveil-info.net\/?p=12160#breadcrumb"},"inLanguage":"fr-FR","potentialAction":[{"@type":"ReadAction","target":["https:\/\/reveil-info.net\/?p=12160"]}]},{"@type":"ImageObject","inLanguage":"fr-FR","@id":"https:\/\/reveil-info.net\/?p=12160#primaryimage","url":"https:\/\/reveil-info.net\/wp-content\/uploads\/2024\/11\/468124957_885699753746357_64116342453919801_n.jpg","contentUrl":"https:\/\/reveil-info.net\/wp-content\/uploads\/2024\/11\/468124957_885699753746357_64116342453919801_n.jpg","width":876,"height":584},{"@type":"BreadcrumbList","@id":"https:\/\/reveil-info.net\/?p=12160#breadcrumb","itemListElement":[{"@type":"ListItem","position":1,"name":"Home","item":"https:\/\/reveil-info.net\/"},{"@type":"ListItem","position":2,"name":"Journ\u00e9es \u00e0 faible \u00e9mission de carbone: l&#8217;appel du ministre BARO"}]},{"@type":"WebSite","@id":"https:\/\/reveil-info.net\/#website","url":"https:\/\/reveil-info.net\/","name":"R\u00e9veil Info","description":"Le devoir d&#039;informer!","publisher":{"@id":"https:\/\/reveil-info.net\/#organization"},"potentialAction":[{"@type":"SearchAction","target":{"@type":"EntryPoint","urlTemplate":"https:\/\/reveil-info.net\/?s={search_term_string}"},"query-input":{"@type":"PropertyValueSpecification","valueRequired":true,"valueName":"search_term_string"}}],"inLanguage":"fr-FR"},{"@type":"Organization","@id":"https:\/\/reveil-info.net\/#organization","name":"R\u00e9veil Info","url":"https:\/\/reveil-info.net\/","logo":{"@type":"ImageObject","inLanguage":"fr-FR","@id":"https:\/\/reveil-info.net\/#\/schema\/logo\/image\/","url":"https:\/\/reveil-info.net\/wp-content\/uploads\/2024\/07\/bnddd1.jpg","contentUrl":"https:\/\/reveil-info.net\/wp-content\/uploads\/2024\/07\/bnddd1.jpg","width":903,"height":125,"caption":"R\u00e9veil Info"},"image":{"@id":"https:\/\/reveil-info.net\/#\/schema\/logo\/image\/"}},{"@type":"Person","@id":"https:\/\/reveil-info.net\/#\/schema\/person\/ca0cc8e70088e0a2b5e92556c1ee60f5","name":"R\u00e9veil info","image":{"@type":"ImageObject","inLanguage":"fr-FR","@id":"https:\/\/secure.gravatar.com\/avatar\/e4ad5bb743c8b6cb174d9df6c7d30a8a16f6889731241345fc6444e6485f02af?s=96&d=mm&r=g","url":"https:\/\/secure.gravatar.com\/avatar\/e4ad5bb743c8b6cb174d9df6c7d30a8a16f6889731241345fc6444e6485f02af?s=96&d=mm&r=g","contentUrl":"https:\/\/secure.gravatar.com\/avatar\/e4ad5bb743c8b6cb174d9df6c7d30a8a16f6889731241345fc6444e6485f02af?s=96&d=mm&r=g","caption":"R\u00e9veil info"},"sameAs":["https:\/\/reveil-info.net"],"url":"https:\/\/reveil-info.net\/?author=1"}]}},"jetpack_featured_media_url":"https:\/\/reveil-info.net\/wp-content\/uploads\/2024\/11\/468124957_885699753746357_64116342453919801_n.jpg","featured_image_urls":{"full":["https:\/\/reveil-info.net\/wp-content\/uploads\/2024\/11\/468124957_885699753746357_64116342453919801_n.jpg",876,584,false],"thumbnail":["https:\/\/reveil-info.net\/wp-content\/uploads\/2024\/11\/468124957_885699753746357_64116342453919801_n-150x150.jpg",150,150,true],"medium":["https:\/\/reveil-info.net\/wp-content\/uploads\/2024\/11\/468124957_885699753746357_64116342453919801_n-300x200.jpg",300,200,true],"medium_large":["https:\/\/reveil-info.net\/wp-content\/uploads\/2024\/11\/468124957_885699753746357_64116342453919801_n-768x512.jpg",640,427,true],"large":["https:\/\/reveil-info.net\/wp-content\/uploads\/2024\/11\/468124957_885699753746357_64116342453919801_n.jpg",640,427,false],"1536x1536":["https:\/\/reveil-info.net\/wp-content\/uploads\/2024\/11\/468124957_885699753746357_64116342453919801_n.jpg",876,584,false],"2048x2048":["https:\/\/reveil-info.net\/wp-content\/uploads\/2024\/11\/468124957_885699753746357_64116342453919801_n.jpg",876,584,false],"chromenews-featured":["https:\/\/reveil-info.net\/wp-content\/uploads\/2024\/11\/468124957_885699753746357_64116342453919801_n.jpg",876,584,false],"chromenews-large":["https:\/\/reveil-info.net\/wp-content\/uploads\/2024\/11\/468124957_885699753746357_64116342453919801_n-825x575.jpg",825,575,true],"chromenews-medium":["https:\/\/reveil-info.net\/wp-content\/uploads\/2024\/11\/468124957_885699753746357_64116342453919801_n-590x410.jpg",590,410,true]},"author_info":{"display_name":"R\u00e9veil info","author_link":"https:\/\/reveil-info.net\/?author=1"},"category_info":"<a href=\"https:\/\/reveil-info.net\/?cat=2\" rel=\"category\">Actualit\u00e9<\/a>","tag_info":"Actualit\u00e9","comment_count":"0","_links":{"self":[{"href":"https:\/\/reveil-info.net\/index.php?rest_route=\/wp\/v2\/posts\/12160","targetHints":{"allow":["GET"]}}],"collection":[{"href":"https:\/\/reveil-info.net\/index.php?rest_route=\/wp\/v2\/posts"}],"about":[{"href":"https:\/\/reveil-info.net\/index.php?rest_route=\/wp\/v2\/types\/post"}],"author":[{"embeddable":true,"href":"https:\/\/reveil-info.net\/index.php?rest_route=\/wp\/v2\/users\/1"}],"replies":[{"embeddable":true,"href":"https:\/\/reveil-info.net\/index.php?rest_route=%2Fwp%2Fv2%2Fcomments&post=12160"}],"version-history":[{"count":4,"href":"https:\/\/reveil-info.net\/index.php?rest_route=\/wp\/v2\/posts\/12160\/revisions"}],"predecessor-version":[{"id":12166,"href":"https:\/\/reveil-info.net\/index.php?rest_route=\/wp\/v2\/posts\/12160\/revisions\/12166"}],"wp:featuredmedia":[{"embeddable":true,"href":"https:\/\/reveil-info.net\/index.php?rest_route=\/wp\/v2\/media\/12163"}],"wp:attachment":[{"href":"https:\/\/reveil-info.net\/index.php?rest_route=%2Fwp%2Fv2%2Fmedia&parent=12160"}],"wp:term":[{"taxonomy":"category","embeddable":true,"href":"https:\/\/reveil-info.net\/index.php?rest_route=%2Fwp%2Fv2%2Fcategories&post=12160"},{"taxonomy":"post_tag","embeddable":true,"href":"https:\/\/reveil-info.net\/index.php?rest_route=%2Fwp%2Fv2%2Ftags&post=12160"}],"curies":[{"name":"wp","href":"https:\/\/api.w.org\/{rel}","templated":true}]}}