{"id":12064,"date":"2024-11-25T16:53:49","date_gmt":"2024-11-25T16:53:49","guid":{"rendered":"https:\/\/reveil-info.net\/?p=12064"},"modified":"2024-11-25T16:53:49","modified_gmt":"2024-11-25T16:53:49","slug":"lancina-nebie-president-des-inventeurs-et-innovateurs-burkinabe-si-nous-voulons-que-burkina-faso-se-developpe-il-faut-que-lexpertise-nationale-soit-valorisee","status":"publish","type":"post","link":"https:\/\/reveil-info.net\/?p=12064","title":{"rendered":"\u00a0LANCINA NEBIE, pr\u00e9sident des inventeurs et innovateurs Burkinab\u00e8: \u00a0\u00ab\u00a0Si nous voulons que Burkina Faso se d\u00e9veloppe, il faut que l\u2019expertise nationale soit valoris\u00e9e\u00a0\u00bb"},"content":{"rendered":"<p><strong>Dans le cadre des pr\u00e9paratifs de la foire nationale des inventeurs et innovateurs du Burkina, qui aura lieu \u00e0 Ouagadougou, du 26 au 30 novembre 2024 \u00e0 la Maison du peuple, nous avons rencontr\u00e9 le pr\u00e9sident des inventeurs et innovateurs Burkinab\u00e8, qui a bien voulu nous accorder une interview. Au four et au moulin dans le cadre de l&rsquo;organisation de ce rendez-vous des inventeurs et innovateurs, Lancina\u00a0 Nebi\u00e9, car c&rsquo;est de lui qu&rsquo;il s&rsquo;agit, a d\u00e9clin\u00e9\u00a0 les couleurs de cet \u00e9v\u00e9nement national. Il s&rsquo;est r\u00e9joui de l&rsquo; int\u00e9r\u00eat port\u00e9 \u00e0 l&rsquo;\u00e9v\u00e9nement par les plus hautes autorit\u00e9s du Burkina Faso en l&rsquo;occurrence le pr\u00e9sident du Faso, le capitaine Ibrahim Traor\u00e9, le haut patron de l&rsquo;\u00e9v\u00e9nement ainsi que des ministres et des op\u00e9rateurs \u00e9conomiques Burkinab\u00e8.\u00a0\u00a0 Il appelle \u00e0 la valorisation de l\u2019expertise nationale Burkinab\u00e8, gage de l&rsquo;atteinte d&rsquo;une souverainet\u00e9 nationale v\u00e9ritable. Lisez plut\u00f4t cet entretien! <\/strong><\/p>\n<p><strong>\u00a0<\/strong><strong>Vous \u00eates en pleine pr\u00e9paration de la foire d&rsquo;exposition de vos chefs d&rsquo;\u0153uvre. Dites nous comment les petits plats sont mis dans les grands pour une meilleure r\u00e9ussite de cet \u00e9v\u00e9nement?<\/strong><\/p>\n<p>Le comit\u00e9 national d&rsquo;organisation de la foire est \u00e0 pied d&rsquo;\u0153uvre pour une r\u00e9ussite de l&rsquo;\u00e9v\u00e9nement. Nous pouvons dire qu&rsquo;\u00e0 quelques jours du jour J, nous sommes pr\u00eats \u00e0 95%. Les inventeurs et les innovateurs ainsi que les innovateurs et les inventeurs\u00a0\u00a0 sont au four et au moulin pour la r\u00e9ussite de l&rsquo;\u00e9v\u00e9nement.<\/p>\n<p><strong>\u00a0<\/strong><strong>Des participants \u00e0 cette foire viendront ils de l&rsquo;\u00e9tranger \u00e9galement en plus des acteurs nationaux? <\/strong><\/p>\n<p><strong>\u00a0<\/strong>Nos repr\u00e9sentants au plan national seront pr\u00e9sents \u00e0 la foire. Nous avons une repr\u00e9sentation de notre association dans chacune des treize r\u00e9gions du Burkina. Nous n&rsquo;avons pas encore enregistr\u00e9 de candidature pour la participation internationale. Il faut noter qu&rsquo;il n&rsquo;est pas exclu qu\u2019on puisse avoir des participations ext\u00e9rieures d&rsquo;autant plus qu\u2019avons adress\u00e9 des invitations au Niger et au Mali dans la sous-r\u00e9gion.<\/p>\n<p><strong>\u00a0<\/strong><strong>Vous avez lanc\u00e9 des invitations dans la dynamique de l&rsquo;Alliance des Etats du Sahel? <\/strong><\/p>\n<p><strong>\u00a0<\/strong>Parfaitement. Nous souhaitons que les inventeurs et innovateurs des pays fr\u00e8res que sont le Mali et le Niger y prennent part.\u00a0 Nous gardons l&rsquo;espoir que les autorit\u00e9s respectives de ces pays fr\u00e8res \u0153uvreront \u00e0 faciliter les fr\u00e8res maliens et nig\u00e9riens.<\/p>\n<p><strong>\u00a0<\/strong><strong>La foire se d\u00e9roule dans un contexte o\u00f9 l&rsquo;accent est mis sur le d\u00e9veloppement endog\u00e8ne. Les inventeurs et innovateurs qui \u0153uvrent depuis longtemps dans le domaine trouvent-ils le contexte favorable \u00e0 la valorisation des r\u00e9sultats de recherche, des \u0153uvres invent\u00e9es?<\/strong><\/p>\n<p><strong>\u00a0<\/strong><\/p>\n<p>Il faut dire que c&rsquo;est un combat de tous les temps. Le th\u00e8me m\u00eame choisi est en phase avec tout ceci. Il s&rsquo;agit de la consommation des inventions technologiques, facteurs de la r\u00e9silience \u00e9conomique.\u00a0 Cette th\u00e9matique s&rsquo;inscrit en droite ligne avec la n\u00e9cessit\u00e9 de la valorisation des inventions dans un contexte de r\u00e9silience \u00e9conomique. Nous devons booster le d\u00e9veloppement en prenant en compte nos potentialit\u00e9s locales et nationales. Nous sommes en phase avec les autorit\u00e9s de notre pays.<\/p>\n<p><strong>Justement en tant qu&rsquo;association professionnelle, avez b\u00e9n\u00e9fici\u00e9 de l&rsquo;accompagnement des autorit\u00e9s dans le cadre de vos travaux?\u00a0\u00a0 <\/strong><\/p>\n<p><strong>\u00a0<\/strong><\/p>\n<p>Je saisis l&rsquo;opportunit\u00e9 que vous m&rsquo;offrez pour t\u00e9moigner notre gratitude \u00e0 l&rsquo;ensemble de nos autorit\u00e9s pour leur soutien et encouragement pour la r\u00e9ussite de l\u2019\u00e9v\u00e9nement. Nos autorit\u00e9s ont eu une oreille attentive \u00e0 notre endroit et se sont appropri\u00e9es la th\u00e9matique, plat de r\u00e9sistance des r\u00e9flexions qui seront men\u00e9es lors de la foire. Il y a le pr\u00e9sident du Faso, le capitaine Ibrahim. Traor\u00e9 qui sera le haut patron de l&rsquo;\u00e9v\u00e9nement, le ministre de l&rsquo;agriculture, des ressources halieutiques, le ministre du commerce et de l&rsquo;industrie qui sont les Co-patrons et le ministre de la recherche scientifique et de l&rsquo;innovation qui pr\u00e9side l&rsquo;\u00e9v\u00e9nement.\u00a0 Nous avons aussi le soutien des autorit\u00e9s coutumi\u00e8res notamment le mogho naaba qui a donn\u00e9 toute sa caution \u00e0 l&rsquo;\u00e9v\u00e9nement.<\/p>\n<p><strong>\u00a0<\/strong><\/p>\n<p><strong>\u00a0Les produits import\u00e9s sont beaucoup consomm\u00e9s au d\u00e9triment de nos produits locaux. Que faire face \u00e0 cette situation ? <\/strong><\/p>\n<p><strong>\u00a0<\/strong><\/p>\n<p>C&rsquo;est cela tout le sens de notre combat. Nous travaillons \u00e0 sensibiliser dans ce sens. Il ne sert \u00e0 rien d&rsquo;acheter un motoculteur en Europe et de l&rsquo;abandonner plus tard alors qu&rsquo;il y a des motoculteurs produits localement. Consommer les produits fabriqu\u00e9s localement, c&rsquo;est contribuer \u00e0 l&rsquo;\u00e9conomie nationale. Cette \u00e9mulation de l&rsquo;\u00e9conomie nationale contribue \u00e0 aider tout le monde. Nous avons besoin d&rsquo;encourager nos acteurs nationaux \u00e0 avoir un essor au lieu de tout temps se laisser emporter par les produits import\u00e9s.<\/p>\n<p><strong>\u00a0Avez-vous l&rsquo;accompagnement des op\u00e9rateurs \u00e9conomiques nationaux dans votre travail d&rsquo;invention et d&rsquo;innovation?<\/strong><\/p>\n<p>Nous avons pu rencontrer le patronat Burkinab\u00e8 \u00e0 savoir\u00a0\u00a0 son pr\u00e9sident Idrissa Nassa qui s&rsquo;est int\u00e9ress\u00e9 \u00e0 plus d&rsquo;un titre \u00e0 l&rsquo;invention et \u00e0 l&rsquo;innovation. Nous entendons nous retrouver apr\u00e8s la foire pour bien ficeler les \u00e9changes et aboutir \u00e0 des conclusions int\u00e9ressantes de financement du domaine. Nous pouvons dire qu&rsquo;il y a de bonnes perspectives en termes d&rsquo;\u00e9changes.<\/p>\n<p><strong>\u00a0<\/strong><\/p>\n<p><strong>\u00a0Comment comptez-vous, vous y prendre pour faire face \u00e0 la demande si elle s&rsquo;augmente d&rsquo;autant plus que vous n&rsquo;\u00eates pas standardis\u00e9?<\/strong><\/p>\n<p><strong>\u00a0<\/strong><\/p>\n<p>Justement cette question est prise en compte dans les th\u00e9matiques abord\u00e9es.\u00a0 Nous allons tenir des conf\u00e9rences sur la question de m\u00e9canisme de financement, des starts up des recherches de financements des innovations au Burkina Faso. Nous allons travailler des bailleurs de fond qui pourront booster la production nationale des innovations au Burkina Faso \u00e0 travers les transferts de comp\u00e9tence ou la mise \u00e0 disposition de nos brevets aux op\u00e9rateurs \u00e9conomiques. Toutes les conf\u00e9rences qui auront lieu, permettront d&rsquo;examiner ces diff\u00e9rentes questions.<\/p>\n<p><strong>\u00a0<\/strong><\/p>\n<p><strong>\u00a0Avez-vous des attentes particuli\u00e8res vis-\u00e0-vis des autorit\u00e9s en particulier et des Burkinab\u00e8 en g\u00e9n\u00e9ral par rapport \u00e0 votre \u00e9v\u00e8nement?<\/strong><\/p>\n<p>Nous attendons des Burkinab\u00e8 qu&rsquo;ils s&rsquo;approprient v\u00e9ritablement des \u0153uvres des experts nationaux,\u00a0 des innovateurs de tous les domaines technologiques dans l&rsquo;agriculture, dans d&rsquo;\u00e9levage, d&rsquo;\u00e9cologie . Si nous voulons que Burkina Faso se d\u00e9veloppe, il faut que l&rsquo;expertise nationale soit valoris\u00e9e. Nous appelons les Burkinab\u00e8 et nos autorit\u00e9s \u00e0 s&rsquo;approprier le travail de l&rsquo;expertise nationale. Notre d\u00e9veloppement souffrira si notre expertise nationale n&rsquo;est pas prise en compte.<\/p>\n<p><strong>Oui il faut valoriser l&rsquo;expertise nationale mais que faites-vous concr\u00e8tement pour p\u00e9renniser les inventions \u00e0 travers la formation de la jeunesse? <\/strong><\/p>\n<p>L&rsquo;un de nos objectifs majeurs est de susciter l&rsquo;int\u00e9r\u00eat de la jeunesse pour les inventions. Par cons\u00e9quent, il y aura des visites guid\u00e9es dans les stands au profit des jeunes Burkinab\u00e8 de tous les milieux universitaires et ruraux. Nous comptons mettre les jeunes au centre de nos pr\u00e9occupations. C&rsquo;est pour cela que nous invitions les jeunes \u00e0 prendre part aux diff\u00e9rentes \u00e9missions que nous avons organis\u00e9es au niveau des t\u00e9l\u00e9visions. Nous voulons leur servir d&rsquo;exemple et pouvoir les inspirer \u00e0 avoir la passion pour les innovations et les inventions.<\/p>\n<p><strong>\u00a0<\/strong><\/p>\n<p><strong>\u00a0Comment vous voulez que les jeunes viennent \u00e0 votre \u00e9cole. Pensez-vous cr\u00e9er des centres de formations ?<\/strong><\/p>\n<p>Je ne voudrais pas devancer l&rsquo;\u00e9go\u00efne dans l&rsquo;eau sinon ce sont des projets qui sont pris en compte. Nous avons une vision dans ce sens.\u00a0 D\u00e9j\u00e0 avec L&rsquo;institut des Sciences Technologiques , il est pr\u00e9vu une collaboration dans le sens de la formation. Nous comptons recevoir des \u00e9tudiants dans nos ateliers et les accompagner comme incubateurs. Nous sommes engag\u00e9s dans cette dynamique et le centre dont vous parlez pourrait \u00eatre en gestation.<\/p>\n<p><strong>L&rsquo;une des difficult\u00e9s majeures constitue la question de la promotion des inventions et des innovations. Avez-vous une collaboration avec les m\u00e9dias pour relever ce d\u00e9fi?\u00a0 <\/strong><\/p>\n<p><strong>\u00a0<\/strong>Nous avons souhait\u00e9 avoir une collaboration \u00e9troite avec les m\u00e9dias. Mais vous n&rsquo;\u00eates pas sans savoir que l&rsquo;accompagnement des m\u00e9dias n\u00e9cessite la mobilisation des ressources financi\u00e8res. De plus en plus, nous arrivons \u00e0 pallier \u00e0 cette difficult\u00e9. Nous avons en notre sein, un charg\u00e9 de communication qui est charg\u00e9 de coordonner nos relations avec les m\u00e9dias. Nous avons pris en compte cette dimension qui permettra de valoriser nos r\u00e9sultats de recherche<strong>. <\/strong><\/p>\n<p><strong>\u00a0<\/strong><\/p>\n<p><strong>\u00a0Avez-vous quelque chose \u00e0 ajouter pour clore notre entretien? <\/strong><\/p>\n<p>Je voudrais lancer un appel aux autorit\u00e9s, aux d\u00e9cideurs, aux op\u00e9rateurs \u00e9conomiques et aux Burkinab\u00e8 de tout bord, de faire confiance \u00e0 l&rsquo;expertise nationale.\u00a0 Les Burkinab\u00e8 ont du savoir-faire et proposent des technologies efficaces et performantes que celles que l&rsquo;on peut trouver ailleurs. Il faut y croire. Il faut investir dans l&rsquo;expertise nationale afin de permettre au Burkina Faso d&rsquo;aller \u00e0 la v\u00e9ritable souverainet\u00e9 nationale. La souverainet\u00e9 n&rsquo;est pas uniquement au niveau politique, militaire mais elle doit \u00eatre aussi au niveau \u00e9conomique et des comp\u00e9tences humaines. Un pays qui importe les \u00e9quipements pour la transformation et la production n&rsquo;est pas v\u00e9ritablement ind\u00e9pendante. Nous devons travailler \u00e0 maitriser nos outils et nos \u00e9quipements pour la production pour une souverainet\u00e9 r\u00e9elle.<\/p>\n<p><strong>\u00a0<\/strong><\/p>\n<p><strong>\u00a0Interview r\u00e9alis\u00e9e par Soumoubienk\u00f4 Roland KI \u00a0(collaborateur) <\/strong><\/p>\n","protected":false},"excerpt":{"rendered":"<p>Dans le cadre des pr\u00e9paratifs de la foire nationale des inventeurs et innovateurs du Burkina,<\/p>\n","protected":false},"author":1,"featured_media":12068,"comment_status":"open","ping_status":"open","sticky":false,"template":"","format":"standard","meta":{"footnotes":""},"categories":[39,2,15],"tags":[],"class_list":["post-12064","post","type-post","status-publish","format-standard","has-post-thumbnail","hentry","category-une","category-actu","category-science"],"yoast_head":"<!-- This site is optimized with the Yoast SEO plugin v27.5 - https:\/\/yoast.com\/product\/yoast-seo-wordpress\/ -->\n<title>\u00a0LANCINA NEBIE, pr\u00e9sident des inventeurs et innovateurs Burkinab\u00e8: \u00a0&quot;Si nous voulons que Burkina Faso se d\u00e9veloppe, il faut que l\u2019expertise nationale soit valoris\u00e9e&quot; - R\u00e9veil Info<\/title>\n<meta name=\"robots\" content=\"noindex, follow, max-snippet:-1, max-image-preview:large, max-video-preview:-1\" \/>\n<meta property=\"og:locale\" content=\"fr_FR\" \/>\n<meta property=\"og:type\" content=\"article\" \/>\n<meta property=\"og:title\" content=\"\u00a0LANCINA NEBIE, pr\u00e9sident des inventeurs et innovateurs Burkinab\u00e8: \u00a0&quot;Si nous voulons que Burkina Faso se d\u00e9veloppe, il faut que l\u2019expertise nationale soit valoris\u00e9e&quot; - R\u00e9veil Info\" \/>\n<meta property=\"og:description\" content=\"Dans le cadre des pr\u00e9paratifs de la foire nationale des inventeurs et innovateurs du Burkina,\" \/>\n<meta property=\"og:url\" content=\"https:\/\/reveil-info.net\/?p=12064\" \/>\n<meta property=\"og:site_name\" content=\"R\u00e9veil Info\" \/>\n<meta property=\"article:published_time\" content=\"2024-11-25T16:53:49+00:00\" \/>\n<meta property=\"og:image\" content=\"https:\/\/reveil-info.net\/wp-content\/uploads\/2024\/11\/WhatsApp-Image-2024-11-25-a-16.24.40_d5e5aadf.jpg\" \/>\n\t<meta property=\"og:image:width\" content=\"864\" \/>\n\t<meta property=\"og:image:height\" content=\"1080\" \/>\n\t<meta property=\"og:image:type\" content=\"image\/jpeg\" \/>\n<meta name=\"author\" content=\"R\u00e9veil info\" \/>\n<meta name=\"twitter:card\" content=\"summary_large_image\" \/>\n<meta name=\"twitter:label1\" content=\"\u00c9crit par\" \/>\n\t<meta name=\"twitter:data1\" content=\"R\u00e9veil info\" \/>\n\t<meta name=\"twitter:label2\" content=\"Dur\u00e9e de lecture estim\u00e9e\" \/>\n\t<meta name=\"twitter:data2\" content=\"8 minutes\" \/>\n<script type=\"application\/ld+json\" class=\"yoast-schema-graph\">{\"@context\":\"https:\\\/\\\/schema.org\",\"@graph\":[{\"@type\":\"Article\",\"@id\":\"https:\\\/\\\/reveil-info.net\\\/?p=12064#article\",\"isPartOf\":{\"@id\":\"https:\\\/\\\/reveil-info.net\\\/?p=12064\"},\"author\":{\"name\":\"R\u00e9veil info\",\"@id\":\"https:\\\/\\\/reveil-info.net\\\/#\\\/schema\\\/person\\\/ca0cc8e70088e0a2b5e92556c1ee60f5\"},\"headline\":\"\u00a0LANCINA NEBIE, pr\u00e9sident des inventeurs et innovateurs Burkinab\u00e8: \u00a0\u00ab\u00a0Si nous voulons que Burkina Faso se d\u00e9veloppe, il faut que l\u2019expertise nationale soit valoris\u00e9e\u00a0\u00bb\",\"datePublished\":\"2024-11-25T16:53:49+00:00\",\"mainEntityOfPage\":{\"@id\":\"https:\\\/\\\/reveil-info.net\\\/?p=12064\"},\"wordCount\":1604,\"commentCount\":0,\"publisher\":{\"@id\":\"https:\\\/\\\/reveil-info.net\\\/#organization\"},\"image\":{\"@id\":\"https:\\\/\\\/reveil-info.net\\\/?p=12064#primaryimage\"},\"thumbnailUrl\":\"https:\\\/\\\/reveil-info.net\\\/wp-content\\\/uploads\\\/2024\\\/11\\\/WhatsApp-Image-2024-11-25-a-16.24.40_d5e5aadf.jpg\",\"articleSection\":[\"A la une\",\"Actualit\u00e9\",\"Science\"],\"inLanguage\":\"fr-FR\",\"potentialAction\":[{\"@type\":\"CommentAction\",\"name\":\"Comment\",\"target\":[\"https:\\\/\\\/reveil-info.net\\\/?p=12064#respond\"]}]},{\"@type\":\"WebPage\",\"@id\":\"https:\\\/\\\/reveil-info.net\\\/?p=12064\",\"url\":\"https:\\\/\\\/reveil-info.net\\\/?p=12064\",\"name\":\"\u00a0LANCINA NEBIE, pr\u00e9sident des inventeurs et innovateurs Burkinab\u00e8: \u00a0\\\"Si nous voulons que Burkina Faso se d\u00e9veloppe, il faut que l\u2019expertise nationale soit valoris\u00e9e\\\" - R\u00e9veil Info\",\"isPartOf\":{\"@id\":\"https:\\\/\\\/reveil-info.net\\\/#website\"},\"primaryImageOfPage\":{\"@id\":\"https:\\\/\\\/reveil-info.net\\\/?p=12064#primaryimage\"},\"image\":{\"@id\":\"https:\\\/\\\/reveil-info.net\\\/?p=12064#primaryimage\"},\"thumbnailUrl\":\"https:\\\/\\\/reveil-info.net\\\/wp-content\\\/uploads\\\/2024\\\/11\\\/WhatsApp-Image-2024-11-25-a-16.24.40_d5e5aadf.jpg\",\"datePublished\":\"2024-11-25T16:53:49+00:00\",\"breadcrumb\":{\"@id\":\"https:\\\/\\\/reveil-info.net\\\/?p=12064#breadcrumb\"},\"inLanguage\":\"fr-FR\",\"potentialAction\":[{\"@type\":\"ReadAction\",\"target\":[\"https:\\\/\\\/reveil-info.net\\\/?p=12064\"]}]},{\"@type\":\"ImageObject\",\"inLanguage\":\"fr-FR\",\"@id\":\"https:\\\/\\\/reveil-info.net\\\/?p=12064#primaryimage\",\"url\":\"https:\\\/\\\/reveil-info.net\\\/wp-content\\\/uploads\\\/2024\\\/11\\\/WhatsApp-Image-2024-11-25-a-16.24.40_d5e5aadf.jpg\",\"contentUrl\":\"https:\\\/\\\/reveil-info.net\\\/wp-content\\\/uploads\\\/2024\\\/11\\\/WhatsApp-Image-2024-11-25-a-16.24.40_d5e5aadf.jpg\",\"width\":864,\"height\":1080,\"caption\":\"Lancina Nebi\u00e9, pr\u00e9sident de l'association des inventeurs et innovateurs Burkinab\u00e8:\\\" Nous devons travailler \u00e0 maitriser nos outils et nos \u00e9quipements pour la production pour une souverainet\u00e9 r\u00e9elle \\\"\"},{\"@type\":\"BreadcrumbList\",\"@id\":\"https:\\\/\\\/reveil-info.net\\\/?p=12064#breadcrumb\",\"itemListElement\":[{\"@type\":\"ListItem\",\"position\":1,\"name\":\"Home\",\"item\":\"https:\\\/\\\/reveil-info.net\\\/\"},{\"@type\":\"ListItem\",\"position\":2,\"name\":\"\u00a0LANCINA NEBIE, pr\u00e9sident des inventeurs et innovateurs Burkinab\u00e8: \u00a0&#8220;Si nous voulons que Burkina Faso se d\u00e9veloppe, il faut que l\u2019expertise nationale soit valoris\u00e9e&#8221;\"}]},{\"@type\":\"WebSite\",\"@id\":\"https:\\\/\\\/reveil-info.net\\\/#website\",\"url\":\"https:\\\/\\\/reveil-info.net\\\/\",\"name\":\"R\u00e9veil Info\",\"description\":\"Le devoir d&#039;informer!\",\"publisher\":{\"@id\":\"https:\\\/\\\/reveil-info.net\\\/#organization\"},\"potentialAction\":[{\"@type\":\"SearchAction\",\"target\":{\"@type\":\"EntryPoint\",\"urlTemplate\":\"https:\\\/\\\/reveil-info.net\\\/?s={search_term_string}\"},\"query-input\":{\"@type\":\"PropertyValueSpecification\",\"valueRequired\":true,\"valueName\":\"search_term_string\"}}],\"inLanguage\":\"fr-FR\"},{\"@type\":\"Organization\",\"@id\":\"https:\\\/\\\/reveil-info.net\\\/#organization\",\"name\":\"R\u00e9veil Info\",\"url\":\"https:\\\/\\\/reveil-info.net\\\/\",\"logo\":{\"@type\":\"ImageObject\",\"inLanguage\":\"fr-FR\",\"@id\":\"https:\\\/\\\/reveil-info.net\\\/#\\\/schema\\\/logo\\\/image\\\/\",\"url\":\"https:\\\/\\\/reveil-info.net\\\/wp-content\\\/uploads\\\/2024\\\/07\\\/bnddd1.jpg\",\"contentUrl\":\"https:\\\/\\\/reveil-info.net\\\/wp-content\\\/uploads\\\/2024\\\/07\\\/bnddd1.jpg\",\"width\":903,\"height\":125,\"caption\":\"R\u00e9veil Info\"},\"image\":{\"@id\":\"https:\\\/\\\/reveil-info.net\\\/#\\\/schema\\\/logo\\\/image\\\/\"}},{\"@type\":\"Person\",\"@id\":\"https:\\\/\\\/reveil-info.net\\\/#\\\/schema\\\/person\\\/ca0cc8e70088e0a2b5e92556c1ee60f5\",\"name\":\"R\u00e9veil info\",\"image\":{\"@type\":\"ImageObject\",\"inLanguage\":\"fr-FR\",\"@id\":\"https:\\\/\\\/secure.gravatar.com\\\/avatar\\\/e4ad5bb743c8b6cb174d9df6c7d30a8a16f6889731241345fc6444e6485f02af?s=96&d=mm&r=g\",\"url\":\"https:\\\/\\\/secure.gravatar.com\\\/avatar\\\/e4ad5bb743c8b6cb174d9df6c7d30a8a16f6889731241345fc6444e6485f02af?s=96&d=mm&r=g\",\"contentUrl\":\"https:\\\/\\\/secure.gravatar.com\\\/avatar\\\/e4ad5bb743c8b6cb174d9df6c7d30a8a16f6889731241345fc6444e6485f02af?s=96&d=mm&r=g\",\"caption\":\"R\u00e9veil info\"},\"sameAs\":[\"https:\\\/\\\/reveil-info.net\"],\"url\":\"https:\\\/\\\/reveil-info.net\\\/?author=1\"}]}<\/script>\n<!-- \/ Yoast SEO plugin. -->","yoast_head_json":{"title":"\u00a0LANCINA NEBIE, pr\u00e9sident des inventeurs et innovateurs Burkinab\u00e8: \u00a0\"Si nous voulons que Burkina Faso se d\u00e9veloppe, il faut que l\u2019expertise nationale soit valoris\u00e9e\" - R\u00e9veil Info","robots":{"index":"noindex","follow":"follow","max-snippet":"max-snippet:-1","max-image-preview":"max-image-preview:large","max-video-preview":"max-video-preview:-1"},"og_locale":"fr_FR","og_type":"article","og_title":"\u00a0LANCINA NEBIE, pr\u00e9sident des inventeurs et innovateurs Burkinab\u00e8: \u00a0\"Si nous voulons que Burkina Faso se d\u00e9veloppe, il faut que l\u2019expertise nationale soit valoris\u00e9e\" - R\u00e9veil Info","og_description":"Dans le cadre des pr\u00e9paratifs de la foire nationale des inventeurs et innovateurs du Burkina,","og_url":"https:\/\/reveil-info.net\/?p=12064","og_site_name":"R\u00e9veil Info","article_published_time":"2024-11-25T16:53:49+00:00","og_image":[{"width":864,"height":1080,"url":"https:\/\/reveil-info.net\/wp-content\/uploads\/2024\/11\/WhatsApp-Image-2024-11-25-a-16.24.40_d5e5aadf.jpg","type":"image\/jpeg"}],"author":"R\u00e9veil info","twitter_card":"summary_large_image","twitter_misc":{"\u00c9crit par":"R\u00e9veil info","Dur\u00e9e de lecture estim\u00e9e":"8 minutes"},"schema":{"@context":"https:\/\/schema.org","@graph":[{"@type":"Article","@id":"https:\/\/reveil-info.net\/?p=12064#article","isPartOf":{"@id":"https:\/\/reveil-info.net\/?p=12064"},"author":{"name":"R\u00e9veil info","@id":"https:\/\/reveil-info.net\/#\/schema\/person\/ca0cc8e70088e0a2b5e92556c1ee60f5"},"headline":"\u00a0LANCINA NEBIE, pr\u00e9sident des inventeurs et innovateurs Burkinab\u00e8: \u00a0\u00ab\u00a0Si nous voulons que Burkina Faso se d\u00e9veloppe, il faut que l\u2019expertise nationale soit valoris\u00e9e\u00a0\u00bb","datePublished":"2024-11-25T16:53:49+00:00","mainEntityOfPage":{"@id":"https:\/\/reveil-info.net\/?p=12064"},"wordCount":1604,"commentCount":0,"publisher":{"@id":"https:\/\/reveil-info.net\/#organization"},"image":{"@id":"https:\/\/reveil-info.net\/?p=12064#primaryimage"},"thumbnailUrl":"https:\/\/reveil-info.net\/wp-content\/uploads\/2024\/11\/WhatsApp-Image-2024-11-25-a-16.24.40_d5e5aadf.jpg","articleSection":["A la une","Actualit\u00e9","Science"],"inLanguage":"fr-FR","potentialAction":[{"@type":"CommentAction","name":"Comment","target":["https:\/\/reveil-info.net\/?p=12064#respond"]}]},{"@type":"WebPage","@id":"https:\/\/reveil-info.net\/?p=12064","url":"https:\/\/reveil-info.net\/?p=12064","name":"\u00a0LANCINA NEBIE, pr\u00e9sident des inventeurs et innovateurs Burkinab\u00e8: \u00a0\"Si nous voulons que Burkina Faso se d\u00e9veloppe, il faut que l\u2019expertise nationale soit valoris\u00e9e\" - R\u00e9veil Info","isPartOf":{"@id":"https:\/\/reveil-info.net\/#website"},"primaryImageOfPage":{"@id":"https:\/\/reveil-info.net\/?p=12064#primaryimage"},"image":{"@id":"https:\/\/reveil-info.net\/?p=12064#primaryimage"},"thumbnailUrl":"https:\/\/reveil-info.net\/wp-content\/uploads\/2024\/11\/WhatsApp-Image-2024-11-25-a-16.24.40_d5e5aadf.jpg","datePublished":"2024-11-25T16:53:49+00:00","breadcrumb":{"@id":"https:\/\/reveil-info.net\/?p=12064#breadcrumb"},"inLanguage":"fr-FR","potentialAction":[{"@type":"ReadAction","target":["https:\/\/reveil-info.net\/?p=12064"]}]},{"@type":"ImageObject","inLanguage":"fr-FR","@id":"https:\/\/reveil-info.net\/?p=12064#primaryimage","url":"https:\/\/reveil-info.net\/wp-content\/uploads\/2024\/11\/WhatsApp-Image-2024-11-25-a-16.24.40_d5e5aadf.jpg","contentUrl":"https:\/\/reveil-info.net\/wp-content\/uploads\/2024\/11\/WhatsApp-Image-2024-11-25-a-16.24.40_d5e5aadf.jpg","width":864,"height":1080,"caption":"Lancina Nebi\u00e9, pr\u00e9sident de l'association des inventeurs et innovateurs Burkinab\u00e8:\" Nous devons travailler \u00e0 maitriser nos outils et nos \u00e9quipements pour la production pour une souverainet\u00e9 r\u00e9elle \""},{"@type":"BreadcrumbList","@id":"https:\/\/reveil-info.net\/?p=12064#breadcrumb","itemListElement":[{"@type":"ListItem","position":1,"name":"Home","item":"https:\/\/reveil-info.net\/"},{"@type":"ListItem","position":2,"name":"\u00a0LANCINA NEBIE, pr\u00e9sident des inventeurs et innovateurs Burkinab\u00e8: \u00a0&#8220;Si nous voulons que Burkina Faso se d\u00e9veloppe, il faut que l\u2019expertise nationale soit valoris\u00e9e&#8221;"}]},{"@type":"WebSite","@id":"https:\/\/reveil-info.net\/#website","url":"https:\/\/reveil-info.net\/","name":"R\u00e9veil Info","description":"Le devoir d&#039;informer!","publisher":{"@id":"https:\/\/reveil-info.net\/#organization"},"potentialAction":[{"@type":"SearchAction","target":{"@type":"EntryPoint","urlTemplate":"https:\/\/reveil-info.net\/?s={search_term_string}"},"query-input":{"@type":"PropertyValueSpecification","valueRequired":true,"valueName":"search_term_string"}}],"inLanguage":"fr-FR"},{"@type":"Organization","@id":"https:\/\/reveil-info.net\/#organization","name":"R\u00e9veil Info","url":"https:\/\/reveil-info.net\/","logo":{"@type":"ImageObject","inLanguage":"fr-FR","@id":"https:\/\/reveil-info.net\/#\/schema\/logo\/image\/","url":"https:\/\/reveil-info.net\/wp-content\/uploads\/2024\/07\/bnddd1.jpg","contentUrl":"https:\/\/reveil-info.net\/wp-content\/uploads\/2024\/07\/bnddd1.jpg","width":903,"height":125,"caption":"R\u00e9veil Info"},"image":{"@id":"https:\/\/reveil-info.net\/#\/schema\/logo\/image\/"}},{"@type":"Person","@id":"https:\/\/reveil-info.net\/#\/schema\/person\/ca0cc8e70088e0a2b5e92556c1ee60f5","name":"R\u00e9veil info","image":{"@type":"ImageObject","inLanguage":"fr-FR","@id":"https:\/\/secure.gravatar.com\/avatar\/e4ad5bb743c8b6cb174d9df6c7d30a8a16f6889731241345fc6444e6485f02af?s=96&d=mm&r=g","url":"https:\/\/secure.gravatar.com\/avatar\/e4ad5bb743c8b6cb174d9df6c7d30a8a16f6889731241345fc6444e6485f02af?s=96&d=mm&r=g","contentUrl":"https:\/\/secure.gravatar.com\/avatar\/e4ad5bb743c8b6cb174d9df6c7d30a8a16f6889731241345fc6444e6485f02af?s=96&d=mm&r=g","caption":"R\u00e9veil info"},"sameAs":["https:\/\/reveil-info.net"],"url":"https:\/\/reveil-info.net\/?author=1"}]}},"jetpack_featured_media_url":"https:\/\/reveil-info.net\/wp-content\/uploads\/2024\/11\/WhatsApp-Image-2024-11-25-a-16.24.40_d5e5aadf.jpg","featured_image_urls":{"full":["https:\/\/reveil-info.net\/wp-content\/uploads\/2024\/11\/WhatsApp-Image-2024-11-25-a-16.24.40_d5e5aadf.jpg",864,1080,false],"thumbnail":["https:\/\/reveil-info.net\/wp-content\/uploads\/2024\/11\/WhatsApp-Image-2024-11-25-a-16.24.40_d5e5aadf-150x150.jpg",150,150,true],"medium":["https:\/\/reveil-info.net\/wp-content\/uploads\/2024\/11\/WhatsApp-Image-2024-11-25-a-16.24.40_d5e5aadf-240x300.jpg",240,300,true],"medium_large":["https:\/\/reveil-info.net\/wp-content\/uploads\/2024\/11\/WhatsApp-Image-2024-11-25-a-16.24.40_d5e5aadf-768x960.jpg",640,800,true],"large":["https:\/\/reveil-info.net\/wp-content\/uploads\/2024\/11\/WhatsApp-Image-2024-11-25-a-16.24.40_d5e5aadf-819x1024.jpg",640,800,true],"1536x1536":["https:\/\/reveil-info.net\/wp-content\/uploads\/2024\/11\/WhatsApp-Image-2024-11-25-a-16.24.40_d5e5aadf.jpg",864,1080,false],"2048x2048":["https:\/\/reveil-info.net\/wp-content\/uploads\/2024\/11\/WhatsApp-Image-2024-11-25-a-16.24.40_d5e5aadf.jpg",864,1080,false],"chromenews-featured":["https:\/\/reveil-info.net\/wp-content\/uploads\/2024\/11\/WhatsApp-Image-2024-11-25-a-16.24.40_d5e5aadf.jpg",864,1080,false],"chromenews-large":["https:\/\/reveil-info.net\/wp-content\/uploads\/2024\/11\/WhatsApp-Image-2024-11-25-a-16.24.40_d5e5aadf-825x575.jpg",825,575,true],"chromenews-medium":["https:\/\/reveil-info.net\/wp-content\/uploads\/2024\/11\/WhatsApp-Image-2024-11-25-a-16.24.40_d5e5aadf-590x410.jpg",590,410,true]},"author_info":{"display_name":"R\u00e9veil info","author_link":"https:\/\/reveil-info.net\/?author=1"},"category_info":"<a href=\"https:\/\/reveil-info.net\/?cat=39\" rel=\"category\">A la une<\/a> <a href=\"https:\/\/reveil-info.net\/?cat=2\" rel=\"category\">Actualit\u00e9<\/a> <a href=\"https:\/\/reveil-info.net\/?cat=15\" rel=\"category\">Science<\/a>","tag_info":"Science","comment_count":"0","_links":{"self":[{"href":"https:\/\/reveil-info.net\/index.php?rest_route=\/wp\/v2\/posts\/12064","targetHints":{"allow":["GET"]}}],"collection":[{"href":"https:\/\/reveil-info.net\/index.php?rest_route=\/wp\/v2\/posts"}],"about":[{"href":"https:\/\/reveil-info.net\/index.php?rest_route=\/wp\/v2\/types\/post"}],"author":[{"embeddable":true,"href":"https:\/\/reveil-info.net\/index.php?rest_route=\/wp\/v2\/users\/1"}],"replies":[{"embeddable":true,"href":"https:\/\/reveil-info.net\/index.php?rest_route=%2Fwp%2Fv2%2Fcomments&post=12064"}],"version-history":[{"count":4,"href":"https:\/\/reveil-info.net\/index.php?rest_route=\/wp\/v2\/posts\/12064\/revisions"}],"predecessor-version":[{"id":12069,"href":"https:\/\/reveil-info.net\/index.php?rest_route=\/wp\/v2\/posts\/12064\/revisions\/12069"}],"wp:featuredmedia":[{"embeddable":true,"href":"https:\/\/reveil-info.net\/index.php?rest_route=\/wp\/v2\/media\/12068"}],"wp:attachment":[{"href":"https:\/\/reveil-info.net\/index.php?rest_route=%2Fwp%2Fv2%2Fmedia&parent=12064"}],"wp:term":[{"taxonomy":"category","embeddable":true,"href":"https:\/\/reveil-info.net\/index.php?rest_route=%2Fwp%2Fv2%2Fcategories&post=12064"},{"taxonomy":"post_tag","embeddable":true,"href":"https:\/\/reveil-info.net\/index.php?rest_route=%2Fwp%2Fv2%2Ftags&post=12064"}],"curies":[{"name":"wp","href":"https:\/\/api.w.org\/{rel}","templated":true}]}}