{"id":11206,"date":"2024-11-06T10:04:33","date_gmt":"2024-11-06T10:04:33","guid":{"rendered":"https:\/\/reveil-info.net\/?p=11206"},"modified":"2024-11-06T10:28:39","modified_gmt":"2024-11-06T10:28:39","slug":"affaire-detournement-de-plusieurs-milliards-de-f-cfa-des-terroristes-non-armes-au-ministere-en-charge-de-laction-humanitaire","status":"publish","type":"post","link":"https:\/\/reveil-info.net\/?p=11206","title":{"rendered":"Affaire d\u00e9tournement de plusieurs milliards de F CFA: Des terroristes non arm\u00e9s au minist\u00e8re en charge de l\u2019action humanitaire"},"content":{"rendered":"<p style=\"text-align: justify;\">La source de l\u2019information traduisait la gravit\u00e9 de l\u2019information. Si elle \u00e9manait d\u2019autres sources certains Burkinab\u00e8 comme \u00e0 leur habitude, allaient douter ou trouver \u00e0 redire. Heureusement que dans le cas qui nous int\u00e9resse, l\u2019information vient du chef de l\u2019Etat en personne comme on le dit. Extrait donc des propos du Chef de l\u2019Etat, le Capitaine Ibrahim Traor\u00e9 le 4 novembre dernier dans la soir\u00e9e : <em>\u201cJe tiens \u00e0 vous informer que malheureusement, au cours de ces derniers temps, \u00e0 la suite d\u2019une d\u00e9nonciation par une plainte, nous avons d\u00e9couvert un r\u00e9seau de malfrats malheureusement, au sein du minist\u00e8re de l&rsquo;Action humanitaire. Ce minist\u00e8re qui \u00e9tait cens\u00e9 agir au profit des plus d\u00e9munis, c&rsquo;est dans ce minist\u00e8re que des gens se sont permis de d\u00e9tourner de l&rsquo;argent, des milliards en 2024. Ils ont d\u00e9tourn\u00e9 plusieurs milliards. La police a fait un excellent travail d&rsquo;enqu\u00eate qui nous a permis de d\u00e9couvrir beaucoup de biens, de v\u00e9hicules de luxe, un bon nombre de choses qui ont \u00e9t\u00e9 saisies&#8230;. C&rsquo;est pour dire que si nous ne mettons pas du s\u00e9rieux dans le contr\u00f4le, il y aura toujours ce genre de personnes qui croient que tout est permis. D\u00e9tourner des milliards, surtout au minist\u00e8re de l&rsquo;Action humanitaire dans ce contexte, c\u2019est inadmissible. Il y a des agents du CONASUR qui ont \u00e9t\u00e9 pris dans cette affaire, qui sont en prison actuellement. Des centaines de millions d\u00e9tourn\u00e9s, des vivres qui devaient aller au profit des plus d\u00e9munis, au profit de ces personnes d\u00e9plac\u00e9es internes. Et c&rsquo;est dans ce minist\u00e8re que des gens ont d\u00e9tourn\u00e9 cet argent et ces vivres. Et je suis persuad\u00e9 que \u00e7a existe un peu partout. Nous poursuivons l&rsquo;enqu\u00eate\u201d.<\/em><\/p>\n<p style=\"text-align: justify;\">A lire cet extrait du Chef de l\u2019Etat, on devine ais\u00e9ment son amertume et sa d\u00e9ception de voir \u00a0encore des burkinab\u00e8 poser de tels actes au moment ou le patriotisme est chant\u00e9 et dans\u00e9 au quotidien. A une certaine \u00e9poque de tels actes passeraient comme une lettre \u00e0 la poste. On a tous connu l\u2019\u00e9poque des cantines d\u2019argent et celle des milliards dans des \u201cDjemb\u00e8\u201d ou celle des enfants des gourous du r\u00e9gime qui \u201cjouaient\u201d avec les millions de F CFA dans les boites de nuit. Mais aujourd\u2019hui, les temps et le contexte ont chang\u00e9, nous sommes en guerre depuis plusieurs ann\u00e9es. \u00a0C\u2019est le pr\u00e9sident du Faso lui-m\u00eame qui le dit : \u201c <em>D\u00e9tourner des milliards, surtout au minist\u00e8re de l&rsquo;Action humanitaire dans ce contexte, c\u2019est inadmissible. Il y a des agents du CONASUR qui ont \u00e9t\u00e9 pris dans cette affaire, qui sont en prison actuellement. Des centaines de millions d\u00e9tourn\u00e9s, des vivres qui devaient aller au profit des plus d\u00e9munis, au profit de ces personnes d\u00e9plac\u00e9es internes. Et c&rsquo;est dans ce minist\u00e8re que des gens ont d\u00e9tourn\u00e9 cet argent et ces vivres\u201d.<\/em> Face \u00e0 de tels d\u00e9tournements et dans ce contexte, on est toujours oblig\u00e9 de revenir \u00e0 Norbert Zongo qui disait que certains Burkinab\u00e8 sont capables de br\u00fbler le Burkina Faso juste pour r\u00e9chauffer leur caf\u00e9. Il avait vu juste !<\/p>\n<p style=\"text-align: justify;\">\u00a0Le montant de la somme d\u00e9tourn\u00e9e et le lieu du d\u00e9tournement, conjugu\u00e9s au courage, \u00e0 l\u2019audace et \u00e0 la voracit\u00e9 des pr\u00e9sum\u00e9s auteurs de ces d\u00e9tournements nous donne l\u2019image des terroristes arm\u00e9s qui, dans les villages tuent et br\u00fblent tout sur leurs passages. Il n\u2019y a donc pas de diff\u00e9rence entre ces terroristes courageux, audacieux, sanguinaires, drogu\u00e9s qui tuent et ces Burkinab\u00e8 qui, tapis dans les minist\u00e8res ne jurent que par l\u2019argent, le bien mat\u00e9riel, le prestige, le paraitre, m\u00eame s\u2019il faut affamer, tuer d\u2019autres Burkinab\u00e8. \u00a0Vanit\u00e9 des vanit\u00e9s ! Des agents du <strong>CONASUR<\/strong> ! Savent-ils seulement que CONASUR signifie <strong>Conseil National de Secours d&rsquo;Urgence et de R\u00e9habilitation ?!<\/strong> C\u2019est tout dire ! <strong>Si des Burkinab\u00e8 ont encore le courage de poser de tels actes et au minist\u00e8re en charge de l\u2019Action humanitaire, Monsieur le pr\u00e9sident du Faso, c\u2019est que depuis plus de 2 ans, ils n\u2019ont pas encore compris votre message, ils n\u2019ont pas encore compris le changement que vous voulez, en un mot comme en mille, ils n\u2019ont pas encore compris la r\u00e9volution. C\u2019est pourquoi, comme l\u2019a dit le ministre de la S\u00e9curit\u00e9, il faut sonner la fin de la r\u00e9cr\u00e9ation. Et comme vous l\u2019avez dit, le temps de la sensibilisation est pass\u00e9. Il a m\u00eame pris trop de temps. Et comme vous l\u2019avez encore dit, le temps presse, il faut aller vite !<\/strong><\/p>\n<p style=\"text-align: justify;\">Quoi qu\u2019il en soit, cette affaire prouve bien que le capitaine Traor\u00e9, chef de l\u2019Etat et nous avec, avons du pain sur la planche : combattre les terroristes arm\u00e9s et combattre les terroristes financiers non arm\u00e9s dans l\u2019administration publique et m\u00eame priv\u00e9e. C\u2019est sans doute un des messages fort que le pr\u00e9sident Ibrahim Traor\u00e9 \u00e0 voulu faire passer ce 4 novembre 2024.<\/p>\n<p style=\"text-align: justify;\"><strong>www.reveil-info.net <\/strong><\/p>\n","protected":false},"excerpt":{"rendered":"<p>La source de l\u2019information traduisait la gravit\u00e9 de l\u2019information. Si elle \u00e9manait d\u2019autres sources certains<\/p>\n","protected":false},"author":1,"featured_media":11211,"comment_status":"open","ping_status":"open","sticky":false,"template":"","format":"standard","meta":{"footnotes":""},"categories":[39,2],"tags":[],"class_list":["post-11206","post","type-post","status-publish","format-standard","has-post-thumbnail","hentry","category-une","category-actu"],"yoast_head":"<!-- This site is optimized with the Yoast SEO plugin v27.5 - https:\/\/yoast.com\/product\/yoast-seo-wordpress\/ -->\n<title>Affaire d\u00e9tournement de plusieurs milliards de F CFA: Des terroristes non arm\u00e9s au minist\u00e8re en charge de l\u2019action humanitaire - R\u00e9veil Info<\/title>\n<meta name=\"robots\" content=\"noindex, follow, max-snippet:-1, max-image-preview:large, max-video-preview:-1\" \/>\n<meta property=\"og:locale\" content=\"fr_FR\" \/>\n<meta property=\"og:type\" content=\"article\" \/>\n<meta property=\"og:title\" content=\"Affaire d\u00e9tournement de plusieurs milliards de F CFA: Des terroristes non arm\u00e9s au minist\u00e8re en charge de l\u2019action humanitaire - R\u00e9veil Info\" \/>\n<meta property=\"og:description\" content=\"La source de l\u2019information traduisait la gravit\u00e9 de l\u2019information. Si elle \u00e9manait d\u2019autres sources certains\" \/>\n<meta property=\"og:url\" content=\"https:\/\/reveil-info.net\/?p=11206\" \/>\n<meta property=\"og:site_name\" content=\"R\u00e9veil Info\" \/>\n<meta property=\"article:published_time\" content=\"2024-11-06T10:04:33+00:00\" \/>\n<meta property=\"article:modified_time\" content=\"2024-11-06T10:28:39+00:00\" \/>\n<meta property=\"og:image\" content=\"https:\/\/reveil-info.net\/wp-content\/uploads\/2024\/11\/avec-l-election-de-faye-au-senegal-le-franc-cfa-un-peu-plus-menace_b4879x80kla.jpg\" \/>\n\t<meta property=\"og:image:width\" content=\"900\" \/>\n\t<meta property=\"og:image:height\" content=\"600\" \/>\n\t<meta property=\"og:image:type\" content=\"image\/jpeg\" \/>\n<meta name=\"author\" content=\"R\u00e9veil info\" \/>\n<meta name=\"twitter:card\" content=\"summary_large_image\" \/>\n<meta name=\"twitter:label1\" content=\"\u00c9crit par\" \/>\n\t<meta name=\"twitter:data1\" content=\"R\u00e9veil info\" \/>\n\t<meta name=\"twitter:label2\" content=\"Dur\u00e9e de lecture estim\u00e9e\" \/>\n\t<meta name=\"twitter:data2\" content=\"5 minutes\" \/>\n<script type=\"application\/ld+json\" class=\"yoast-schema-graph\">{\"@context\":\"https:\\\/\\\/schema.org\",\"@graph\":[{\"@type\":\"Article\",\"@id\":\"https:\\\/\\\/reveil-info.net\\\/?p=11206#article\",\"isPartOf\":{\"@id\":\"https:\\\/\\\/reveil-info.net\\\/?p=11206\"},\"author\":{\"name\":\"R\u00e9veil info\",\"@id\":\"https:\\\/\\\/reveil-info.net\\\/#\\\/schema\\\/person\\\/ca0cc8e70088e0a2b5e92556c1ee60f5\"},\"headline\":\"Affaire d\u00e9tournement de plusieurs milliards de F CFA: Des terroristes non arm\u00e9s au minist\u00e8re en charge de l\u2019action humanitaire\",\"datePublished\":\"2024-11-06T10:04:33+00:00\",\"dateModified\":\"2024-11-06T10:28:39+00:00\",\"mainEntityOfPage\":{\"@id\":\"https:\\\/\\\/reveil-info.net\\\/?p=11206\"},\"wordCount\":906,\"commentCount\":0,\"publisher\":{\"@id\":\"https:\\\/\\\/reveil-info.net\\\/#organization\"},\"image\":{\"@id\":\"https:\\\/\\\/reveil-info.net\\\/?p=11206#primaryimage\"},\"thumbnailUrl\":\"https:\\\/\\\/reveil-info.net\\\/wp-content\\\/uploads\\\/2024\\\/11\\\/avec-l-election-de-faye-au-senegal-le-franc-cfa-un-peu-plus-menace_b4879x80kla.jpg\",\"articleSection\":[\"A la une\",\"Actualit\u00e9\"],\"inLanguage\":\"fr-FR\",\"potentialAction\":[{\"@type\":\"CommentAction\",\"name\":\"Comment\",\"target\":[\"https:\\\/\\\/reveil-info.net\\\/?p=11206#respond\"]}]},{\"@type\":\"WebPage\",\"@id\":\"https:\\\/\\\/reveil-info.net\\\/?p=11206\",\"url\":\"https:\\\/\\\/reveil-info.net\\\/?p=11206\",\"name\":\"Affaire d\u00e9tournement de plusieurs milliards de F CFA: Des terroristes non arm\u00e9s au minist\u00e8re en charge de l\u2019action humanitaire - R\u00e9veil Info\",\"isPartOf\":{\"@id\":\"https:\\\/\\\/reveil-info.net\\\/#website\"},\"primaryImageOfPage\":{\"@id\":\"https:\\\/\\\/reveil-info.net\\\/?p=11206#primaryimage\"},\"image\":{\"@id\":\"https:\\\/\\\/reveil-info.net\\\/?p=11206#primaryimage\"},\"thumbnailUrl\":\"https:\\\/\\\/reveil-info.net\\\/wp-content\\\/uploads\\\/2024\\\/11\\\/avec-l-election-de-faye-au-senegal-le-franc-cfa-un-peu-plus-menace_b4879x80kla.jpg\",\"datePublished\":\"2024-11-06T10:04:33+00:00\",\"dateModified\":\"2024-11-06T10:28:39+00:00\",\"breadcrumb\":{\"@id\":\"https:\\\/\\\/reveil-info.net\\\/?p=11206#breadcrumb\"},\"inLanguage\":\"fr-FR\",\"potentialAction\":[{\"@type\":\"ReadAction\",\"target\":[\"https:\\\/\\\/reveil-info.net\\\/?p=11206\"]}]},{\"@type\":\"ImageObject\",\"inLanguage\":\"fr-FR\",\"@id\":\"https:\\\/\\\/reveil-info.net\\\/?p=11206#primaryimage\",\"url\":\"https:\\\/\\\/reveil-info.net\\\/wp-content\\\/uploads\\\/2024\\\/11\\\/avec-l-election-de-faye-au-senegal-le-franc-cfa-un-peu-plus-menace_b4879x80kla.jpg\",\"contentUrl\":\"https:\\\/\\\/reveil-info.net\\\/wp-content\\\/uploads\\\/2024\\\/11\\\/avec-l-election-de-faye-au-senegal-le-franc-cfa-un-peu-plus-menace_b4879x80kla.jpg\",\"width\":900,\"height\":600},{\"@type\":\"BreadcrumbList\",\"@id\":\"https:\\\/\\\/reveil-info.net\\\/?p=11206#breadcrumb\",\"itemListElement\":[{\"@type\":\"ListItem\",\"position\":1,\"name\":\"Home\",\"item\":\"https:\\\/\\\/reveil-info.net\\\/\"},{\"@type\":\"ListItem\",\"position\":2,\"name\":\"Affaire d\u00e9tournement de plusieurs milliards de F CFA: Des terroristes non arm\u00e9s au minist\u00e8re en charge de l\u2019action humanitaire\"}]},{\"@type\":\"WebSite\",\"@id\":\"https:\\\/\\\/reveil-info.net\\\/#website\",\"url\":\"https:\\\/\\\/reveil-info.net\\\/\",\"name\":\"R\u00e9veil Info\",\"description\":\"Le devoir d&#039;informer!\",\"publisher\":{\"@id\":\"https:\\\/\\\/reveil-info.net\\\/#organization\"},\"potentialAction\":[{\"@type\":\"SearchAction\",\"target\":{\"@type\":\"EntryPoint\",\"urlTemplate\":\"https:\\\/\\\/reveil-info.net\\\/?s={search_term_string}\"},\"query-input\":{\"@type\":\"PropertyValueSpecification\",\"valueRequired\":true,\"valueName\":\"search_term_string\"}}],\"inLanguage\":\"fr-FR\"},{\"@type\":\"Organization\",\"@id\":\"https:\\\/\\\/reveil-info.net\\\/#organization\",\"name\":\"R\u00e9veil Info\",\"url\":\"https:\\\/\\\/reveil-info.net\\\/\",\"logo\":{\"@type\":\"ImageObject\",\"inLanguage\":\"fr-FR\",\"@id\":\"https:\\\/\\\/reveil-info.net\\\/#\\\/schema\\\/logo\\\/image\\\/\",\"url\":\"https:\\\/\\\/reveil-info.net\\\/wp-content\\\/uploads\\\/2024\\\/07\\\/bnddd1.jpg\",\"contentUrl\":\"https:\\\/\\\/reveil-info.net\\\/wp-content\\\/uploads\\\/2024\\\/07\\\/bnddd1.jpg\",\"width\":903,\"height\":125,\"caption\":\"R\u00e9veil Info\"},\"image\":{\"@id\":\"https:\\\/\\\/reveil-info.net\\\/#\\\/schema\\\/logo\\\/image\\\/\"}},{\"@type\":\"Person\",\"@id\":\"https:\\\/\\\/reveil-info.net\\\/#\\\/schema\\\/person\\\/ca0cc8e70088e0a2b5e92556c1ee60f5\",\"name\":\"R\u00e9veil info\",\"image\":{\"@type\":\"ImageObject\",\"inLanguage\":\"fr-FR\",\"@id\":\"https:\\\/\\\/secure.gravatar.com\\\/avatar\\\/e4ad5bb743c8b6cb174d9df6c7d30a8a16f6889731241345fc6444e6485f02af?s=96&d=mm&r=g\",\"url\":\"https:\\\/\\\/secure.gravatar.com\\\/avatar\\\/e4ad5bb743c8b6cb174d9df6c7d30a8a16f6889731241345fc6444e6485f02af?s=96&d=mm&r=g\",\"contentUrl\":\"https:\\\/\\\/secure.gravatar.com\\\/avatar\\\/e4ad5bb743c8b6cb174d9df6c7d30a8a16f6889731241345fc6444e6485f02af?s=96&d=mm&r=g\",\"caption\":\"R\u00e9veil info\"},\"sameAs\":[\"https:\\\/\\\/reveil-info.net\"],\"url\":\"https:\\\/\\\/reveil-info.net\\\/?author=1\"}]}<\/script>\n<!-- \/ Yoast SEO plugin. -->","yoast_head_json":{"title":"Affaire d\u00e9tournement de plusieurs milliards de F CFA: Des terroristes non arm\u00e9s au minist\u00e8re en charge de l\u2019action humanitaire - R\u00e9veil Info","robots":{"index":"noindex","follow":"follow","max-snippet":"max-snippet:-1","max-image-preview":"max-image-preview:large","max-video-preview":"max-video-preview:-1"},"og_locale":"fr_FR","og_type":"article","og_title":"Affaire d\u00e9tournement de plusieurs milliards de F CFA: Des terroristes non arm\u00e9s au minist\u00e8re en charge de l\u2019action humanitaire - R\u00e9veil Info","og_description":"La source de l\u2019information traduisait la gravit\u00e9 de l\u2019information. Si elle \u00e9manait d\u2019autres sources certains","og_url":"https:\/\/reveil-info.net\/?p=11206","og_site_name":"R\u00e9veil Info","article_published_time":"2024-11-06T10:04:33+00:00","article_modified_time":"2024-11-06T10:28:39+00:00","og_image":[{"width":900,"height":600,"url":"https:\/\/reveil-info.net\/wp-content\/uploads\/2024\/11\/avec-l-election-de-faye-au-senegal-le-franc-cfa-un-peu-plus-menace_b4879x80kla.jpg","type":"image\/jpeg"}],"author":"R\u00e9veil info","twitter_card":"summary_large_image","twitter_misc":{"\u00c9crit par":"R\u00e9veil info","Dur\u00e9e de lecture estim\u00e9e":"5 minutes"},"schema":{"@context":"https:\/\/schema.org","@graph":[{"@type":"Article","@id":"https:\/\/reveil-info.net\/?p=11206#article","isPartOf":{"@id":"https:\/\/reveil-info.net\/?p=11206"},"author":{"name":"R\u00e9veil info","@id":"https:\/\/reveil-info.net\/#\/schema\/person\/ca0cc8e70088e0a2b5e92556c1ee60f5"},"headline":"Affaire d\u00e9tournement de plusieurs milliards de F CFA: Des terroristes non arm\u00e9s au minist\u00e8re en charge de l\u2019action humanitaire","datePublished":"2024-11-06T10:04:33+00:00","dateModified":"2024-11-06T10:28:39+00:00","mainEntityOfPage":{"@id":"https:\/\/reveil-info.net\/?p=11206"},"wordCount":906,"commentCount":0,"publisher":{"@id":"https:\/\/reveil-info.net\/#organization"},"image":{"@id":"https:\/\/reveil-info.net\/?p=11206#primaryimage"},"thumbnailUrl":"https:\/\/reveil-info.net\/wp-content\/uploads\/2024\/11\/avec-l-election-de-faye-au-senegal-le-franc-cfa-un-peu-plus-menace_b4879x80kla.jpg","articleSection":["A la une","Actualit\u00e9"],"inLanguage":"fr-FR","potentialAction":[{"@type":"CommentAction","name":"Comment","target":["https:\/\/reveil-info.net\/?p=11206#respond"]}]},{"@type":"WebPage","@id":"https:\/\/reveil-info.net\/?p=11206","url":"https:\/\/reveil-info.net\/?p=11206","name":"Affaire d\u00e9tournement de plusieurs milliards de F CFA: Des terroristes non arm\u00e9s au minist\u00e8re en charge de l\u2019action humanitaire - R\u00e9veil Info","isPartOf":{"@id":"https:\/\/reveil-info.net\/#website"},"primaryImageOfPage":{"@id":"https:\/\/reveil-info.net\/?p=11206#primaryimage"},"image":{"@id":"https:\/\/reveil-info.net\/?p=11206#primaryimage"},"thumbnailUrl":"https:\/\/reveil-info.net\/wp-content\/uploads\/2024\/11\/avec-l-election-de-faye-au-senegal-le-franc-cfa-un-peu-plus-menace_b4879x80kla.jpg","datePublished":"2024-11-06T10:04:33+00:00","dateModified":"2024-11-06T10:28:39+00:00","breadcrumb":{"@id":"https:\/\/reveil-info.net\/?p=11206#breadcrumb"},"inLanguage":"fr-FR","potentialAction":[{"@type":"ReadAction","target":["https:\/\/reveil-info.net\/?p=11206"]}]},{"@type":"ImageObject","inLanguage":"fr-FR","@id":"https:\/\/reveil-info.net\/?p=11206#primaryimage","url":"https:\/\/reveil-info.net\/wp-content\/uploads\/2024\/11\/avec-l-election-de-faye-au-senegal-le-franc-cfa-un-peu-plus-menace_b4879x80kla.jpg","contentUrl":"https:\/\/reveil-info.net\/wp-content\/uploads\/2024\/11\/avec-l-election-de-faye-au-senegal-le-franc-cfa-un-peu-plus-menace_b4879x80kla.jpg","width":900,"height":600},{"@type":"BreadcrumbList","@id":"https:\/\/reveil-info.net\/?p=11206#breadcrumb","itemListElement":[{"@type":"ListItem","position":1,"name":"Home","item":"https:\/\/reveil-info.net\/"},{"@type":"ListItem","position":2,"name":"Affaire d\u00e9tournement de plusieurs milliards de F CFA: Des terroristes non arm\u00e9s au minist\u00e8re en charge de l\u2019action humanitaire"}]},{"@type":"WebSite","@id":"https:\/\/reveil-info.net\/#website","url":"https:\/\/reveil-info.net\/","name":"R\u00e9veil Info","description":"Le devoir d&#039;informer!","publisher":{"@id":"https:\/\/reveil-info.net\/#organization"},"potentialAction":[{"@type":"SearchAction","target":{"@type":"EntryPoint","urlTemplate":"https:\/\/reveil-info.net\/?s={search_term_string}"},"query-input":{"@type":"PropertyValueSpecification","valueRequired":true,"valueName":"search_term_string"}}],"inLanguage":"fr-FR"},{"@type":"Organization","@id":"https:\/\/reveil-info.net\/#organization","name":"R\u00e9veil Info","url":"https:\/\/reveil-info.net\/","logo":{"@type":"ImageObject","inLanguage":"fr-FR","@id":"https:\/\/reveil-info.net\/#\/schema\/logo\/image\/","url":"https:\/\/reveil-info.net\/wp-content\/uploads\/2024\/07\/bnddd1.jpg","contentUrl":"https:\/\/reveil-info.net\/wp-content\/uploads\/2024\/07\/bnddd1.jpg","width":903,"height":125,"caption":"R\u00e9veil Info"},"image":{"@id":"https:\/\/reveil-info.net\/#\/schema\/logo\/image\/"}},{"@type":"Person","@id":"https:\/\/reveil-info.net\/#\/schema\/person\/ca0cc8e70088e0a2b5e92556c1ee60f5","name":"R\u00e9veil info","image":{"@type":"ImageObject","inLanguage":"fr-FR","@id":"https:\/\/secure.gravatar.com\/avatar\/e4ad5bb743c8b6cb174d9df6c7d30a8a16f6889731241345fc6444e6485f02af?s=96&d=mm&r=g","url":"https:\/\/secure.gravatar.com\/avatar\/e4ad5bb743c8b6cb174d9df6c7d30a8a16f6889731241345fc6444e6485f02af?s=96&d=mm&r=g","contentUrl":"https:\/\/secure.gravatar.com\/avatar\/e4ad5bb743c8b6cb174d9df6c7d30a8a16f6889731241345fc6444e6485f02af?s=96&d=mm&r=g","caption":"R\u00e9veil info"},"sameAs":["https:\/\/reveil-info.net"],"url":"https:\/\/reveil-info.net\/?author=1"}]}},"jetpack_featured_media_url":"https:\/\/reveil-info.net\/wp-content\/uploads\/2024\/11\/avec-l-election-de-faye-au-senegal-le-franc-cfa-un-peu-plus-menace_b4879x80kla.jpg","featured_image_urls":{"full":["https:\/\/reveil-info.net\/wp-content\/uploads\/2024\/11\/avec-l-election-de-faye-au-senegal-le-franc-cfa-un-peu-plus-menace_b4879x80kla.jpg",900,600,false],"thumbnail":["https:\/\/reveil-info.net\/wp-content\/uploads\/2024\/11\/avec-l-election-de-faye-au-senegal-le-franc-cfa-un-peu-plus-menace_b4879x80kla-150x150.jpg",150,150,true],"medium":["https:\/\/reveil-info.net\/wp-content\/uploads\/2024\/11\/avec-l-election-de-faye-au-senegal-le-franc-cfa-un-peu-plus-menace_b4879x80kla-300x200.jpg",300,200,true],"medium_large":["https:\/\/reveil-info.net\/wp-content\/uploads\/2024\/11\/avec-l-election-de-faye-au-senegal-le-franc-cfa-un-peu-plus-menace_b4879x80kla-768x512.jpg",640,427,true],"large":["https:\/\/reveil-info.net\/wp-content\/uploads\/2024\/11\/avec-l-election-de-faye-au-senegal-le-franc-cfa-un-peu-plus-menace_b4879x80kla.jpg",640,427,false],"1536x1536":["https:\/\/reveil-info.net\/wp-content\/uploads\/2024\/11\/avec-l-election-de-faye-au-senegal-le-franc-cfa-un-peu-plus-menace_b4879x80kla.jpg",900,600,false],"2048x2048":["https:\/\/reveil-info.net\/wp-content\/uploads\/2024\/11\/avec-l-election-de-faye-au-senegal-le-franc-cfa-un-peu-plus-menace_b4879x80kla.jpg",900,600,false],"chromenews-featured":["https:\/\/reveil-info.net\/wp-content\/uploads\/2024\/11\/avec-l-election-de-faye-au-senegal-le-franc-cfa-un-peu-plus-menace_b4879x80kla.jpg",900,600,false],"chromenews-large":["https:\/\/reveil-info.net\/wp-content\/uploads\/2024\/11\/avec-l-election-de-faye-au-senegal-le-franc-cfa-un-peu-plus-menace_b4879x80kla-825x575.jpg",825,575,true],"chromenews-medium":["https:\/\/reveil-info.net\/wp-content\/uploads\/2024\/11\/avec-l-election-de-faye-au-senegal-le-franc-cfa-un-peu-plus-menace_b4879x80kla-590x410.jpg",590,410,true]},"author_info":{"display_name":"R\u00e9veil info","author_link":"https:\/\/reveil-info.net\/?author=1"},"category_info":"<a href=\"https:\/\/reveil-info.net\/?cat=39\" rel=\"category\">A la une<\/a> <a href=\"https:\/\/reveil-info.net\/?cat=2\" rel=\"category\">Actualit\u00e9<\/a>","tag_info":"Actualit\u00e9","comment_count":"0","_links":{"self":[{"href":"https:\/\/reveil-info.net\/index.php?rest_route=\/wp\/v2\/posts\/11206","targetHints":{"allow":["GET"]}}],"collection":[{"href":"https:\/\/reveil-info.net\/index.php?rest_route=\/wp\/v2\/posts"}],"about":[{"href":"https:\/\/reveil-info.net\/index.php?rest_route=\/wp\/v2\/types\/post"}],"author":[{"embeddable":true,"href":"https:\/\/reveil-info.net\/index.php?rest_route=\/wp\/v2\/users\/1"}],"replies":[{"embeddable":true,"href":"https:\/\/reveil-info.net\/index.php?rest_route=%2Fwp%2Fv2%2Fcomments&post=11206"}],"version-history":[{"count":4,"href":"https:\/\/reveil-info.net\/index.php?rest_route=\/wp\/v2\/posts\/11206\/revisions"}],"predecessor-version":[{"id":11212,"href":"https:\/\/reveil-info.net\/index.php?rest_route=\/wp\/v2\/posts\/11206\/revisions\/11212"}],"wp:featuredmedia":[{"embeddable":true,"href":"https:\/\/reveil-info.net\/index.php?rest_route=\/wp\/v2\/media\/11211"}],"wp:attachment":[{"href":"https:\/\/reveil-info.net\/index.php?rest_route=%2Fwp%2Fv2%2Fmedia&parent=11206"}],"wp:term":[{"taxonomy":"category","embeddable":true,"href":"https:\/\/reveil-info.net\/index.php?rest_route=%2Fwp%2Fv2%2Fcategories&post=11206"},{"taxonomy":"post_tag","embeddable":true,"href":"https:\/\/reveil-info.net\/index.php?rest_route=%2Fwp%2Fv2%2Ftags&post=11206"}],"curies":[{"name":"wp","href":"https:\/\/api.w.org\/{rel}","templated":true}]}}